{"id":3685,"date":"2009-12-18T11:45:14","date_gmt":"2009-12-18T10:45:14","guid":{"rendered":"http:\/\/www.article-marketing.eu\/comunicati\/senza-categoria\/a-milano-torna-fuori-orario\/"},"modified":"2018-07-10T04:52:53","modified_gmt":"2018-07-10T02:52:53","slug":"a-milano-torna-fuori-orario","status":"publish","type":"post","link":"https:\/\/www.article-marketing.eu\/comunicati\/comunicati-stampa\/eventi\/a-milano-torna-fuori-orario\/","title":{"rendered":"A Milano torna &#8220;Fuori Orario&#8221;"},"content":{"rendered":"<p><strong><\/p>\n<p dir=\"ltr\" align=\"center\">Un incontro organizzato dalla delegazione lombarda di FERPI (Federazione Relazioni Pubbliche Italiane), dedicato alla comunicazione del vino, pensato per i professionisti delle Rp ma non solo, \u00e8 l\u2019occasione per parlare di Made in Italy ma anche per una degustazione ed un brindisi natalizio. <\/p>\n<p dir=\"ltr\" align=\"justify\">Torna l\u2019appuntamento con il ciclo <strong>\u2018Fuori Orario\u2019<\/strong> organizzato dalla delegazione di <strong>FERPI Lombardia.<\/strong> Il calendario del 2009 si concluder\u00e0 infatti con un incontro dedicato alla comunicazione del vino, <strong>luned\u00ec 21 dicembre<\/strong> dalle <strong>ore 19.00<\/strong>, presso l\u2019<strong>Antica Focacceria San Francesco<\/strong>, lo storico locale palermitano che ha recentemente aperto una sede milanese in via San Paolo 15 (MM1 \u2013 San Babila , MM1\/3 &#8211; Duomo).<\/p>\n<p dir=\"ltr\" align=\"justify\">La serata, dedicata ai professionisti della comunicazione ma aperta a tutti, comincer\u00e0 con l\u2019illustrazione di una storia di eccellenza nel settore vinicolo siciliano. Il vino costituisce un bene prezioso non solo per le sue qualit\u00e0 legate al gusto e alla condivisione, ma raccoglie in s\u00e9 tradizione, sapienza e cultura delle nostre terre e, come tale, rappresenta un veicolo importante del <em>Made in Italy<\/em> in tutto il mondo. <\/p>\n<p dir=\"ltr\" align=\"justify\">&quot;Per questi motivi&quot; <strong>aggiunge Fabio Famoso, il coordinatore lombardo di FERPI<\/strong>, &quot;ci \u00e8 sembrato interessante proporre ai colleghi un\u2019esperienza di gusto e una riflessione su come \u00e8 possibile comunicare in Italia e all\u2019estero la cultura nazionale. La comunicazione del vino diventa allora una competenza che pu\u00f2 apportare valore non solo al prodotto in s\u00e9 ma anche all\u2019immagine globale della buona italianit\u00e0, in termini di qualit\u00e0, creativit\u00e0 e consapevolezza&quot;.<\/p>\n<p dir=\"ltr\" align=\"justify\">Il caso dar\u00e0 l\u2019occasione di approfondire queste tematiche senza dimenticare l\u2019aspetto conviviale dell\u2019argomento. La serata, infatti, proseguir\u00e0 con una degustazione guidata per accompagnare il pubblico in un percorso di conoscenza, unitamente al piacere di assaporare vini di pregio. Al termine della degustazione gli ospiti potranno fermarsi per un rinfresco a base di specialit\u00e0 siciliane e concludere l\u2019incontro con un brindisi natalizio per lo scambio degli auguri e\u2026una piccola sorpresa!<\/p>\n<p dir=\"ltr\" align=\"justify\">L\u2019appuntamento \u00e8 aperto a tutti e prevede una quota di partecipazione di 10 euro.<\/p>\n<p dir=\"ltr\" align=\"justify\">\u00c8 richiesta una conferma di partecipazione, max 80 partecipanti, a: <\/p>\n<p dir=\"ltr\" align=\"justify\">Link: <\/p>\n<p dir=\"ltr\">&nbsp;<\/p>\n<p>http:\/\/www.ferpi.it\/ferpi\/novita\/notizie_ferpi\/notizie_ferpi\/a-milano-torna-fuori-orario\/notizia_ferpi\/40524\/11delegazione.lombardia@ferpi.it<\/p>\n<p>&nbsp;<\/p>\n<p><\/strong><\/p>\n","protected":false},"excerpt":{"rendered":"<p>A Milano torna &#8220;Fuori Orario&#8221;<\/p>\n<p>Un incontro organizzato dalla delegazione lombarda di FERPI (Federazione Relazioni Pubbliche Italiane), dedicato alla comunicazione del vino, pensato per i professionisti delle Rp ma non solo, \u00e8 l\u2019occasione per parlare di Made in Italy ma anche per una degustazione ed un brindisi natalizio.<\/p>\n","protected":false},"author":10,"featured_media":0,"comment_status":"open","ping_status":"open","sticky":false,"template":"","format":"standard","meta":{"cybocfi_hide_featured_image":"","footnotes":""},"categories":[388],"tags":[3832,11427,3473,6761,11426,2462],"class_list":["post-3685","post","type-post","status-publish","format-standard","hentry","category-eventi","tag-3832","tag-11427","tag-dicembre","tag-ferpi","tag-lombardia","tag-vino"],"yoast_head":"<!-- This site is optimized with the Yoast SEO plugin v27.0 - https:\/\/yoast.com\/product\/yoast-seo-wordpress\/ -->\n<title>A Milano torna &quot;Fuori Orario&quot; - Article Marketing<\/title>\n<meta name=\"robots\" content=\"index, follow, max-snippet:-1, max-image-preview:large, max-video-preview:-1\" \/>\n<link rel=\"canonical\" href=\"https:\/\/www.article-marketing.eu\/comunicati\/comunicati-stampa\/eventi\/a-milano-torna-fuori-orario\/\" \/>\n<meta property=\"og:locale\" content=\"it_IT\" \/>\n<meta property=\"og:type\" content=\"article\" \/>\n<meta property=\"og:title\" content=\"A Milano torna &quot;Fuori Orario&quot; - Article Marketing\" \/>\n<meta property=\"og:description\" content=\"A Milano torna &quot;Fuori Orario&quot; Un incontro organizzato dalla delegazione lombarda di FERPI (Federazione Relazioni Pubbliche Italiane), dedicato alla comunicazione del vino, pensato per i professionisti delle Rp ma non solo, \u00e8 l\u2019occasione per parlare di Made in Italy ma anche per una degustazione ed un brindisi natalizio.\" \/>\n<meta property=\"og:url\" content=\"https:\/\/www.article-marketing.eu\/comunicati\/comunicati-stampa\/eventi\/a-milano-torna-fuori-orario\/\" \/>\n<meta property=\"og:site_name\" content=\"Article Marketing\" \/>\n<meta property=\"article:published_time\" content=\"2009-12-18T10:45:14+00:00\" \/>\n<meta property=\"article:modified_time\" content=\"2018-07-10T02:52:53+00:00\" \/>\n<meta name=\"author\" content=\"Redazione Comunicati Stampa\" \/>\n<meta name=\"twitter:card\" content=\"summary_large_image\" \/>\n<meta name=\"twitter:label1\" content=\"Scritto da\" \/>\n\t<meta name=\"twitter:data1\" content=\"Redazione Comunicati Stampa\" \/>\n\t<meta name=\"twitter:label2\" content=\"Tempo di lettura stimato\" \/>\n\t<meta name=\"twitter:data2\" content=\"2 minuti\" \/>\n<script type=\"application\/ld+json\" class=\"yoast-schema-graph\">{\"@context\":\"https:\/\/schema.org\",\"@graph\":[{\"@type\":\"Article\",\"@id\":\"https:\/\/www.article-marketing.eu\/comunicati\/comunicati-stampa\/eventi\/a-milano-torna-fuori-orario\/#article\",\"isPartOf\":{\"@id\":\"https:\/\/www.article-marketing.eu\/comunicati\/comunicati-stampa\/eventi\/a-milano-torna-fuori-orario\/\"},\"author\":{\"name\":\"Redazione Comunicati Stampa\",\"@id\":\"https:\/\/www.article-marketing.eu\/comunicati\/#\/schema\/person\/44372e4d4d0fa797b18e03ed1ace9017\"},\"headline\":\"A Milano torna &#8220;Fuori Orario&#8221;\",\"datePublished\":\"2009-12-18T10:45:14+00:00\",\"dateModified\":\"2018-07-10T02:52:53+00:00\",\"mainEntityOfPage\":{\"@id\":\"https:\/\/www.article-marketing.eu\/comunicati\/comunicati-stampa\/eventi\/a-milano-torna-fuori-orario\/\"},\"wordCount\":363,\"commentCount\":0,\"keywords\":[\"2009\",\"21\",\"dicembre\",\"Ferpi\",\"LOMBARDIA\",\"vino\"],\"articleSection\":[\"Eventi\"],\"inLanguage\":\"it-IT\",\"potentialAction\":[{\"@type\":\"CommentAction\",\"name\":\"Comment\",\"target\":[\"https:\/\/www.article-marketing.eu\/comunicati\/comunicati-stampa\/eventi\/a-milano-torna-fuori-orario\/#respond\"]}]},{\"@type\":\"WebPage\",\"@id\":\"https:\/\/www.article-marketing.eu\/comunicati\/comunicati-stampa\/eventi\/a-milano-torna-fuori-orario\/\",\"url\":\"https:\/\/www.article-marketing.eu\/comunicati\/comunicati-stampa\/eventi\/a-milano-torna-fuori-orario\/\",\"name\":\"A Milano torna \\\"Fuori Orario\\\" - Article Marketing\",\"isPartOf\":{\"@id\":\"https:\/\/www.article-marketing.eu\/comunicati\/#website\"},\"datePublished\":\"2009-12-18T10:45:14+00:00\",\"dateModified\":\"2018-07-10T02:52:53+00:00\",\"author\":{\"@id\":\"https:\/\/www.article-marketing.eu\/comunicati\/#\/schema\/person\/44372e4d4d0fa797b18e03ed1ace9017\"},\"breadcrumb\":{\"@id\":\"https:\/\/www.article-marketing.eu\/comunicati\/comunicati-stampa\/eventi\/a-milano-torna-fuori-orario\/#breadcrumb\"},\"inLanguage\":\"it-IT\",\"potentialAction\":[{\"@type\":\"ReadAction\",\"target\":[\"https:\/\/www.article-marketing.eu\/comunicati\/comunicati-stampa\/eventi\/a-milano-torna-fuori-orario\/\"]}]},{\"@type\":\"BreadcrumbList\",\"@id\":\"https:\/\/www.article-marketing.eu\/comunicati\/comunicati-stampa\/eventi\/a-milano-torna-fuori-orario\/#breadcrumb\",\"itemListElement\":[{\"@type\":\"ListItem\",\"position\":1,\"name\":\"Home\",\"item\":\"https:\/\/www.article-marketing.eu\/comunicati\/\"},{\"@type\":\"ListItem\",\"position\":2,\"name\":\"A Milano torna &#8220;Fuori Orario&#8221;\"}]},{\"@type\":\"WebSite\",\"@id\":\"https:\/\/www.article-marketing.eu\/comunicati\/#website\",\"url\":\"https:\/\/www.article-marketing.eu\/comunicati\/\",\"name\":\"Article Marketing\",\"description\":\"article marketing &amp; press release\",\"potentialAction\":[{\"@type\":\"SearchAction\",\"target\":{\"@type\":\"EntryPoint\",\"urlTemplate\":\"https:\/\/www.article-marketing.eu\/comunicati\/?s={search_term_string}\"},\"query-input\":{\"@type\":\"PropertyValueSpecification\",\"valueRequired\":true,\"valueName\":\"search_term_string\"}}],\"inLanguage\":\"it-IT\"},{\"@type\":\"Person\",\"@id\":\"https:\/\/www.article-marketing.eu\/comunicati\/#\/schema\/person\/44372e4d4d0fa797b18e03ed1ace9017\",\"name\":\"Redazione Comunicati Stampa\",\"image\":{\"@type\":\"ImageObject\",\"inLanguage\":\"it-IT\",\"@id\":\"https:\/\/www.article-marketing.eu\/comunicati\/#\/schema\/person\/image\/\",\"url\":\"https:\/\/secure.gravatar.com\/avatar\/50e5c6421d3072f42e7ace803501602c60d75233d34e29fd05feb91c8760b792?s=96&d=mm&r=g\",\"contentUrl\":\"https:\/\/secure.gravatar.com\/avatar\/50e5c6421d3072f42e7ace803501602c60d75233d34e29fd05feb91c8760b792?s=96&d=mm&r=g\",\"caption\":\"Redazione Comunicati Stampa\"},\"url\":\"https:\/\/www.article-marketing.eu\/comunicati\/author\/redazione-comunicati-stampa\/\"}]}<\/script>\n<!-- \/ Yoast SEO plugin. -->","yoast_head_json":{"title":"A Milano torna \"Fuori Orario\" - Article Marketing","robots":{"index":"index","follow":"follow","max-snippet":"max-snippet:-1","max-image-preview":"max-image-preview:large","max-video-preview":"max-video-preview:-1"},"canonical":"https:\/\/www.article-marketing.eu\/comunicati\/comunicati-stampa\/eventi\/a-milano-torna-fuori-orario\/","og_locale":"it_IT","og_type":"article","og_title":"A Milano torna \"Fuori Orario\" - Article Marketing","og_description":"A Milano torna \"Fuori Orario\" Un incontro organizzato dalla delegazione lombarda di FERPI (Federazione Relazioni Pubbliche Italiane), dedicato alla comunicazione del vino, pensato per i professionisti delle Rp ma non solo, \u00e8 l\u2019occasione per parlare di Made in Italy ma anche per una degustazione ed un brindisi natalizio.","og_url":"https:\/\/www.article-marketing.eu\/comunicati\/comunicati-stampa\/eventi\/a-milano-torna-fuori-orario\/","og_site_name":"Article Marketing","article_published_time":"2009-12-18T10:45:14+00:00","article_modified_time":"2018-07-10T02:52:53+00:00","author":"Redazione Comunicati Stampa","twitter_card":"summary_large_image","twitter_misc":{"Scritto da":"Redazione Comunicati Stampa","Tempo di lettura stimato":"2 minuti"},"schema":{"@context":"https:\/\/schema.org","@graph":[{"@type":"Article","@id":"https:\/\/www.article-marketing.eu\/comunicati\/comunicati-stampa\/eventi\/a-milano-torna-fuori-orario\/#article","isPartOf":{"@id":"https:\/\/www.article-marketing.eu\/comunicati\/comunicati-stampa\/eventi\/a-milano-torna-fuori-orario\/"},"author":{"name":"Redazione Comunicati Stampa","@id":"https:\/\/www.article-marketing.eu\/comunicati\/#\/schema\/person\/44372e4d4d0fa797b18e03ed1ace9017"},"headline":"A Milano torna &#8220;Fuori Orario&#8221;","datePublished":"2009-12-18T10:45:14+00:00","dateModified":"2018-07-10T02:52:53+00:00","mainEntityOfPage":{"@id":"https:\/\/www.article-marketing.eu\/comunicati\/comunicati-stampa\/eventi\/a-milano-torna-fuori-orario\/"},"wordCount":363,"commentCount":0,"keywords":["2009","21","dicembre","Ferpi","LOMBARDIA","vino"],"articleSection":["Eventi"],"inLanguage":"it-IT","potentialAction":[{"@type":"CommentAction","name":"Comment","target":["https:\/\/www.article-marketing.eu\/comunicati\/comunicati-stampa\/eventi\/a-milano-torna-fuori-orario\/#respond"]}]},{"@type":"WebPage","@id":"https:\/\/www.article-marketing.eu\/comunicati\/comunicati-stampa\/eventi\/a-milano-torna-fuori-orario\/","url":"https:\/\/www.article-marketing.eu\/comunicati\/comunicati-stampa\/eventi\/a-milano-torna-fuori-orario\/","name":"A Milano torna \"Fuori Orario\" - Article Marketing","isPartOf":{"@id":"https:\/\/www.article-marketing.eu\/comunicati\/#website"},"datePublished":"2009-12-18T10:45:14+00:00","dateModified":"2018-07-10T02:52:53+00:00","author":{"@id":"https:\/\/www.article-marketing.eu\/comunicati\/#\/schema\/person\/44372e4d4d0fa797b18e03ed1ace9017"},"breadcrumb":{"@id":"https:\/\/www.article-marketing.eu\/comunicati\/comunicati-stampa\/eventi\/a-milano-torna-fuori-orario\/#breadcrumb"},"inLanguage":"it-IT","potentialAction":[{"@type":"ReadAction","target":["https:\/\/www.article-marketing.eu\/comunicati\/comunicati-stampa\/eventi\/a-milano-torna-fuori-orario\/"]}]},{"@type":"BreadcrumbList","@id":"https:\/\/www.article-marketing.eu\/comunicati\/comunicati-stampa\/eventi\/a-milano-torna-fuori-orario\/#breadcrumb","itemListElement":[{"@type":"ListItem","position":1,"name":"Home","item":"https:\/\/www.article-marketing.eu\/comunicati\/"},{"@type":"ListItem","position":2,"name":"A Milano torna &#8220;Fuori Orario&#8221;"}]},{"@type":"WebSite","@id":"https:\/\/www.article-marketing.eu\/comunicati\/#website","url":"https:\/\/www.article-marketing.eu\/comunicati\/","name":"Article Marketing","description":"article marketing &amp; press release","potentialAction":[{"@type":"SearchAction","target":{"@type":"EntryPoint","urlTemplate":"https:\/\/www.article-marketing.eu\/comunicati\/?s={search_term_string}"},"query-input":{"@type":"PropertyValueSpecification","valueRequired":true,"valueName":"search_term_string"}}],"inLanguage":"it-IT"},{"@type":"Person","@id":"https:\/\/www.article-marketing.eu\/comunicati\/#\/schema\/person\/44372e4d4d0fa797b18e03ed1ace9017","name":"Redazione Comunicati Stampa","image":{"@type":"ImageObject","inLanguage":"it-IT","@id":"https:\/\/www.article-marketing.eu\/comunicati\/#\/schema\/person\/image\/","url":"https:\/\/secure.gravatar.com\/avatar\/50e5c6421d3072f42e7ace803501602c60d75233d34e29fd05feb91c8760b792?s=96&d=mm&r=g","contentUrl":"https:\/\/secure.gravatar.com\/avatar\/50e5c6421d3072f42e7ace803501602c60d75233d34e29fd05feb91c8760b792?s=96&d=mm&r=g","caption":"Redazione Comunicati Stampa"},"url":"https:\/\/www.article-marketing.eu\/comunicati\/author\/redazione-comunicati-stampa\/"}]}},"_links":{"self":[{"href":"https:\/\/www.article-marketing.eu\/comunicati\/wp-json\/wp\/v2\/posts\/3685","targetHints":{"allow":["GET"]}}],"collection":[{"href":"https:\/\/www.article-marketing.eu\/comunicati\/wp-json\/wp\/v2\/posts"}],"about":[{"href":"https:\/\/www.article-marketing.eu\/comunicati\/wp-json\/wp\/v2\/types\/post"}],"author":[{"embeddable":true,"href":"https:\/\/www.article-marketing.eu\/comunicati\/wp-json\/wp\/v2\/users\/10"}],"replies":[{"embeddable":true,"href":"https:\/\/www.article-marketing.eu\/comunicati\/wp-json\/wp\/v2\/comments?post=3685"}],"version-history":[{"count":2,"href":"https:\/\/www.article-marketing.eu\/comunicati\/wp-json\/wp\/v2\/posts\/3685\/revisions"}],"predecessor-version":[{"id":60125,"href":"https:\/\/www.article-marketing.eu\/comunicati\/wp-json\/wp\/v2\/posts\/3685\/revisions\/60125"}],"wp:attachment":[{"href":"https:\/\/www.article-marketing.eu\/comunicati\/wp-json\/wp\/v2\/media?parent=3685"}],"wp:term":[{"taxonomy":"category","embeddable":true,"href":"https:\/\/www.article-marketing.eu\/comunicati\/wp-json\/wp\/v2\/categories?post=3685"},{"taxonomy":"post_tag","embeddable":true,"href":"https:\/\/www.article-marketing.eu\/comunicati\/wp-json\/wp\/v2\/tags?post=3685"}],"curies":[{"name":"wp","href":"https:\/\/api.w.org\/{rel}","templated":true}]}}