{"id":3694,"date":"2009-12-19T20:20:22","date_gmt":"2009-12-19T19:20:22","guid":{"rendered":"http:\/\/www.article-marketing.eu\/comunicati\/senza-categoria\/liran-e-i-problemi-della-sua-crisi-interna\/"},"modified":"2009-12-19T20:20:22","modified_gmt":"2009-12-19T19:20:22","slug":"liran-e-i-problemi-della-sua-crisi-interna","status":"publish","type":"post","link":"https:\/\/www.article-marketing.eu\/comunicati\/arte-e-cultura\/giornalismo\/liran-e-i-problemi-della-sua-crisi-interna\/","title":{"rendered":"L&#8217;Iran e i problemi della sua crisi interna"},"content":{"rendered":"<p>Il nuovo missile iraniano, sperimentato nelle scorse ore, \u00e8 stato<br \/>\ngeneralmente interpretato come l&#8217;ennesima prova di un negoziato<br \/>\nimpossibile.<br \/>Teheran ha dapprima cancellato l&#8217;intesa raggiunta in<br \/>\nottobre per lo scambio di uranio parzialmente arricchito contro uranio<br \/>\nmaggiormente arricchito in Francia e in Russia (una formula che avrebbe<br \/>\npermesso alle democrazie occidentali di meglio controllare<br \/>\nl&#8217;utilizzazione del combustibile per scopi pacifici). Poi, pi\u00f9<br \/>\nrecentemente, ha proposto che lo scambio dell&#8217;uranio avvenisse in<br \/>\nun&#8217;isola iraniana, spesso usata come zona franca, per quantitativi<br \/>\nalquanto inferiori a quelli previsti dal primo accordo. E non ha smesso<br \/>\nnel frattempo di ostentare la sua potenza missilistica. Sembra di<br \/>\ncomprendere che il partito dei falchi ha preso il sopravvento e sta<br \/>\nalzando barriere che servono soprattutto ad allontanare la prospettiva<br \/>\ndi un accordo. Ma la proposta avanzata qualche giorno fa (e respinta<br \/>\ndagli occidentali come insufficiente) sembra indicare che esiste a<br \/>\nTeheran anche un partito dei negoziati, deciso a impedire che la<br \/>\nfiammella del dialogo si spenga definitivamente.<br \/>Per meglio<br \/>\ncomprendere questo stallo occorre spingere lo sguardo al di l\u00e0 del<br \/>\nnegoziato nel labirinto della politica interna iraniana. Le elezioni e<br \/>\nle grandi proteste delle settimane seguenti hanno provocato effetti di<br \/>\ncui noi intravediamo soltanto alcune manifestazioni esteriori. La guida<br \/>\nsuprema ha imposto l&#8217;elezione di Ahmadinejad, ma \u00e8 ormai, a sua volta,<br \/>\ncontestata dalla piazza. L&#8217;opposizione \u00e8 stata duramente combattuta e<br \/>\nrepressa, anche con la condanna di persone che appartenevano<br \/>\nall&#8217;establishment politico-religioso della Repubblica islamica. Ma i<br \/>\nsuoi leader non rinunciano a esprimere pubblicamente e a promuovere,<br \/>\nper quanto possibile, dimostrazioni popolari. Ahmadinejad esercita le<br \/>\nsue funzioni, ma esistono forze pi\u00f9 radicali, a quanto sembra, che<br \/>\nvorrebbero al suo posto l&#8217;esponente di una linea pi\u00f9 dura.<br \/>Si<br \/>\ndirebbe che le elezioni abbiano provocato un regolamento di conti ,<br \/>\nall&#8217;interno del regime fra una fazione (i guardiani della rivoluzione)<br \/>\nche vogliono cogliere l&#8217;occasione per estendere il loro potere, anche a<br \/>\nscapito della guida suprema, e un gruppo di riformatori che vorrebbero<br \/>\nconservare l&#8217;ispirazione musulmana dello Stato, ma dare pi\u00f9 spazio alla<br \/>\nsociet\u00e0 civile e alle energie economiche del Paese.<br \/>Il negoziato<br \/>\nnucleare \u00e8 finito nell&#8217;ingranaggio della crisi e ne \u00e8 per molti aspetti<br \/>\nl&#8217;ostaggio. E&#8217; possibile che Ahmadinejad ne desideri il successo, anche<br \/>\nper poterne rivendicare il merito e che i massimalisti ritengano invece<br \/>\ndi potere meglio conquistare il potere in un clima di tensione e di<br \/>\nisolamento internazionale.<br \/>La migliore politica dell&#8217;Occidente, in<br \/>\nquesto caso, sarebbe probabilmente quella di lasciare che la crisi<br \/>\niraniana faccia il suo corso e produca i suoi effetti. Ogni iniziativa,<br \/>\nsoprattutto se bellicosa, potrebbe giovare in ultima analisi all&#8217;ala<br \/>\ndura del regime. Ma il presidente Obama attraversa una fase difficile.<br \/>\nI suoi avversari lo accusano di essere stato troppo conciliante con<br \/>\ntutti coloro, dall&#8217;Iran alla Russia, che rappresenterebbero una<br \/>\nminaccia per l&#8217;America. Lui stesso, quando offr\u00ec a Teheran l&#8217;occasione<br \/>\ndi una svolta, fiss\u00f2 una scadenza (la fine dell&#8217;anno) che i<br \/>\nmassimalisti del regime iraniano possono presentare ai loro compatrioti<br \/>\ncome un intollerante ultimatum. Se non vi sar\u00e0 una schiarita<br \/>\ndell&#8217;ultima ora, Obama dovr\u00e0 proporre all&#8217;Onu, dopo quelle recentemente<br \/>\napprovate dal Congresso, nuove sanzioni. Potr\u00e0 contare probabilmente<br \/>\nsull&#8217;appoggio della Germania e della Francia, ma non su quello della<br \/>\nRussia e della Cina. E le sanzioni si dimostreranno poco efficaci o<br \/>\ncomunque non tali da indurre l&#8217;Iran a cambiare la sua politica.<br \/>Il<br \/>\nproblema in ultima analisi \u00e8 a Teheran. Ci piaccia o no occorre<br \/>\naspettare che l&#8217;Iran esca dalla sua crisi. Soltanto allora conosceremo<br \/>\nil volto del nostro interlocutore e le sue intenzioni.<br \/>Autore : Sergio Roma<\/p>\n","protected":false},"excerpt":{"rendered":"<p>Per meglio comprendere lo stallo nei negoziati sull&#8217;uranio, occorre spingere lo sguardo al di l\u00e0 di questo negoziato e addentrarsi nel labirinto della politica interna iraniana. Chi uscir\u00e0 vincitore dalla sua crisi interna, sar\u00e0 l&#8217;interlocutore per l&#8217;Occidente.<\/p>\n","protected":false},"author":10,"featured_media":0,"comment_status":"open","ping_status":"open","sticky":false,"template":"","format":"standard","meta":{"cybocfi_hide_featured_image":"","footnotes":""},"categories":[218],"tags":[],"class_list":["post-3694","post","type-post","status-publish","format-standard","hentry","category-giornalismo"],"yoast_head":"<!-- This site is optimized with the Yoast SEO plugin v27.0 - https:\/\/yoast.com\/product\/yoast-seo-wordpress\/ -->\n<title>L&#039;Iran e i problemi della sua crisi interna - Article Marketing<\/title>\n<meta name=\"robots\" content=\"index, follow, max-snippet:-1, max-image-preview:large, max-video-preview:-1\" \/>\n<link rel=\"canonical\" href=\"https:\/\/www.article-marketing.eu\/comunicati\/arte-e-cultura\/giornalismo\/liran-e-i-problemi-della-sua-crisi-interna\/\" \/>\n<meta property=\"og:locale\" content=\"it_IT\" \/>\n<meta property=\"og:type\" content=\"article\" \/>\n<meta property=\"og:title\" content=\"L&#039;Iran e i problemi della sua crisi interna - Article Marketing\" \/>\n<meta property=\"og:description\" content=\"Per meglio comprendere lo stallo nei negoziati sull&#039;uranio, occorre spingere lo sguardo al di l\u00e0 di questo negoziato e addentrarsi nel labirinto della politica interna iraniana. Chi uscir\u00e0 vincitore dalla sua crisi interna, sar\u00e0 l&#039;interlocutore per l&#039;Occidente.\" \/>\n<meta property=\"og:url\" content=\"https:\/\/www.article-marketing.eu\/comunicati\/arte-e-cultura\/giornalismo\/liran-e-i-problemi-della-sua-crisi-interna\/\" \/>\n<meta property=\"og:site_name\" content=\"Article Marketing\" \/>\n<meta property=\"article:published_time\" content=\"2009-12-19T19:20:22+00:00\" \/>\n<meta name=\"author\" content=\"Redazione Comunicati Stampa\" \/>\n<meta name=\"twitter:card\" content=\"summary_large_image\" \/>\n<meta name=\"twitter:label1\" content=\"Scritto da\" \/>\n\t<meta name=\"twitter:data1\" content=\"Redazione Comunicati Stampa\" \/>\n\t<meta name=\"twitter:label2\" content=\"Tempo di lettura stimato\" \/>\n\t<meta name=\"twitter:data2\" content=\"3 minuti\" \/>\n<script type=\"application\/ld+json\" class=\"yoast-schema-graph\">{\"@context\":\"https:\/\/schema.org\",\"@graph\":[{\"@type\":\"Article\",\"@id\":\"https:\/\/www.article-marketing.eu\/comunicati\/arte-e-cultura\/giornalismo\/liran-e-i-problemi-della-sua-crisi-interna\/#article\",\"isPartOf\":{\"@id\":\"https:\/\/www.article-marketing.eu\/comunicati\/arte-e-cultura\/giornalismo\/liran-e-i-problemi-della-sua-crisi-interna\/\"},\"author\":{\"name\":\"Redazione Comunicati Stampa\",\"@id\":\"https:\/\/www.article-marketing.eu\/comunicati\/#\/schema\/person\/44372e4d4d0fa797b18e03ed1ace9017\"},\"headline\":\"L&#8217;Iran e i problemi della sua crisi interna\",\"datePublished\":\"2009-12-19T19:20:22+00:00\",\"mainEntityOfPage\":{\"@id\":\"https:\/\/www.article-marketing.eu\/comunicati\/arte-e-cultura\/giornalismo\/liran-e-i-problemi-della-sua-crisi-interna\/\"},\"wordCount\":584,\"commentCount\":0,\"articleSection\":[\"Giornalismo\"],\"inLanguage\":\"it-IT\",\"potentialAction\":[{\"@type\":\"CommentAction\",\"name\":\"Comment\",\"target\":[\"https:\/\/www.article-marketing.eu\/comunicati\/arte-e-cultura\/giornalismo\/liran-e-i-problemi-della-sua-crisi-interna\/#respond\"]}]},{\"@type\":\"WebPage\",\"@id\":\"https:\/\/www.article-marketing.eu\/comunicati\/arte-e-cultura\/giornalismo\/liran-e-i-problemi-della-sua-crisi-interna\/\",\"url\":\"https:\/\/www.article-marketing.eu\/comunicati\/arte-e-cultura\/giornalismo\/liran-e-i-problemi-della-sua-crisi-interna\/\",\"name\":\"L'Iran e i problemi della sua crisi interna - Article Marketing\",\"isPartOf\":{\"@id\":\"https:\/\/www.article-marketing.eu\/comunicati\/#website\"},\"datePublished\":\"2009-12-19T19:20:22+00:00\",\"author\":{\"@id\":\"https:\/\/www.article-marketing.eu\/comunicati\/#\/schema\/person\/44372e4d4d0fa797b18e03ed1ace9017\"},\"breadcrumb\":{\"@id\":\"https:\/\/www.article-marketing.eu\/comunicati\/arte-e-cultura\/giornalismo\/liran-e-i-problemi-della-sua-crisi-interna\/#breadcrumb\"},\"inLanguage\":\"it-IT\",\"potentialAction\":[{\"@type\":\"ReadAction\",\"target\":[\"https:\/\/www.article-marketing.eu\/comunicati\/arte-e-cultura\/giornalismo\/liran-e-i-problemi-della-sua-crisi-interna\/\"]}]},{\"@type\":\"BreadcrumbList\",\"@id\":\"https:\/\/www.article-marketing.eu\/comunicati\/arte-e-cultura\/giornalismo\/liran-e-i-problemi-della-sua-crisi-interna\/#breadcrumb\",\"itemListElement\":[{\"@type\":\"ListItem\",\"position\":1,\"name\":\"Home\",\"item\":\"https:\/\/www.article-marketing.eu\/comunicati\/\"},{\"@type\":\"ListItem\",\"position\":2,\"name\":\"L&#8217;Iran e i problemi della sua crisi interna\"}]},{\"@type\":\"WebSite\",\"@id\":\"https:\/\/www.article-marketing.eu\/comunicati\/#website\",\"url\":\"https:\/\/www.article-marketing.eu\/comunicati\/\",\"name\":\"Article Marketing\",\"description\":\"article marketing &amp; press release\",\"potentialAction\":[{\"@type\":\"SearchAction\",\"target\":{\"@type\":\"EntryPoint\",\"urlTemplate\":\"https:\/\/www.article-marketing.eu\/comunicati\/?s={search_term_string}\"},\"query-input\":{\"@type\":\"PropertyValueSpecification\",\"valueRequired\":true,\"valueName\":\"search_term_string\"}}],\"inLanguage\":\"it-IT\"},{\"@type\":\"Person\",\"@id\":\"https:\/\/www.article-marketing.eu\/comunicati\/#\/schema\/person\/44372e4d4d0fa797b18e03ed1ace9017\",\"name\":\"Redazione Comunicati Stampa\",\"image\":{\"@type\":\"ImageObject\",\"inLanguage\":\"it-IT\",\"@id\":\"https:\/\/www.article-marketing.eu\/comunicati\/#\/schema\/person\/image\/\",\"url\":\"https:\/\/secure.gravatar.com\/avatar\/50e5c6421d3072f42e7ace803501602c60d75233d34e29fd05feb91c8760b792?s=96&d=mm&r=g\",\"contentUrl\":\"https:\/\/secure.gravatar.com\/avatar\/50e5c6421d3072f42e7ace803501602c60d75233d34e29fd05feb91c8760b792?s=96&d=mm&r=g\",\"caption\":\"Redazione Comunicati Stampa\"},\"url\":\"https:\/\/www.article-marketing.eu\/comunicati\/author\/redazione-comunicati-stampa\/\"}]}<\/script>\n<!-- \/ Yoast SEO plugin. -->","yoast_head_json":{"title":"L'Iran e i problemi della sua crisi interna - Article Marketing","robots":{"index":"index","follow":"follow","max-snippet":"max-snippet:-1","max-image-preview":"max-image-preview:large","max-video-preview":"max-video-preview:-1"},"canonical":"https:\/\/www.article-marketing.eu\/comunicati\/arte-e-cultura\/giornalismo\/liran-e-i-problemi-della-sua-crisi-interna\/","og_locale":"it_IT","og_type":"article","og_title":"L'Iran e i problemi della sua crisi interna - Article Marketing","og_description":"Per meglio comprendere lo stallo nei negoziati sull'uranio, occorre spingere lo sguardo al di l\u00e0 di questo negoziato e addentrarsi nel labirinto della politica interna iraniana. Chi uscir\u00e0 vincitore dalla sua crisi interna, sar\u00e0 l'interlocutore per l'Occidente.","og_url":"https:\/\/www.article-marketing.eu\/comunicati\/arte-e-cultura\/giornalismo\/liran-e-i-problemi-della-sua-crisi-interna\/","og_site_name":"Article Marketing","article_published_time":"2009-12-19T19:20:22+00:00","author":"Redazione Comunicati Stampa","twitter_card":"summary_large_image","twitter_misc":{"Scritto da":"Redazione Comunicati Stampa","Tempo di lettura stimato":"3 minuti"},"schema":{"@context":"https:\/\/schema.org","@graph":[{"@type":"Article","@id":"https:\/\/www.article-marketing.eu\/comunicati\/arte-e-cultura\/giornalismo\/liran-e-i-problemi-della-sua-crisi-interna\/#article","isPartOf":{"@id":"https:\/\/www.article-marketing.eu\/comunicati\/arte-e-cultura\/giornalismo\/liran-e-i-problemi-della-sua-crisi-interna\/"},"author":{"name":"Redazione Comunicati Stampa","@id":"https:\/\/www.article-marketing.eu\/comunicati\/#\/schema\/person\/44372e4d4d0fa797b18e03ed1ace9017"},"headline":"L&#8217;Iran e i problemi della sua crisi interna","datePublished":"2009-12-19T19:20:22+00:00","mainEntityOfPage":{"@id":"https:\/\/www.article-marketing.eu\/comunicati\/arte-e-cultura\/giornalismo\/liran-e-i-problemi-della-sua-crisi-interna\/"},"wordCount":584,"commentCount":0,"articleSection":["Giornalismo"],"inLanguage":"it-IT","potentialAction":[{"@type":"CommentAction","name":"Comment","target":["https:\/\/www.article-marketing.eu\/comunicati\/arte-e-cultura\/giornalismo\/liran-e-i-problemi-della-sua-crisi-interna\/#respond"]}]},{"@type":"WebPage","@id":"https:\/\/www.article-marketing.eu\/comunicati\/arte-e-cultura\/giornalismo\/liran-e-i-problemi-della-sua-crisi-interna\/","url":"https:\/\/www.article-marketing.eu\/comunicati\/arte-e-cultura\/giornalismo\/liran-e-i-problemi-della-sua-crisi-interna\/","name":"L'Iran e i problemi della sua crisi interna - Article Marketing","isPartOf":{"@id":"https:\/\/www.article-marketing.eu\/comunicati\/#website"},"datePublished":"2009-12-19T19:20:22+00:00","author":{"@id":"https:\/\/www.article-marketing.eu\/comunicati\/#\/schema\/person\/44372e4d4d0fa797b18e03ed1ace9017"},"breadcrumb":{"@id":"https:\/\/www.article-marketing.eu\/comunicati\/arte-e-cultura\/giornalismo\/liran-e-i-problemi-della-sua-crisi-interna\/#breadcrumb"},"inLanguage":"it-IT","potentialAction":[{"@type":"ReadAction","target":["https:\/\/www.article-marketing.eu\/comunicati\/arte-e-cultura\/giornalismo\/liran-e-i-problemi-della-sua-crisi-interna\/"]}]},{"@type":"BreadcrumbList","@id":"https:\/\/www.article-marketing.eu\/comunicati\/arte-e-cultura\/giornalismo\/liran-e-i-problemi-della-sua-crisi-interna\/#breadcrumb","itemListElement":[{"@type":"ListItem","position":1,"name":"Home","item":"https:\/\/www.article-marketing.eu\/comunicati\/"},{"@type":"ListItem","position":2,"name":"L&#8217;Iran e i problemi della sua crisi interna"}]},{"@type":"WebSite","@id":"https:\/\/www.article-marketing.eu\/comunicati\/#website","url":"https:\/\/www.article-marketing.eu\/comunicati\/","name":"Article Marketing","description":"article marketing &amp; press release","potentialAction":[{"@type":"SearchAction","target":{"@type":"EntryPoint","urlTemplate":"https:\/\/www.article-marketing.eu\/comunicati\/?s={search_term_string}"},"query-input":{"@type":"PropertyValueSpecification","valueRequired":true,"valueName":"search_term_string"}}],"inLanguage":"it-IT"},{"@type":"Person","@id":"https:\/\/www.article-marketing.eu\/comunicati\/#\/schema\/person\/44372e4d4d0fa797b18e03ed1ace9017","name":"Redazione Comunicati Stampa","image":{"@type":"ImageObject","inLanguage":"it-IT","@id":"https:\/\/www.article-marketing.eu\/comunicati\/#\/schema\/person\/image\/","url":"https:\/\/secure.gravatar.com\/avatar\/50e5c6421d3072f42e7ace803501602c60d75233d34e29fd05feb91c8760b792?s=96&d=mm&r=g","contentUrl":"https:\/\/secure.gravatar.com\/avatar\/50e5c6421d3072f42e7ace803501602c60d75233d34e29fd05feb91c8760b792?s=96&d=mm&r=g","caption":"Redazione Comunicati Stampa"},"url":"https:\/\/www.article-marketing.eu\/comunicati\/author\/redazione-comunicati-stampa\/"}]}},"_links":{"self":[{"href":"https:\/\/www.article-marketing.eu\/comunicati\/wp-json\/wp\/v2\/posts\/3694","targetHints":{"allow":["GET"]}}],"collection":[{"href":"https:\/\/www.article-marketing.eu\/comunicati\/wp-json\/wp\/v2\/posts"}],"about":[{"href":"https:\/\/www.article-marketing.eu\/comunicati\/wp-json\/wp\/v2\/types\/post"}],"author":[{"embeddable":true,"href":"https:\/\/www.article-marketing.eu\/comunicati\/wp-json\/wp\/v2\/users\/10"}],"replies":[{"embeddable":true,"href":"https:\/\/www.article-marketing.eu\/comunicati\/wp-json\/wp\/v2\/comments?post=3694"}],"version-history":[{"count":0,"href":"https:\/\/www.article-marketing.eu\/comunicati\/wp-json\/wp\/v2\/posts\/3694\/revisions"}],"wp:attachment":[{"href":"https:\/\/www.article-marketing.eu\/comunicati\/wp-json\/wp\/v2\/media?parent=3694"}],"wp:term":[{"taxonomy":"category","embeddable":true,"href":"https:\/\/www.article-marketing.eu\/comunicati\/wp-json\/wp\/v2\/categories?post=3694"},{"taxonomy":"post_tag","embeddable":true,"href":"https:\/\/www.article-marketing.eu\/comunicati\/wp-json\/wp\/v2\/tags?post=3694"}],"curies":[{"name":"wp","href":"https:\/\/api.w.org\/{rel}","templated":true}]}}