{"id":3695,"date":"2009-12-20T09:22:36","date_gmt":"2009-12-20T08:22:36","guid":{"rendered":"http:\/\/www.article-marketing.eu\/comunicati\/senza-categoria\/apertura-sacra-sindone-torino-pellegrinaggi-torino-papa-a-torino-hotel-torino-viaggie-vacanze-a-torino\/"},"modified":"2018-06-04T20:09:27","modified_gmt":"2018-06-04T18:09:27","slug":"apertura-sacra-sindone-torino-pellegrinaggi-torino-papa-a-torino-hotel-torino-viaggie-vacanze-a-torino","status":"publish","type":"post","link":"https:\/\/www.article-marketing.eu\/comunicati\/viaggi-e-vacanze\/apertura-sacra-sindone-torino-pellegrinaggi-torino-papa-a-torino-hotel-torino-viaggie-vacanze-a-torino\/","title":{"rendered":"Apertura Sacra Sindone Torino, Pellegrinaggi Torino, Papa a Torino, Hotel Torino, Viaggie Vacanze a Torino,"},"content":{"rendered":"<p style=\"MARGIN: 0cm 0cm 10pt; TEXT-ALIGN: center\" align=\"center\"><strong>Pellegrinaggio Sacra Sindone Torino<\/strong><\/p>\n<p style=\"MARGIN: 0cm 0cm 10pt; TEXT-ALIGN: center\" align=\"center\">Ostensione Sacra Sindone Torino<\/p>\n<p style=\"MARGIN: 0cm 0cm 10pt; TEXT-ALIGN: center\" align=\"center\">Dal 10 Aprile al 23 Maggio 2010<\/p>\n<p style=\"TEXT-ALIGN: center\" align=\"center\">Sar\u00e0 nuovamente possibile vedere la Sacra Sindone presso il&nbsp; Duomo di&nbsp; Torino, dopo che il telo&nbsp; \u00e8 stato sottoposto a restauro conservativo nel 2002.<\/p>\n<p style=\"TEXT-ALIGN: center\" align=\"center\">n&nbsp; occasione dell\u2019ostensione \u00e8 previsto l\u2019arrivo dei Pellegrini da parte di tutta l\u2019Italia; per questo motivo la nostra Agenzia www.Travellitaly.com offre pacchetti turistici dedicati a Gruppi e\/o Individuali, che possono comprendere: Volo, Hotel, Bus, Noleggio Auto, Visita Guidata alla Citt\u00e0, Visita alla Sacra Sindone.<\/p>\n<p style=\"TEXT-ALIGN: center\" align=\"center\">Per info e prenotazioni contattare esclusivamente la nostra Sede ai seguenti recapiti: <\/p>\n<p style=\"TEXT-ALIGN: center\" align=\"center\">Mobile:+39 347 57 39 860  +39 347 57 39 860  ( operativo 7 giorni su 7 e 24 ore su 24)<\/p>\n<p style=\"TEXT-ALIGN: center\" align=\"center\">Office:+39 081.99 03 05Mail : info@travellitaly.com oppure sales@travellitaly.com &nbsp;<\/p>\n<p style=\"TEXT-ALIGN: center\" align=\"center\">&nbsp;<\/p>\n<p>    Nei giorni dell\u2019ostensione la Messa viene celebrata in Duomo, di fronte alla Sindone, ogni mattina alle 7. Al termine si recita la preghiera di Lodi.<br \/>\n    Il Santissimo Sacramento viene esposto nella penitenzieria, a Palazzo Chiablese (al termine del percorso dell\u2019ostensione mappa,&nbsp;penitenziaria per l\u2019intera giornata. La cappella \u00e8 riservata alla preghiera silenziosa e all\u2019adorazione eucaristica.<br \/>\n    Nella stessa penitenzieria sacerdoti saranno disponibili per ascoltare le confessioni dei fedeli e amministrare il sacramento della Riconciliazione.<br \/>\n    Dal termine della Messa fino alle 20 il percorso \u00e8 aperto per la visita alla Sindone (la&nbsp;prenotazione \u00e8 indispensabile). Si potr\u00e0 anche accedere al Duomo entrando dalla porta centrale, ma da l\u00ec sar\u00e0 possibile vedere la Sindone solo da lontano. Lo spazio della navata centrale \u00e8 riservato alla preghiera e alla riflessione silenziosa.<br \/>\n    Alla sera, secondo quando verr\u00e0 indicato nel calendario, il Duomo potr\u00e0 essere aperto per ospitare celebrazioni particolari o iniziative culturali a carattere religioso.<br \/>\n    &nbsp;<br \/>\n    L&#8217;evento richiamer\u00e0 tantissime persone nel capoluogo piemontese&nbsp;e sar\u00e0 obbligatorio prenotare per poter assistere all&#8217;Ostensione della Sacra Sindone. Senza prenotazione non ci sar\u00e0 modo di visionare la celebre reliquia. Non da meno \u00e8 l&#8217;interesse mostrato verso gli Hotel o altre strutture turistico ricettive; anche qui bisogna affrettarsi in quanto si rischierebbe di non trovare pi\u00f9 disponibilit\u00e0. Grazie comunque ai nostri Operatori, la nostra Agenzia Travellitaly.com sar\u00e0 capace di soddisfare le Vs. numerose richieste e di trovare la migliore sistemazione per le Vs. esigenze.<\/p>\n<p style=\"TEXT-ALIGN: center\" align=\"center\"><\/p>\n","protected":false},"excerpt":{"rendered":"<p>Sindone Torino, Pellegrinaggi Torino, Papa a Torino, Hotel Torino, Viaggie Vacanze a Torino,<\/p>\n","protected":false},"author":10,"featured_media":0,"comment_status":"open","ping_status":"open","sticky":false,"template":"","format":"standard","meta":{"cybocfi_hide_featured_image":"","footnotes":""},"categories":[280],"tags":[11437,11436,11435,11434,11438],"class_list":["post-3695","post","type-post","status-publish","format-standard","hentry","category-viaggi-e-vacanze","tag-hotel-torino","tag-papa-a-torino","tag-pellegrinaggi-torino","tag-sindone-torino","tag-viaggie-vacanze-a-torino"],"yoast_head":"<!-- This site is optimized with the Yoast SEO plugin v27.0 - https:\/\/yoast.com\/product\/yoast-seo-wordpress\/ -->\n<title>Apertura Sacra Sindone Torino, Pellegrinaggi Torino, Papa a Torino, Hotel Torino, Viaggie Vacanze a Torino, - Article Marketing<\/title>\n<meta name=\"robots\" content=\"index, follow, max-snippet:-1, max-image-preview:large, max-video-preview:-1\" \/>\n<link rel=\"canonical\" href=\"https:\/\/www.article-marketing.eu\/comunicati\/viaggi-e-vacanze\/apertura-sacra-sindone-torino-pellegrinaggi-torino-papa-a-torino-hotel-torino-viaggie-vacanze-a-torino\/\" \/>\n<meta property=\"og:locale\" content=\"it_IT\" \/>\n<meta property=\"og:type\" content=\"article\" \/>\n<meta property=\"og:title\" content=\"Apertura Sacra Sindone Torino, Pellegrinaggi Torino, Papa a Torino, Hotel Torino, Viaggie Vacanze a Torino, - Article Marketing\" \/>\n<meta property=\"og:description\" content=\"Sindone Torino, Pellegrinaggi Torino, Papa a Torino, Hotel Torino, Viaggie Vacanze a Torino,\" \/>\n<meta property=\"og:url\" content=\"https:\/\/www.article-marketing.eu\/comunicati\/viaggi-e-vacanze\/apertura-sacra-sindone-torino-pellegrinaggi-torino-papa-a-torino-hotel-torino-viaggie-vacanze-a-torino\/\" \/>\n<meta property=\"og:site_name\" content=\"Article Marketing\" \/>\n<meta property=\"article:published_time\" content=\"2009-12-20T08:22:36+00:00\" \/>\n<meta property=\"article:modified_time\" content=\"2018-06-04T18:09:27+00:00\" \/>\n<meta name=\"author\" content=\"Redazione Comunicati Stampa\" \/>\n<meta name=\"twitter:card\" content=\"summary_large_image\" \/>\n<meta name=\"twitter:label1\" content=\"Scritto da\" \/>\n\t<meta name=\"twitter:data1\" content=\"Redazione Comunicati Stampa\" \/>\n\t<meta name=\"twitter:label2\" content=\"Tempo di lettura stimato\" \/>\n\t<meta name=\"twitter:data2\" content=\"2 minuti\" \/>\n<script type=\"application\/ld+json\" class=\"yoast-schema-graph\">{\"@context\":\"https:\/\/schema.org\",\"@graph\":[{\"@type\":\"Article\",\"@id\":\"https:\/\/www.article-marketing.eu\/comunicati\/viaggi-e-vacanze\/apertura-sacra-sindone-torino-pellegrinaggi-torino-papa-a-torino-hotel-torino-viaggie-vacanze-a-torino\/#article\",\"isPartOf\":{\"@id\":\"https:\/\/www.article-marketing.eu\/comunicati\/viaggi-e-vacanze\/apertura-sacra-sindone-torino-pellegrinaggi-torino-papa-a-torino-hotel-torino-viaggie-vacanze-a-torino\/\"},\"author\":{\"name\":\"Redazione Comunicati Stampa\",\"@id\":\"https:\/\/www.article-marketing.eu\/comunicati\/#\/schema\/person\/44372e4d4d0fa797b18e03ed1ace9017\"},\"headline\":\"Apertura Sacra Sindone Torino, Pellegrinaggi Torino, Papa a Torino, Hotel Torino, Viaggie Vacanze a Torino,\",\"datePublished\":\"2009-12-20T08:22:36+00:00\",\"dateModified\":\"2018-06-04T18:09:27+00:00\",\"mainEntityOfPage\":{\"@id\":\"https:\/\/www.article-marketing.eu\/comunicati\/viaggi-e-vacanze\/apertura-sacra-sindone-torino-pellegrinaggi-torino-papa-a-torino-hotel-torino-viaggie-vacanze-a-torino\/\"},\"wordCount\":367,\"commentCount\":0,\"keywords\":[\"Hotel Torino\",\"Papa a Torino\",\"Pellegrinaggi Torino\",\"Sindone Torino\",\"Viaggie Vacanze a Torino\"],\"articleSection\":[\"Viaggi e vacanze\"],\"inLanguage\":\"it-IT\",\"potentialAction\":[{\"@type\":\"CommentAction\",\"name\":\"Comment\",\"target\":[\"https:\/\/www.article-marketing.eu\/comunicati\/viaggi-e-vacanze\/apertura-sacra-sindone-torino-pellegrinaggi-torino-papa-a-torino-hotel-torino-viaggie-vacanze-a-torino\/#respond\"]}]},{\"@type\":\"WebPage\",\"@id\":\"https:\/\/www.article-marketing.eu\/comunicati\/viaggi-e-vacanze\/apertura-sacra-sindone-torino-pellegrinaggi-torino-papa-a-torino-hotel-torino-viaggie-vacanze-a-torino\/\",\"url\":\"https:\/\/www.article-marketing.eu\/comunicati\/viaggi-e-vacanze\/apertura-sacra-sindone-torino-pellegrinaggi-torino-papa-a-torino-hotel-torino-viaggie-vacanze-a-torino\/\",\"name\":\"Apertura Sacra Sindone Torino, Pellegrinaggi Torino, Papa a Torino, Hotel Torino, Viaggie Vacanze a Torino, - Article Marketing\",\"isPartOf\":{\"@id\":\"https:\/\/www.article-marketing.eu\/comunicati\/#website\"},\"datePublished\":\"2009-12-20T08:22:36+00:00\",\"dateModified\":\"2018-06-04T18:09:27+00:00\",\"author\":{\"@id\":\"https:\/\/www.article-marketing.eu\/comunicati\/#\/schema\/person\/44372e4d4d0fa797b18e03ed1ace9017\"},\"breadcrumb\":{\"@id\":\"https:\/\/www.article-marketing.eu\/comunicati\/viaggi-e-vacanze\/apertura-sacra-sindone-torino-pellegrinaggi-torino-papa-a-torino-hotel-torino-viaggie-vacanze-a-torino\/#breadcrumb\"},\"inLanguage\":\"it-IT\",\"potentialAction\":[{\"@type\":\"ReadAction\",\"target\":[\"https:\/\/www.article-marketing.eu\/comunicati\/viaggi-e-vacanze\/apertura-sacra-sindone-torino-pellegrinaggi-torino-papa-a-torino-hotel-torino-viaggie-vacanze-a-torino\/\"]}]},{\"@type\":\"BreadcrumbList\",\"@id\":\"https:\/\/www.article-marketing.eu\/comunicati\/viaggi-e-vacanze\/apertura-sacra-sindone-torino-pellegrinaggi-torino-papa-a-torino-hotel-torino-viaggie-vacanze-a-torino\/#breadcrumb\",\"itemListElement\":[{\"@type\":\"ListItem\",\"position\":1,\"name\":\"Home\",\"item\":\"https:\/\/www.article-marketing.eu\/comunicati\/\"},{\"@type\":\"ListItem\",\"position\":2,\"name\":\"Apertura Sacra Sindone Torino, Pellegrinaggi Torino, Papa a Torino, Hotel Torino, Viaggie Vacanze a Torino,\"}]},{\"@type\":\"WebSite\",\"@id\":\"https:\/\/www.article-marketing.eu\/comunicati\/#website\",\"url\":\"https:\/\/www.article-marketing.eu\/comunicati\/\",\"name\":\"Article Marketing\",\"description\":\"article marketing &amp; press release\",\"potentialAction\":[{\"@type\":\"SearchAction\",\"target\":{\"@type\":\"EntryPoint\",\"urlTemplate\":\"https:\/\/www.article-marketing.eu\/comunicati\/?s={search_term_string}\"},\"query-input\":{\"@type\":\"PropertyValueSpecification\",\"valueRequired\":true,\"valueName\":\"search_term_string\"}}],\"inLanguage\":\"it-IT\"},{\"@type\":\"Person\",\"@id\":\"https:\/\/www.article-marketing.eu\/comunicati\/#\/schema\/person\/44372e4d4d0fa797b18e03ed1ace9017\",\"name\":\"Redazione Comunicati Stampa\",\"image\":{\"@type\":\"ImageObject\",\"inLanguage\":\"it-IT\",\"@id\":\"https:\/\/www.article-marketing.eu\/comunicati\/#\/schema\/person\/image\/\",\"url\":\"https:\/\/secure.gravatar.com\/avatar\/50e5c6421d3072f42e7ace803501602c60d75233d34e29fd05feb91c8760b792?s=96&d=mm&r=g\",\"contentUrl\":\"https:\/\/secure.gravatar.com\/avatar\/50e5c6421d3072f42e7ace803501602c60d75233d34e29fd05feb91c8760b792?s=96&d=mm&r=g\",\"caption\":\"Redazione Comunicati Stampa\"},\"url\":\"https:\/\/www.article-marketing.eu\/comunicati\/author\/redazione-comunicati-stampa\/\"}]}<\/script>\n<!-- \/ Yoast SEO plugin. -->","yoast_head_json":{"title":"Apertura Sacra Sindone Torino, Pellegrinaggi Torino, Papa a Torino, Hotel Torino, Viaggie Vacanze a Torino, - Article Marketing","robots":{"index":"index","follow":"follow","max-snippet":"max-snippet:-1","max-image-preview":"max-image-preview:large","max-video-preview":"max-video-preview:-1"},"canonical":"https:\/\/www.article-marketing.eu\/comunicati\/viaggi-e-vacanze\/apertura-sacra-sindone-torino-pellegrinaggi-torino-papa-a-torino-hotel-torino-viaggie-vacanze-a-torino\/","og_locale":"it_IT","og_type":"article","og_title":"Apertura Sacra Sindone Torino, Pellegrinaggi Torino, Papa a Torino, Hotel Torino, Viaggie Vacanze a Torino, - Article Marketing","og_description":"Sindone Torino, Pellegrinaggi Torino, Papa a Torino, Hotel Torino, Viaggie Vacanze a Torino,","og_url":"https:\/\/www.article-marketing.eu\/comunicati\/viaggi-e-vacanze\/apertura-sacra-sindone-torino-pellegrinaggi-torino-papa-a-torino-hotel-torino-viaggie-vacanze-a-torino\/","og_site_name":"Article Marketing","article_published_time":"2009-12-20T08:22:36+00:00","article_modified_time":"2018-06-04T18:09:27+00:00","author":"Redazione Comunicati Stampa","twitter_card":"summary_large_image","twitter_misc":{"Scritto da":"Redazione Comunicati Stampa","Tempo di lettura stimato":"2 minuti"},"schema":{"@context":"https:\/\/schema.org","@graph":[{"@type":"Article","@id":"https:\/\/www.article-marketing.eu\/comunicati\/viaggi-e-vacanze\/apertura-sacra-sindone-torino-pellegrinaggi-torino-papa-a-torino-hotel-torino-viaggie-vacanze-a-torino\/#article","isPartOf":{"@id":"https:\/\/www.article-marketing.eu\/comunicati\/viaggi-e-vacanze\/apertura-sacra-sindone-torino-pellegrinaggi-torino-papa-a-torino-hotel-torino-viaggie-vacanze-a-torino\/"},"author":{"name":"Redazione Comunicati Stampa","@id":"https:\/\/www.article-marketing.eu\/comunicati\/#\/schema\/person\/44372e4d4d0fa797b18e03ed1ace9017"},"headline":"Apertura Sacra Sindone Torino, Pellegrinaggi Torino, Papa a Torino, Hotel Torino, Viaggie Vacanze a Torino,","datePublished":"2009-12-20T08:22:36+00:00","dateModified":"2018-06-04T18:09:27+00:00","mainEntityOfPage":{"@id":"https:\/\/www.article-marketing.eu\/comunicati\/viaggi-e-vacanze\/apertura-sacra-sindone-torino-pellegrinaggi-torino-papa-a-torino-hotel-torino-viaggie-vacanze-a-torino\/"},"wordCount":367,"commentCount":0,"keywords":["Hotel Torino","Papa a Torino","Pellegrinaggi Torino","Sindone Torino","Viaggie Vacanze a Torino"],"articleSection":["Viaggi e vacanze"],"inLanguage":"it-IT","potentialAction":[{"@type":"CommentAction","name":"Comment","target":["https:\/\/www.article-marketing.eu\/comunicati\/viaggi-e-vacanze\/apertura-sacra-sindone-torino-pellegrinaggi-torino-papa-a-torino-hotel-torino-viaggie-vacanze-a-torino\/#respond"]}]},{"@type":"WebPage","@id":"https:\/\/www.article-marketing.eu\/comunicati\/viaggi-e-vacanze\/apertura-sacra-sindone-torino-pellegrinaggi-torino-papa-a-torino-hotel-torino-viaggie-vacanze-a-torino\/","url":"https:\/\/www.article-marketing.eu\/comunicati\/viaggi-e-vacanze\/apertura-sacra-sindone-torino-pellegrinaggi-torino-papa-a-torino-hotel-torino-viaggie-vacanze-a-torino\/","name":"Apertura Sacra Sindone Torino, Pellegrinaggi Torino, Papa a Torino, Hotel Torino, Viaggie Vacanze a Torino, - Article Marketing","isPartOf":{"@id":"https:\/\/www.article-marketing.eu\/comunicati\/#website"},"datePublished":"2009-12-20T08:22:36+00:00","dateModified":"2018-06-04T18:09:27+00:00","author":{"@id":"https:\/\/www.article-marketing.eu\/comunicati\/#\/schema\/person\/44372e4d4d0fa797b18e03ed1ace9017"},"breadcrumb":{"@id":"https:\/\/www.article-marketing.eu\/comunicati\/viaggi-e-vacanze\/apertura-sacra-sindone-torino-pellegrinaggi-torino-papa-a-torino-hotel-torino-viaggie-vacanze-a-torino\/#breadcrumb"},"inLanguage":"it-IT","potentialAction":[{"@type":"ReadAction","target":["https:\/\/www.article-marketing.eu\/comunicati\/viaggi-e-vacanze\/apertura-sacra-sindone-torino-pellegrinaggi-torino-papa-a-torino-hotel-torino-viaggie-vacanze-a-torino\/"]}]},{"@type":"BreadcrumbList","@id":"https:\/\/www.article-marketing.eu\/comunicati\/viaggi-e-vacanze\/apertura-sacra-sindone-torino-pellegrinaggi-torino-papa-a-torino-hotel-torino-viaggie-vacanze-a-torino\/#breadcrumb","itemListElement":[{"@type":"ListItem","position":1,"name":"Home","item":"https:\/\/www.article-marketing.eu\/comunicati\/"},{"@type":"ListItem","position":2,"name":"Apertura Sacra Sindone Torino, Pellegrinaggi Torino, Papa a Torino, Hotel Torino, Viaggie Vacanze a Torino,"}]},{"@type":"WebSite","@id":"https:\/\/www.article-marketing.eu\/comunicati\/#website","url":"https:\/\/www.article-marketing.eu\/comunicati\/","name":"Article Marketing","description":"article marketing &amp; press release","potentialAction":[{"@type":"SearchAction","target":{"@type":"EntryPoint","urlTemplate":"https:\/\/www.article-marketing.eu\/comunicati\/?s={search_term_string}"},"query-input":{"@type":"PropertyValueSpecification","valueRequired":true,"valueName":"search_term_string"}}],"inLanguage":"it-IT"},{"@type":"Person","@id":"https:\/\/www.article-marketing.eu\/comunicati\/#\/schema\/person\/44372e4d4d0fa797b18e03ed1ace9017","name":"Redazione Comunicati Stampa","image":{"@type":"ImageObject","inLanguage":"it-IT","@id":"https:\/\/www.article-marketing.eu\/comunicati\/#\/schema\/person\/image\/","url":"https:\/\/secure.gravatar.com\/avatar\/50e5c6421d3072f42e7ace803501602c60d75233d34e29fd05feb91c8760b792?s=96&d=mm&r=g","contentUrl":"https:\/\/secure.gravatar.com\/avatar\/50e5c6421d3072f42e7ace803501602c60d75233d34e29fd05feb91c8760b792?s=96&d=mm&r=g","caption":"Redazione Comunicati Stampa"},"url":"https:\/\/www.article-marketing.eu\/comunicati\/author\/redazione-comunicati-stampa\/"}]}},"_links":{"self":[{"href":"https:\/\/www.article-marketing.eu\/comunicati\/wp-json\/wp\/v2\/posts\/3695","targetHints":{"allow":["GET"]}}],"collection":[{"href":"https:\/\/www.article-marketing.eu\/comunicati\/wp-json\/wp\/v2\/posts"}],"about":[{"href":"https:\/\/www.article-marketing.eu\/comunicati\/wp-json\/wp\/v2\/types\/post"}],"author":[{"embeddable":true,"href":"https:\/\/www.article-marketing.eu\/comunicati\/wp-json\/wp\/v2\/users\/10"}],"replies":[{"embeddable":true,"href":"https:\/\/www.article-marketing.eu\/comunicati\/wp-json\/wp\/v2\/comments?post=3695"}],"version-history":[{"count":1,"href":"https:\/\/www.article-marketing.eu\/comunicati\/wp-json\/wp\/v2\/posts\/3695\/revisions"}],"predecessor-version":[{"id":55192,"href":"https:\/\/www.article-marketing.eu\/comunicati\/wp-json\/wp\/v2\/posts\/3695\/revisions\/55192"}],"wp:attachment":[{"href":"https:\/\/www.article-marketing.eu\/comunicati\/wp-json\/wp\/v2\/media?parent=3695"}],"wp:term":[{"taxonomy":"category","embeddable":true,"href":"https:\/\/www.article-marketing.eu\/comunicati\/wp-json\/wp\/v2\/categories?post=3695"},{"taxonomy":"post_tag","embeddable":true,"href":"https:\/\/www.article-marketing.eu\/comunicati\/wp-json\/wp\/v2\/tags?post=3695"}],"curies":[{"name":"wp","href":"https:\/\/api.w.org\/{rel}","templated":true}]}}