{"id":370,"date":"2008-05-07T18:28:41","date_gmt":"2008-05-07T16:28:41","guid":{"rendered":"http:\/\/www.article-marketing.eu\/comunicati\/senza-categoria\/riccione-il-nuovo-palazzo-dei-congressi-invade-le-strade-con-la-guerrilla-di-edita\/"},"modified":"2008-05-07T18:28:41","modified_gmt":"2008-05-07T16:28:41","slug":"riccione-il-nuovo-palazzo-dei-congressi-invade-le-strade-con-la-guerrilla-di-edita","status":"publish","type":"post","link":"https:\/\/www.article-marketing.eu\/comunicati\/viaggi-e-vacanze\/destinazioni\/riccione-il-nuovo-palazzo-dei-congressi-invade-le-strade-con-la-guerrilla-di-edita\/","title":{"rendered":"Riccione: il nuovo palazzo dei congressi invade le strade con  la guerrilla di edita"},"content":{"rendered":"<p style=\"TEXT-ALIGN: left\" align=\"left\"><strong>Riccione 7 maggio 2008<\/strong> \u2013 Bere un caff\u00e9 al bar, passeggiare per le strade della citt\u00e0: questi i gesti semplici e quotidiani che hanno ispirato la guerrilla marketing voluta da <strong>Palariccione <\/strong>(societ\u00e0 che si occupa dell\u2019edificazione e dell\u2019organizzazione del Palazzo dei Congressi di Riccione) e commissionata dall\u2019agenzia di comunicazione, grafica pubblicitaria e web design <strong>Edita <\/strong>di Rimini<strong>. <\/strong>Il progetto richiama l\u2019essenzialit\u00e0 dei gesti pi\u00f9 comuni e quotidiani e si prefigge di abituare tutti i cittadini e i turisti della trendy Riccione ad una presenza, quella del nuovo Palacongressi, che far\u00e0 ben presto parte della vita quotidiana di chi risiede e frequenta abitualmente Riccione. Il claim proposto \u201c<strong>Apre il nuovo Palazzo dei Congressi di Riccione. Il tuo.\u201d <\/strong>esprime la scelta di inserire la nuova grande opera con discrezione nel contesto urbano rendendola parte della vita, cittadina o vacanziera che sia, di tutti. Il nuovo Palazzo dei Congressi nasce per essere punto d\u2019incontro non solo per i congressisti ma anche per tutti i turisti e cittadini perch\u00e9, oltre a ospitare eventi e convegni, &nbsp;sar\u00e0 luogo privilegiato di mostre, concerti, installazioni e disporr\u00e0 di un multisala cinematografico da sei sale.&nbsp; <strong>Bustine di zucchero<\/strong> nei maggiori bar del centro, <strong>cartelli bifacciali <\/strong>sul lussuoso Viale Ceccarini e <strong>adesivi calpestabili <\/strong>sparsi per le vie centrali. Tutto parler\u00e0 del nuovo arrivato in citt\u00e0 e della grande attesa per la data del 24 maggio. \u201cAbbiamo scelto di richiamare i gesti che tutti noi compiamo quotidianamente \u2013 sostiene <strong>Giorgio Montanari<\/strong>, presidente di Palariccione S.p.A. \u2013 per fare in modo che cittadini e turisti si abituino alla nuova presenza e la vedono come parte integrante della loro vita quotidiana. La citt\u00e0 per prima deve appropriarsi del nuovo Palacongressi, farlo suo e viverlo come parte della sua vita quotidiana. Oltre ad essere un importante volano per l\u2019economia della nostra cittadina, il nuovo Palazzo dei Congressi migliorer\u00e0 l\u2019immagine di Riccione, arricchir\u00e0 lo stile e l\u2019appeal della destinazione insignendola di nuove responsabilit\u00e0. Ci \u00e8 sembrato doveroso che la citt\u00e0 tutta e i turisti che gi\u00e0 invadono le nostre strade in questi primi sprazzi d\u2019estate si preparassero adeguatamente a questi cambiamenti\u201d. La guerrilla marketing sar\u00e0 affiancata dalla promozione tramite mezzi classici quali affissioni e stampa. <\/p>\n","protected":false},"excerpt":{"rendered":"<p>Inaugurer\u00e0 il 24 maggio prossimo il nuovo Palazzo dei Congressi di Riccione. Intanto l\u2019attesa per la nuova struttura, un perfetto mix di stile, design e innovazione,  sta gi\u00e0 invadendo le strade di Riccione con una  guerrilla marketing urbana<\/p>\n","protected":false},"author":10,"featured_media":0,"comment_status":"open","ping_status":"open","sticky":false,"template":"","format":"standard","meta":{"cybocfi_hide_featured_image":"","footnotes":""},"categories":[143],"tags":[],"class_list":["post-370","post","type-post","status-publish","format-standard","hentry","category-destinazioni"],"yoast_head":"<!-- This site is optimized with the Yoast SEO plugin v27.0 - https:\/\/yoast.com\/product\/yoast-seo-wordpress\/ -->\n<title>Riccione: il nuovo palazzo dei congressi invade le strade con la guerrilla di edita - Article Marketing<\/title>\n<meta name=\"robots\" content=\"index, follow, max-snippet:-1, max-image-preview:large, max-video-preview:-1\" \/>\n<link rel=\"canonical\" href=\"https:\/\/www.article-marketing.eu\/comunicati\/viaggi-e-vacanze\/destinazioni\/riccione-il-nuovo-palazzo-dei-congressi-invade-le-strade-con-la-guerrilla-di-edita\/\" \/>\n<meta property=\"og:locale\" content=\"it_IT\" \/>\n<meta property=\"og:type\" content=\"article\" \/>\n<meta property=\"og:title\" content=\"Riccione: il nuovo palazzo dei congressi invade le strade con la guerrilla di edita - Article Marketing\" \/>\n<meta property=\"og:description\" content=\"Inaugurer\u00e0 il 24 maggio prossimo il nuovo Palazzo dei Congressi di Riccione. Intanto l\u2019attesa per la nuova struttura, un perfetto mix di stile, design e innovazione, sta gi\u00e0 invadendo le strade di Riccione con una guerrilla marketing urbana\" \/>\n<meta property=\"og:url\" content=\"https:\/\/www.article-marketing.eu\/comunicati\/viaggi-e-vacanze\/destinazioni\/riccione-il-nuovo-palazzo-dei-congressi-invade-le-strade-con-la-guerrilla-di-edita\/\" \/>\n<meta property=\"og:site_name\" content=\"Article Marketing\" \/>\n<meta property=\"article:published_time\" content=\"2008-05-07T16:28:41+00:00\" \/>\n<meta name=\"author\" content=\"Redazione Comunicati Stampa\" \/>\n<meta name=\"twitter:card\" content=\"summary_large_image\" \/>\n<meta name=\"twitter:label1\" content=\"Scritto da\" \/>\n\t<meta name=\"twitter:data1\" content=\"Redazione Comunicati Stampa\" \/>\n\t<meta name=\"twitter:label2\" content=\"Tempo di lettura stimato\" \/>\n\t<meta name=\"twitter:data2\" content=\"2 minuti\" \/>\n<script type=\"application\/ld+json\" class=\"yoast-schema-graph\">{\"@context\":\"https:\/\/schema.org\",\"@graph\":[{\"@type\":\"Article\",\"@id\":\"https:\/\/www.article-marketing.eu\/comunicati\/viaggi-e-vacanze\/destinazioni\/riccione-il-nuovo-palazzo-dei-congressi-invade-le-strade-con-la-guerrilla-di-edita\/#article\",\"isPartOf\":{\"@id\":\"https:\/\/www.article-marketing.eu\/comunicati\/viaggi-e-vacanze\/destinazioni\/riccione-il-nuovo-palazzo-dei-congressi-invade-le-strade-con-la-guerrilla-di-edita\/\"},\"author\":{\"name\":\"Redazione Comunicati Stampa\",\"@id\":\"https:\/\/www.article-marketing.eu\/comunicati\/#\/schema\/person\/44372e4d4d0fa797b18e03ed1ace9017\"},\"headline\":\"Riccione: il nuovo palazzo dei congressi invade le strade con la guerrilla di edita\",\"datePublished\":\"2008-05-07T16:28:41+00:00\",\"mainEntityOfPage\":{\"@id\":\"https:\/\/www.article-marketing.eu\/comunicati\/viaggi-e-vacanze\/destinazioni\/riccione-il-nuovo-palazzo-dei-congressi-invade-le-strade-con-la-guerrilla-di-edita\/\"},\"wordCount\":381,\"commentCount\":0,\"articleSection\":[\"Destinazioni\"],\"inLanguage\":\"it-IT\",\"potentialAction\":[{\"@type\":\"CommentAction\",\"name\":\"Comment\",\"target\":[\"https:\/\/www.article-marketing.eu\/comunicati\/viaggi-e-vacanze\/destinazioni\/riccione-il-nuovo-palazzo-dei-congressi-invade-le-strade-con-la-guerrilla-di-edita\/#respond\"]}]},{\"@type\":\"WebPage\",\"@id\":\"https:\/\/www.article-marketing.eu\/comunicati\/viaggi-e-vacanze\/destinazioni\/riccione-il-nuovo-palazzo-dei-congressi-invade-le-strade-con-la-guerrilla-di-edita\/\",\"url\":\"https:\/\/www.article-marketing.eu\/comunicati\/viaggi-e-vacanze\/destinazioni\/riccione-il-nuovo-palazzo-dei-congressi-invade-le-strade-con-la-guerrilla-di-edita\/\",\"name\":\"Riccione: il nuovo palazzo dei congressi invade le strade con la guerrilla di edita - Article Marketing\",\"isPartOf\":{\"@id\":\"https:\/\/www.article-marketing.eu\/comunicati\/#website\"},\"datePublished\":\"2008-05-07T16:28:41+00:00\",\"author\":{\"@id\":\"https:\/\/www.article-marketing.eu\/comunicati\/#\/schema\/person\/44372e4d4d0fa797b18e03ed1ace9017\"},\"breadcrumb\":{\"@id\":\"https:\/\/www.article-marketing.eu\/comunicati\/viaggi-e-vacanze\/destinazioni\/riccione-il-nuovo-palazzo-dei-congressi-invade-le-strade-con-la-guerrilla-di-edita\/#breadcrumb\"},\"inLanguage\":\"it-IT\",\"potentialAction\":[{\"@type\":\"ReadAction\",\"target\":[\"https:\/\/www.article-marketing.eu\/comunicati\/viaggi-e-vacanze\/destinazioni\/riccione-il-nuovo-palazzo-dei-congressi-invade-le-strade-con-la-guerrilla-di-edita\/\"]}]},{\"@type\":\"BreadcrumbList\",\"@id\":\"https:\/\/www.article-marketing.eu\/comunicati\/viaggi-e-vacanze\/destinazioni\/riccione-il-nuovo-palazzo-dei-congressi-invade-le-strade-con-la-guerrilla-di-edita\/#breadcrumb\",\"itemListElement\":[{\"@type\":\"ListItem\",\"position\":1,\"name\":\"Home\",\"item\":\"https:\/\/www.article-marketing.eu\/comunicati\/\"},{\"@type\":\"ListItem\",\"position\":2,\"name\":\"Riccione: il nuovo palazzo dei congressi invade le strade con la guerrilla di edita\"}]},{\"@type\":\"WebSite\",\"@id\":\"https:\/\/www.article-marketing.eu\/comunicati\/#website\",\"url\":\"https:\/\/www.article-marketing.eu\/comunicati\/\",\"name\":\"Article Marketing\",\"description\":\"article marketing &amp; press release\",\"potentialAction\":[{\"@type\":\"SearchAction\",\"target\":{\"@type\":\"EntryPoint\",\"urlTemplate\":\"https:\/\/www.article-marketing.eu\/comunicati\/?s={search_term_string}\"},\"query-input\":{\"@type\":\"PropertyValueSpecification\",\"valueRequired\":true,\"valueName\":\"search_term_string\"}}],\"inLanguage\":\"it-IT\"},{\"@type\":\"Person\",\"@id\":\"https:\/\/www.article-marketing.eu\/comunicati\/#\/schema\/person\/44372e4d4d0fa797b18e03ed1ace9017\",\"name\":\"Redazione Comunicati Stampa\",\"image\":{\"@type\":\"ImageObject\",\"inLanguage\":\"it-IT\",\"@id\":\"https:\/\/www.article-marketing.eu\/comunicati\/#\/schema\/person\/image\/\",\"url\":\"https:\/\/secure.gravatar.com\/avatar\/50e5c6421d3072f42e7ace803501602c60d75233d34e29fd05feb91c8760b792?s=96&d=mm&r=g\",\"contentUrl\":\"https:\/\/secure.gravatar.com\/avatar\/50e5c6421d3072f42e7ace803501602c60d75233d34e29fd05feb91c8760b792?s=96&d=mm&r=g\",\"caption\":\"Redazione Comunicati Stampa\"},\"url\":\"https:\/\/www.article-marketing.eu\/comunicati\/author\/redazione-comunicati-stampa\/\"}]}<\/script>\n<!-- \/ Yoast SEO plugin. -->","yoast_head_json":{"title":"Riccione: il nuovo palazzo dei congressi invade le strade con la guerrilla di edita - Article Marketing","robots":{"index":"index","follow":"follow","max-snippet":"max-snippet:-1","max-image-preview":"max-image-preview:large","max-video-preview":"max-video-preview:-1"},"canonical":"https:\/\/www.article-marketing.eu\/comunicati\/viaggi-e-vacanze\/destinazioni\/riccione-il-nuovo-palazzo-dei-congressi-invade-le-strade-con-la-guerrilla-di-edita\/","og_locale":"it_IT","og_type":"article","og_title":"Riccione: il nuovo palazzo dei congressi invade le strade con la guerrilla di edita - Article Marketing","og_description":"Inaugurer\u00e0 il 24 maggio prossimo il nuovo Palazzo dei Congressi di Riccione. Intanto l\u2019attesa per la nuova struttura, un perfetto mix di stile, design e innovazione, sta gi\u00e0 invadendo le strade di Riccione con una guerrilla marketing urbana","og_url":"https:\/\/www.article-marketing.eu\/comunicati\/viaggi-e-vacanze\/destinazioni\/riccione-il-nuovo-palazzo-dei-congressi-invade-le-strade-con-la-guerrilla-di-edita\/","og_site_name":"Article Marketing","article_published_time":"2008-05-07T16:28:41+00:00","author":"Redazione Comunicati Stampa","twitter_card":"summary_large_image","twitter_misc":{"Scritto da":"Redazione Comunicati Stampa","Tempo di lettura stimato":"2 minuti"},"schema":{"@context":"https:\/\/schema.org","@graph":[{"@type":"Article","@id":"https:\/\/www.article-marketing.eu\/comunicati\/viaggi-e-vacanze\/destinazioni\/riccione-il-nuovo-palazzo-dei-congressi-invade-le-strade-con-la-guerrilla-di-edita\/#article","isPartOf":{"@id":"https:\/\/www.article-marketing.eu\/comunicati\/viaggi-e-vacanze\/destinazioni\/riccione-il-nuovo-palazzo-dei-congressi-invade-le-strade-con-la-guerrilla-di-edita\/"},"author":{"name":"Redazione Comunicati Stampa","@id":"https:\/\/www.article-marketing.eu\/comunicati\/#\/schema\/person\/44372e4d4d0fa797b18e03ed1ace9017"},"headline":"Riccione: il nuovo palazzo dei congressi invade le strade con la guerrilla di edita","datePublished":"2008-05-07T16:28:41+00:00","mainEntityOfPage":{"@id":"https:\/\/www.article-marketing.eu\/comunicati\/viaggi-e-vacanze\/destinazioni\/riccione-il-nuovo-palazzo-dei-congressi-invade-le-strade-con-la-guerrilla-di-edita\/"},"wordCount":381,"commentCount":0,"articleSection":["Destinazioni"],"inLanguage":"it-IT","potentialAction":[{"@type":"CommentAction","name":"Comment","target":["https:\/\/www.article-marketing.eu\/comunicati\/viaggi-e-vacanze\/destinazioni\/riccione-il-nuovo-palazzo-dei-congressi-invade-le-strade-con-la-guerrilla-di-edita\/#respond"]}]},{"@type":"WebPage","@id":"https:\/\/www.article-marketing.eu\/comunicati\/viaggi-e-vacanze\/destinazioni\/riccione-il-nuovo-palazzo-dei-congressi-invade-le-strade-con-la-guerrilla-di-edita\/","url":"https:\/\/www.article-marketing.eu\/comunicati\/viaggi-e-vacanze\/destinazioni\/riccione-il-nuovo-palazzo-dei-congressi-invade-le-strade-con-la-guerrilla-di-edita\/","name":"Riccione: il nuovo palazzo dei congressi invade le strade con la guerrilla di edita - Article Marketing","isPartOf":{"@id":"https:\/\/www.article-marketing.eu\/comunicati\/#website"},"datePublished":"2008-05-07T16:28:41+00:00","author":{"@id":"https:\/\/www.article-marketing.eu\/comunicati\/#\/schema\/person\/44372e4d4d0fa797b18e03ed1ace9017"},"breadcrumb":{"@id":"https:\/\/www.article-marketing.eu\/comunicati\/viaggi-e-vacanze\/destinazioni\/riccione-il-nuovo-palazzo-dei-congressi-invade-le-strade-con-la-guerrilla-di-edita\/#breadcrumb"},"inLanguage":"it-IT","potentialAction":[{"@type":"ReadAction","target":["https:\/\/www.article-marketing.eu\/comunicati\/viaggi-e-vacanze\/destinazioni\/riccione-il-nuovo-palazzo-dei-congressi-invade-le-strade-con-la-guerrilla-di-edita\/"]}]},{"@type":"BreadcrumbList","@id":"https:\/\/www.article-marketing.eu\/comunicati\/viaggi-e-vacanze\/destinazioni\/riccione-il-nuovo-palazzo-dei-congressi-invade-le-strade-con-la-guerrilla-di-edita\/#breadcrumb","itemListElement":[{"@type":"ListItem","position":1,"name":"Home","item":"https:\/\/www.article-marketing.eu\/comunicati\/"},{"@type":"ListItem","position":2,"name":"Riccione: il nuovo palazzo dei congressi invade le strade con la guerrilla di edita"}]},{"@type":"WebSite","@id":"https:\/\/www.article-marketing.eu\/comunicati\/#website","url":"https:\/\/www.article-marketing.eu\/comunicati\/","name":"Article Marketing","description":"article marketing &amp; press release","potentialAction":[{"@type":"SearchAction","target":{"@type":"EntryPoint","urlTemplate":"https:\/\/www.article-marketing.eu\/comunicati\/?s={search_term_string}"},"query-input":{"@type":"PropertyValueSpecification","valueRequired":true,"valueName":"search_term_string"}}],"inLanguage":"it-IT"},{"@type":"Person","@id":"https:\/\/www.article-marketing.eu\/comunicati\/#\/schema\/person\/44372e4d4d0fa797b18e03ed1ace9017","name":"Redazione Comunicati Stampa","image":{"@type":"ImageObject","inLanguage":"it-IT","@id":"https:\/\/www.article-marketing.eu\/comunicati\/#\/schema\/person\/image\/","url":"https:\/\/secure.gravatar.com\/avatar\/50e5c6421d3072f42e7ace803501602c60d75233d34e29fd05feb91c8760b792?s=96&d=mm&r=g","contentUrl":"https:\/\/secure.gravatar.com\/avatar\/50e5c6421d3072f42e7ace803501602c60d75233d34e29fd05feb91c8760b792?s=96&d=mm&r=g","caption":"Redazione Comunicati Stampa"},"url":"https:\/\/www.article-marketing.eu\/comunicati\/author\/redazione-comunicati-stampa\/"}]}},"_links":{"self":[{"href":"https:\/\/www.article-marketing.eu\/comunicati\/wp-json\/wp\/v2\/posts\/370","targetHints":{"allow":["GET"]}}],"collection":[{"href":"https:\/\/www.article-marketing.eu\/comunicati\/wp-json\/wp\/v2\/posts"}],"about":[{"href":"https:\/\/www.article-marketing.eu\/comunicati\/wp-json\/wp\/v2\/types\/post"}],"author":[{"embeddable":true,"href":"https:\/\/www.article-marketing.eu\/comunicati\/wp-json\/wp\/v2\/users\/10"}],"replies":[{"embeddable":true,"href":"https:\/\/www.article-marketing.eu\/comunicati\/wp-json\/wp\/v2\/comments?post=370"}],"version-history":[{"count":0,"href":"https:\/\/www.article-marketing.eu\/comunicati\/wp-json\/wp\/v2\/posts\/370\/revisions"}],"wp:attachment":[{"href":"https:\/\/www.article-marketing.eu\/comunicati\/wp-json\/wp\/v2\/media?parent=370"}],"wp:term":[{"taxonomy":"category","embeddable":true,"href":"https:\/\/www.article-marketing.eu\/comunicati\/wp-json\/wp\/v2\/categories?post=370"},{"taxonomy":"post_tag","embeddable":true,"href":"https:\/\/www.article-marketing.eu\/comunicati\/wp-json\/wp\/v2\/tags?post=370"}],"curies":[{"name":"wp","href":"https:\/\/api.w.org\/{rel}","templated":true}]}}