{"id":3704,"date":"2009-12-21T19:09:31","date_gmt":"2009-12-21T18:09:31","guid":{"rendered":"http:\/\/www.article-marketing.eu\/comunicati\/senza-categoria\/franco-bernabe-ha-rilasciato-unintervista-a-dialoghi-digitali-rubrica-di-ciaoblog-net\/"},"modified":"2018-07-10T04:49:45","modified_gmt":"2018-07-10T02:49:45","slug":"franco-bernabe-ha-rilasciato-unintervista-a-dialoghi-digitali-rubrica-di-ciaoblog-net","status":"publish","type":"post","link":"https:\/\/www.article-marketing.eu\/comunicati\/economia-e-lavoro\/aziende\/franco-bernabe-ha-rilasciato-unintervista-a-dialoghi-digitali-rubrica-di-ciaoblog-net\/","title":{"rendered":"Franco Bernab\u00e8 ha rilasciato un&#8217;intervista a Dialoghi Digitali, rubrica di Ciaoblog.net"},"content":{"rendered":"<p><em>L&#8217;Amministratore Delegato di Telecom Italia ha rilasciato un&#8217;intervista a 360 gradi alla rubrica Dialoghi Digitali di Ciaoblog<\/em><\/p>\n<p>Napoli, 21 dicembre 2009 \u2013 <strong>Franco Bernab\u00e8<\/strong>, ha rilasciato un&#8217;intervista a <em>Dialoghi Digitali<\/em>, rubrica di <strong>www.ciaoblog.net<\/strong>, magazine di <strong>Ciaopeople<\/strong> dedicato all\u2019hi-tech e al web 2.0. L&#8217;Amministratore Delegato di Telecom Italia ha ripercorso tutte le fasi della sua carriera, dalla laurea in Scienze Politiche, all&#8217;esperienza all&#8217;OCSE, dalla lunga carriera in Eni, al primo &quot;incarico&quot; in Telecom nel difficile periodo dell&#8217;Opa, dalla fondazione di Andala, poi H3G, fino al ritorno in Telecom.<\/p>\n<p>Bernab\u00e8 si \u00e8 soffermato sul progetto <strong>Working Capital<\/strong> dicendo che \u00e8 stato lanciato affinch\u00e8 Telecom possa &quot;<em>svolgere un ruolo attivo anche nello stimolo e nel sostegno di quelle realt\u00e0 imprenditoriali innovative che proprio dal mondo della Rete nascono<\/em>&quot;, dichiarandosi convinto che &quot;<em>una nuova generazione di imprenditori in grado di esplorare al meglio le nuove frontiere di Internet possano fungere da volano per il rinnovamento tecnologico del nostro Paese<\/em>&quot;. <\/p>\n<p>Alla domanda se \u00e8 possibile la creazione di una <strong>Valley nel Sud Italia<\/strong>, Bernab\u00e8 si \u00e8 detto &quot;<em>convinto di s\u00ec<\/em>&quot;, sottolineando che &quot;<em>lo spirito d\u2019intraprendenza e la fiducia nelle proprie potenzialit\u00e0<\/em>&quot; possono fare la differenza proprio nel Mezzoggiorno definito &quot;<em>un bacino di grande ricchezza inventiva<\/em>&quot;.<\/p>\n<p>L&#8217;amministratore di Telecom ha inoltre affermato l&#8217;importanza per Telecom del confronto con la blogosfera, dicendo che \u00e8 &quot;<em>essenziale che si esponga ad un confronto paritario e privo di filtri con diversi interlocutori<\/em>&quot; e ricordando la presenza dell&#8217;azienda di telecomunicazioni a <strong>BlogFest<\/strong> e il blog <strong>avoicomunicare.it<\/strong>, luogo aperto di discussione di grandi temi sociali ed ambientali.  <\/p>\n<p>L&#8217;intervista a Franco Bernab\u00e8 segue, tra le altre, quelle ad altri protagonisti della rete: <strong>Viviane Reding<\/strong>, <strong>Paolo Ainio<\/strong>, <strong>Paolo Barberis<\/strong>, <strong>Elserino Piol<\/strong>, <strong>Gianluca Dettori<\/strong>, <strong>Luca De Biase<\/strong> e <strong>Layla Pavone<\/strong>, ed \u00e8 pubblicata nella rubrica Dialoghi Digitali di Ciaoblog, luogo di confronto sull&#8217;innovazione digitale, magazine appartenente a <strong>Ciaopeople<\/strong>.<\/p>\n<p>***<br \/>\n    <strong>Ciaopeople<\/strong> \u00e8  un gruppo di portali web che veicola oltre il 10% del traffico globale italiano con social nework, nano publishing, micro blogging e e-commerce.<br \/>\nFondatore e CEO \u00e8 Gianluca Cozzolino, gi\u00e0 co-fondatore di Nascar, web agency leader nel Sud Italia.<\/p>\n<p><strong>Ciaoblog<\/strong> \u00e8 un magazine dedicato all\u2019hi-tech e al web 2.0 dove \u00e8 possibile trovare tutte le ultime novit\u00e0 su social network, smartphone, ma anche consigli e suggerimenti per software e applicazioni da utilizzare per sfruttare al meglio la rete. Dialoghi Digitali \u00e8 la sezione dedicata alle interviste esclusive  ai personaggi di spicco del web italiano.<\/p>\n<p>\n  Davide Nunziante<br \/>Press Office www.ciaopeople.com<br \/>pressoffice [at] ciaopeople.com <\/p>\n","protected":false},"excerpt":{"rendered":"<p>L&#8217;Amministratore Delegato di Telecom Italia ha rilasciato un&#8217;intervista a 360 gradi alla rubrica Dialoghi Digitali di Ciaoblog<\/p>\n","protected":false},"author":10,"featured_media":0,"comment_status":"open","ping_status":"open","sticky":false,"template":"","format":"standard","meta":{"cybocfi_hide_featured_image":"","footnotes":""},"categories":[129],"tags":[],"class_list":["post-3704","post","type-post","status-publish","format-standard","hentry","category-aziende"],"yoast_head":"<!-- This site is optimized with the Yoast SEO plugin v27.0 - https:\/\/yoast.com\/product\/yoast-seo-wordpress\/ -->\n<title>Franco Bernab\u00e8 ha rilasciato un&#039;intervista a Dialoghi Digitali, rubrica di Ciaoblog.net - Article Marketing<\/title>\n<meta name=\"robots\" content=\"index, follow, max-snippet:-1, max-image-preview:large, max-video-preview:-1\" \/>\n<link rel=\"canonical\" href=\"https:\/\/www.article-marketing.eu\/comunicati\/economia-e-lavoro\/aziende\/franco-bernabe-ha-rilasciato-unintervista-a-dialoghi-digitali-rubrica-di-ciaoblog-net\/\" \/>\n<meta property=\"og:locale\" content=\"it_IT\" \/>\n<meta property=\"og:type\" content=\"article\" \/>\n<meta property=\"og:title\" content=\"Franco Bernab\u00e8 ha rilasciato un&#039;intervista a Dialoghi Digitali, rubrica di Ciaoblog.net - Article Marketing\" \/>\n<meta property=\"og:description\" content=\"L&#039;Amministratore Delegato di Telecom Italia ha rilasciato un&#039;intervista a 360 gradi alla rubrica Dialoghi Digitali di Ciaoblog\" \/>\n<meta property=\"og:url\" content=\"https:\/\/www.article-marketing.eu\/comunicati\/economia-e-lavoro\/aziende\/franco-bernabe-ha-rilasciato-unintervista-a-dialoghi-digitali-rubrica-di-ciaoblog-net\/\" \/>\n<meta property=\"og:site_name\" content=\"Article Marketing\" \/>\n<meta property=\"article:published_time\" content=\"2009-12-21T18:09:31+00:00\" \/>\n<meta property=\"article:modified_time\" content=\"2018-07-10T02:49:45+00:00\" \/>\n<meta name=\"author\" content=\"Redazione Comunicati Stampa\" \/>\n<meta name=\"twitter:card\" content=\"summary_large_image\" \/>\n<meta name=\"twitter:label1\" content=\"Scritto da\" \/>\n\t<meta name=\"twitter:data1\" content=\"Redazione Comunicati Stampa\" \/>\n\t<meta name=\"twitter:label2\" content=\"Tempo di lettura stimato\" \/>\n\t<meta name=\"twitter:data2\" content=\"2 minuti\" \/>\n<script type=\"application\/ld+json\" class=\"yoast-schema-graph\">{\"@context\":\"https:\/\/schema.org\",\"@graph\":[{\"@type\":\"Article\",\"@id\":\"https:\/\/www.article-marketing.eu\/comunicati\/economia-e-lavoro\/aziende\/franco-bernabe-ha-rilasciato-unintervista-a-dialoghi-digitali-rubrica-di-ciaoblog-net\/#article\",\"isPartOf\":{\"@id\":\"https:\/\/www.article-marketing.eu\/comunicati\/economia-e-lavoro\/aziende\/franco-bernabe-ha-rilasciato-unintervista-a-dialoghi-digitali-rubrica-di-ciaoblog-net\/\"},\"author\":{\"name\":\"Redazione Comunicati Stampa\",\"@id\":\"https:\/\/www.article-marketing.eu\/comunicati\/#\/schema\/person\/44372e4d4d0fa797b18e03ed1ace9017\"},\"headline\":\"Franco Bernab\u00e8 ha rilasciato un&#8217;intervista a Dialoghi Digitali, rubrica di Ciaoblog.net\",\"datePublished\":\"2009-12-21T18:09:31+00:00\",\"dateModified\":\"2018-07-10T02:49:45+00:00\",\"mainEntityOfPage\":{\"@id\":\"https:\/\/www.article-marketing.eu\/comunicati\/economia-e-lavoro\/aziende\/franco-bernabe-ha-rilasciato-unintervista-a-dialoghi-digitali-rubrica-di-ciaoblog-net\/\"},\"wordCount\":423,\"commentCount\":0,\"articleSection\":[\"Aziende\"],\"inLanguage\":\"it-IT\",\"potentialAction\":[{\"@type\":\"CommentAction\",\"name\":\"Comment\",\"target\":[\"https:\/\/www.article-marketing.eu\/comunicati\/economia-e-lavoro\/aziende\/franco-bernabe-ha-rilasciato-unintervista-a-dialoghi-digitali-rubrica-di-ciaoblog-net\/#respond\"]}]},{\"@type\":\"WebPage\",\"@id\":\"https:\/\/www.article-marketing.eu\/comunicati\/economia-e-lavoro\/aziende\/franco-bernabe-ha-rilasciato-unintervista-a-dialoghi-digitali-rubrica-di-ciaoblog-net\/\",\"url\":\"https:\/\/www.article-marketing.eu\/comunicati\/economia-e-lavoro\/aziende\/franco-bernabe-ha-rilasciato-unintervista-a-dialoghi-digitali-rubrica-di-ciaoblog-net\/\",\"name\":\"Franco Bernab\u00e8 ha rilasciato un'intervista a Dialoghi Digitali, rubrica di Ciaoblog.net - Article Marketing\",\"isPartOf\":{\"@id\":\"https:\/\/www.article-marketing.eu\/comunicati\/#website\"},\"datePublished\":\"2009-12-21T18:09:31+00:00\",\"dateModified\":\"2018-07-10T02:49:45+00:00\",\"author\":{\"@id\":\"https:\/\/www.article-marketing.eu\/comunicati\/#\/schema\/person\/44372e4d4d0fa797b18e03ed1ace9017\"},\"breadcrumb\":{\"@id\":\"https:\/\/www.article-marketing.eu\/comunicati\/economia-e-lavoro\/aziende\/franco-bernabe-ha-rilasciato-unintervista-a-dialoghi-digitali-rubrica-di-ciaoblog-net\/#breadcrumb\"},\"inLanguage\":\"it-IT\",\"potentialAction\":[{\"@type\":\"ReadAction\",\"target\":[\"https:\/\/www.article-marketing.eu\/comunicati\/economia-e-lavoro\/aziende\/franco-bernabe-ha-rilasciato-unintervista-a-dialoghi-digitali-rubrica-di-ciaoblog-net\/\"]}]},{\"@type\":\"BreadcrumbList\",\"@id\":\"https:\/\/www.article-marketing.eu\/comunicati\/economia-e-lavoro\/aziende\/franco-bernabe-ha-rilasciato-unintervista-a-dialoghi-digitali-rubrica-di-ciaoblog-net\/#breadcrumb\",\"itemListElement\":[{\"@type\":\"ListItem\",\"position\":1,\"name\":\"Home\",\"item\":\"https:\/\/www.article-marketing.eu\/comunicati\/\"},{\"@type\":\"ListItem\",\"position\":2,\"name\":\"Franco Bernab\u00e8 ha rilasciato un&#8217;intervista a Dialoghi Digitali, rubrica di Ciaoblog.net\"}]},{\"@type\":\"WebSite\",\"@id\":\"https:\/\/www.article-marketing.eu\/comunicati\/#website\",\"url\":\"https:\/\/www.article-marketing.eu\/comunicati\/\",\"name\":\"Article Marketing\",\"description\":\"article marketing &amp; press release\",\"potentialAction\":[{\"@type\":\"SearchAction\",\"target\":{\"@type\":\"EntryPoint\",\"urlTemplate\":\"https:\/\/www.article-marketing.eu\/comunicati\/?s={search_term_string}\"},\"query-input\":{\"@type\":\"PropertyValueSpecification\",\"valueRequired\":true,\"valueName\":\"search_term_string\"}}],\"inLanguage\":\"it-IT\"},{\"@type\":\"Person\",\"@id\":\"https:\/\/www.article-marketing.eu\/comunicati\/#\/schema\/person\/44372e4d4d0fa797b18e03ed1ace9017\",\"name\":\"Redazione Comunicati Stampa\",\"image\":{\"@type\":\"ImageObject\",\"inLanguage\":\"it-IT\",\"@id\":\"https:\/\/www.article-marketing.eu\/comunicati\/#\/schema\/person\/image\/\",\"url\":\"https:\/\/secure.gravatar.com\/avatar\/50e5c6421d3072f42e7ace803501602c60d75233d34e29fd05feb91c8760b792?s=96&d=mm&r=g\",\"contentUrl\":\"https:\/\/secure.gravatar.com\/avatar\/50e5c6421d3072f42e7ace803501602c60d75233d34e29fd05feb91c8760b792?s=96&d=mm&r=g\",\"caption\":\"Redazione Comunicati Stampa\"},\"url\":\"https:\/\/www.article-marketing.eu\/comunicati\/author\/redazione-comunicati-stampa\/\"}]}<\/script>\n<!-- \/ Yoast SEO plugin. -->","yoast_head_json":{"title":"Franco Bernab\u00e8 ha rilasciato un'intervista a Dialoghi Digitali, rubrica di Ciaoblog.net - Article Marketing","robots":{"index":"index","follow":"follow","max-snippet":"max-snippet:-1","max-image-preview":"max-image-preview:large","max-video-preview":"max-video-preview:-1"},"canonical":"https:\/\/www.article-marketing.eu\/comunicati\/economia-e-lavoro\/aziende\/franco-bernabe-ha-rilasciato-unintervista-a-dialoghi-digitali-rubrica-di-ciaoblog-net\/","og_locale":"it_IT","og_type":"article","og_title":"Franco Bernab\u00e8 ha rilasciato un'intervista a Dialoghi Digitali, rubrica di Ciaoblog.net - Article Marketing","og_description":"L'Amministratore Delegato di Telecom Italia ha rilasciato un'intervista a 360 gradi alla rubrica Dialoghi Digitali di Ciaoblog","og_url":"https:\/\/www.article-marketing.eu\/comunicati\/economia-e-lavoro\/aziende\/franco-bernabe-ha-rilasciato-unintervista-a-dialoghi-digitali-rubrica-di-ciaoblog-net\/","og_site_name":"Article Marketing","article_published_time":"2009-12-21T18:09:31+00:00","article_modified_time":"2018-07-10T02:49:45+00:00","author":"Redazione Comunicati Stampa","twitter_card":"summary_large_image","twitter_misc":{"Scritto da":"Redazione Comunicati Stampa","Tempo di lettura stimato":"2 minuti"},"schema":{"@context":"https:\/\/schema.org","@graph":[{"@type":"Article","@id":"https:\/\/www.article-marketing.eu\/comunicati\/economia-e-lavoro\/aziende\/franco-bernabe-ha-rilasciato-unintervista-a-dialoghi-digitali-rubrica-di-ciaoblog-net\/#article","isPartOf":{"@id":"https:\/\/www.article-marketing.eu\/comunicati\/economia-e-lavoro\/aziende\/franco-bernabe-ha-rilasciato-unintervista-a-dialoghi-digitali-rubrica-di-ciaoblog-net\/"},"author":{"name":"Redazione Comunicati Stampa","@id":"https:\/\/www.article-marketing.eu\/comunicati\/#\/schema\/person\/44372e4d4d0fa797b18e03ed1ace9017"},"headline":"Franco Bernab\u00e8 ha rilasciato un&#8217;intervista a Dialoghi Digitali, rubrica di Ciaoblog.net","datePublished":"2009-12-21T18:09:31+00:00","dateModified":"2018-07-10T02:49:45+00:00","mainEntityOfPage":{"@id":"https:\/\/www.article-marketing.eu\/comunicati\/economia-e-lavoro\/aziende\/franco-bernabe-ha-rilasciato-unintervista-a-dialoghi-digitali-rubrica-di-ciaoblog-net\/"},"wordCount":423,"commentCount":0,"articleSection":["Aziende"],"inLanguage":"it-IT","potentialAction":[{"@type":"CommentAction","name":"Comment","target":["https:\/\/www.article-marketing.eu\/comunicati\/economia-e-lavoro\/aziende\/franco-bernabe-ha-rilasciato-unintervista-a-dialoghi-digitali-rubrica-di-ciaoblog-net\/#respond"]}]},{"@type":"WebPage","@id":"https:\/\/www.article-marketing.eu\/comunicati\/economia-e-lavoro\/aziende\/franco-bernabe-ha-rilasciato-unintervista-a-dialoghi-digitali-rubrica-di-ciaoblog-net\/","url":"https:\/\/www.article-marketing.eu\/comunicati\/economia-e-lavoro\/aziende\/franco-bernabe-ha-rilasciato-unintervista-a-dialoghi-digitali-rubrica-di-ciaoblog-net\/","name":"Franco Bernab\u00e8 ha rilasciato un'intervista a Dialoghi Digitali, rubrica di Ciaoblog.net - Article Marketing","isPartOf":{"@id":"https:\/\/www.article-marketing.eu\/comunicati\/#website"},"datePublished":"2009-12-21T18:09:31+00:00","dateModified":"2018-07-10T02:49:45+00:00","author":{"@id":"https:\/\/www.article-marketing.eu\/comunicati\/#\/schema\/person\/44372e4d4d0fa797b18e03ed1ace9017"},"breadcrumb":{"@id":"https:\/\/www.article-marketing.eu\/comunicati\/economia-e-lavoro\/aziende\/franco-bernabe-ha-rilasciato-unintervista-a-dialoghi-digitali-rubrica-di-ciaoblog-net\/#breadcrumb"},"inLanguage":"it-IT","potentialAction":[{"@type":"ReadAction","target":["https:\/\/www.article-marketing.eu\/comunicati\/economia-e-lavoro\/aziende\/franco-bernabe-ha-rilasciato-unintervista-a-dialoghi-digitali-rubrica-di-ciaoblog-net\/"]}]},{"@type":"BreadcrumbList","@id":"https:\/\/www.article-marketing.eu\/comunicati\/economia-e-lavoro\/aziende\/franco-bernabe-ha-rilasciato-unintervista-a-dialoghi-digitali-rubrica-di-ciaoblog-net\/#breadcrumb","itemListElement":[{"@type":"ListItem","position":1,"name":"Home","item":"https:\/\/www.article-marketing.eu\/comunicati\/"},{"@type":"ListItem","position":2,"name":"Franco Bernab\u00e8 ha rilasciato un&#8217;intervista a Dialoghi Digitali, rubrica di Ciaoblog.net"}]},{"@type":"WebSite","@id":"https:\/\/www.article-marketing.eu\/comunicati\/#website","url":"https:\/\/www.article-marketing.eu\/comunicati\/","name":"Article Marketing","description":"article marketing &amp; press release","potentialAction":[{"@type":"SearchAction","target":{"@type":"EntryPoint","urlTemplate":"https:\/\/www.article-marketing.eu\/comunicati\/?s={search_term_string}"},"query-input":{"@type":"PropertyValueSpecification","valueRequired":true,"valueName":"search_term_string"}}],"inLanguage":"it-IT"},{"@type":"Person","@id":"https:\/\/www.article-marketing.eu\/comunicati\/#\/schema\/person\/44372e4d4d0fa797b18e03ed1ace9017","name":"Redazione Comunicati Stampa","image":{"@type":"ImageObject","inLanguage":"it-IT","@id":"https:\/\/www.article-marketing.eu\/comunicati\/#\/schema\/person\/image\/","url":"https:\/\/secure.gravatar.com\/avatar\/50e5c6421d3072f42e7ace803501602c60d75233d34e29fd05feb91c8760b792?s=96&d=mm&r=g","contentUrl":"https:\/\/secure.gravatar.com\/avatar\/50e5c6421d3072f42e7ace803501602c60d75233d34e29fd05feb91c8760b792?s=96&d=mm&r=g","caption":"Redazione Comunicati Stampa"},"url":"https:\/\/www.article-marketing.eu\/comunicati\/author\/redazione-comunicati-stampa\/"}]}},"_links":{"self":[{"href":"https:\/\/www.article-marketing.eu\/comunicati\/wp-json\/wp\/v2\/posts\/3704","targetHints":{"allow":["GET"]}}],"collection":[{"href":"https:\/\/www.article-marketing.eu\/comunicati\/wp-json\/wp\/v2\/posts"}],"about":[{"href":"https:\/\/www.article-marketing.eu\/comunicati\/wp-json\/wp\/v2\/types\/post"}],"author":[{"embeddable":true,"href":"https:\/\/www.article-marketing.eu\/comunicati\/wp-json\/wp\/v2\/users\/10"}],"replies":[{"embeddable":true,"href":"https:\/\/www.article-marketing.eu\/comunicati\/wp-json\/wp\/v2\/comments?post=3704"}],"version-history":[{"count":3,"href":"https:\/\/www.article-marketing.eu\/comunicati\/wp-json\/wp\/v2\/posts\/3704\/revisions"}],"predecessor-version":[{"id":59956,"href":"https:\/\/www.article-marketing.eu\/comunicati\/wp-json\/wp\/v2\/posts\/3704\/revisions\/59956"}],"wp:attachment":[{"href":"https:\/\/www.article-marketing.eu\/comunicati\/wp-json\/wp\/v2\/media?parent=3704"}],"wp:term":[{"taxonomy":"category","embeddable":true,"href":"https:\/\/www.article-marketing.eu\/comunicati\/wp-json\/wp\/v2\/categories?post=3704"},{"taxonomy":"post_tag","embeddable":true,"href":"https:\/\/www.article-marketing.eu\/comunicati\/wp-json\/wp\/v2\/tags?post=3704"}],"curies":[{"name":"wp","href":"https:\/\/api.w.org\/{rel}","templated":true}]}}