{"id":37044,"date":"2013-09-26T08:01:45","date_gmt":"2013-09-26T06:01:45","guid":{"rendered":"http:\/\/www.article-marketing.eu\/comunicati\/senza-categoria\/fari-puntati-sulla-nuova-stagione-13-14-del-teatro-duse\/"},"modified":"2013-09-26T08:01:45","modified_gmt":"2013-09-26T06:01:45","slug":"fari-puntati-sulla-nuova-stagione-13-14-del-teatro-duse","status":"publish","type":"post","link":"https:\/\/www.article-marketing.eu\/comunicati\/arte-e-cultura\/teatro\/fari-puntati-sulla-nuova-stagione-13-14-del-teatro-duse\/","title":{"rendered":"Fari puntati sulla nuova stagione &#8217;13\/&#8217;14 del teatro Duse"},"content":{"rendered":"<p><img loading=\"lazy\" decoding=\"async\" src=\"file:\/\/\/C:\/Users\/claudia\/AppData\/Local\/Temp\/msohtmlclip1\/01\/clip_image002.gif\" border=\"0\" alt=\"logo outline3 [Converted]\" width=\"169\" height=\"109\" \/><\/p>\n<p>Fari puntati sulla la nuova stagione 2013-2014<br \/><strong>Il Duse apre con la comicit&agrave; e uno sguardo alla societ&agrave; di oggi<\/strong><br \/><strong>Incontro di presentazione<\/strong><br \/><strong>Gioved&igrave; 3 ottobre 2013 ore 17.00<\/strong><br \/><strong>Via Crema, 8 &#8211; Roma<\/strong><br \/><strong>Segue buffet <\/strong><\/p>\n<p>Gioved&igrave; 3 ottobre alle 17.00, il direttore artistico del teatro Duse, Sandro Torella, presenta la programmazione 2013-2014. La nuova stagione prevede <strong>12 spettacoli<\/strong>, tutti diversi per clima e idea narrativa. Molti testi sono inediti, nati dalla duplice esigenza di raccontare la realt&agrave; di oggi e di far ridere e sorridere, riflettendo. <br \/>Tra commedie divertenti e spettacoli pi&ugrave; intensi il tentativo &egrave; quello di raccontare dove sta andando il nostro Paese. Cos&igrave; accade nell&rsquo;ormai consolidato &ldquo;<strong>Fanculo il Pil<\/strong>&rdquo; (dal 9 al 19 gennaio 2014), lo spettacolo che mette alla berlina la finanza e l&rsquo;economia ai tempi dello spread e nel nuovissimo <strong>&ldquo;Sono talmente precario che vado di moda&rdquo; <\/strong>(dal 10 al 20 aprile 2014), un &ldquo;one young boy show&rdquo; dal taglio ironico e sarcastico per raccontare la condizione di molti che da giovani esuberanti finiscono per essere giovani in esubero.<br \/>Il primo spettacolo a calcare le scene del teatro di San Giovanni, &egrave; &ldquo;<strong>Un, due, tre, Stella&rdquo;<\/strong> (dal 3 al 20 ottobre 2013) con la regia di Paolo Andreotti. Una commedia frizzante, piena di situazioni esilaranti e colpi di scena, dalla quale si evince che l&rsquo;uomo perfetto non esiste. E nemmeno la donna. Chiude, invece, <strong>&ldquo;Spettri&rdquo;<\/strong> (dal 22 maggio all&rsquo;1 giugno 2014) del norvegese Ibsen e per la regia di Sandro Torella, un dramma i cui protagonisti sono i fantasmi del passato che tornano a turbare il presente dei vivi. <br \/>Per assaporare la tradizione romana fatta in casa, <strong>&ldquo;Allegro con brio&rdquo;<\/strong> (dal 24 ottobre al 3 novembre 2013), lo spettacolo di Giacomo Genova che, tra umorismo e improvvisazione, regala al pubblico parole che raccontano, inezie che divertono e canzoni che emozionano. In <strong>&ldquo;Testaccio spara&rdquo; <\/strong>(dall&rsquo;1 al 18 maggio 2014), invece, di Massimo Mirani si ritroveranno gli ingredienti del poliziesco anni &rsquo;70 in uno spettacolo teso in cui si ride e ci si commuove. <\/p>\n<p>&ldquo;Fare teatro oggi &ndash; sottolinea Sandro Torella &#8211; &egrave; una grossa sfida. Senza contributi pubblici e con la crisi che ci attanaglia conciliare arte e impresa diventa sempre pi&ugrave; difficile. La mia proposta &egrave; quella del <strong>&ldquo;teatro collaborativo<\/strong>&rdquo;, una sorta di associazione temporanea d&rsquo;impresa tra compagnie e direzione artistica per cercare di trovare soluzioni pi&ugrave; avanzate rispetto all&rsquo;autoproduzione che finora sembra non portare a formule continuative&rdquo;.<br \/><strong> <\/strong><br \/><a><\/a><strong>Ufficio stampa Marino Midena 3477162033 Claudia Cannat&agrave; 3738240897 <\/strong><a href=\"mailto:Ufficiostampa@spet.it\"><strong>Ufficiostampa@spet.it<\/strong><\/a><strong> <\/strong><br \/><strong>Duse Teatro Via Crema, 8 Roma Info 06.70305976 340.6485291 <\/strong><br \/>info@duseteatro.it<strong> <\/strong>www.duseteatro.it<strong> Direzione Artistica: Sandro Torella <\/strong><\/p>\n<p> SPETTACOLI TEATRO DUSE 2013-2014<br \/><strong>Dal 3 al 20 ottobre 2013<\/strong><br \/><strong>UN, DUE, TRE, STELLA<\/strong><br \/>Di Paolo Andreotti<br \/>Sinossi<br \/>Ugo abbandona Stella sull&rsquo;altare il giorno delle attesissime nozze. Cosa ne pensano Ubaldo, Gastone e Orso, i tre migliori amici e testimoni del fuggitivo?<br \/>&ldquo;&Egrave; una donna: prova a rovinarle un programma qualsiasi e non te lo perdoner&agrave; pi&ugrave; per tutta la vita.&rdquo; <br \/>Ma poi, gli stessi, fanno a gara per consolarla, coccolarla, cercare di risarcirla della vile fuga del loro amico fraterno. Finch&eacute; non si innesca tra loro una specie di competizione per conquistare il cuore, e non solo, dell&rsquo;inconsolabile Stella. Apparentemente inconsolabile, perch&eacute; Stella, dopo uno sbandamento iniziale pi&ugrave; che comprensibile, recupera tutte le sue facolt&agrave;, o forse sprofonda nel delirio assoluto, e si diverte a stuzzicare i tre, arrivando ad offrirsi come premio per il vincitore. <br \/>Cos&igrave; il preciso Ubaldo, il sensuale Gastone e il romantico Orso, cercano di superarsi, mostrando le loro doti, e sferrandosi colpi bassi, finch&eacute;, alla fine del viaggio di nozze trascorso con una delle testimoni di Stella, non torna Ugo, e allora&hellip; <br \/>Una commedia frizzante, piena di situazioni esilaranti e colpi di scena, dalla quale si evince che l&rsquo;uomo perfetto non esiste. E nemmeno la donna.<br \/><strong>Dal 24 ottobre al 3 novembre 2013<\/strong><br \/><strong>ALLEGRO CON BRIO<\/strong><br \/>Di Emiliano Morano<br \/>Con Giacomo Genova e Marta Bianco<br \/>Aiuto Regia Laura Bonato <br \/>Sinossi<br \/>Parole che raccontano; <br \/>Inezie che divertono; <br \/>Canzoni che emozionano.<br \/>Questi gli ingredienti base per uno spettacolo completo, che il giovane Giacomo Genova, con classe e verve, cuocer&agrave; a fuoco vivo per regalare al pubblico il meglio della tradizione romana fatta in casa. A parte, soffrigger&agrave; un trito di canzoni, poesie, monologhi e sketches, sfumandolo con l&rsquo;effervescenza propria dell&rsquo; avanspettacolo&hellip;in salsa ironica. La giovane Marta Bianco condir&agrave; lo show insaporendolo con femminilit&agrave; e pepe quanto basta. Il tutto verr&agrave; mantecato aggiungendo, di volta in volta, una spolverata di umorismo e una grattugiata di improvvisazione per essere poi servito&hellip;con brio!<br \/><strong>Dal 14 novembre all&rsquo;1 dicembre 2013<\/strong><br \/><strong>AMARO CALAMARO SAPORE IGNARO<\/strong><br \/>Di Marcello Paesano<br \/>Con Marcello Paesano, Valeria Panepinto, Sara Spelta, Max Zanussi<br \/>&ldquo;Questa &egrave; la storia di un calamaro. Del calamaro. Che, mascherato da digestivo di fine pasto, si avventura nella pericolosa missione di compromettere la fraterna amicizia tra due vecchi compagni di banco. <br \/>E&rsquo; sera. Siamo in casa Sorrisini, dove si sta per consumare una sfarzosa cena a base di pesce e chiacchiere. Casa Sorrisini &egrave; ben arredata e accogliente. Casa Sorrisini &egrave; uno degli orgogli della padrona, Elena. <br \/>Come ospiti gli ancora non coniugi Riserva. La coppia Riserva pensa di sposarsi e non lo fa. Ragiona sul da farsi e poi trallall&agrave;. <br \/>La serata &egrave; organizzata ad HOC per festeggiare l&rsquo;entrata in commercio del nuovissimo e rivoluzionario &ldquo;Amaro Calamaro &ndash; Sapore ignaro&rdquo;, una casuale e fortunata invenzione del padrone di casa, Ettore. <br \/>Tutto &egrave; buono buonissimo. <br \/>Tutto &egrave; bello bellissimo. <br \/>Tutto &egrave; al loco giusto. <br \/>Ma qualcosa non quadra, comincia ad andare storto come un signore con una gamba pi&ugrave; corta dell&rsquo;altra. <br \/>E lo stesso tutto, lentamente, cade.&rdquo;<br \/><strong>Dal 5 al 15 dicembre 2013<\/strong><br \/><strong>IL CATALOGO<\/strong><br \/>Con Sabrina Crocco e Sandro Torella <br \/>Sinossi<br \/>Commedia del 1968, scritta dal francese Jean Claude Carri&egrave;re. Jean- Jacques &egrave; un Don Giovanni del nostro secolo, avvocato di successo di giorno, amante forsennato e un po&rsquo; malinconico di notte, che per ricordarsi i nomi e i volti delle sue spasimanti li annota in un catalogo. A incrinare il suo equilibrio &egrave; la visita inaspettata di Suzanne, donna contraddittoria, dall&rsquo;aria trasognata ma allo stesso tempo molto sensuale, che pretende (con successo) di stabilirsi a casa sua.<br \/><strong>Dal 2 al 12 gennaio 2014<\/strong><br \/><strong>POST PARTUM LUI<\/strong><br \/>Di Betta Cianchini<br \/>Con Andrea Lolli<br \/>Sinossi<br \/>La generazione degli &#8220;attuali pap&agrave;&#8221; &egrave; la prima generazione italiana in assoluto a confrontarsi con la nevrosi del &#8220;Post Partum&#8230; maschile&#8221;.<br \/>Oltre all&#8217;ansia da prestazione maschile &#8211; ormai dirottata soprattutto sul piano lavorativo &#8211; i neo-pap&agrave; soffrono di una sindrome da stress-post-partum. Tornano a casa, affaticati ed affranti e trovano una donna-con-capelli dritti-e-occhi-pallati-che-li-accoglie-con-un: &#8220;tieni&#8230; io devo lavorare e devo fare 100 cose!&#8221;. La erinni in ciabatte &#8220;ammolla&#8221; loro un frugoletto che nella migliore delle ipotesi dorme&#8230; ma nella pi&ugrave; plausibile delle ipotesi&#8230; &#8220;strilla&#8221;. Notti insonni, pannolini nauseabondi da &#8220;gestire&#8221;, niente sesso ed il peso mentale di essere; &#8220;quello che non sta a casa tutto il giorno con il bimbo&#8230; figurati, lavorare &egrave; riposarsi&#8230; al confronto&#8221;. Saranno le testimonianze dei tanti &#8220;giovani-pap&agrave; &#8221; intervistati a fare da base al racconto del protagonista. La cruda ed ironica visione maschile di una problematica che fino ad ora &egrave; stata solo ed esclusivamente appannaggio femminile. Nelle nostre case, quando il pap&agrave; tornava a casa, la mamma diceva: &#8220;ora piano, che pap&agrave; &egrave; stanco, ha lavorato tanto. Forza bimbi a cena e a letto&#8221;. Oggi quando torna a casa il pap&agrave; si trova un bimbo da gestire e&#8230; una &#8220;donna stanca e distrutta&#8221; che vorrebbe essere mamma, lavoratrice e donna e che forse &#8220;moglie&#8221; poco &egrave;&#8230;<br \/><strong>Dal 9 al 19 gennaio 2014<\/strong><br \/><strong>FANCULO IL PIL<\/strong><br \/>Di Sandro Torella<br \/>Con Sandro Torella<br \/>Sinossi<br \/>Per cercare di capire qualcosa nel mare magnum di dati e sigle economiche, un giovane docente &ldquo;di sicuro precario&rdquo; comincia a parlare ai suoi allievi di economia. Sandro Torella si cala nella parte di un professore bizzarro che da qualche anno impartisce lezioni di gruppo esplicative e divertenti allo stesso tempo. Un monologo sui temi caldi della nostra societ&agrave;. Una spiegazione essenziale che sembra un manuale per la sopravvivenza tra gli squali bancari, ma anche una riflessione sul valore del denaro e il nostro atteggiamento nei suoi confronti. Si comincia dal manuale di Varian per capire cosa intendiamo con economia e, in sostanza, anche per definire che cosa sia il PIL e si arriva a un&rsquo;interessante disquisizione sul signoraggio. Eppure non pensate alla scientificit&agrave; di Mydral o alla complessit&agrave; di un trattato di Solow, siamo lontani dall&rsquo;accademismo. Fanculo il PIL &egrave;, infatti, uno spettacolo interattivo tendenzialmente comico che mette alla berlina l&#8217;economia e la finanza tra comicit&agrave; e riflessioni. <br \/><strong>Dal 30 gennaio al 16 febbraio 2014<\/strong><br \/><strong>SOGNI PROIBITI<\/strong><br \/>Sinossi<br \/>Dopo il successo di &ldquo;Vietato ai Minori&rdquo;, torna al Teatro Duse la comicit&agrave; con &ldquo;Sogni Proibiti&rdquo;, una commedia dove l&rsquo;inquietudine nella vita quotidiana trascina una coppia verso un delirio di fantasie e risate, dove il proibito si confonde con la normalit&agrave; e i sogni pi&ugrave; profondi nella realt&agrave;. Ogni personaggio diventa una marionetta nelle mani sapienti della psiche profonda per uno spettacolo dove, come al solito, &egrave; VIETATO NON RIDERE!<br \/><strong>Dal 20 febbraio al 9 marzo 2014<\/strong><br \/><strong>CHI HA INCASTRATO ROMEO E GIULIETTA?<\/strong><br \/>Di Paolo Andreotti<br \/>Con Rita Gianini, Domenico Astone, Davide Santarpia, Gianfranco Fuggetta, <br \/>Luci Sandro Di Cello <br \/>Sinossi<br \/>&ldquo;Mentre nelle piazze della bella Verona, per antica ruggine, scoppia fra due famiglie di pari nobilt&agrave; una nuova rissa&rdquo;, Rosalina Capuleti, cugina della pi&ugrave; celebrata Giulietta, cerca di coronare, con un improbabile Montecchi di nome Valmonte, un sogno represso per 400 anni: vendicarsi di quella cugina che le ha rubato la scena e l&rsquo;immortalit&agrave;. <br \/>Non solo: vuole anche lei la sua storia d&rsquo;amore, seppur con una sottomarca di Montecchi, ma le sue aspirazioni sono frustrate dagli stessi motivi che impediscono ai noti cugini di convolare a giuste nozze. Allora, con la complicit&agrave; di Valmonte, inizia a tramare, coinvolgendo uno stralunato fra&rsquo; Lorenzo, affinch&eacute; la vicenda dei due amanti ufficiali raggiunga il lieto fine, diventando di fatto autrice indiretta e involontaria della famosa tragedia. La stessa vicenda dei protagonisti approda a un finale tragicomico quando Will (Shakespeare), che li ha sorvegliati per tutto il tempo, li fa eliminare da un sicario travestito da gendarme. <br \/>Prendendo spunto dall&rsquo;opera originale ed utilizzandone alcuni personaggi, la commedia, sospesa tra farsa, parodia e teatro dell&rsquo;assurdo, si sviluppa interamente all&rsquo;interno di una &ldquo;scannatoio&rdquo; in quarantena per la peste, nel quale troneggia un grande letto a baldacchino.<br \/><strong>Dal 13 al 30 marzo 2014<\/strong><br \/><strong>SHAKESPEARE 4EVER<\/strong><br \/>Di Luciano Bottaro<br \/>Sinossi<br \/>Quattro delle pi&ugrave; importanti opere del Bardo riviste secondo l&rsquo;occhio di uno strano autore che si pone delle domande ultime, quasi amletiche come: &rdquo;se il Moro di Venezia non fosse stato geloso ma avaro? e se la regina Cleopatra non fosse stata cos&igrave; nobile? Se Giulietta e Romeo divorziassero? e se alla fine non ci fosse pi&ugrave; tempo per rappresentare Amleto? Che cosa accadrebbe?&rdquo; lo scoprirete solo guardando questo spettacolo.<br \/><strong>Dal 10 al 20 aprile 2014<\/strong><br \/><strong>SONO TALMENTE PRECARIO CHE VADO DI MODA<\/strong><br \/>Di Betta Cianchini<br \/>Interpretato da Sandro Torella<br \/>Sinossi<br \/>Disarmato e disarmante. Il cervello di un &ldquo;giovane&rdquo; di oggi -estra- polato dallo status di Facebook&ndash; viene vivisezionato. La casistica lo mette in fila, lo esamina e poi lo ricicla. I media ne esagerano le abitudini, ne ignorano le attitudini. I genitori, (ex sessantottini) lo vorrebbero diverso. Anche lui &ldquo;si vorrebbe&rdquo; diverso. Ma da giovane esuberante si ritrova giovane in esubero. E la casistica incombe di nuovo e lui non ci sta. Un &ldquo;one young-boy show&rdquo;&hellip; un raccontarsi dal taglio ironico e sarcastico.<br \/><strong>Dall&rsquo;1 al 18 maggio 2014<\/strong><br \/><strong>TESTACCIO SPARA<\/strong><br \/>Di Massimo Mirani<br \/>Con Massimo Mirani, Sandro Torella, Aurora Kostova<br \/>Regia Sandro Torella<br \/>Luci e fonica Mauro Torella<br \/>Scene Teresa Caruso<br \/>Costumi Loredana Ivagnes <br \/>Sinossi<br \/>Un omaggio al poliziottesco anni 70. La vicenda si svolge in una sola giornata ed &egrave; ambientata in una periferia romana devastata dalla violenza e dall&rsquo;incuria. Una storia che nasce in quegli anni e trova il suo epilogo nei giorni d&rsquo;oggi, nell&rsquo;incontro tra i tre personaggi: Max (un vecchio attore ex terrorista), Walter (un giovane amante del cinema anni 70) e Katia (ex parrucchiera e donna di Max ai tempi del poliziottesco). <br \/>I tre si rincontrano in un&rsquo;atmosfera rarefatta, fuori tempo. Uno spettacolo teso in cui si ride e ci si commuove.<br \/><strong>Dal 22 maggio all&rsquo;1 giugno 2014<\/strong><br \/><strong>SPETTRI<\/strong><br \/>Di H. Ibsen<br \/>Con Anna Mazzantini, Aldo Rizzuti, Mauro Torella, Sara Lavinia Martino, Michelangelo Nangano<br \/>Regia Sandro Torella <br \/>Sinossi<br \/>E&rsquo; la storia di Helen Alving, da anni autoreclusa insieme alla giova- ne Regina sotto una campana di menzogne. A sconvolgerne la quotidianit&agrave; &egrave; l&rsquo;improvviso ritorno del figlio Osvald, allontanato da tempo e cresciuto come orfano, vittima di una malattia degenerativa. Questo ritorno impone alla madre la scelta tra silenzio e <\/a><strong>Ufficio stampa Marino Midena 3477162033 Claudia Cannat&agrave; 3738240897 <\/strong><strong>Ufficiostampa@spet.it<\/strong><strong> <\/strong><br \/><strong>Duse Teatro Via Crema, 8 Roma Info 06.70305976 340.6485291 <\/strong><br \/>info@duseteatro.it<strong> <\/strong>www.duseteatro.it<strong> Direzione Artistica: Sandro Torella <\/strong><\/p>\n<p> SPETTACOLI TEATRO DUSE 2013-2014<br \/><strong>Dal 3 al 20 ottobre 2013<\/strong><br \/><strong>UN, DUE, TRE, STELLA<\/strong><br \/>Di Paolo Andreotti<br \/>Sinossi<br \/>Ugo abbandona Stella sull&rsquo;altare il giorno delle attesissime nozze. Cosa ne pensano Ubaldo, Gastone e Orso, i tre migliori amici e testimoni del fuggitivo?<br \/>&ldquo;&Egrave; una donna: prova a rovinarle un programma qualsiasi e non te lo perdoner&agrave; pi&ugrave; per tutta la vita.&rdquo; <br \/>Ma poi, gli stessi, fanno a gara per consolarla, coccolarla, cercare di risarcirla della vile fuga del loro amico fraterno. Finch&eacute; non si innesca tra loro una specie di competizione per conquistare il cuore, e non solo, dell&rsquo;inconsolabile Stella. Apparentemente inconsolabile, perch&eacute; Stella, dopo uno sbandamento iniziale pi&ugrave; che comprensibile, recupera tutte le sue facolt&agrave;, o forse sprofonda nel delirio assoluto, e si diverte a stuzzicare i tre, arrivando ad offrirsi come premio per il vincitore. <br \/>Cos&igrave; il preciso Ubaldo, il sensuale Gastone e il romantico Orso, cercano di superarsi, mostrando le loro doti, e sferrandosi colpi bassi, finch&eacute;, alla fine del viaggio di nozze trascorso con una delle testimoni di Stella, non torna Ugo, e allora&hellip; <br \/>Una commedia frizzante, piena di situazioni esilaranti e colpi di scena, dalla quale si evince che l&rsquo;uomo perfetto non esiste. E nemmeno la donna.<br \/><strong>Dal 24 ottobre al 3 novembre 2013<\/strong><br \/><strong>ALLEGRO CON BRIO<\/strong><br \/>Di Emiliano Morano<br \/>Con Giacomo Genova e Marta Bianco<br \/>Aiuto Regia Laura Bonato <br \/>Sinossi<br \/>Parole che raccontano; <br \/>Inezie che divertono; <br \/>Canzoni che emozionano.<br \/>Questi gli ingredienti base per uno spettacolo completo, che il giovane Giacomo Genova, con classe e verve, cuocer&agrave; a fuoco vivo per regalare al pubblico il meglio della tradizione romana fatta in casa. A parte, soffrigger&agrave; un trito di canzoni, poesie, monologhi e sketches, sfumandolo con l&rsquo;effervescenza propria dell&rsquo; avanspettacolo&hellip;in salsa ironica. La giovane Marta Bianco condir&agrave; lo show insaporendolo con femminilit&agrave; e pepe quanto basta. Il tutto verr&agrave; mantecato aggiungendo, di volta in volta, una spolverata di umorismo e una grattugiata di improvvisazione per essere poi servito&hellip;con brio!<br \/><strong>Dal 14 novembre all&rsquo;1 dicembre 2013<\/strong><br \/><strong>AMARO CALAMARO SAPORE IGNARO<\/strong><br \/>Di Marcello Paesano<br \/>Con Marcello Paesano, Valeria Panepinto, Sara Spelta, Max Zanussi<br \/>&ldquo;Questa &egrave; la storia di un calamaro. Del calamaro. Che, mascherato da digestivo di fine pasto, si avventura nella pericolosa missione di compromettere la fraterna amicizia tra due vecchi compagni di banco. <br \/>E&rsquo; sera. Siamo in casa Sorrisini, dove si sta per consumare una sfarzosa cena a base di pesce e chiacchiere. Casa Sorrisini &egrave; ben arredata e accogliente. Casa Sorrisini &egrave; uno degli orgogli della padrona, Elena. <br \/>Come ospiti gli ancora non coniugi Riserva. La coppia Riserva pensa di sposarsi e non lo fa. Ragiona sul da farsi e poi trallall&agrave;. <br \/>La serata &egrave; organizzata ad HOC per festeggiare l&rsquo;entrata in commercio del nuovissimo e rivoluzionario &ldquo;Amaro Calamaro &ndash; Sapore ignaro&rdquo;, una casuale e fortunata invenzione del padrone di casa, Ettore. <br \/>Tutto &egrave; buono buonissimo. <br \/>Tutto &egrave; bello bellissimo. <br \/>Tutto &egrave; al loco giusto. <br \/>Ma qualcosa non quadra, comincia ad andare storto come un signore con una gamba pi&ugrave; corta dell&rsquo;altra. <br \/>E lo stesso tutto, lentamente, cade.&rdquo;<br \/><strong>Dal 5 al 15 dicembre 2013<\/strong><br \/><strong>IL CATALOGO<\/strong><br \/>Con Sabrina Crocco e Sandro Torella <br \/>Sinossi<br \/>Commedia del 1968, scritta dal francese Jean Claude Carri&egrave;re. Jean- Jacques &egrave; un Don Giovanni del nostro secolo, avvocato di successo di giorno, amante forsennato e un po&rsquo; malinconico di notte, che per ricordarsi i nomi e i volti delle sue spasimanti li annota in un catalogo. A incrinare il suo equilibrio &egrave; la visita inaspettata di Suzanne, donna contraddittoria, dall&rsquo;aria trasognata ma allo stesso tempo molto sensuale, che pretende (con successo) di stabilirsi a casa sua.<br \/><strong>Dal 2 al 12 gennaio 2014<\/strong><br \/><strong>POST PARTUM LUI<\/strong><br \/>Di Betta Cianchini<br \/>Con Andrea Lolli<br \/>Sinossi<br \/>La generazione degli &#8220;attuali pap&agrave;&#8221; &egrave; la prima generazione italiana in assoluto a confrontarsi con la nevrosi del &#8220;Post Partum&#8230; maschile&#8221;.<br \/>Oltre all&#8217;ansia da prestazione maschile &#8211; ormai dirottata soprattutto sul piano lavorativo &#8211; i neo-pap&agrave; soffrono di una sindrome da stress-post-partum. Tornano a casa, affaticati ed affranti e trovano una donna-con-capelli dritti-e-occhi-pallati-che-li-accoglie-con-un: &#8220;tieni&#8230; io devo lavorare e devo fare 100 cose!&#8221;. La erinni in ciabatte &#8220;ammolla&#8221; loro un frugoletto che nella migliore delle ipotesi dorme&#8230; ma nella pi&ugrave; plausibile delle ipotesi&#8230; &#8220;strilla&#8221;. Notti insonni, pannolini nauseabondi da &#8220;gestire&#8221;, niente sesso ed il peso mentale di essere; &#8220;quello che non sta a casa tutto il giorno con il bimbo&#8230; figurati, lavorare &egrave; riposarsi&#8230; al confronto&#8221;. Saranno le testimonianze dei tanti &#8220;giovani-pap&agrave; &#8221; intervistati a fare da base al racconto del protagonista. La cruda ed ironica visione maschile di una problematica che fino ad ora &egrave; stata solo ed esclusivamente appannaggio femminile. Nelle nostre case, quando il pap&agrave; tornava a casa, la mamma diceva: &#8220;ora piano, che pap&agrave; &egrave; stanco, ha lavorato tanto. Forza bimbi a cena e a letto&#8221;. Oggi quando torna a casa il pap&agrave; si trova un bimbo da gestire e&#8230; una &#8220;donna stanca e distrutta&#8221; che vorrebbe essere mamma, lavoratrice e donna e che forse &#8220;moglie&#8221; poco &egrave;&#8230;<br \/><strong>Dal 9 al 19 gennaio 2014<\/strong><br \/><strong>FANCULO IL PIL<\/strong><br \/>Di Sandro Torella<br \/>Con Sandro Torella<br \/>Sinossi<br \/>Per cercare di capire qualcosa nel mare magnum di dati e sigle economiche, un giovane docente &ldquo;di sicuro precario&rdquo; comincia a parlare ai suoi allievi di economia. Sandro Torella si cala nella parte di un professore bizzarro che da qualche anno impartisce lezioni di gruppo esplicative e divertenti allo stesso tempo. Un monologo sui temi caldi della nostra societ&agrave;. Una spiegazione essenziale che sembra un manuale per la sopravvivenza tra gli squali bancari, ma anche una riflessione sul valore del denaro e il nostro atteggiamento nei suoi confronti. Si comincia dal manuale di Varian per capire cosa intendiamo con economia e, in sostanza, anche per definire che cosa sia il PIL e si arriva a un&rsquo;interessante disquisizione sul signoraggio. Eppure non pensate alla scientificit&agrave; di Mydral o alla complessit&agrave; di un trattato di Solow, siamo lontani dall&rsquo;accademismo. Fanculo il PIL &egrave;, infatti, uno spettacolo interattivo tendenzialmente comico che mette alla berlina l&#8217;economia e la finanza tra comicit&agrave; e riflessioni. <br \/><strong>Dal 30 gennaio al 16 febbraio 2014<\/strong><br \/><strong>SOGNI PROIBITI<\/strong><br \/>Sinossi<br \/>Dopo il successo di &ldquo;Vietato ai Minori&rdquo;, torna al Teatro Duse la comicit&agrave; con &ldquo;Sogni Proibiti&rdquo;, una commedia dove l&rsquo;inquietudine nella vita quotidiana trascina una coppia verso un delirio di fantasie e risate, dove il proibito si confonde con la normalit&agrave; e i sogni pi&ugrave; profondi nella realt&agrave;. Ogni personaggio diventa una marionetta nelle mani sapienti della psiche profonda per uno spettacolo dove, come al solito, &egrave; VIETATO NON RIDERE!<br \/><strong>Dal 20 febbraio al 9 marzo 2014<\/strong><br \/><strong>CHI HA INCASTRATO ROMEO E GIULIETTA?<\/strong><br \/>Di Paolo Andreotti<br \/>Con Rita Gianini, Domenico Astone, Davide Santarpia, Gianfranco Fuggetta, <br \/>Luci Sandro Di Cello <br \/>Sinossi<br \/>&ldquo;Mentre nelle piazze della bella Verona, per antica ruggine, scoppia fra due famiglie di pari nobilt&agrave; una nuova rissa&rdquo;, Rosalina Capuleti, cugina della pi&ugrave; celebrata Giulietta, cerca di coronare, con un improbabile Montecchi di nome Valmonte, un sogno represso per 400 anni: vendicarsi di quella cugina che le ha rubato la scena e l&rsquo;immortalit&agrave;. <br \/>Non solo: vuole anche lei la sua storia d&rsquo;amore, seppur con una sottomarca di Montecchi, ma le sue aspirazioni sono frustrate dagli stessi motivi che impediscono ai noti cugini di convolare a giuste nozze. Allora, con la complicit&agrave; di Valmonte, inizia a tramare, coinvolgendo uno stralunato fra&rsquo; Lorenzo, affinch&eacute; la vicenda dei due amanti ufficiali raggiunga il lieto fine, diventando di fatto autrice indiretta e involontaria della famosa tragedia. La stessa vicenda dei protagonisti approda a un finale tragicomico quando Will (Shakespeare), che li ha sorvegliati per tutto il tempo, li fa eliminare da un sicario travestito da gendarme. <br \/>Prendendo spunto dall&rsquo;opera originale ed utilizzandone alcuni personaggi, la commedia, sospesa tra farsa, parodia e teatro dell&rsquo;assurdo, si sviluppa interamente all&rsquo;interno di una &ldquo;scannatoio&rdquo; in quarantena per la peste, nel quale troneggia un grande letto a baldacchino.<br \/><strong>Dal 13 al 30 marzo 2014<\/strong><br \/><strong>SHAKESPEARE 4EVER<\/strong><br \/>Di Luciano Bottaro<br \/>Sinossi<br \/>Quattro delle pi&ugrave; importanti opere del Bardo riviste secondo l&rsquo;occhio di uno strano autore che si pone delle domande ultime, quasi amletiche come: &rdquo;se il Moro di Venezia non fosse stato geloso ma avaro? e se la regina Cleopatra non fosse stata cos&igrave; nobile? Se Giulietta e Romeo divorziassero? e se alla fine non ci fosse pi&ugrave; tempo per rappresentare Amleto? Che cosa accadrebbe?&rdquo; lo scoprirete solo guardando questo spettacolo.<br \/><strong>Dal 10 al 20 aprile 2014<\/strong><br \/><strong>SONO TALMENTE PRECARIO CHE VADO DI MODA<\/strong><br \/>Di Betta Cianchini<br \/>Interpretato da Sandro Torella<br \/>Sinossi<br \/>Disarmato e disarmante. Il cervello di un &ldquo;giovane&rdquo; di oggi -estra- polato dallo status di Facebook&ndash; viene vivisezionato. La casistica lo mette in fila, lo esamina e poi lo ricicla. I media ne esagerano le abitudini, ne ignorano le attitudini. I genitori, (ex sessantottini) lo vorrebbero diverso. Anche lui &ldquo;si vorrebbe&rdquo; diverso. Ma da giovane esuberante si ritrova giovane in esubero. E la casistica incombe di nuovo e lui non ci sta. Un &ldquo;one young-boy show&rdquo;&hellip; un raccontarsi dal taglio ironico e sarcastico.<br \/><strong>Dall&rsquo;1 al 18 maggio 2014<\/strong><br \/><strong>TESTACCIO SPARA<\/strong><br \/>Di Massimo Mirani<br \/>Con Massimo Mirani, Sandro Torella, Aurora Kostova<br \/>Regia Sandro Torella<br \/>Luci e fonica Mauro Torella<br \/>Scene Teresa Caruso<br \/>Costumi Loredana Ivagnes <br \/>Sinossi<br \/>Un omaggio al poliziottesco anni 70. La vicenda si svolge in una sola giornata ed &egrave; ambientata in una periferia romana devastata dalla violenza e dall&rsquo;incuria. Una storia che nasce in quegli anni e trova il suo epilogo nei giorni d&rsquo;oggi, nell&rsquo;incontro tra i tre personaggi: Max (un vecchio attore ex terrorista), Walter (un giovane amante del cinema anni 70) e Katia (ex parrucchiera e donna di Max ai tempi del poliziottesco). <br \/>I tre si rincontrano in un&rsquo;atmosfera rarefatta, fuori tempo. Uno spettacolo teso in cui si ride e ci si commuove.<br \/><strong>Dal 22 maggio all&rsquo;1 giugno 2014<\/strong><br \/><strong>SPETTRI<\/strong><br \/>Di H. Ibsen<br \/>Con Anna Mazzantini, Aldo Rizzuti, Mauro Torella, Sara Lavinia Martino, Michelangelo Nangano<br \/>Regia Sandro Torella <br \/>Sinossi<br \/>E&rsquo; la storia di Helen Alving, da anni autoreclusa insieme alla giova- ne Regina sotto una campana di menzogne. A sconvolgerne la quotidianit&agrave; &egrave; l&rsquo;improvviso ritorno del figlio Osvald, allontanato da tempo e cresciuto come orfano, vittima di una malattia degenerativa. Questo ritorno impone alla madre la scelta tra silenzio e verit&agrave;. Gli spettri sono i fantasmi del passato che tornano a turbare il presente dei vivi.<\/p>\n","protected":false},"excerpt":{"rendered":"<p>Il Duse apre con la comicit\u00e0 e uno sguardo alla societ\u00e0 di oggi<\/p>\n<p>Incontro di presentazione<br \/>Gioved\u00ec 3 ottobre 2013 ore 17.00<br \/>Via Crema, 8 &#8211; Roma<br \/>Segue buffet<\/p>\n","protected":false},"author":10,"featured_media":0,"comment_status":"open","ping_status":"open","sticky":false,"template":"","format":"standard","meta":{"cybocfi_hide_featured_image":"","footnotes":""},"categories":[1467],"tags":[44940,44942,1468,44941],"class_list":["post-37044","post","type-post","status-publish","format-standard","hentry","category-teatro","tag-duse","tag-stagione-2013-2014","tag-teatro","tag-teatro-duse"],"yoast_head":"<!-- This site is optimized with the Yoast SEO plugin v27.0 - https:\/\/yoast.com\/product\/yoast-seo-wordpress\/ -->\n<title>Fari puntati sulla nuova stagione &#039;13\/&#039;14 del teatro Duse - Article Marketing<\/title>\n<meta name=\"robots\" content=\"index, follow, max-snippet:-1, max-image-preview:large, max-video-preview:-1\" \/>\n<link rel=\"canonical\" href=\"https:\/\/www.article-marketing.eu\/comunicati\/arte-e-cultura\/teatro\/fari-puntati-sulla-nuova-stagione-13-14-del-teatro-duse\/\" \/>\n<meta property=\"og:locale\" content=\"it_IT\" \/>\n<meta property=\"og:type\" content=\"article\" \/>\n<meta property=\"og:title\" content=\"Fari puntati sulla nuova stagione &#039;13\/&#039;14 del teatro Duse - Article Marketing\" \/>\n<meta property=\"og:description\" content=\"Il Duse apre con la comicit\u00e0 e uno sguardo alla societ\u00e0 di oggiIncontro di presentazioneGioved\u00ec 3 ottobre 2013 ore 17.00Via Crema, 8 - RomaSegue buffet\" \/>\n<meta property=\"og:url\" content=\"https:\/\/www.article-marketing.eu\/comunicati\/arte-e-cultura\/teatro\/fari-puntati-sulla-nuova-stagione-13-14-del-teatro-duse\/\" \/>\n<meta property=\"og:site_name\" content=\"Article Marketing\" \/>\n<meta property=\"article:published_time\" content=\"2013-09-26T06:01:45+00:00\" \/>\n<meta property=\"og:image\" content=\"\" \/>\n<meta name=\"author\" content=\"Redazione Comunicati Stampa\" \/>\n<meta name=\"twitter:card\" content=\"summary_large_image\" \/>\n<meta name=\"twitter:label1\" content=\"Scritto da\" \/>\n\t<meta name=\"twitter:data1\" content=\"Redazione Comunicati Stampa\" \/>\n\t<meta name=\"twitter:label2\" content=\"Tempo di lettura stimato\" \/>\n\t<meta name=\"twitter:data2\" content=\"20 minuti\" \/>\n<script type=\"application\/ld+json\" class=\"yoast-schema-graph\">{\"@context\":\"https:\/\/schema.org\",\"@graph\":[{\"@type\":\"Article\",\"@id\":\"https:\/\/www.article-marketing.eu\/comunicati\/arte-e-cultura\/teatro\/fari-puntati-sulla-nuova-stagione-13-14-del-teatro-duse\/#article\",\"isPartOf\":{\"@id\":\"https:\/\/www.article-marketing.eu\/comunicati\/arte-e-cultura\/teatro\/fari-puntati-sulla-nuova-stagione-13-14-del-teatro-duse\/\"},\"author\":{\"name\":\"Redazione Comunicati Stampa\",\"@id\":\"https:\/\/www.article-marketing.eu\/comunicati\/#\/schema\/person\/44372e4d4d0fa797b18e03ed1ace9017\"},\"headline\":\"Fari puntati sulla nuova stagione &#8217;13\/&#8217;14 del teatro Duse\",\"datePublished\":\"2013-09-26T06:01:45+00:00\",\"mainEntityOfPage\":{\"@id\":\"https:\/\/www.article-marketing.eu\/comunicati\/arte-e-cultura\/teatro\/fari-puntati-sulla-nuova-stagione-13-14-del-teatro-duse\/\"},\"wordCount\":3977,\"commentCount\":0,\"image\":{\"@id\":\"https:\/\/www.article-marketing.eu\/comunicati\/arte-e-cultura\/teatro\/fari-puntati-sulla-nuova-stagione-13-14-del-teatro-duse\/#primaryimage\"},\"thumbnailUrl\":\"file:\/\/\/C:\/Users\/claudia\/AppData\/Local\/Temp\/msohtmlclip1\/01\/clip_image002.gif\",\"keywords\":[\"Duse\",\"Stagione 2013\/2014\",\"teatro\",\"Teatro Duse\"],\"articleSection\":[\"Teatro\"],\"inLanguage\":\"it-IT\",\"potentialAction\":[{\"@type\":\"CommentAction\",\"name\":\"Comment\",\"target\":[\"https:\/\/www.article-marketing.eu\/comunicati\/arte-e-cultura\/teatro\/fari-puntati-sulla-nuova-stagione-13-14-del-teatro-duse\/#respond\"]}]},{\"@type\":\"WebPage\",\"@id\":\"https:\/\/www.article-marketing.eu\/comunicati\/arte-e-cultura\/teatro\/fari-puntati-sulla-nuova-stagione-13-14-del-teatro-duse\/\",\"url\":\"https:\/\/www.article-marketing.eu\/comunicati\/arte-e-cultura\/teatro\/fari-puntati-sulla-nuova-stagione-13-14-del-teatro-duse\/\",\"name\":\"Fari puntati sulla nuova stagione '13\/'14 del teatro Duse - Article Marketing\",\"isPartOf\":{\"@id\":\"https:\/\/www.article-marketing.eu\/comunicati\/#website\"},\"primaryImageOfPage\":{\"@id\":\"https:\/\/www.article-marketing.eu\/comunicati\/arte-e-cultura\/teatro\/fari-puntati-sulla-nuova-stagione-13-14-del-teatro-duse\/#primaryimage\"},\"image\":{\"@id\":\"https:\/\/www.article-marketing.eu\/comunicati\/arte-e-cultura\/teatro\/fari-puntati-sulla-nuova-stagione-13-14-del-teatro-duse\/#primaryimage\"},\"thumbnailUrl\":\"file:\/\/\/C:\/Users\/claudia\/AppData\/Local\/Temp\/msohtmlclip1\/01\/clip_image002.gif\",\"datePublished\":\"2013-09-26T06:01:45+00:00\",\"author\":{\"@id\":\"https:\/\/www.article-marketing.eu\/comunicati\/#\/schema\/person\/44372e4d4d0fa797b18e03ed1ace9017\"},\"breadcrumb\":{\"@id\":\"https:\/\/www.article-marketing.eu\/comunicati\/arte-e-cultura\/teatro\/fari-puntati-sulla-nuova-stagione-13-14-del-teatro-duse\/#breadcrumb\"},\"inLanguage\":\"it-IT\",\"potentialAction\":[{\"@type\":\"ReadAction\",\"target\":[\"https:\/\/www.article-marketing.eu\/comunicati\/arte-e-cultura\/teatro\/fari-puntati-sulla-nuova-stagione-13-14-del-teatro-duse\/\"]}]},{\"@type\":\"ImageObject\",\"inLanguage\":\"it-IT\",\"@id\":\"https:\/\/www.article-marketing.eu\/comunicati\/arte-e-cultura\/teatro\/fari-puntati-sulla-nuova-stagione-13-14-del-teatro-duse\/#primaryimage\",\"url\":\"file:\/\/\/C:\/Users\/claudia\/AppData\/Local\/Temp\/msohtmlclip1\/01\/clip_image002.gif\",\"contentUrl\":\"file:\/\/\/C:\/Users\/claudia\/AppData\/Local\/Temp\/msohtmlclip1\/01\/clip_image002.gif\"},{\"@type\":\"BreadcrumbList\",\"@id\":\"https:\/\/www.article-marketing.eu\/comunicati\/arte-e-cultura\/teatro\/fari-puntati-sulla-nuova-stagione-13-14-del-teatro-duse\/#breadcrumb\",\"itemListElement\":[{\"@type\":\"ListItem\",\"position\":1,\"name\":\"Home\",\"item\":\"https:\/\/www.article-marketing.eu\/comunicati\/\"},{\"@type\":\"ListItem\",\"position\":2,\"name\":\"Fari puntati sulla nuova stagione &#8217;13\/&#8217;14 del teatro Duse\"}]},{\"@type\":\"WebSite\",\"@id\":\"https:\/\/www.article-marketing.eu\/comunicati\/#website\",\"url\":\"https:\/\/www.article-marketing.eu\/comunicati\/\",\"name\":\"Article Marketing\",\"description\":\"article marketing &amp; press release\",\"potentialAction\":[{\"@type\":\"SearchAction\",\"target\":{\"@type\":\"EntryPoint\",\"urlTemplate\":\"https:\/\/www.article-marketing.eu\/comunicati\/?s={search_term_string}\"},\"query-input\":{\"@type\":\"PropertyValueSpecification\",\"valueRequired\":true,\"valueName\":\"search_term_string\"}}],\"inLanguage\":\"it-IT\"},{\"@type\":\"Person\",\"@id\":\"https:\/\/www.article-marketing.eu\/comunicati\/#\/schema\/person\/44372e4d4d0fa797b18e03ed1ace9017\",\"name\":\"Redazione Comunicati Stampa\",\"image\":{\"@type\":\"ImageObject\",\"inLanguage\":\"it-IT\",\"@id\":\"https:\/\/www.article-marketing.eu\/comunicati\/#\/schema\/person\/image\/\",\"url\":\"https:\/\/secure.gravatar.com\/avatar\/50e5c6421d3072f42e7ace803501602c60d75233d34e29fd05feb91c8760b792?s=96&d=mm&r=g\",\"contentUrl\":\"https:\/\/secure.gravatar.com\/avatar\/50e5c6421d3072f42e7ace803501602c60d75233d34e29fd05feb91c8760b792?s=96&d=mm&r=g\",\"caption\":\"Redazione Comunicati Stampa\"},\"url\":\"https:\/\/www.article-marketing.eu\/comunicati\/author\/redazione-comunicati-stampa\/\"}]}<\/script>\n<!-- \/ Yoast SEO plugin. -->","yoast_head_json":{"title":"Fari puntati sulla nuova stagione '13\/'14 del teatro Duse - Article Marketing","robots":{"index":"index","follow":"follow","max-snippet":"max-snippet:-1","max-image-preview":"max-image-preview:large","max-video-preview":"max-video-preview:-1"},"canonical":"https:\/\/www.article-marketing.eu\/comunicati\/arte-e-cultura\/teatro\/fari-puntati-sulla-nuova-stagione-13-14-del-teatro-duse\/","og_locale":"it_IT","og_type":"article","og_title":"Fari puntati sulla nuova stagione '13\/'14 del teatro Duse - Article Marketing","og_description":"Il Duse apre con la comicit\u00e0 e uno sguardo alla societ\u00e0 di oggiIncontro di presentazioneGioved\u00ec 3 ottobre 2013 ore 17.00Via Crema, 8 - RomaSegue buffet","og_url":"https:\/\/www.article-marketing.eu\/comunicati\/arte-e-cultura\/teatro\/fari-puntati-sulla-nuova-stagione-13-14-del-teatro-duse\/","og_site_name":"Article Marketing","article_published_time":"2013-09-26T06:01:45+00:00","og_image":[{"url":"file:\/\/\/C:\/Users\/claudia\/AppData\/Local\/Temp\/msohtmlclip1\/01\/clip_image002.gif","type":"","width":"","height":""}],"author":"Redazione Comunicati Stampa","twitter_card":"summary_large_image","twitter_misc":{"Scritto da":"Redazione Comunicati Stampa","Tempo di lettura stimato":"20 minuti"},"schema":{"@context":"https:\/\/schema.org","@graph":[{"@type":"Article","@id":"https:\/\/www.article-marketing.eu\/comunicati\/arte-e-cultura\/teatro\/fari-puntati-sulla-nuova-stagione-13-14-del-teatro-duse\/#article","isPartOf":{"@id":"https:\/\/www.article-marketing.eu\/comunicati\/arte-e-cultura\/teatro\/fari-puntati-sulla-nuova-stagione-13-14-del-teatro-duse\/"},"author":{"name":"Redazione Comunicati Stampa","@id":"https:\/\/www.article-marketing.eu\/comunicati\/#\/schema\/person\/44372e4d4d0fa797b18e03ed1ace9017"},"headline":"Fari puntati sulla nuova stagione &#8217;13\/&#8217;14 del teatro Duse","datePublished":"2013-09-26T06:01:45+00:00","mainEntityOfPage":{"@id":"https:\/\/www.article-marketing.eu\/comunicati\/arte-e-cultura\/teatro\/fari-puntati-sulla-nuova-stagione-13-14-del-teatro-duse\/"},"wordCount":3977,"commentCount":0,"image":{"@id":"https:\/\/www.article-marketing.eu\/comunicati\/arte-e-cultura\/teatro\/fari-puntati-sulla-nuova-stagione-13-14-del-teatro-duse\/#primaryimage"},"thumbnailUrl":"file:\/\/\/C:\/Users\/claudia\/AppData\/Local\/Temp\/msohtmlclip1\/01\/clip_image002.gif","keywords":["Duse","Stagione 2013\/2014","teatro","Teatro Duse"],"articleSection":["Teatro"],"inLanguage":"it-IT","potentialAction":[{"@type":"CommentAction","name":"Comment","target":["https:\/\/www.article-marketing.eu\/comunicati\/arte-e-cultura\/teatro\/fari-puntati-sulla-nuova-stagione-13-14-del-teatro-duse\/#respond"]}]},{"@type":"WebPage","@id":"https:\/\/www.article-marketing.eu\/comunicati\/arte-e-cultura\/teatro\/fari-puntati-sulla-nuova-stagione-13-14-del-teatro-duse\/","url":"https:\/\/www.article-marketing.eu\/comunicati\/arte-e-cultura\/teatro\/fari-puntati-sulla-nuova-stagione-13-14-del-teatro-duse\/","name":"Fari puntati sulla nuova stagione '13\/'14 del teatro Duse - Article Marketing","isPartOf":{"@id":"https:\/\/www.article-marketing.eu\/comunicati\/#website"},"primaryImageOfPage":{"@id":"https:\/\/www.article-marketing.eu\/comunicati\/arte-e-cultura\/teatro\/fari-puntati-sulla-nuova-stagione-13-14-del-teatro-duse\/#primaryimage"},"image":{"@id":"https:\/\/www.article-marketing.eu\/comunicati\/arte-e-cultura\/teatro\/fari-puntati-sulla-nuova-stagione-13-14-del-teatro-duse\/#primaryimage"},"thumbnailUrl":"file:\/\/\/C:\/Users\/claudia\/AppData\/Local\/Temp\/msohtmlclip1\/01\/clip_image002.gif","datePublished":"2013-09-26T06:01:45+00:00","author":{"@id":"https:\/\/www.article-marketing.eu\/comunicati\/#\/schema\/person\/44372e4d4d0fa797b18e03ed1ace9017"},"breadcrumb":{"@id":"https:\/\/www.article-marketing.eu\/comunicati\/arte-e-cultura\/teatro\/fari-puntati-sulla-nuova-stagione-13-14-del-teatro-duse\/#breadcrumb"},"inLanguage":"it-IT","potentialAction":[{"@type":"ReadAction","target":["https:\/\/www.article-marketing.eu\/comunicati\/arte-e-cultura\/teatro\/fari-puntati-sulla-nuova-stagione-13-14-del-teatro-duse\/"]}]},{"@type":"ImageObject","inLanguage":"it-IT","@id":"https:\/\/www.article-marketing.eu\/comunicati\/arte-e-cultura\/teatro\/fari-puntati-sulla-nuova-stagione-13-14-del-teatro-duse\/#primaryimage","url":"file:\/\/\/C:\/Users\/claudia\/AppData\/Local\/Temp\/msohtmlclip1\/01\/clip_image002.gif","contentUrl":"file:\/\/\/C:\/Users\/claudia\/AppData\/Local\/Temp\/msohtmlclip1\/01\/clip_image002.gif"},{"@type":"BreadcrumbList","@id":"https:\/\/www.article-marketing.eu\/comunicati\/arte-e-cultura\/teatro\/fari-puntati-sulla-nuova-stagione-13-14-del-teatro-duse\/#breadcrumb","itemListElement":[{"@type":"ListItem","position":1,"name":"Home","item":"https:\/\/www.article-marketing.eu\/comunicati\/"},{"@type":"ListItem","position":2,"name":"Fari puntati sulla nuova stagione &#8217;13\/&#8217;14 del teatro Duse"}]},{"@type":"WebSite","@id":"https:\/\/www.article-marketing.eu\/comunicati\/#website","url":"https:\/\/www.article-marketing.eu\/comunicati\/","name":"Article Marketing","description":"article marketing &amp; press release","potentialAction":[{"@type":"SearchAction","target":{"@type":"EntryPoint","urlTemplate":"https:\/\/www.article-marketing.eu\/comunicati\/?s={search_term_string}"},"query-input":{"@type":"PropertyValueSpecification","valueRequired":true,"valueName":"search_term_string"}}],"inLanguage":"it-IT"},{"@type":"Person","@id":"https:\/\/www.article-marketing.eu\/comunicati\/#\/schema\/person\/44372e4d4d0fa797b18e03ed1ace9017","name":"Redazione Comunicati Stampa","image":{"@type":"ImageObject","inLanguage":"it-IT","@id":"https:\/\/www.article-marketing.eu\/comunicati\/#\/schema\/person\/image\/","url":"https:\/\/secure.gravatar.com\/avatar\/50e5c6421d3072f42e7ace803501602c60d75233d34e29fd05feb91c8760b792?s=96&d=mm&r=g","contentUrl":"https:\/\/secure.gravatar.com\/avatar\/50e5c6421d3072f42e7ace803501602c60d75233d34e29fd05feb91c8760b792?s=96&d=mm&r=g","caption":"Redazione Comunicati Stampa"},"url":"https:\/\/www.article-marketing.eu\/comunicati\/author\/redazione-comunicati-stampa\/"}]}},"_links":{"self":[{"href":"https:\/\/www.article-marketing.eu\/comunicati\/wp-json\/wp\/v2\/posts\/37044","targetHints":{"allow":["GET"]}}],"collection":[{"href":"https:\/\/www.article-marketing.eu\/comunicati\/wp-json\/wp\/v2\/posts"}],"about":[{"href":"https:\/\/www.article-marketing.eu\/comunicati\/wp-json\/wp\/v2\/types\/post"}],"author":[{"embeddable":true,"href":"https:\/\/www.article-marketing.eu\/comunicati\/wp-json\/wp\/v2\/users\/10"}],"replies":[{"embeddable":true,"href":"https:\/\/www.article-marketing.eu\/comunicati\/wp-json\/wp\/v2\/comments?post=37044"}],"version-history":[{"count":0,"href":"https:\/\/www.article-marketing.eu\/comunicati\/wp-json\/wp\/v2\/posts\/37044\/revisions"}],"wp:attachment":[{"href":"https:\/\/www.article-marketing.eu\/comunicati\/wp-json\/wp\/v2\/media?parent=37044"}],"wp:term":[{"taxonomy":"category","embeddable":true,"href":"https:\/\/www.article-marketing.eu\/comunicati\/wp-json\/wp\/v2\/categories?post=37044"},{"taxonomy":"post_tag","embeddable":true,"href":"https:\/\/www.article-marketing.eu\/comunicati\/wp-json\/wp\/v2\/tags?post=37044"}],"curies":[{"name":"wp","href":"https:\/\/api.w.org\/{rel}","templated":true}]}}