{"id":37268,"date":"2013-10-08T23:29:43","date_gmt":"2013-10-08T21:29:43","guid":{"rendered":"http:\/\/www.article-marketing.eu\/comunicati\/senza-categoria\/ottobre-al-via-la-seconda-tappa-del-progetto-faber4art\/"},"modified":"2013-10-08T23:29:43","modified_gmt":"2013-10-08T21:29:43","slug":"ottobre-al-via-la-seconda-tappa-del-progetto-faber4art","status":"publish","type":"post","link":"https:\/\/www.article-marketing.eu\/comunicati\/arte-e-cultura\/ottobre-al-via-la-seconda-tappa-del-progetto-faber4art\/","title":{"rendered":"OTTOBRE: AL VIA LA SECONDA TAPPA DEL PROGETTO FABER4ART"},"content":{"rendered":"<p>Ogni segno nasce da un tratto di matita: questo &egrave; il concept che ha ispirato il progetto <strong style=\"mso-bidi-font-weight: normal;\">FABER<\/strong><strong style=\"mso-bidi-font-weight: normal;\">4ART<\/strong>, ideato e sviluppato da <strong style=\"mso-bidi-font-weight: normal;\">Faber-Castell<\/strong>: un&rsquo;iniziativa nata per accreditare sempre pi&ugrave; la partecipazione e l&rsquo;attenzione del brand tedesco nei confronti del mondo artistico. L&rsquo;obiettivo &egrave; meritevole: essere talent scout di artisti d&rsquo;arte contemporanea cui viene data l&rsquo;opportunit&agrave; di avere grande visibilit&agrave; attraverso le pi&ugrave; importanti vetrine di specialisti di belle arti.<\/p>\n<p>Iniziato lo scorso mese di giugno, &egrave; giunto ora alla seconda tappa che si protrarr&agrave; per tutto ottobre. Di seguito il dettaglio della dislocazione delle opere dei diversi artisti selezionali:<\/p>\n<ul style=\"margin-top: 0cm;\" type=\"disc\"><\/p>\n<li class=\"MsoNormal\" style=\"mso-pagination: none; mso-list: l0 level1 lfo2; mso-layout-grid-align: none; text-autospace: none;\"><strong style=\"mso-bidi-font-weight: normal;\">PELLEGRINI<\/strong> (Milano, via Brera 16) sta ospitando le opere di <strong style=\"mso-bidi-font-weight: normal;\">ELENA MONACO<\/strong>,<\/li>\n<p><\/p>\n<li class=\"MsoNormal\" style=\"mso-pagination: none; mso-list: l0 level1 lfo2; mso-layout-grid-align: none; text-autospace: none;\"><strong style=\"mso-bidi-font-weight: normal;\">BARSOTTI<\/strong> (Carrara, via Verdi 6\/a) espone i lavori di <strong style=\"mso-bidi-font-weight: normal;\">CRISTINA IOTTI<\/strong>,<\/li>\n<p><\/p>\n<li class=\"MsoNormal\" style=\"mso-pagination: none; mso-list: l0 level1 lfo2; mso-layout-grid-align: none; text-autospace: none;\"><strong style=\"mso-bidi-font-weight: normal;\">POGGI<\/strong> (Roma, via del Ges&ugrave; 74) ha in vetrina le opere di <strong style=\"mso-bidi-font-weight: normal;\">MARCO MAZZONI<\/strong>,<\/li>\n<p><\/p>\n<li class=\"MsoNormal\" style=\"mso-pagination: none; mso-list: l0 level1 lfo2; mso-layout-grid-align: none; text-autospace: none;\"><strong style=\"mso-bidi-font-weight: normal;\">COLORI <\/strong><strong style=\"mso-bidi-font-weight: normal;\">ACCADEMIA<\/strong> (Torino, via Accademia Albertina 3 bis) ospita i quadri di <strong style=\"mso-bidi-font-weight: normal;\">ANTONIO BENCICH<\/strong>,<\/li>\n<p><\/p>\n<li class=\"MsoNormal\" style=\"text-align: justify; mso-list: l0 level1 lfo2;\"><strong style=\"mso-bidi-font-weight: normal;\">BAZAR DEL <\/strong><strong style=\"mso-bidi-font-weight: normal;\">PITTORE<\/strong> (Bologna, via Belle Arti 26\/B) espone i lavori di <strong style=\"mso-bidi-font-weight: normal;\">DIAVU&rsquo; e i QU4TTRO.<\/strong><\/li>\n<p><\/ul>\n<p><strong style=\"mso-bidi-font-weight: normal;\"> <\/strong><br \/>Qualche informazione relativa agli artisti selezionati:<\/p>\n<ul style=\"margin-top: 0cm;\" type=\"disc\"><\/p>\n<li class=\"MsoNormal\" style=\"text-align: justify; mso-list: l1 level1 lfo1;\"><strong style=\"mso-bidi-font-weight: normal;\">Antonio Bencich<\/strong> &ndash; tecnica: matite grafite Grip 2001 e matite colorate. L&rsquo;appassionato collezionista che dipinge matite variopinte: questi oggetti di uso quotidiano acquisiscono un forte significato simbolico rappresentando gli elementi basilari della vita, quali la famiglia, le metropoli, la societ&agrave; che ci circonda.<\/li>\n<p><\/p>\n<li class=\"MsoNormal\" style=\"text-align: justify; mso-list: l1 level1 lfo1;\"><strong style=\"mso-bidi-font-weight: normal;\">Elena Monaco<\/strong> &ndash; tecnica: matite di grafite Castell 9000 e gomma. Usa di preferenza il bianco ed il nero e la sua tematica &egrave; fondamentalmente incentrata sulla rappresentazione del corpo umano come simbolo di una interiorit&agrave; emotiva creata dai limiti,dai confini e dalle schiavit&ugrave; che nascono dalla contrapposizione tra il &ldquo;s&eacute;&rdquo; ed il mondo esterno.<\/li>\n<p><\/p>\n<li class=\"MsoNormal\" style=\"margin-right: -.05pt; text-align: justify; mso-pagination: none; mso-list: l1 level1 lfo1; mso-layout-grid-align: none; text-autospace: none;\"><strong style=\"mso-bidi-font-weight: normal;\">Qu4ttro<\/strong> &ndash; Alberto Corradi, Diav&ugrave;, Massimo Giacon, Ale Giorgini &ndash; tecnica: Pitt Artist Pen. Cartoonist e illustratori, la loro pittura &egrave; una stratificazione di richiami estetici alla cultura urbana, al graffitismo, al fumetto e alla Pop Art, metabolizzati e reinterpretati con uno stile originalissimo e personale, tra pop ed espressionismo. Il loro &egrave; un segno forte che racconta il nostro immaginario contemporaneo e che fonde diversi linguaggi estetici, dal realismo al materico, dalla grafica al cartoon, scavalcando stili e tendenze.<\/li>\n<p><\/p>\n<li class=\"MsoNormal\" style=\"text-align: justify; mso-list: l1 level1 lfo1;\"><strong style=\"mso-bidi-font-weight: normal;\">Marco Mazzoni<\/strong> &ndash; tecnica: matite colorate Polychromos. I suoi disegni sono un intreccio di mondi: flora, fauna e tradizione popolare italiana, e le donne spesso al centro del suo lavoro. L&#8217;artista non disegna mai gli occhi del soggetto, in modo che lo spettatore non veda l&#8217;opera come un ritratto, ma come una natura morta, una composizione in cui tutti gli elementi hanno eguale importanza. Mazzoni, tecnicamente geniale, realizza, a matita colorata, complessi chiaroscuri sovrapponendo luce e buio, per creare un bagliore intenso e profondo.<\/li>\n<p><\/ul>\n<p><strong style=\"mso-bidi-font-weight: normal;\"> <\/strong><\/p>\n<ul style=\"margin-top: 0cm;\" type=\"disc\"><\/p>\n<li class=\"MsoNormal\" style=\"text-align: justify; mso-list: l1 level1 lfo1;\"><strong style=\"mso-bidi-font-weight: normal;\">Cristina Iotti<\/strong> &ndash; tecnica: matita di grafite Castell 9000 e matite colorate Polychromos. Perizia tecnica e sensibilit&agrave; artistica si uniscono per creare lavori dove il dettaglio diventa elemento dominante. Primi piani di teste e volti prendono vita: l&rsquo;effetto realistico risulta intenso, quasi spiazzante.<\/li>\n<p><\/ul>\n<p><em style=\"mso-bidi-font-style: normal;\"> <\/em><br \/>Il coinvolgimento di artisti specializzati in particolare tecniche d&agrave; la possibilit&agrave; all&rsquo;azienda di mostrare come il prodotto pu&ograve; essere utilizzato, attraverso il risultato ottenuto &ndash; che &egrave; appunto l&rsquo;opera esposta &#8211; ma anche con l&rsquo;interazione diretta con l&rsquo;artista che, quando presente nel punto vendita, pu&ograve; raccontare ai visitatori la sua esperienza.<br \/>Il progetto si concluder&agrave; nella primavera del 2014.<br \/><em style=\"mso-bidi-font-style: normal;\"> <\/em><br \/><em style=\"mso-bidi-font-style: normal;\"> <\/em><\/p>\n","protected":false},"excerpt":{"rendered":"<p>Ogni segno nasce da un tratto di matita: questo \u00e8 il concept che ha ispirato il progetto FABER4ART, ideato e sviluppato da Faber-Castell: un\u2019iniziativa nata per accreditare sempre pi\u00f9 la partecipazione e l\u2019attenzione del brand tedesco nei confronti del mondo artistico. L\u2019obiettivo \u00e8 meritevole: essere talent scout di artisti d\u2019arte contemporanea cui viene data l\u2019opportunit\u00e0 di avere grande visibilit\u00e0 attraverso le pi\u00f9 importanti vetrine di specialisti di belle arti<\/p>\n","protected":false},"author":10,"featured_media":0,"comment_status":"open","ping_status":"open","sticky":false,"template":"","format":"standard","meta":{"cybocfi_hide_featured_image":"","footnotes":""},"categories":[27],"tags":[2925,41103,45057,45058],"class_list":["post-37268","post","type-post","status-publish","format-standard","hentry","category-arte-e-cultura","tag-artisti","tag-faber-castell","tag-faber4art","tag-talent-scout"],"yoast_head":"<!-- This site is optimized with the Yoast SEO plugin v27.0 - https:\/\/yoast.com\/product\/yoast-seo-wordpress\/ -->\n<title>OTTOBRE: AL VIA LA SECONDA TAPPA DEL PROGETTO FABER4ART - Article Marketing<\/title>\n<meta name=\"robots\" content=\"index, follow, max-snippet:-1, max-image-preview:large, max-video-preview:-1\" \/>\n<link rel=\"canonical\" href=\"https:\/\/www.article-marketing.eu\/comunicati\/arte-e-cultura\/ottobre-al-via-la-seconda-tappa-del-progetto-faber4art\/\" \/>\n<meta property=\"og:locale\" content=\"it_IT\" \/>\n<meta property=\"og:type\" content=\"article\" \/>\n<meta property=\"og:title\" content=\"OTTOBRE: AL VIA LA SECONDA TAPPA DEL PROGETTO FABER4ART - Article Marketing\" \/>\n<meta property=\"og:description\" content=\"Ogni segno nasce da un tratto di matita: questo \u00e8 il concept che ha ispirato il progetto FABER4ART, ideato e sviluppato da Faber-Castell: un\u2019iniziativa nata per accreditare sempre pi\u00f9 la partecipazione e l\u2019attenzione del brand tedesco nei confronti del mondo artistico. L\u2019obiettivo \u00e8 meritevole: essere talent scout di artisti d\u2019arte contemporanea cui viene data l\u2019opportunit\u00e0 di avere grande visibilit\u00e0 attraverso le pi\u00f9 importanti vetrine di specialisti di belle arti\" \/>\n<meta property=\"og:url\" content=\"https:\/\/www.article-marketing.eu\/comunicati\/arte-e-cultura\/ottobre-al-via-la-seconda-tappa-del-progetto-faber4art\/\" \/>\n<meta property=\"og:site_name\" content=\"Article Marketing\" \/>\n<meta property=\"article:published_time\" content=\"2013-10-08T21:29:43+00:00\" \/>\n<meta name=\"author\" content=\"Redazione Comunicati Stampa\" \/>\n<meta name=\"twitter:card\" content=\"summary_large_image\" \/>\n<meta name=\"twitter:label1\" content=\"Scritto da\" \/>\n\t<meta name=\"twitter:data1\" content=\"Redazione Comunicati Stampa\" \/>\n\t<meta name=\"twitter:label2\" content=\"Tempo di lettura stimato\" \/>\n\t<meta name=\"twitter:data2\" content=\"3 minuti\" \/>\n<script type=\"application\/ld+json\" class=\"yoast-schema-graph\">{\"@context\":\"https:\/\/schema.org\",\"@graph\":[{\"@type\":\"Article\",\"@id\":\"https:\/\/www.article-marketing.eu\/comunicati\/arte-e-cultura\/ottobre-al-via-la-seconda-tappa-del-progetto-faber4art\/#article\",\"isPartOf\":{\"@id\":\"https:\/\/www.article-marketing.eu\/comunicati\/arte-e-cultura\/ottobre-al-via-la-seconda-tappa-del-progetto-faber4art\/\"},\"author\":{\"name\":\"Redazione Comunicati Stampa\",\"@id\":\"https:\/\/www.article-marketing.eu\/comunicati\/#\/schema\/person\/44372e4d4d0fa797b18e03ed1ace9017\"},\"headline\":\"OTTOBRE: AL VIA LA SECONDA TAPPA DEL PROGETTO FABER4ART\",\"datePublished\":\"2013-10-08T21:29:43+00:00\",\"mainEntityOfPage\":{\"@id\":\"https:\/\/www.article-marketing.eu\/comunicati\/arte-e-cultura\/ottobre-al-via-la-seconda-tappa-del-progetto-faber4art\/\"},\"wordCount\":585,\"commentCount\":0,\"keywords\":[\"artisti\",\"Faber-Castell\",\"Faber4art\",\"talent scout\"],\"articleSection\":[\"Arte e cultura\"],\"inLanguage\":\"it-IT\",\"potentialAction\":[{\"@type\":\"CommentAction\",\"name\":\"Comment\",\"target\":[\"https:\/\/www.article-marketing.eu\/comunicati\/arte-e-cultura\/ottobre-al-via-la-seconda-tappa-del-progetto-faber4art\/#respond\"]}]},{\"@type\":\"WebPage\",\"@id\":\"https:\/\/www.article-marketing.eu\/comunicati\/arte-e-cultura\/ottobre-al-via-la-seconda-tappa-del-progetto-faber4art\/\",\"url\":\"https:\/\/www.article-marketing.eu\/comunicati\/arte-e-cultura\/ottobre-al-via-la-seconda-tappa-del-progetto-faber4art\/\",\"name\":\"OTTOBRE: AL VIA LA SECONDA TAPPA DEL PROGETTO FABER4ART - Article Marketing\",\"isPartOf\":{\"@id\":\"https:\/\/www.article-marketing.eu\/comunicati\/#website\"},\"datePublished\":\"2013-10-08T21:29:43+00:00\",\"author\":{\"@id\":\"https:\/\/www.article-marketing.eu\/comunicati\/#\/schema\/person\/44372e4d4d0fa797b18e03ed1ace9017\"},\"breadcrumb\":{\"@id\":\"https:\/\/www.article-marketing.eu\/comunicati\/arte-e-cultura\/ottobre-al-via-la-seconda-tappa-del-progetto-faber4art\/#breadcrumb\"},\"inLanguage\":\"it-IT\",\"potentialAction\":[{\"@type\":\"ReadAction\",\"target\":[\"https:\/\/www.article-marketing.eu\/comunicati\/arte-e-cultura\/ottobre-al-via-la-seconda-tappa-del-progetto-faber4art\/\"]}]},{\"@type\":\"BreadcrumbList\",\"@id\":\"https:\/\/www.article-marketing.eu\/comunicati\/arte-e-cultura\/ottobre-al-via-la-seconda-tappa-del-progetto-faber4art\/#breadcrumb\",\"itemListElement\":[{\"@type\":\"ListItem\",\"position\":1,\"name\":\"Home\",\"item\":\"https:\/\/www.article-marketing.eu\/comunicati\/\"},{\"@type\":\"ListItem\",\"position\":2,\"name\":\"OTTOBRE: AL VIA LA SECONDA TAPPA DEL PROGETTO FABER4ART\"}]},{\"@type\":\"WebSite\",\"@id\":\"https:\/\/www.article-marketing.eu\/comunicati\/#website\",\"url\":\"https:\/\/www.article-marketing.eu\/comunicati\/\",\"name\":\"Article Marketing\",\"description\":\"article marketing &amp; press release\",\"potentialAction\":[{\"@type\":\"SearchAction\",\"target\":{\"@type\":\"EntryPoint\",\"urlTemplate\":\"https:\/\/www.article-marketing.eu\/comunicati\/?s={search_term_string}\"},\"query-input\":{\"@type\":\"PropertyValueSpecification\",\"valueRequired\":true,\"valueName\":\"search_term_string\"}}],\"inLanguage\":\"it-IT\"},{\"@type\":\"Person\",\"@id\":\"https:\/\/www.article-marketing.eu\/comunicati\/#\/schema\/person\/44372e4d4d0fa797b18e03ed1ace9017\",\"name\":\"Redazione Comunicati Stampa\",\"image\":{\"@type\":\"ImageObject\",\"inLanguage\":\"it-IT\",\"@id\":\"https:\/\/www.article-marketing.eu\/comunicati\/#\/schema\/person\/image\/\",\"url\":\"https:\/\/secure.gravatar.com\/avatar\/50e5c6421d3072f42e7ace803501602c60d75233d34e29fd05feb91c8760b792?s=96&d=mm&r=g\",\"contentUrl\":\"https:\/\/secure.gravatar.com\/avatar\/50e5c6421d3072f42e7ace803501602c60d75233d34e29fd05feb91c8760b792?s=96&d=mm&r=g\",\"caption\":\"Redazione Comunicati Stampa\"},\"url\":\"https:\/\/www.article-marketing.eu\/comunicati\/author\/redazione-comunicati-stampa\/\"}]}<\/script>\n<!-- \/ Yoast SEO plugin. -->","yoast_head_json":{"title":"OTTOBRE: AL VIA LA SECONDA TAPPA DEL PROGETTO FABER4ART - Article Marketing","robots":{"index":"index","follow":"follow","max-snippet":"max-snippet:-1","max-image-preview":"max-image-preview:large","max-video-preview":"max-video-preview:-1"},"canonical":"https:\/\/www.article-marketing.eu\/comunicati\/arte-e-cultura\/ottobre-al-via-la-seconda-tappa-del-progetto-faber4art\/","og_locale":"it_IT","og_type":"article","og_title":"OTTOBRE: AL VIA LA SECONDA TAPPA DEL PROGETTO FABER4ART - Article Marketing","og_description":"Ogni segno nasce da un tratto di matita: questo \u00e8 il concept che ha ispirato il progetto FABER4ART, ideato e sviluppato da Faber-Castell: un\u2019iniziativa nata per accreditare sempre pi\u00f9 la partecipazione e l\u2019attenzione del brand tedesco nei confronti del mondo artistico. L\u2019obiettivo \u00e8 meritevole: essere talent scout di artisti d\u2019arte contemporanea cui viene data l\u2019opportunit\u00e0 di avere grande visibilit\u00e0 attraverso le pi\u00f9 importanti vetrine di specialisti di belle arti","og_url":"https:\/\/www.article-marketing.eu\/comunicati\/arte-e-cultura\/ottobre-al-via-la-seconda-tappa-del-progetto-faber4art\/","og_site_name":"Article Marketing","article_published_time":"2013-10-08T21:29:43+00:00","author":"Redazione Comunicati Stampa","twitter_card":"summary_large_image","twitter_misc":{"Scritto da":"Redazione Comunicati Stampa","Tempo di lettura stimato":"3 minuti"},"schema":{"@context":"https:\/\/schema.org","@graph":[{"@type":"Article","@id":"https:\/\/www.article-marketing.eu\/comunicati\/arte-e-cultura\/ottobre-al-via-la-seconda-tappa-del-progetto-faber4art\/#article","isPartOf":{"@id":"https:\/\/www.article-marketing.eu\/comunicati\/arte-e-cultura\/ottobre-al-via-la-seconda-tappa-del-progetto-faber4art\/"},"author":{"name":"Redazione Comunicati Stampa","@id":"https:\/\/www.article-marketing.eu\/comunicati\/#\/schema\/person\/44372e4d4d0fa797b18e03ed1ace9017"},"headline":"OTTOBRE: AL VIA LA SECONDA TAPPA DEL PROGETTO FABER4ART","datePublished":"2013-10-08T21:29:43+00:00","mainEntityOfPage":{"@id":"https:\/\/www.article-marketing.eu\/comunicati\/arte-e-cultura\/ottobre-al-via-la-seconda-tappa-del-progetto-faber4art\/"},"wordCount":585,"commentCount":0,"keywords":["artisti","Faber-Castell","Faber4art","talent scout"],"articleSection":["Arte e cultura"],"inLanguage":"it-IT","potentialAction":[{"@type":"CommentAction","name":"Comment","target":["https:\/\/www.article-marketing.eu\/comunicati\/arte-e-cultura\/ottobre-al-via-la-seconda-tappa-del-progetto-faber4art\/#respond"]}]},{"@type":"WebPage","@id":"https:\/\/www.article-marketing.eu\/comunicati\/arte-e-cultura\/ottobre-al-via-la-seconda-tappa-del-progetto-faber4art\/","url":"https:\/\/www.article-marketing.eu\/comunicati\/arte-e-cultura\/ottobre-al-via-la-seconda-tappa-del-progetto-faber4art\/","name":"OTTOBRE: AL VIA LA SECONDA TAPPA DEL PROGETTO FABER4ART - Article Marketing","isPartOf":{"@id":"https:\/\/www.article-marketing.eu\/comunicati\/#website"},"datePublished":"2013-10-08T21:29:43+00:00","author":{"@id":"https:\/\/www.article-marketing.eu\/comunicati\/#\/schema\/person\/44372e4d4d0fa797b18e03ed1ace9017"},"breadcrumb":{"@id":"https:\/\/www.article-marketing.eu\/comunicati\/arte-e-cultura\/ottobre-al-via-la-seconda-tappa-del-progetto-faber4art\/#breadcrumb"},"inLanguage":"it-IT","potentialAction":[{"@type":"ReadAction","target":["https:\/\/www.article-marketing.eu\/comunicati\/arte-e-cultura\/ottobre-al-via-la-seconda-tappa-del-progetto-faber4art\/"]}]},{"@type":"BreadcrumbList","@id":"https:\/\/www.article-marketing.eu\/comunicati\/arte-e-cultura\/ottobre-al-via-la-seconda-tappa-del-progetto-faber4art\/#breadcrumb","itemListElement":[{"@type":"ListItem","position":1,"name":"Home","item":"https:\/\/www.article-marketing.eu\/comunicati\/"},{"@type":"ListItem","position":2,"name":"OTTOBRE: AL VIA LA SECONDA TAPPA DEL PROGETTO FABER4ART"}]},{"@type":"WebSite","@id":"https:\/\/www.article-marketing.eu\/comunicati\/#website","url":"https:\/\/www.article-marketing.eu\/comunicati\/","name":"Article Marketing","description":"article marketing &amp; press release","potentialAction":[{"@type":"SearchAction","target":{"@type":"EntryPoint","urlTemplate":"https:\/\/www.article-marketing.eu\/comunicati\/?s={search_term_string}"},"query-input":{"@type":"PropertyValueSpecification","valueRequired":true,"valueName":"search_term_string"}}],"inLanguage":"it-IT"},{"@type":"Person","@id":"https:\/\/www.article-marketing.eu\/comunicati\/#\/schema\/person\/44372e4d4d0fa797b18e03ed1ace9017","name":"Redazione Comunicati Stampa","image":{"@type":"ImageObject","inLanguage":"it-IT","@id":"https:\/\/www.article-marketing.eu\/comunicati\/#\/schema\/person\/image\/","url":"https:\/\/secure.gravatar.com\/avatar\/50e5c6421d3072f42e7ace803501602c60d75233d34e29fd05feb91c8760b792?s=96&d=mm&r=g","contentUrl":"https:\/\/secure.gravatar.com\/avatar\/50e5c6421d3072f42e7ace803501602c60d75233d34e29fd05feb91c8760b792?s=96&d=mm&r=g","caption":"Redazione Comunicati Stampa"},"url":"https:\/\/www.article-marketing.eu\/comunicati\/author\/redazione-comunicati-stampa\/"}]}},"_links":{"self":[{"href":"https:\/\/www.article-marketing.eu\/comunicati\/wp-json\/wp\/v2\/posts\/37268","targetHints":{"allow":["GET"]}}],"collection":[{"href":"https:\/\/www.article-marketing.eu\/comunicati\/wp-json\/wp\/v2\/posts"}],"about":[{"href":"https:\/\/www.article-marketing.eu\/comunicati\/wp-json\/wp\/v2\/types\/post"}],"author":[{"embeddable":true,"href":"https:\/\/www.article-marketing.eu\/comunicati\/wp-json\/wp\/v2\/users\/10"}],"replies":[{"embeddable":true,"href":"https:\/\/www.article-marketing.eu\/comunicati\/wp-json\/wp\/v2\/comments?post=37268"}],"version-history":[{"count":0,"href":"https:\/\/www.article-marketing.eu\/comunicati\/wp-json\/wp\/v2\/posts\/37268\/revisions"}],"wp:attachment":[{"href":"https:\/\/www.article-marketing.eu\/comunicati\/wp-json\/wp\/v2\/media?parent=37268"}],"wp:term":[{"taxonomy":"category","embeddable":true,"href":"https:\/\/www.article-marketing.eu\/comunicati\/wp-json\/wp\/v2\/categories?post=37268"},{"taxonomy":"post_tag","embeddable":true,"href":"https:\/\/www.article-marketing.eu\/comunicati\/wp-json\/wp\/v2\/tags?post=37268"}],"curies":[{"name":"wp","href":"https:\/\/api.w.org\/{rel}","templated":true}]}}