{"id":373,"date":"2008-05-08T12:50:20","date_gmt":"2008-05-08T10:50:20","guid":{"rendered":"http:\/\/www.article-marketing.eu\/comunicati\/senza-categoria\/apre-il-palmanova-outlet-village-elisabetta-canalis-madrina-dellinaugurazione\/"},"modified":"2008-05-08T12:50:20","modified_gmt":"2008-05-08T10:50:20","slug":"apre-il-palmanova-outlet-village-elisabetta-canalis-madrina-dellinaugurazione","status":"publish","type":"post","link":"https:\/\/www.article-marketing.eu\/comunicati\/tempo-libero\/shopping\/apre-il-palmanova-outlet-village-elisabetta-canalis-madrina-dellinaugurazione\/","title":{"rendered":"Apre il Palmanova Outlet Village, Elisabetta Canalis madrina dell&#8217;inaugurazione"},"content":{"rendered":"<p>AIELLO, 8 Maggio 2008 \u2013 Tutto pronto per la grande festa di inaugurazione del nuovo \u201c<a title=\"Palmanova Outlet Village\" href=\"http:\/\/www.palmanovaoutlet.it\/it\/index.php\" target=\"_blank\">Palmanova Outlet&nbsp; Village<\/a>\u201d, il primo factory outlet center del Nord-Est d\u2019Italia. Gioved\u00ec 8 maggio si tiene la cerimonia d\u2019inaugurazione della prima cittadella dello shopping del Nordest, con il tradizionale taglio del nastro seguita da un momento conviviale riservato a giornalisti, istituzioni e autorit\u00e0 locali. Madrina d\u2019eccezione la bella e seducente Elisabetta Canalis, nota conduttrice televisiva. A partire dalle 20, poi, il fashion outlet accoglier\u00e0 il pubblico con un\u2019apertura straordinaria dei negozi che si protrarr\u00e0 fino alle 23 consentendo cos\u00ec ai pi\u00f9 curiosi e agli appassionati dello shopping abbigliamento di effettuare da subito i primi acquisti. La festa, dunque, proseguir\u00e0 per tutta la serata con musica e una chiusura in grande stile con tanto di spettacolo pirotecnico che chiuder\u00e0 le cerimonie di apertura outlet.<br \/>Un\u2019offerta di prim\u2019ordine, quella proposta dal \u201cPalmanova Outlet Village\u201d, dove tantissimi negozi abbigliamento di grandi marche che propongono abbigliamento donna, abbigliamento uomo e abbigliamento bambino, oltre a accessori moda, intimo e articoli per la casa sono a disposizione degli utenti con prodotti a prezzi outlet scontati dal 30 al 70%. La struttura, molto bella sotto il profilo architettonico, si articola lungo un\u2019unica via principale alla quale si pu\u00f2 accedere attraverso tre ingressi. Il visitatore pu\u00f2 cos\u00ec appropriarsi facilmente delle stimolanti proposte di abbigliamento firmato messe a disposizione da tutti i punti vendita che godono di ottima visibilit\u00e0 grazie a un piacevole percorso pedonale che facilita l\u2019orientamento. Un mondo convenienza all\u2019insegna di abbigliamento outlet in un contesto di grande stile. In ultima analisi, \u201cPalmanova Outlet&nbsp; Village\u201d si offre con un concept innovativo e un mix merceologico completo che ha gi\u00e0 acceso l\u2019entusiasmo di tutti i commercianti, ormai impazienti di dare il \u201ccalcio d\u2019inizio\u201d sotto la direzione di Luigi Maurizio Villa e dell\u2019amministratore delegato di Promanagement, Filippo Maffioli, i quali hanno incontrato proprio ieri tutti i responsabili dei negozi illustrando, fra l\u2019altro, i vari dettagli logistico-operativi nonch\u00e9 tutti i servizi che consentiranno alla nuova struttura di garantire un vero outlet shopping di qualit\u00e0 a 360 gradi.<br \/>Il Palmonova Outet Village sar\u00e0 aperto 7 giorni su 7, dalla 10 alle 20.<\/p>\n<p>In occasione dell&#8217;inaugurazione dell&#8217;8 maggio della cittadella dello shopping, il factory outlet center di Palmanova offre una sorpresa per il pubblico: apertura straordinaria del factory outlet center dalle 20 alle 23. Madrina d\u2019eccezione la bella e seducente Elisabetta Canalis, nota conduttrice televisiva. A partire dalle 20, poi, il fashion outlet accoglier\u00e0 il pubblico con un\u2019apertura straordinaria dei negozi che si protrarr\u00e0 fino alle 23 consentendo cos\u00ec ai pi\u00f9 curiosi e agli appassionati dello shopping abbigliamento di effettuare da subito i primi acquistiIl Palmanova Outlet Village \u00e8 facilmente raggiungibile dal&#8217;Autostrada A4, uscita &quot;Palmanova&quot; &#8211; direzione Gorizia.&nbsp;Tutte le informazioni per raggiungere il fashion outlet sul sito www.palmanovaoutlet.it<\/p>\n","protected":false},"excerpt":{"rendered":"<p>Gioved\u00ec 8 maggio festa in grande stile per l\u2019apertura della nuova cittadella dello shopping<br \/>\nElisabetta Canalis madrina d\u2019eccezione dell\u2019evento d\u2019inaugurazione.<br \/>\nPer il pubblico: apertura straordinaria del factory outlet center dalle 20 alle 23.<\/p>\n","protected":false},"author":10,"featured_media":0,"comment_status":"open","ping_status":"open","sticky":false,"template":"","format":"standard","meta":{"cybocfi_hide_featured_image":"","footnotes":""},"categories":[308],"tags":[1295,1294,1296,1297],"class_list":["post-373","post","type-post","status-publish","format-standard","hentry","category-shopping","tag-abbigliamento-frimato","tag-palmanova-outlet-village","tag-sconti-abbigliamento","tag-shopping-abbigliamento"],"yoast_head":"<!-- This site is optimized with the Yoast SEO plugin v27.0 - https:\/\/yoast.com\/product\/yoast-seo-wordpress\/ -->\n<title>Apre il Palmanova Outlet Village, Elisabetta Canalis madrina dell&#039;inaugurazione - Article Marketing<\/title>\n<meta name=\"robots\" content=\"index, follow, max-snippet:-1, max-image-preview:large, max-video-preview:-1\" \/>\n<link rel=\"canonical\" href=\"https:\/\/www.article-marketing.eu\/comunicati\/tempo-libero\/shopping\/apre-il-palmanova-outlet-village-elisabetta-canalis-madrina-dellinaugurazione\/\" \/>\n<meta property=\"og:locale\" content=\"it_IT\" \/>\n<meta property=\"og:type\" content=\"article\" \/>\n<meta property=\"og:title\" content=\"Apre il Palmanova Outlet Village, Elisabetta Canalis madrina dell&#039;inaugurazione - Article Marketing\" \/>\n<meta property=\"og:description\" content=\"Gioved\u00ec 8 maggio festa in grande stile per l\u2019apertura della nuova cittadella dello shopping Elisabetta Canalis madrina d\u2019eccezione dell\u2019evento d\u2019inaugurazione. Per il pubblico: apertura straordinaria del factory outlet center dalle 20 alle 23.\" \/>\n<meta property=\"og:url\" content=\"https:\/\/www.article-marketing.eu\/comunicati\/tempo-libero\/shopping\/apre-il-palmanova-outlet-village-elisabetta-canalis-madrina-dellinaugurazione\/\" \/>\n<meta property=\"og:site_name\" content=\"Article Marketing\" \/>\n<meta property=\"article:published_time\" content=\"2008-05-08T10:50:20+00:00\" \/>\n<meta name=\"author\" content=\"Redazione Comunicati Stampa\" \/>\n<meta name=\"twitter:card\" content=\"summary_large_image\" \/>\n<meta name=\"twitter:label1\" content=\"Scritto da\" \/>\n\t<meta name=\"twitter:data1\" content=\"Redazione Comunicati Stampa\" \/>\n\t<meta name=\"twitter:label2\" content=\"Tempo di lettura stimato\" \/>\n\t<meta name=\"twitter:data2\" content=\"2 minuti\" \/>\n<script type=\"application\/ld+json\" class=\"yoast-schema-graph\">{\"@context\":\"https:\/\/schema.org\",\"@graph\":[{\"@type\":\"Article\",\"@id\":\"https:\/\/www.article-marketing.eu\/comunicati\/tempo-libero\/shopping\/apre-il-palmanova-outlet-village-elisabetta-canalis-madrina-dellinaugurazione\/#article\",\"isPartOf\":{\"@id\":\"https:\/\/www.article-marketing.eu\/comunicati\/tempo-libero\/shopping\/apre-il-palmanova-outlet-village-elisabetta-canalis-madrina-dellinaugurazione\/\"},\"author\":{\"name\":\"Redazione Comunicati Stampa\",\"@id\":\"https:\/\/www.article-marketing.eu\/comunicati\/#\/schema\/person\/44372e4d4d0fa797b18e03ed1ace9017\"},\"headline\":\"Apre il Palmanova Outlet Village, Elisabetta Canalis madrina dell&#8217;inaugurazione\",\"datePublished\":\"2008-05-08T10:50:20+00:00\",\"mainEntityOfPage\":{\"@id\":\"https:\/\/www.article-marketing.eu\/comunicati\/tempo-libero\/shopping\/apre-il-palmanova-outlet-village-elisabetta-canalis-madrina-dellinaugurazione\/\"},\"wordCount\":475,\"commentCount\":0,\"keywords\":[\"abbigliamento frimato\",\"palmanova outlet village\",\"sconti abbigliamento\",\"shopping abbigliamento\"],\"articleSection\":[\"Shopping\"],\"inLanguage\":\"it-IT\",\"potentialAction\":[{\"@type\":\"CommentAction\",\"name\":\"Comment\",\"target\":[\"https:\/\/www.article-marketing.eu\/comunicati\/tempo-libero\/shopping\/apre-il-palmanova-outlet-village-elisabetta-canalis-madrina-dellinaugurazione\/#respond\"]}]},{\"@type\":\"WebPage\",\"@id\":\"https:\/\/www.article-marketing.eu\/comunicati\/tempo-libero\/shopping\/apre-il-palmanova-outlet-village-elisabetta-canalis-madrina-dellinaugurazione\/\",\"url\":\"https:\/\/www.article-marketing.eu\/comunicati\/tempo-libero\/shopping\/apre-il-palmanova-outlet-village-elisabetta-canalis-madrina-dellinaugurazione\/\",\"name\":\"Apre il Palmanova Outlet Village, Elisabetta Canalis madrina dell'inaugurazione - Article Marketing\",\"isPartOf\":{\"@id\":\"https:\/\/www.article-marketing.eu\/comunicati\/#website\"},\"datePublished\":\"2008-05-08T10:50:20+00:00\",\"author\":{\"@id\":\"https:\/\/www.article-marketing.eu\/comunicati\/#\/schema\/person\/44372e4d4d0fa797b18e03ed1ace9017\"},\"breadcrumb\":{\"@id\":\"https:\/\/www.article-marketing.eu\/comunicati\/tempo-libero\/shopping\/apre-il-palmanova-outlet-village-elisabetta-canalis-madrina-dellinaugurazione\/#breadcrumb\"},\"inLanguage\":\"it-IT\",\"potentialAction\":[{\"@type\":\"ReadAction\",\"target\":[\"https:\/\/www.article-marketing.eu\/comunicati\/tempo-libero\/shopping\/apre-il-palmanova-outlet-village-elisabetta-canalis-madrina-dellinaugurazione\/\"]}]},{\"@type\":\"BreadcrumbList\",\"@id\":\"https:\/\/www.article-marketing.eu\/comunicati\/tempo-libero\/shopping\/apre-il-palmanova-outlet-village-elisabetta-canalis-madrina-dellinaugurazione\/#breadcrumb\",\"itemListElement\":[{\"@type\":\"ListItem\",\"position\":1,\"name\":\"Home\",\"item\":\"https:\/\/www.article-marketing.eu\/comunicati\/\"},{\"@type\":\"ListItem\",\"position\":2,\"name\":\"Apre il Palmanova Outlet Village, Elisabetta Canalis madrina dell&#8217;inaugurazione\"}]},{\"@type\":\"WebSite\",\"@id\":\"https:\/\/www.article-marketing.eu\/comunicati\/#website\",\"url\":\"https:\/\/www.article-marketing.eu\/comunicati\/\",\"name\":\"Article Marketing\",\"description\":\"article marketing &amp; press release\",\"potentialAction\":[{\"@type\":\"SearchAction\",\"target\":{\"@type\":\"EntryPoint\",\"urlTemplate\":\"https:\/\/www.article-marketing.eu\/comunicati\/?s={search_term_string}\"},\"query-input\":{\"@type\":\"PropertyValueSpecification\",\"valueRequired\":true,\"valueName\":\"search_term_string\"}}],\"inLanguage\":\"it-IT\"},{\"@type\":\"Person\",\"@id\":\"https:\/\/www.article-marketing.eu\/comunicati\/#\/schema\/person\/44372e4d4d0fa797b18e03ed1ace9017\",\"name\":\"Redazione Comunicati Stampa\",\"image\":{\"@type\":\"ImageObject\",\"inLanguage\":\"it-IT\",\"@id\":\"https:\/\/www.article-marketing.eu\/comunicati\/#\/schema\/person\/image\/\",\"url\":\"https:\/\/secure.gravatar.com\/avatar\/50e5c6421d3072f42e7ace803501602c60d75233d34e29fd05feb91c8760b792?s=96&d=mm&r=g\",\"contentUrl\":\"https:\/\/secure.gravatar.com\/avatar\/50e5c6421d3072f42e7ace803501602c60d75233d34e29fd05feb91c8760b792?s=96&d=mm&r=g\",\"caption\":\"Redazione Comunicati Stampa\"},\"url\":\"https:\/\/www.article-marketing.eu\/comunicati\/author\/redazione-comunicati-stampa\/\"}]}<\/script>\n<!-- \/ Yoast SEO plugin. -->","yoast_head_json":{"title":"Apre il Palmanova Outlet Village, Elisabetta Canalis madrina dell'inaugurazione - Article Marketing","robots":{"index":"index","follow":"follow","max-snippet":"max-snippet:-1","max-image-preview":"max-image-preview:large","max-video-preview":"max-video-preview:-1"},"canonical":"https:\/\/www.article-marketing.eu\/comunicati\/tempo-libero\/shopping\/apre-il-palmanova-outlet-village-elisabetta-canalis-madrina-dellinaugurazione\/","og_locale":"it_IT","og_type":"article","og_title":"Apre il Palmanova Outlet Village, Elisabetta Canalis madrina dell'inaugurazione - Article Marketing","og_description":"Gioved\u00ec 8 maggio festa in grande stile per l\u2019apertura della nuova cittadella dello shopping Elisabetta Canalis madrina d\u2019eccezione dell\u2019evento d\u2019inaugurazione. Per il pubblico: apertura straordinaria del factory outlet center dalle 20 alle 23.","og_url":"https:\/\/www.article-marketing.eu\/comunicati\/tempo-libero\/shopping\/apre-il-palmanova-outlet-village-elisabetta-canalis-madrina-dellinaugurazione\/","og_site_name":"Article Marketing","article_published_time":"2008-05-08T10:50:20+00:00","author":"Redazione Comunicati Stampa","twitter_card":"summary_large_image","twitter_misc":{"Scritto da":"Redazione Comunicati Stampa","Tempo di lettura stimato":"2 minuti"},"schema":{"@context":"https:\/\/schema.org","@graph":[{"@type":"Article","@id":"https:\/\/www.article-marketing.eu\/comunicati\/tempo-libero\/shopping\/apre-il-palmanova-outlet-village-elisabetta-canalis-madrina-dellinaugurazione\/#article","isPartOf":{"@id":"https:\/\/www.article-marketing.eu\/comunicati\/tempo-libero\/shopping\/apre-il-palmanova-outlet-village-elisabetta-canalis-madrina-dellinaugurazione\/"},"author":{"name":"Redazione Comunicati Stampa","@id":"https:\/\/www.article-marketing.eu\/comunicati\/#\/schema\/person\/44372e4d4d0fa797b18e03ed1ace9017"},"headline":"Apre il Palmanova Outlet Village, Elisabetta Canalis madrina dell&#8217;inaugurazione","datePublished":"2008-05-08T10:50:20+00:00","mainEntityOfPage":{"@id":"https:\/\/www.article-marketing.eu\/comunicati\/tempo-libero\/shopping\/apre-il-palmanova-outlet-village-elisabetta-canalis-madrina-dellinaugurazione\/"},"wordCount":475,"commentCount":0,"keywords":["abbigliamento frimato","palmanova outlet village","sconti abbigliamento","shopping abbigliamento"],"articleSection":["Shopping"],"inLanguage":"it-IT","potentialAction":[{"@type":"CommentAction","name":"Comment","target":["https:\/\/www.article-marketing.eu\/comunicati\/tempo-libero\/shopping\/apre-il-palmanova-outlet-village-elisabetta-canalis-madrina-dellinaugurazione\/#respond"]}]},{"@type":"WebPage","@id":"https:\/\/www.article-marketing.eu\/comunicati\/tempo-libero\/shopping\/apre-il-palmanova-outlet-village-elisabetta-canalis-madrina-dellinaugurazione\/","url":"https:\/\/www.article-marketing.eu\/comunicati\/tempo-libero\/shopping\/apre-il-palmanova-outlet-village-elisabetta-canalis-madrina-dellinaugurazione\/","name":"Apre il Palmanova Outlet Village, Elisabetta Canalis madrina dell'inaugurazione - Article Marketing","isPartOf":{"@id":"https:\/\/www.article-marketing.eu\/comunicati\/#website"},"datePublished":"2008-05-08T10:50:20+00:00","author":{"@id":"https:\/\/www.article-marketing.eu\/comunicati\/#\/schema\/person\/44372e4d4d0fa797b18e03ed1ace9017"},"breadcrumb":{"@id":"https:\/\/www.article-marketing.eu\/comunicati\/tempo-libero\/shopping\/apre-il-palmanova-outlet-village-elisabetta-canalis-madrina-dellinaugurazione\/#breadcrumb"},"inLanguage":"it-IT","potentialAction":[{"@type":"ReadAction","target":["https:\/\/www.article-marketing.eu\/comunicati\/tempo-libero\/shopping\/apre-il-palmanova-outlet-village-elisabetta-canalis-madrina-dellinaugurazione\/"]}]},{"@type":"BreadcrumbList","@id":"https:\/\/www.article-marketing.eu\/comunicati\/tempo-libero\/shopping\/apre-il-palmanova-outlet-village-elisabetta-canalis-madrina-dellinaugurazione\/#breadcrumb","itemListElement":[{"@type":"ListItem","position":1,"name":"Home","item":"https:\/\/www.article-marketing.eu\/comunicati\/"},{"@type":"ListItem","position":2,"name":"Apre il Palmanova Outlet Village, Elisabetta Canalis madrina dell&#8217;inaugurazione"}]},{"@type":"WebSite","@id":"https:\/\/www.article-marketing.eu\/comunicati\/#website","url":"https:\/\/www.article-marketing.eu\/comunicati\/","name":"Article Marketing","description":"article marketing &amp; press release","potentialAction":[{"@type":"SearchAction","target":{"@type":"EntryPoint","urlTemplate":"https:\/\/www.article-marketing.eu\/comunicati\/?s={search_term_string}"},"query-input":{"@type":"PropertyValueSpecification","valueRequired":true,"valueName":"search_term_string"}}],"inLanguage":"it-IT"},{"@type":"Person","@id":"https:\/\/www.article-marketing.eu\/comunicati\/#\/schema\/person\/44372e4d4d0fa797b18e03ed1ace9017","name":"Redazione Comunicati Stampa","image":{"@type":"ImageObject","inLanguage":"it-IT","@id":"https:\/\/www.article-marketing.eu\/comunicati\/#\/schema\/person\/image\/","url":"https:\/\/secure.gravatar.com\/avatar\/50e5c6421d3072f42e7ace803501602c60d75233d34e29fd05feb91c8760b792?s=96&d=mm&r=g","contentUrl":"https:\/\/secure.gravatar.com\/avatar\/50e5c6421d3072f42e7ace803501602c60d75233d34e29fd05feb91c8760b792?s=96&d=mm&r=g","caption":"Redazione Comunicati Stampa"},"url":"https:\/\/www.article-marketing.eu\/comunicati\/author\/redazione-comunicati-stampa\/"}]}},"_links":{"self":[{"href":"https:\/\/www.article-marketing.eu\/comunicati\/wp-json\/wp\/v2\/posts\/373","targetHints":{"allow":["GET"]}}],"collection":[{"href":"https:\/\/www.article-marketing.eu\/comunicati\/wp-json\/wp\/v2\/posts"}],"about":[{"href":"https:\/\/www.article-marketing.eu\/comunicati\/wp-json\/wp\/v2\/types\/post"}],"author":[{"embeddable":true,"href":"https:\/\/www.article-marketing.eu\/comunicati\/wp-json\/wp\/v2\/users\/10"}],"replies":[{"embeddable":true,"href":"https:\/\/www.article-marketing.eu\/comunicati\/wp-json\/wp\/v2\/comments?post=373"}],"version-history":[{"count":0,"href":"https:\/\/www.article-marketing.eu\/comunicati\/wp-json\/wp\/v2\/posts\/373\/revisions"}],"wp:attachment":[{"href":"https:\/\/www.article-marketing.eu\/comunicati\/wp-json\/wp\/v2\/media?parent=373"}],"wp:term":[{"taxonomy":"category","embeddable":true,"href":"https:\/\/www.article-marketing.eu\/comunicati\/wp-json\/wp\/v2\/categories?post=373"},{"taxonomy":"post_tag","embeddable":true,"href":"https:\/\/www.article-marketing.eu\/comunicati\/wp-json\/wp\/v2\/tags?post=373"}],"curies":[{"name":"wp","href":"https:\/\/api.w.org\/{rel}","templated":true}]}}