{"id":3738,"date":"2009-12-29T12:26:32","date_gmt":"2009-12-29T11:26:32","guid":{"rendered":"http:\/\/www.article-marketing.eu\/comunicati\/senza-categoria\/reinhold-messner-vi-racconto-il-mio-rapporto-con-la-natura\/"},"modified":"2009-12-29T12:26:32","modified_gmt":"2009-12-29T11:26:32","slug":"reinhold-messner-vi-racconto-il-mio-rapporto-con-la-natura","status":"publish","type":"post","link":"https:\/\/www.article-marketing.eu\/comunicati\/ambiente\/reinhold-messner-vi-racconto-il-mio-rapporto-con-la-natura\/","title":{"rendered":"Reinhold Messner: Vi racconto il mio rapporto con la Natura"},"content":{"rendered":"<p>Il mio legame con la Natura<br \/>\nL\u2019armonia con la Natura \u00e8 una condizione mentale e fisica che si raggiunge solo grazie ad un percorso che ci accompagna nel corso di tutta la nostra vita, in una ricerca continua. La natura, e la montagna in particolare, sono una via privilegiata per raggiungere questi obiettivi. Riprendendo il contatto con esse sar\u00e0 possibile tornare ad una dimensione di vita pi\u00f9 umana.<\/p>\n<p>Preservare la montagna<br \/>\nCome tante altre persone sono molto preoccupato per i cambiamenti climatici, per il degrado ambientale e, in special modo, \u00e8 il sistema delle Alpi ad interessarmi. Le Alpi sono particolarmente instabili. Soprattutto alle alte quote, i mutamenti globali si fanno sentire pi\u00f9 intensamente che nelle pianure, ma \u00e8 sbagliato pensare che possano essere preservate ritornando alla natura selvaggia. Solo nei luoghi in cui l\u2019uomo non \u00e8 mai arrivato la natura \u00e8 davvero selvatica. Perci\u00f2 \u00e8 importante che la salvaguardia delle Alpi prenda in considerazione anche la sopravvivenza dell\u2019uomo di montagna e della sua cultura.<\/p>\n<p>La cura delle Alpi<br \/>\nLa cultura della montagna \u00e8 sempre stata caratterizzata dal rispetto per lo spazio alpino ma anche dalla ricerca degli equilibri che permettono all\u2019ambiente di mantenersi stabile e favorevole alla presenza umana nel lungo periodo. Penso che oggi un buon programma di tutela delle Alpi debba tenere in considerazione prima di tutto chi vi abita, creando le condizioni perch\u00e9 i giovani rimangano. Un modello di economia sostenibile per la montagna \u00e8 possibile integrando la cultura locale, l\u2019agricoltura e il turismo. Con le mie piccole aziende agricole riesco a dimostrarlo, ma io sono uno solo e sono anche un uomo fortunato.<br \/>\nPerch\u00e9 le cose possano cambiare durevolmente e per tutti servono delle scelte politiche alternative e coraggiose, meno burocrazia, meno sovvenzioni e pi\u00f9 responsabilit\u00e0 individuale. In questo modo penso che noi alpigiani saremo capaci di prenderci cura delle nostre Alpi e dei loro valori.<br \/>\nCosa significa tracciare una via nuova<br \/>\nTracciare una via nuova pu\u00f2 consistere nel  tracciare un tragitto nuovo, anche su una parete che \u00e8 gi\u00e0 stata affrontata da altri. Le possibili vie per una scalata sono limitate, e serve una grande esperienza per sapere intuire un nuovo percorso.<br \/>\nPer\u00f2 il \u201cnuovo\u201d pu\u00f2 consistere anche nel fare percorsi conosciuti, con altre tecnologie o anche, come nel mio caso, usando sempre meno tecnologie, come quando abbiamo deciso di salire sull\u2019Everest senza l\u2019aiuto di maschera e ossigeno. Tracciare una via vuol dire quindi avere la capacit\u00e0 di avvicinarsi con spirito nuovo a delle problematiche vecchie.<br \/>\nPer fare un esempio, l\u2019Everest viene tentato da circa un secolo. Per 50 anni nessuno era mai riuscito ad arrivare sulla cima: mancava l\u2019equipaggiamento, mancava l\u2019esperienza. Poi Hillary e Tenzing, il 29 maggio del 1953, sono saliti in cima. Tutti quelli che hanno seguito la loro via usato la bombola, hanno usato la loro tecnologia, mentre noi siamo stati i primi a pensare di salire senza. Anche se la cima rimane la stessa, abbiamo inventato un nuovo Everest.<\/p>\n<p>messnerDa solo con me stesso<br \/>\nConfrontarmi con me stesso fa parte del gioco. In passato ho fatto molte uscite impegnative in solitaria, fra cui la scalata dell\u2019Everest e l\u2019attraversamento del deserto del Gobi. La maggior parte delle mie uscite, per\u00f2, sono state fatte con altri compagni; io preferisco andare con altri, di solito un piccolo gruppo di due o tre persone. Per\u00f2 ogni tanto mi piace la sfida della solitudine: voglio vede se sono capace di convivere con me stesso, che \u00e8 molto pi\u00f9 difficile che convivere un altro. Stare da solo per mesi ti fa sentire piccolo e pieno di disperazione, ma anche questo fa parte del gioco, e sono queste le esperienze che ti rendono forte&#8230;<\/p>\n<p>http:\/\/www.you4planet.it\/magazine\/165\/Reinhold_Messner%3A_%22Vi_racconto_il_mio_rapporto_con_la_Natura%22<\/p>\n","protected":false},"excerpt":{"rendered":"<p>Sono stato contattato dalla Redazione di You4Planet che mi ha proposto di partecipare a questa community. Ho deciso di accettare perch\u00e9 trovo che i principi di questa iniziativa siano coerenti con i progetti che sto portando avanti negli ultimi anni. Ritrovare un equilibrio con la Natura \u00e8 importante per riuscire a vivere serenamente con s\u00e9 stessi e con l\u2019ambiente che ci circonda.<\/p>\n","protected":false},"author":10,"featured_media":0,"comment_status":"open","ping_status":"open","sticky":false,"template":"","format":"standard","meta":{"cybocfi_hide_featured_image":"","footnotes":""},"categories":[55],"tags":[260,11532,334,58],"class_list":["post-3738","post","type-post","status-publish","format-standard","hentry","category-ambiente","tag-ecologia","tag-messner","tag-montagna","tag-natura"],"yoast_head":"<!-- This site is optimized with the Yoast SEO plugin v27.0 - https:\/\/yoast.com\/product\/yoast-seo-wordpress\/ -->\n<title>Reinhold Messner: Vi racconto il mio rapporto con la Natura - Article Marketing<\/title>\n<meta name=\"robots\" content=\"index, follow, max-snippet:-1, max-image-preview:large, max-video-preview:-1\" \/>\n<link rel=\"canonical\" href=\"https:\/\/www.article-marketing.eu\/comunicati\/ambiente\/reinhold-messner-vi-racconto-il-mio-rapporto-con-la-natura\/\" \/>\n<meta property=\"og:locale\" content=\"it_IT\" \/>\n<meta property=\"og:type\" content=\"article\" \/>\n<meta property=\"og:title\" content=\"Reinhold Messner: Vi racconto il mio rapporto con la Natura - Article Marketing\" \/>\n<meta property=\"og:description\" content=\"Sono stato contattato dalla Redazione di You4Planet che mi ha proposto di partecipare a questa community. Ho deciso di accettare perch\u00e9 trovo che i principi di questa iniziativa siano coerenti con i progetti che sto portando avanti negli ultimi anni. Ritrovare un equilibrio con la Natura \u00e8 importante per riuscire a vivere serenamente con s\u00e9 stessi e con l\u2019ambiente che ci circonda.\" \/>\n<meta property=\"og:url\" content=\"https:\/\/www.article-marketing.eu\/comunicati\/ambiente\/reinhold-messner-vi-racconto-il-mio-rapporto-con-la-natura\/\" \/>\n<meta property=\"og:site_name\" content=\"Article Marketing\" \/>\n<meta property=\"article:published_time\" content=\"2009-12-29T11:26:32+00:00\" \/>\n<meta name=\"author\" content=\"Redazione Comunicati Stampa\" \/>\n<meta name=\"twitter:card\" content=\"summary_large_image\" \/>\n<meta name=\"twitter:label1\" content=\"Scritto da\" \/>\n\t<meta name=\"twitter:data1\" content=\"Redazione Comunicati Stampa\" \/>\n\t<meta name=\"twitter:label2\" content=\"Tempo di lettura stimato\" \/>\n\t<meta name=\"twitter:data2\" content=\"3 minuti\" \/>\n<script type=\"application\/ld+json\" class=\"yoast-schema-graph\">{\"@context\":\"https:\/\/schema.org\",\"@graph\":[{\"@type\":\"Article\",\"@id\":\"https:\/\/www.article-marketing.eu\/comunicati\/ambiente\/reinhold-messner-vi-racconto-il-mio-rapporto-con-la-natura\/#article\",\"isPartOf\":{\"@id\":\"https:\/\/www.article-marketing.eu\/comunicati\/ambiente\/reinhold-messner-vi-racconto-il-mio-rapporto-con-la-natura\/\"},\"author\":{\"name\":\"Redazione Comunicati Stampa\",\"@id\":\"https:\/\/www.article-marketing.eu\/comunicati\/#\/schema\/person\/44372e4d4d0fa797b18e03ed1ace9017\"},\"headline\":\"Reinhold Messner: Vi racconto il mio rapporto con la Natura\",\"datePublished\":\"2009-12-29T11:26:32+00:00\",\"mainEntityOfPage\":{\"@id\":\"https:\/\/www.article-marketing.eu\/comunicati\/ambiente\/reinhold-messner-vi-racconto-il-mio-rapporto-con-la-natura\/\"},\"wordCount\":634,\"commentCount\":0,\"keywords\":[\"ecologia\",\"messner\",\"montagna\",\"natura\"],\"articleSection\":[\"Ambiente\"],\"inLanguage\":\"it-IT\",\"potentialAction\":[{\"@type\":\"CommentAction\",\"name\":\"Comment\",\"target\":[\"https:\/\/www.article-marketing.eu\/comunicati\/ambiente\/reinhold-messner-vi-racconto-il-mio-rapporto-con-la-natura\/#respond\"]}]},{\"@type\":\"WebPage\",\"@id\":\"https:\/\/www.article-marketing.eu\/comunicati\/ambiente\/reinhold-messner-vi-racconto-il-mio-rapporto-con-la-natura\/\",\"url\":\"https:\/\/www.article-marketing.eu\/comunicati\/ambiente\/reinhold-messner-vi-racconto-il-mio-rapporto-con-la-natura\/\",\"name\":\"Reinhold Messner: Vi racconto il mio rapporto con la Natura - Article Marketing\",\"isPartOf\":{\"@id\":\"https:\/\/www.article-marketing.eu\/comunicati\/#website\"},\"datePublished\":\"2009-12-29T11:26:32+00:00\",\"author\":{\"@id\":\"https:\/\/www.article-marketing.eu\/comunicati\/#\/schema\/person\/44372e4d4d0fa797b18e03ed1ace9017\"},\"breadcrumb\":{\"@id\":\"https:\/\/www.article-marketing.eu\/comunicati\/ambiente\/reinhold-messner-vi-racconto-il-mio-rapporto-con-la-natura\/#breadcrumb\"},\"inLanguage\":\"it-IT\",\"potentialAction\":[{\"@type\":\"ReadAction\",\"target\":[\"https:\/\/www.article-marketing.eu\/comunicati\/ambiente\/reinhold-messner-vi-racconto-il-mio-rapporto-con-la-natura\/\"]}]},{\"@type\":\"BreadcrumbList\",\"@id\":\"https:\/\/www.article-marketing.eu\/comunicati\/ambiente\/reinhold-messner-vi-racconto-il-mio-rapporto-con-la-natura\/#breadcrumb\",\"itemListElement\":[{\"@type\":\"ListItem\",\"position\":1,\"name\":\"Home\",\"item\":\"https:\/\/www.article-marketing.eu\/comunicati\/\"},{\"@type\":\"ListItem\",\"position\":2,\"name\":\"Reinhold Messner: Vi racconto il mio rapporto con la Natura\"}]},{\"@type\":\"WebSite\",\"@id\":\"https:\/\/www.article-marketing.eu\/comunicati\/#website\",\"url\":\"https:\/\/www.article-marketing.eu\/comunicati\/\",\"name\":\"Article Marketing\",\"description\":\"article marketing &amp; press release\",\"potentialAction\":[{\"@type\":\"SearchAction\",\"target\":{\"@type\":\"EntryPoint\",\"urlTemplate\":\"https:\/\/www.article-marketing.eu\/comunicati\/?s={search_term_string}\"},\"query-input\":{\"@type\":\"PropertyValueSpecification\",\"valueRequired\":true,\"valueName\":\"search_term_string\"}}],\"inLanguage\":\"it-IT\"},{\"@type\":\"Person\",\"@id\":\"https:\/\/www.article-marketing.eu\/comunicati\/#\/schema\/person\/44372e4d4d0fa797b18e03ed1ace9017\",\"name\":\"Redazione Comunicati Stampa\",\"image\":{\"@type\":\"ImageObject\",\"inLanguage\":\"it-IT\",\"@id\":\"https:\/\/www.article-marketing.eu\/comunicati\/#\/schema\/person\/image\/\",\"url\":\"https:\/\/secure.gravatar.com\/avatar\/50e5c6421d3072f42e7ace803501602c60d75233d34e29fd05feb91c8760b792?s=96&d=mm&r=g\",\"contentUrl\":\"https:\/\/secure.gravatar.com\/avatar\/50e5c6421d3072f42e7ace803501602c60d75233d34e29fd05feb91c8760b792?s=96&d=mm&r=g\",\"caption\":\"Redazione Comunicati Stampa\"},\"url\":\"https:\/\/www.article-marketing.eu\/comunicati\/author\/redazione-comunicati-stampa\/\"}]}<\/script>\n<!-- \/ Yoast SEO plugin. -->","yoast_head_json":{"title":"Reinhold Messner: Vi racconto il mio rapporto con la Natura - Article Marketing","robots":{"index":"index","follow":"follow","max-snippet":"max-snippet:-1","max-image-preview":"max-image-preview:large","max-video-preview":"max-video-preview:-1"},"canonical":"https:\/\/www.article-marketing.eu\/comunicati\/ambiente\/reinhold-messner-vi-racconto-il-mio-rapporto-con-la-natura\/","og_locale":"it_IT","og_type":"article","og_title":"Reinhold Messner: Vi racconto il mio rapporto con la Natura - Article Marketing","og_description":"Sono stato contattato dalla Redazione di You4Planet che mi ha proposto di partecipare a questa community. Ho deciso di accettare perch\u00e9 trovo che i principi di questa iniziativa siano coerenti con i progetti che sto portando avanti negli ultimi anni. Ritrovare un equilibrio con la Natura \u00e8 importante per riuscire a vivere serenamente con s\u00e9 stessi e con l\u2019ambiente che ci circonda.","og_url":"https:\/\/www.article-marketing.eu\/comunicati\/ambiente\/reinhold-messner-vi-racconto-il-mio-rapporto-con-la-natura\/","og_site_name":"Article Marketing","article_published_time":"2009-12-29T11:26:32+00:00","author":"Redazione Comunicati Stampa","twitter_card":"summary_large_image","twitter_misc":{"Scritto da":"Redazione Comunicati Stampa","Tempo di lettura stimato":"3 minuti"},"schema":{"@context":"https:\/\/schema.org","@graph":[{"@type":"Article","@id":"https:\/\/www.article-marketing.eu\/comunicati\/ambiente\/reinhold-messner-vi-racconto-il-mio-rapporto-con-la-natura\/#article","isPartOf":{"@id":"https:\/\/www.article-marketing.eu\/comunicati\/ambiente\/reinhold-messner-vi-racconto-il-mio-rapporto-con-la-natura\/"},"author":{"name":"Redazione Comunicati Stampa","@id":"https:\/\/www.article-marketing.eu\/comunicati\/#\/schema\/person\/44372e4d4d0fa797b18e03ed1ace9017"},"headline":"Reinhold Messner: Vi racconto il mio rapporto con la Natura","datePublished":"2009-12-29T11:26:32+00:00","mainEntityOfPage":{"@id":"https:\/\/www.article-marketing.eu\/comunicati\/ambiente\/reinhold-messner-vi-racconto-il-mio-rapporto-con-la-natura\/"},"wordCount":634,"commentCount":0,"keywords":["ecologia","messner","montagna","natura"],"articleSection":["Ambiente"],"inLanguage":"it-IT","potentialAction":[{"@type":"CommentAction","name":"Comment","target":["https:\/\/www.article-marketing.eu\/comunicati\/ambiente\/reinhold-messner-vi-racconto-il-mio-rapporto-con-la-natura\/#respond"]}]},{"@type":"WebPage","@id":"https:\/\/www.article-marketing.eu\/comunicati\/ambiente\/reinhold-messner-vi-racconto-il-mio-rapporto-con-la-natura\/","url":"https:\/\/www.article-marketing.eu\/comunicati\/ambiente\/reinhold-messner-vi-racconto-il-mio-rapporto-con-la-natura\/","name":"Reinhold Messner: Vi racconto il mio rapporto con la Natura - Article Marketing","isPartOf":{"@id":"https:\/\/www.article-marketing.eu\/comunicati\/#website"},"datePublished":"2009-12-29T11:26:32+00:00","author":{"@id":"https:\/\/www.article-marketing.eu\/comunicati\/#\/schema\/person\/44372e4d4d0fa797b18e03ed1ace9017"},"breadcrumb":{"@id":"https:\/\/www.article-marketing.eu\/comunicati\/ambiente\/reinhold-messner-vi-racconto-il-mio-rapporto-con-la-natura\/#breadcrumb"},"inLanguage":"it-IT","potentialAction":[{"@type":"ReadAction","target":["https:\/\/www.article-marketing.eu\/comunicati\/ambiente\/reinhold-messner-vi-racconto-il-mio-rapporto-con-la-natura\/"]}]},{"@type":"BreadcrumbList","@id":"https:\/\/www.article-marketing.eu\/comunicati\/ambiente\/reinhold-messner-vi-racconto-il-mio-rapporto-con-la-natura\/#breadcrumb","itemListElement":[{"@type":"ListItem","position":1,"name":"Home","item":"https:\/\/www.article-marketing.eu\/comunicati\/"},{"@type":"ListItem","position":2,"name":"Reinhold Messner: Vi racconto il mio rapporto con la Natura"}]},{"@type":"WebSite","@id":"https:\/\/www.article-marketing.eu\/comunicati\/#website","url":"https:\/\/www.article-marketing.eu\/comunicati\/","name":"Article Marketing","description":"article marketing &amp; press release","potentialAction":[{"@type":"SearchAction","target":{"@type":"EntryPoint","urlTemplate":"https:\/\/www.article-marketing.eu\/comunicati\/?s={search_term_string}"},"query-input":{"@type":"PropertyValueSpecification","valueRequired":true,"valueName":"search_term_string"}}],"inLanguage":"it-IT"},{"@type":"Person","@id":"https:\/\/www.article-marketing.eu\/comunicati\/#\/schema\/person\/44372e4d4d0fa797b18e03ed1ace9017","name":"Redazione Comunicati Stampa","image":{"@type":"ImageObject","inLanguage":"it-IT","@id":"https:\/\/www.article-marketing.eu\/comunicati\/#\/schema\/person\/image\/","url":"https:\/\/secure.gravatar.com\/avatar\/50e5c6421d3072f42e7ace803501602c60d75233d34e29fd05feb91c8760b792?s=96&d=mm&r=g","contentUrl":"https:\/\/secure.gravatar.com\/avatar\/50e5c6421d3072f42e7ace803501602c60d75233d34e29fd05feb91c8760b792?s=96&d=mm&r=g","caption":"Redazione Comunicati Stampa"},"url":"https:\/\/www.article-marketing.eu\/comunicati\/author\/redazione-comunicati-stampa\/"}]}},"_links":{"self":[{"href":"https:\/\/www.article-marketing.eu\/comunicati\/wp-json\/wp\/v2\/posts\/3738","targetHints":{"allow":["GET"]}}],"collection":[{"href":"https:\/\/www.article-marketing.eu\/comunicati\/wp-json\/wp\/v2\/posts"}],"about":[{"href":"https:\/\/www.article-marketing.eu\/comunicati\/wp-json\/wp\/v2\/types\/post"}],"author":[{"embeddable":true,"href":"https:\/\/www.article-marketing.eu\/comunicati\/wp-json\/wp\/v2\/users\/10"}],"replies":[{"embeddable":true,"href":"https:\/\/www.article-marketing.eu\/comunicati\/wp-json\/wp\/v2\/comments?post=3738"}],"version-history":[{"count":0,"href":"https:\/\/www.article-marketing.eu\/comunicati\/wp-json\/wp\/v2\/posts\/3738\/revisions"}],"wp:attachment":[{"href":"https:\/\/www.article-marketing.eu\/comunicati\/wp-json\/wp\/v2\/media?parent=3738"}],"wp:term":[{"taxonomy":"category","embeddable":true,"href":"https:\/\/www.article-marketing.eu\/comunicati\/wp-json\/wp\/v2\/categories?post=3738"},{"taxonomy":"post_tag","embeddable":true,"href":"https:\/\/www.article-marketing.eu\/comunicati\/wp-json\/wp\/v2\/tags?post=3738"}],"curies":[{"name":"wp","href":"https:\/\/api.w.org\/{rel}","templated":true}]}}