{"id":3741,"date":"2009-12-30T14:26:02","date_gmt":"2009-12-30T13:26:02","guid":{"rendered":"http:\/\/www.article-marketing.eu\/comunicati\/senza-categoria\/torino-la-mole-antonelliana-espone-il-modello-ligneo-tattile-per-ipovedenti\/"},"modified":"2009-12-30T14:26:02","modified_gmt":"2009-12-30T13:26:02","slug":"torino-la-mole-antonelliana-espone-il-modello-ligneo-tattile-per-ipovedenti","status":"publish","type":"post","link":"https:\/\/www.article-marketing.eu\/comunicati\/arte-e-cultura\/torino-la-mole-antonelliana-espone-il-modello-ligneo-tattile-per-ipovedenti\/","title":{"rendered":"Torino, la Mole Antonelliana espone il modello ligneo tattile per ipovedenti."},"content":{"rendered":"<p>La costruzione della famosa Mole Antonelliana inizi\u00f2 nel 1863, su progetto dell&#8217;architetto novarese Alessandro Antonelli. Originariamente doveva divenire il tempio della Comunit\u00e0 Israelita torinese, ma l&#8217;edificio sub\u00ec numerose modifiche e ampliamenti ad opera dallo stesso architetto; egli stesso decise l&#8217;inserimento della grande volta, sormontata dall&#8217;elegantissima guglia, che port\u00f2 il possente monumento dai 47 metri originali agli attuali 167,5 metri di altezza. Fu cosi che nel 1877 la Comunit\u00e0 Ebraica di Torino, a causa costi sempre pi\u00f9 elevati che richiedeva la costruzione, decise di cedere l&#8217;edificio, ancora in fase di costruzione, al Comune di Torino. Si decise cos\u00ec di destinare la Mole a sede del Museo Civico, ma alla morte di Vittorio Emanuele II nel 1878, il Consiglio comunale pens\u00f2 di destinarla a sede del Ricordo Nazionale dell&#8217;Indipendenza Italiana. Il singolare edificio divenuto simbolo della citt\u00e0, con i suoi 167,5 metri di altezza \u00e8 la struttura in muratura pi\u00f9 alta d&#8217;Europa. Nel progetto originario l&#8217;Antonelli un\u00ec la sua cultura neoclassica alla tradizione locale barocca, spingendo le membrature al limite delle possibilit\u00e0 <strong><\/strong>di tenuta attraverso l&#8217;uso di catene di ferro. Su questa struttura s&#8217;innalza la cupola. A pianta quadrata, la costruzione presenta una massiccia parte inferiore, la cui facciata \u00e8 di forme classicheggianti; su di essa si eleva l&#8217;alta cupola quadrangolare, sormontata da un tempietto a due ordini (dal quale, nelle notti silenziose, si sentono provenire strane cantilene mistiche) che regge la sottile guglia. Fu realizzata senza ricorrere a strutture metalliche, ancora troppo onerose a quel tempo in Italia, con una struttura muraria a scheletro. Le decorazioni interne andarono completamente distrutte in seguito ai lavori di consolidamento iniziati nel 1930, che portarono alla creazione di una struttura in cemento armato indipendente e sostitutiva di quella antonelliana.&nbsp;Il modello realizzato dall\u2019Architetto piacentino Enrico Bergonzoni rappresenta la Mole Antonelliana di Torino alla scala di 1:100 raffigurata nelle sue condizioni attuali. Questo modello, che ha le sembianze di un modello ligneo di fattura classica, ha in effetti questa particolarit\u00e0: di essere stato progettato e realizzato per poter essere letto in modo tattile da persone ipovedenti e non vedenti. Visivamente si apprezza l\u2019uso di legni di varie essenze: il ciliegio per gli apparati murari e le coperture, il noce chiaro per gli elementi architettonici quali cornici e paraste, un noce pi\u00f9 scuro per i consolidamenti strutturali interni in cemento armato; mentre al tatto si apprezzano differenze nella ruvidit\u00e0 dei vari componenti che passano dal levigato, al ruvido, al poroso, in modo che si crei un affascinante parallelismo tra due diversi linguaggi e due differenti modi di lettura dello stesso oggetto. Durante la realizzazione, eseguita <a title=\"brgstudio - architectural modelmaking workshop\" href=\"http:\/\/www.brgstudio.com\" target=\"_blank\">dall\u2019architetto Enrico Bergonzoni<\/a>, \u00e8 stata tenuta in massima considerazione la robustezza del modello, per cui si \u00e8 evitato di realizzare un vasto numero di elementi di piccole dimensioni, come normalmente avviene in questi casi, e si \u00e8 cercato viceversa di realizzare elementi monolitici in legno massello di discrete dimensioni, fresati e modellati con l\u2019ausilio di attrezzature computerizzate. Oltre all\u2019uso di moderne tecnologie occorre per\u00f2 aggiungere che la maggior parte del lavoro \u00e8 stata eseguita manualmente, e che l\u2019estrema cura artigianale di ogni dettaglio ha permesso l\u2019esecuzione di un oggetto di alta qualit\u00e0 realizzativa. Il modello \u00e8 esposto in modo permanente presso la sezione storica del Museo Nazionale del Cinema di Torino, ospitato al piano terreno della stessa Mole Antonelliana.<\/p>\n","protected":false},"excerpt":{"rendered":"<p>Durante la realizzazione, eseguita dall\u2019architetto Enrico Bergonzoni, \u00e8 stata tenuta in massima considerazione la robustezza del modello, per cui si \u00e8 evitato di realizzare un vasto numero di elementi di piccole dimensioni, come normalmente avviene in questi casi, e si \u00e8 cercato viceversa di realizzare elementi monolitici in legno massello di discrete dimensioni, fresati e modellati con l\u2019ausilio di attrezzature computerizzate.<\/p>\n","protected":false},"author":10,"featured_media":0,"comment_status":"open","ping_status":"open","sticky":false,"template":"","format":"standard","meta":{"cybocfi_hide_featured_image":"","footnotes":""},"categories":[27],"tags":[1106,11008,11538,11537,11539,2555],"class_list":["post-3741","post","type-post","status-publish","format-standard","hentry","category-arte-e-cultura","tag-architettura","tag-enrico-bergonzoni","tag-modello","tag-mole-antonelliana","tag-plastico","tag-torino"],"yoast_head":"<!-- This site is optimized with the Yoast SEO plugin v27.0 - https:\/\/yoast.com\/product\/yoast-seo-wordpress\/ -->\n<title>Torino, la Mole Antonelliana espone il modello ligneo tattile per ipovedenti. - Article Marketing<\/title>\n<meta name=\"robots\" content=\"index, follow, max-snippet:-1, max-image-preview:large, max-video-preview:-1\" \/>\n<link rel=\"canonical\" href=\"https:\/\/www.article-marketing.eu\/comunicati\/arte-e-cultura\/torino-la-mole-antonelliana-espone-il-modello-ligneo-tattile-per-ipovedenti\/\" \/>\n<meta property=\"og:locale\" content=\"it_IT\" \/>\n<meta property=\"og:type\" content=\"article\" \/>\n<meta property=\"og:title\" content=\"Torino, la Mole Antonelliana espone il modello ligneo tattile per ipovedenti. - Article Marketing\" \/>\n<meta property=\"og:description\" content=\"Durante la realizzazione, eseguita dall\u2019architetto Enrico Bergonzoni, \u00e8 stata tenuta in massima considerazione la robustezza del modello, per cui si \u00e8 evitato di realizzare un vasto numero di elementi di piccole dimensioni, come normalmente avviene in questi casi, e si \u00e8 cercato viceversa di realizzare elementi monolitici in legno massello di discrete dimensioni, fresati e modellati con l\u2019ausilio di attrezzature computerizzate.\" \/>\n<meta property=\"og:url\" content=\"https:\/\/www.article-marketing.eu\/comunicati\/arte-e-cultura\/torino-la-mole-antonelliana-espone-il-modello-ligneo-tattile-per-ipovedenti\/\" \/>\n<meta property=\"og:site_name\" content=\"Article Marketing\" \/>\n<meta property=\"article:published_time\" content=\"2009-12-30T13:26:02+00:00\" \/>\n<meta name=\"author\" content=\"Redazione Comunicati Stampa\" \/>\n<meta name=\"twitter:card\" content=\"summary_large_image\" \/>\n<meta name=\"twitter:label1\" content=\"Scritto da\" \/>\n\t<meta name=\"twitter:data1\" content=\"Redazione Comunicati Stampa\" \/>\n\t<meta name=\"twitter:label2\" content=\"Tempo di lettura stimato\" \/>\n\t<meta name=\"twitter:data2\" content=\"3 minuti\" \/>\n<script type=\"application\/ld+json\" class=\"yoast-schema-graph\">{\"@context\":\"https:\/\/schema.org\",\"@graph\":[{\"@type\":\"Article\",\"@id\":\"https:\/\/www.article-marketing.eu\/comunicati\/arte-e-cultura\/torino-la-mole-antonelliana-espone-il-modello-ligneo-tattile-per-ipovedenti\/#article\",\"isPartOf\":{\"@id\":\"https:\/\/www.article-marketing.eu\/comunicati\/arte-e-cultura\/torino-la-mole-antonelliana-espone-il-modello-ligneo-tattile-per-ipovedenti\/\"},\"author\":{\"name\":\"Redazione Comunicati Stampa\",\"@id\":\"https:\/\/www.article-marketing.eu\/comunicati\/#\/schema\/person\/44372e4d4d0fa797b18e03ed1ace9017\"},\"headline\":\"Torino, la Mole Antonelliana espone il modello ligneo tattile per ipovedenti.\",\"datePublished\":\"2009-12-30T13:26:02+00:00\",\"mainEntityOfPage\":{\"@id\":\"https:\/\/www.article-marketing.eu\/comunicati\/arte-e-cultura\/torino-la-mole-antonelliana-espone-il-modello-ligneo-tattile-per-ipovedenti\/\"},\"wordCount\":551,\"commentCount\":0,\"keywords\":[\"architettura\",\"enrico bergonzoni\",\"modello\",\"mole antonelliana\",\"plastico\",\"Torino\"],\"articleSection\":[\"Arte e cultura\"],\"inLanguage\":\"it-IT\",\"potentialAction\":[{\"@type\":\"CommentAction\",\"name\":\"Comment\",\"target\":[\"https:\/\/www.article-marketing.eu\/comunicati\/arte-e-cultura\/torino-la-mole-antonelliana-espone-il-modello-ligneo-tattile-per-ipovedenti\/#respond\"]}]},{\"@type\":\"WebPage\",\"@id\":\"https:\/\/www.article-marketing.eu\/comunicati\/arte-e-cultura\/torino-la-mole-antonelliana-espone-il-modello-ligneo-tattile-per-ipovedenti\/\",\"url\":\"https:\/\/www.article-marketing.eu\/comunicati\/arte-e-cultura\/torino-la-mole-antonelliana-espone-il-modello-ligneo-tattile-per-ipovedenti\/\",\"name\":\"Torino, la Mole Antonelliana espone il modello ligneo tattile per ipovedenti. - Article Marketing\",\"isPartOf\":{\"@id\":\"https:\/\/www.article-marketing.eu\/comunicati\/#website\"},\"datePublished\":\"2009-12-30T13:26:02+00:00\",\"author\":{\"@id\":\"https:\/\/www.article-marketing.eu\/comunicati\/#\/schema\/person\/44372e4d4d0fa797b18e03ed1ace9017\"},\"breadcrumb\":{\"@id\":\"https:\/\/www.article-marketing.eu\/comunicati\/arte-e-cultura\/torino-la-mole-antonelliana-espone-il-modello-ligneo-tattile-per-ipovedenti\/#breadcrumb\"},\"inLanguage\":\"it-IT\",\"potentialAction\":[{\"@type\":\"ReadAction\",\"target\":[\"https:\/\/www.article-marketing.eu\/comunicati\/arte-e-cultura\/torino-la-mole-antonelliana-espone-il-modello-ligneo-tattile-per-ipovedenti\/\"]}]},{\"@type\":\"BreadcrumbList\",\"@id\":\"https:\/\/www.article-marketing.eu\/comunicati\/arte-e-cultura\/torino-la-mole-antonelliana-espone-il-modello-ligneo-tattile-per-ipovedenti\/#breadcrumb\",\"itemListElement\":[{\"@type\":\"ListItem\",\"position\":1,\"name\":\"Home\",\"item\":\"https:\/\/www.article-marketing.eu\/comunicati\/\"},{\"@type\":\"ListItem\",\"position\":2,\"name\":\"Torino, la Mole Antonelliana espone il modello ligneo tattile per ipovedenti.\"}]},{\"@type\":\"WebSite\",\"@id\":\"https:\/\/www.article-marketing.eu\/comunicati\/#website\",\"url\":\"https:\/\/www.article-marketing.eu\/comunicati\/\",\"name\":\"Article Marketing\",\"description\":\"article marketing &amp; press release\",\"potentialAction\":[{\"@type\":\"SearchAction\",\"target\":{\"@type\":\"EntryPoint\",\"urlTemplate\":\"https:\/\/www.article-marketing.eu\/comunicati\/?s={search_term_string}\"},\"query-input\":{\"@type\":\"PropertyValueSpecification\",\"valueRequired\":true,\"valueName\":\"search_term_string\"}}],\"inLanguage\":\"it-IT\"},{\"@type\":\"Person\",\"@id\":\"https:\/\/www.article-marketing.eu\/comunicati\/#\/schema\/person\/44372e4d4d0fa797b18e03ed1ace9017\",\"name\":\"Redazione Comunicati Stampa\",\"image\":{\"@type\":\"ImageObject\",\"inLanguage\":\"it-IT\",\"@id\":\"https:\/\/www.article-marketing.eu\/comunicati\/#\/schema\/person\/image\/\",\"url\":\"https:\/\/secure.gravatar.com\/avatar\/50e5c6421d3072f42e7ace803501602c60d75233d34e29fd05feb91c8760b792?s=96&d=mm&r=g\",\"contentUrl\":\"https:\/\/secure.gravatar.com\/avatar\/50e5c6421d3072f42e7ace803501602c60d75233d34e29fd05feb91c8760b792?s=96&d=mm&r=g\",\"caption\":\"Redazione Comunicati Stampa\"},\"url\":\"https:\/\/www.article-marketing.eu\/comunicati\/author\/redazione-comunicati-stampa\/\"}]}<\/script>\n<!-- \/ Yoast SEO plugin. -->","yoast_head_json":{"title":"Torino, la Mole Antonelliana espone il modello ligneo tattile per ipovedenti. - Article Marketing","robots":{"index":"index","follow":"follow","max-snippet":"max-snippet:-1","max-image-preview":"max-image-preview:large","max-video-preview":"max-video-preview:-1"},"canonical":"https:\/\/www.article-marketing.eu\/comunicati\/arte-e-cultura\/torino-la-mole-antonelliana-espone-il-modello-ligneo-tattile-per-ipovedenti\/","og_locale":"it_IT","og_type":"article","og_title":"Torino, la Mole Antonelliana espone il modello ligneo tattile per ipovedenti. - Article Marketing","og_description":"Durante la realizzazione, eseguita dall\u2019architetto Enrico Bergonzoni, \u00e8 stata tenuta in massima considerazione la robustezza del modello, per cui si \u00e8 evitato di realizzare un vasto numero di elementi di piccole dimensioni, come normalmente avviene in questi casi, e si \u00e8 cercato viceversa di realizzare elementi monolitici in legno massello di discrete dimensioni, fresati e modellati con l\u2019ausilio di attrezzature computerizzate.","og_url":"https:\/\/www.article-marketing.eu\/comunicati\/arte-e-cultura\/torino-la-mole-antonelliana-espone-il-modello-ligneo-tattile-per-ipovedenti\/","og_site_name":"Article Marketing","article_published_time":"2009-12-30T13:26:02+00:00","author":"Redazione Comunicati Stampa","twitter_card":"summary_large_image","twitter_misc":{"Scritto da":"Redazione Comunicati Stampa","Tempo di lettura stimato":"3 minuti"},"schema":{"@context":"https:\/\/schema.org","@graph":[{"@type":"Article","@id":"https:\/\/www.article-marketing.eu\/comunicati\/arte-e-cultura\/torino-la-mole-antonelliana-espone-il-modello-ligneo-tattile-per-ipovedenti\/#article","isPartOf":{"@id":"https:\/\/www.article-marketing.eu\/comunicati\/arte-e-cultura\/torino-la-mole-antonelliana-espone-il-modello-ligneo-tattile-per-ipovedenti\/"},"author":{"name":"Redazione Comunicati Stampa","@id":"https:\/\/www.article-marketing.eu\/comunicati\/#\/schema\/person\/44372e4d4d0fa797b18e03ed1ace9017"},"headline":"Torino, la Mole Antonelliana espone il modello ligneo tattile per ipovedenti.","datePublished":"2009-12-30T13:26:02+00:00","mainEntityOfPage":{"@id":"https:\/\/www.article-marketing.eu\/comunicati\/arte-e-cultura\/torino-la-mole-antonelliana-espone-il-modello-ligneo-tattile-per-ipovedenti\/"},"wordCount":551,"commentCount":0,"keywords":["architettura","enrico bergonzoni","modello","mole antonelliana","plastico","Torino"],"articleSection":["Arte e cultura"],"inLanguage":"it-IT","potentialAction":[{"@type":"CommentAction","name":"Comment","target":["https:\/\/www.article-marketing.eu\/comunicati\/arte-e-cultura\/torino-la-mole-antonelliana-espone-il-modello-ligneo-tattile-per-ipovedenti\/#respond"]}]},{"@type":"WebPage","@id":"https:\/\/www.article-marketing.eu\/comunicati\/arte-e-cultura\/torino-la-mole-antonelliana-espone-il-modello-ligneo-tattile-per-ipovedenti\/","url":"https:\/\/www.article-marketing.eu\/comunicati\/arte-e-cultura\/torino-la-mole-antonelliana-espone-il-modello-ligneo-tattile-per-ipovedenti\/","name":"Torino, la Mole Antonelliana espone il modello ligneo tattile per ipovedenti. - Article Marketing","isPartOf":{"@id":"https:\/\/www.article-marketing.eu\/comunicati\/#website"},"datePublished":"2009-12-30T13:26:02+00:00","author":{"@id":"https:\/\/www.article-marketing.eu\/comunicati\/#\/schema\/person\/44372e4d4d0fa797b18e03ed1ace9017"},"breadcrumb":{"@id":"https:\/\/www.article-marketing.eu\/comunicati\/arte-e-cultura\/torino-la-mole-antonelliana-espone-il-modello-ligneo-tattile-per-ipovedenti\/#breadcrumb"},"inLanguage":"it-IT","potentialAction":[{"@type":"ReadAction","target":["https:\/\/www.article-marketing.eu\/comunicati\/arte-e-cultura\/torino-la-mole-antonelliana-espone-il-modello-ligneo-tattile-per-ipovedenti\/"]}]},{"@type":"BreadcrumbList","@id":"https:\/\/www.article-marketing.eu\/comunicati\/arte-e-cultura\/torino-la-mole-antonelliana-espone-il-modello-ligneo-tattile-per-ipovedenti\/#breadcrumb","itemListElement":[{"@type":"ListItem","position":1,"name":"Home","item":"https:\/\/www.article-marketing.eu\/comunicati\/"},{"@type":"ListItem","position":2,"name":"Torino, la Mole Antonelliana espone il modello ligneo tattile per ipovedenti."}]},{"@type":"WebSite","@id":"https:\/\/www.article-marketing.eu\/comunicati\/#website","url":"https:\/\/www.article-marketing.eu\/comunicati\/","name":"Article Marketing","description":"article marketing &amp; press release","potentialAction":[{"@type":"SearchAction","target":{"@type":"EntryPoint","urlTemplate":"https:\/\/www.article-marketing.eu\/comunicati\/?s={search_term_string}"},"query-input":{"@type":"PropertyValueSpecification","valueRequired":true,"valueName":"search_term_string"}}],"inLanguage":"it-IT"},{"@type":"Person","@id":"https:\/\/www.article-marketing.eu\/comunicati\/#\/schema\/person\/44372e4d4d0fa797b18e03ed1ace9017","name":"Redazione Comunicati Stampa","image":{"@type":"ImageObject","inLanguage":"it-IT","@id":"https:\/\/www.article-marketing.eu\/comunicati\/#\/schema\/person\/image\/","url":"https:\/\/secure.gravatar.com\/avatar\/50e5c6421d3072f42e7ace803501602c60d75233d34e29fd05feb91c8760b792?s=96&d=mm&r=g","contentUrl":"https:\/\/secure.gravatar.com\/avatar\/50e5c6421d3072f42e7ace803501602c60d75233d34e29fd05feb91c8760b792?s=96&d=mm&r=g","caption":"Redazione Comunicati Stampa"},"url":"https:\/\/www.article-marketing.eu\/comunicati\/author\/redazione-comunicati-stampa\/"}]}},"_links":{"self":[{"href":"https:\/\/www.article-marketing.eu\/comunicati\/wp-json\/wp\/v2\/posts\/3741","targetHints":{"allow":["GET"]}}],"collection":[{"href":"https:\/\/www.article-marketing.eu\/comunicati\/wp-json\/wp\/v2\/posts"}],"about":[{"href":"https:\/\/www.article-marketing.eu\/comunicati\/wp-json\/wp\/v2\/types\/post"}],"author":[{"embeddable":true,"href":"https:\/\/www.article-marketing.eu\/comunicati\/wp-json\/wp\/v2\/users\/10"}],"replies":[{"embeddable":true,"href":"https:\/\/www.article-marketing.eu\/comunicati\/wp-json\/wp\/v2\/comments?post=3741"}],"version-history":[{"count":0,"href":"https:\/\/www.article-marketing.eu\/comunicati\/wp-json\/wp\/v2\/posts\/3741\/revisions"}],"wp:attachment":[{"href":"https:\/\/www.article-marketing.eu\/comunicati\/wp-json\/wp\/v2\/media?parent=3741"}],"wp:term":[{"taxonomy":"category","embeddable":true,"href":"https:\/\/www.article-marketing.eu\/comunicati\/wp-json\/wp\/v2\/categories?post=3741"},{"taxonomy":"post_tag","embeddable":true,"href":"https:\/\/www.article-marketing.eu\/comunicati\/wp-json\/wp\/v2\/tags?post=3741"}],"curies":[{"name":"wp","href":"https:\/\/api.w.org\/{rel}","templated":true}]}}