{"id":3749,"date":"2010-01-03T17:41:20","date_gmt":"2010-01-03T16:41:20","guid":{"rendered":"http:\/\/www.article-marketing.eu\/comunicati\/senza-categoria\/iran-crepe-nel-regime-ce-aria-di-79\/"},"modified":"2010-01-03T17:41:20","modified_gmt":"2010-01-03T16:41:20","slug":"iran-crepe-nel-regime-ce-aria-di-79","status":"publish","type":"post","link":"https:\/\/www.article-marketing.eu\/comunicati\/arte-e-cultura\/giornalismo\/iran-crepe-nel-regime-ce-aria-di-79\/","title":{"rendered":"Iran : crepe nel regime. C&#8217;\u00e8 aria di &#8217;79."},"content":{"rendered":"<p>Trent&#8217;anni fa, con una rivoluzione che l&#8217;Europa e in parte anche<br \/>\nl&#8217;America non esitarono a fiancheggiare, l&#8217;Iran si ribell\u00f2 contro<br \/>\nquella che considerava una dinastia dispotica (i Pahlavi), costringendo<br \/>\nlo Sci\u00e0 all&#8217;esilio e dando via libera al regime teocratico islamico<br \/>\ndell&#8217;Ayatollah Khomeini e dei suoi successori. Oggi nel paese tira aria<br \/>\ndi un nuovo &#8217;79, anche se questa volta il regime che si vorrebbe<br \/>\nscalzatre \u00e8 proprio quello clericale che fa capo alla Guida Suprema Ali<br \/>\nKhamenei e gode della compiacemza e dell&#8217;alleanza con il contestato<br \/>\npresidente Mahmud Ahmadinejad. Due fattori accomunano le due rivolte:<br \/>\nanche la rivoluzione khomeinista cominci\u00f2 proprio nel giorno della<br \/>\nfesta religiosa sciita dell&#8217;Ashura e allora come oggi furono i giovani<br \/>\na giocare un ruolo fondamentale nel ribaltamento dello status quo.<br \/>\nAnche in questi giorni assistiamo alla mobilitazione di centinaia di<br \/>\nmigliaia di giovani che non si fanno intimidire dalla repressione. E&#8217;<br \/>\nsoprattutto nelle loro mani e in quelle della classe riformista che \u00e8<br \/>\nposto il destino di Teheran. In senso pi\u00f9 ampio, a sfidare il regime \u00e8<br \/>\noggi un forte movimento civile e urbano guidato, oltre che dai giovani,<br \/>\nda fasce non trascurabili della borghesia iraniana, la cui opposizione<br \/>\nsi esrcita indipendentemente dai leader politici.<br \/>Il regime ha ormai<br \/>\nda tempo individuato un nemico interno avviato ad allargare il dissenso<br \/>\na macchia d&#8217;olio. Nello stesso tempo va detto che lo stesso regime sa<br \/>\ndi potere ancora contare sull&#8217;appoggio di una parte considerevole della<br \/>\npopolazione. Non, tuttavia, al punto da non accogersi che dopo la<br \/>\ncredibilit\u00e0 democratica persa con i brogli che hanno accompagnato le<br \/>\nelezioni dello scorso giugno e che hanno innescato le prime scintille<br \/>\ndella ribellione, sta ora almeno parzialmente venendo meno, con i morti<br \/>\ndel giorno dell&#8217;Ashura, anche la credibilit\u00e0 delle istituzioni<br \/>\nreligiose al potere. Al momento attuale la situazione si presenta<br \/>\nancora nelle vesti di una rivoluzione strisciante destinata, se prima<br \/>\nnon verr\u00e0 sedata del tutto con la forza, a trsformarsi in una<br \/>\nrivoluzione di velluto o ancora di pi\u00f9 in un processo generale e<br \/>\nviolento tale da portare ad un cambiamento radicale di regime.<br \/>E<br \/>\nl&#8217;Occidente&#8217; L&#8217;Occidente non sa che fare, \u00e8 spiazzato soprattutto dal<br \/>\nfatto che \u00e8 sempre meno in grado di distinguere chi siano gli<br \/>\ninterlocutori con cui tentare di instaurare un dialogo. Il dialogo \u00e8<br \/>\nfallito e presto arriveranno le sanzioni, non mancano di ripetere la<br \/>\nsegretaria di Stato Hillary Clinton nonch\u00e8 il ministro della Difesa Bob<br \/>\nGates. Ma le sanzioni si sa che potranno essere adottate in sede di<br \/>\nNazioni Unite solo con la collaborazione di Cina e Russia, di cui la<br \/>\nprima (con un occhio sempre rivolto agli affari) non disdegna il doppio<br \/>\ngioco, mentre la seconda si dichiara contraria secondo Putin e<br \/>\npossibilista secondo Medvedev. E inoltre c&#8217;\u00e8 chi dubita dell&#8217;efficacia<br \/>\ndelle stesse sanzioni, che colpirebbero il popolo iraniano e non il<br \/>\nregime.<br \/>Paralllelamente risulta sempre pi\u00f9 superata dagli eventi la<br \/>\npolitica della mano tesa instaurata da Obama nei confronti di Teheran:<br \/>\npolitica che poteva avere un senso quando l&#8217;opposizione era<br \/>\nminoritaria, ma non l&#8217;ha pi\u00f9 nel momento in cui la rivolta sta<br \/>\nassumendo dimensioni imponenti.<br \/>Entra in campo anche l&#8217;ipotesi di un<br \/>\nintervento militare, della cui necessit\u00e0 \u00e8 ora convinto Alan<br \/>\nJ.Kuperman, direttore del Programma di prevenzione delle proliferazione<br \/>\nnucleare che fa capo all&#8217; niversit\u00e0 del Texas, il quale dalle colonne<br \/>\ndel New York Times scrive che l&#8217;unico modo per fermare l&#8217;Iran nella sua<br \/>\ncorsa al nucleare \u00e8 attraverso borbardamenti effettueti dalle forze<br \/>\namericane. &quot;I negoziati volti a prevenire la proliferazione nucleare &#8211;<br \/>\nafferma Kuperman &#8211; sono sempre preferibili all&#8217;azione militare. Ma di<br \/>\nfronte al fallimento della diplomazia, siamo arrivati al punto punto in<br \/>\ncui gli attacchi aerei si rivelano l&#8217;unica opzione preticabile&quot;.<br \/>Ovviamente<br \/>\nnon la pensano tutti cos\u00ec, anche se viene notato come, di fronte ai<br \/>\nnegoziati sul nucleare, Teheran non faccia che passare da una chiusura<br \/>\nall&#8217;altra, cercando ogni volta di prendere tempo e mettendo cos\u00ec in<br \/>\natto una tattica di dilazione permanente.<br \/>Chi non crede ad un<br \/>\nintervento esterno diretto, che verrebbe visto come un&#8217;interferenza,<br \/>\nopta invece per due scenari: il primo \u00e8 quello comunque di non far<br \/>\nmancare dall&#8217;esterno il sostegno morale alle forze della rivolta in<br \/>\natto; l&#8217;altro, pi\u00f9 realistico, \u00e8 l&#8217;attesa costruttiva che nasce dalla<br \/>\nconsapevolezza che prima o poi il regime iraniano croller\u00e0 per un<br \/>\nprocesso di implosione o di autocombustione. Ci\u00f2 che ancora manca \u00e8<br \/>\nl&#8217;aprirsi di una breccia sufficientemente ampia per dare successo alla<br \/>\nrivolta o pressioni tali da determinare per il regime di teheran un<br \/>\ndecisivo punto di rottura.<br \/>Autore : Gerardo Morina<\/p>\n","protected":false},"excerpt":{"rendered":"<p>Trent&#8217;anni fa con una rivoluzione l&#8217;Iran si ribell\u00f2 contro quella che considerava una dinastia dispotica, i Pahlavi, costringendo lo Sci\u00e0 all&#8217;esilio e dando via libera al regime teocratico islamico. Oggi nel Paese tira aria di un nuovo &#8217;79.<\/p>\n","protected":false},"author":10,"featured_media":0,"comment_status":"open","ping_status":"open","sticky":false,"template":"","format":"standard","meta":{"cybocfi_hide_featured_image":"","footnotes":""},"categories":[218],"tags":[],"class_list":["post-3749","post","type-post","status-publish","format-standard","hentry","category-giornalismo"],"yoast_head":"<!-- This site is optimized with the Yoast SEO plugin v27.0 - https:\/\/yoast.com\/product\/yoast-seo-wordpress\/ -->\n<title>Iran : crepe nel regime. C&#039;\u00e8 aria di &#039;79. - Article Marketing<\/title>\n<meta name=\"robots\" content=\"index, follow, max-snippet:-1, max-image-preview:large, max-video-preview:-1\" \/>\n<link rel=\"canonical\" href=\"https:\/\/www.article-marketing.eu\/comunicati\/arte-e-cultura\/giornalismo\/iran-crepe-nel-regime-ce-aria-di-79\/\" \/>\n<meta property=\"og:locale\" content=\"it_IT\" \/>\n<meta property=\"og:type\" content=\"article\" \/>\n<meta property=\"og:title\" content=\"Iran : crepe nel regime. C&#039;\u00e8 aria di &#039;79. - Article Marketing\" \/>\n<meta property=\"og:description\" content=\"Trent&#039;anni fa con una rivoluzione l&#039;Iran si ribell\u00f2 contro quella che considerava una dinastia dispotica, i Pahlavi, costringendo lo Sci\u00e0 all&#039;esilio e dando via libera al regime teocratico islamico. Oggi nel Paese tira aria di un nuovo &#039;79.\" \/>\n<meta property=\"og:url\" content=\"https:\/\/www.article-marketing.eu\/comunicati\/arte-e-cultura\/giornalismo\/iran-crepe-nel-regime-ce-aria-di-79\/\" \/>\n<meta property=\"og:site_name\" content=\"Article Marketing\" \/>\n<meta property=\"article:published_time\" content=\"2010-01-03T16:41:20+00:00\" \/>\n<meta name=\"author\" content=\"Redazione Comunicati Stampa\" \/>\n<meta name=\"twitter:card\" content=\"summary_large_image\" \/>\n<meta name=\"twitter:label1\" content=\"Scritto da\" \/>\n\t<meta name=\"twitter:data1\" content=\"Redazione Comunicati Stampa\" \/>\n\t<meta name=\"twitter:label2\" content=\"Tempo di lettura stimato\" \/>\n\t<meta name=\"twitter:data2\" content=\"4 minuti\" \/>\n<script type=\"application\/ld+json\" class=\"yoast-schema-graph\">{\"@context\":\"https:\/\/schema.org\",\"@graph\":[{\"@type\":\"Article\",\"@id\":\"https:\/\/www.article-marketing.eu\/comunicati\/arte-e-cultura\/giornalismo\/iran-crepe-nel-regime-ce-aria-di-79\/#article\",\"isPartOf\":{\"@id\":\"https:\/\/www.article-marketing.eu\/comunicati\/arte-e-cultura\/giornalismo\/iran-crepe-nel-regime-ce-aria-di-79\/\"},\"author\":{\"name\":\"Redazione Comunicati Stampa\",\"@id\":\"https:\/\/www.article-marketing.eu\/comunicati\/#\/schema\/person\/44372e4d4d0fa797b18e03ed1ace9017\"},\"headline\":\"Iran : crepe nel regime. C&#8217;\u00e8 aria di &#8217;79.\",\"datePublished\":\"2010-01-03T16:41:20+00:00\",\"mainEntityOfPage\":{\"@id\":\"https:\/\/www.article-marketing.eu\/comunicati\/arte-e-cultura\/giornalismo\/iran-crepe-nel-regime-ce-aria-di-79\/\"},\"wordCount\":748,\"commentCount\":0,\"articleSection\":[\"Giornalismo\"],\"inLanguage\":\"it-IT\",\"potentialAction\":[{\"@type\":\"CommentAction\",\"name\":\"Comment\",\"target\":[\"https:\/\/www.article-marketing.eu\/comunicati\/arte-e-cultura\/giornalismo\/iran-crepe-nel-regime-ce-aria-di-79\/#respond\"]}]},{\"@type\":\"WebPage\",\"@id\":\"https:\/\/www.article-marketing.eu\/comunicati\/arte-e-cultura\/giornalismo\/iran-crepe-nel-regime-ce-aria-di-79\/\",\"url\":\"https:\/\/www.article-marketing.eu\/comunicati\/arte-e-cultura\/giornalismo\/iran-crepe-nel-regime-ce-aria-di-79\/\",\"name\":\"Iran : crepe nel regime. C'\u00e8 aria di '79. - Article Marketing\",\"isPartOf\":{\"@id\":\"https:\/\/www.article-marketing.eu\/comunicati\/#website\"},\"datePublished\":\"2010-01-03T16:41:20+00:00\",\"author\":{\"@id\":\"https:\/\/www.article-marketing.eu\/comunicati\/#\/schema\/person\/44372e4d4d0fa797b18e03ed1ace9017\"},\"breadcrumb\":{\"@id\":\"https:\/\/www.article-marketing.eu\/comunicati\/arte-e-cultura\/giornalismo\/iran-crepe-nel-regime-ce-aria-di-79\/#breadcrumb\"},\"inLanguage\":\"it-IT\",\"potentialAction\":[{\"@type\":\"ReadAction\",\"target\":[\"https:\/\/www.article-marketing.eu\/comunicati\/arte-e-cultura\/giornalismo\/iran-crepe-nel-regime-ce-aria-di-79\/\"]}]},{\"@type\":\"BreadcrumbList\",\"@id\":\"https:\/\/www.article-marketing.eu\/comunicati\/arte-e-cultura\/giornalismo\/iran-crepe-nel-regime-ce-aria-di-79\/#breadcrumb\",\"itemListElement\":[{\"@type\":\"ListItem\",\"position\":1,\"name\":\"Home\",\"item\":\"https:\/\/www.article-marketing.eu\/comunicati\/\"},{\"@type\":\"ListItem\",\"position\":2,\"name\":\"Iran : crepe nel regime. C&#8217;\u00e8 aria di &#8217;79.\"}]},{\"@type\":\"WebSite\",\"@id\":\"https:\/\/www.article-marketing.eu\/comunicati\/#website\",\"url\":\"https:\/\/www.article-marketing.eu\/comunicati\/\",\"name\":\"Article Marketing\",\"description\":\"article marketing &amp; press release\",\"potentialAction\":[{\"@type\":\"SearchAction\",\"target\":{\"@type\":\"EntryPoint\",\"urlTemplate\":\"https:\/\/www.article-marketing.eu\/comunicati\/?s={search_term_string}\"},\"query-input\":{\"@type\":\"PropertyValueSpecification\",\"valueRequired\":true,\"valueName\":\"search_term_string\"}}],\"inLanguage\":\"it-IT\"},{\"@type\":\"Person\",\"@id\":\"https:\/\/www.article-marketing.eu\/comunicati\/#\/schema\/person\/44372e4d4d0fa797b18e03ed1ace9017\",\"name\":\"Redazione Comunicati Stampa\",\"image\":{\"@type\":\"ImageObject\",\"inLanguage\":\"it-IT\",\"@id\":\"https:\/\/www.article-marketing.eu\/comunicati\/#\/schema\/person\/image\/\",\"url\":\"https:\/\/secure.gravatar.com\/avatar\/50e5c6421d3072f42e7ace803501602c60d75233d34e29fd05feb91c8760b792?s=96&d=mm&r=g\",\"contentUrl\":\"https:\/\/secure.gravatar.com\/avatar\/50e5c6421d3072f42e7ace803501602c60d75233d34e29fd05feb91c8760b792?s=96&d=mm&r=g\",\"caption\":\"Redazione Comunicati Stampa\"},\"url\":\"https:\/\/www.article-marketing.eu\/comunicati\/author\/redazione-comunicati-stampa\/\"}]}<\/script>\n<!-- \/ Yoast SEO plugin. -->","yoast_head_json":{"title":"Iran : crepe nel regime. C'\u00e8 aria di '79. - Article Marketing","robots":{"index":"index","follow":"follow","max-snippet":"max-snippet:-1","max-image-preview":"max-image-preview:large","max-video-preview":"max-video-preview:-1"},"canonical":"https:\/\/www.article-marketing.eu\/comunicati\/arte-e-cultura\/giornalismo\/iran-crepe-nel-regime-ce-aria-di-79\/","og_locale":"it_IT","og_type":"article","og_title":"Iran : crepe nel regime. C'\u00e8 aria di '79. - Article Marketing","og_description":"Trent'anni fa con una rivoluzione l'Iran si ribell\u00f2 contro quella che considerava una dinastia dispotica, i Pahlavi, costringendo lo Sci\u00e0 all'esilio e dando via libera al regime teocratico islamico. Oggi nel Paese tira aria di un nuovo '79.","og_url":"https:\/\/www.article-marketing.eu\/comunicati\/arte-e-cultura\/giornalismo\/iran-crepe-nel-regime-ce-aria-di-79\/","og_site_name":"Article Marketing","article_published_time":"2010-01-03T16:41:20+00:00","author":"Redazione Comunicati Stampa","twitter_card":"summary_large_image","twitter_misc":{"Scritto da":"Redazione Comunicati Stampa","Tempo di lettura stimato":"4 minuti"},"schema":{"@context":"https:\/\/schema.org","@graph":[{"@type":"Article","@id":"https:\/\/www.article-marketing.eu\/comunicati\/arte-e-cultura\/giornalismo\/iran-crepe-nel-regime-ce-aria-di-79\/#article","isPartOf":{"@id":"https:\/\/www.article-marketing.eu\/comunicati\/arte-e-cultura\/giornalismo\/iran-crepe-nel-regime-ce-aria-di-79\/"},"author":{"name":"Redazione Comunicati Stampa","@id":"https:\/\/www.article-marketing.eu\/comunicati\/#\/schema\/person\/44372e4d4d0fa797b18e03ed1ace9017"},"headline":"Iran : crepe nel regime. C&#8217;\u00e8 aria di &#8217;79.","datePublished":"2010-01-03T16:41:20+00:00","mainEntityOfPage":{"@id":"https:\/\/www.article-marketing.eu\/comunicati\/arte-e-cultura\/giornalismo\/iran-crepe-nel-regime-ce-aria-di-79\/"},"wordCount":748,"commentCount":0,"articleSection":["Giornalismo"],"inLanguage":"it-IT","potentialAction":[{"@type":"CommentAction","name":"Comment","target":["https:\/\/www.article-marketing.eu\/comunicati\/arte-e-cultura\/giornalismo\/iran-crepe-nel-regime-ce-aria-di-79\/#respond"]}]},{"@type":"WebPage","@id":"https:\/\/www.article-marketing.eu\/comunicati\/arte-e-cultura\/giornalismo\/iran-crepe-nel-regime-ce-aria-di-79\/","url":"https:\/\/www.article-marketing.eu\/comunicati\/arte-e-cultura\/giornalismo\/iran-crepe-nel-regime-ce-aria-di-79\/","name":"Iran : crepe nel regime. C'\u00e8 aria di '79. - Article Marketing","isPartOf":{"@id":"https:\/\/www.article-marketing.eu\/comunicati\/#website"},"datePublished":"2010-01-03T16:41:20+00:00","author":{"@id":"https:\/\/www.article-marketing.eu\/comunicati\/#\/schema\/person\/44372e4d4d0fa797b18e03ed1ace9017"},"breadcrumb":{"@id":"https:\/\/www.article-marketing.eu\/comunicati\/arte-e-cultura\/giornalismo\/iran-crepe-nel-regime-ce-aria-di-79\/#breadcrumb"},"inLanguage":"it-IT","potentialAction":[{"@type":"ReadAction","target":["https:\/\/www.article-marketing.eu\/comunicati\/arte-e-cultura\/giornalismo\/iran-crepe-nel-regime-ce-aria-di-79\/"]}]},{"@type":"BreadcrumbList","@id":"https:\/\/www.article-marketing.eu\/comunicati\/arte-e-cultura\/giornalismo\/iran-crepe-nel-regime-ce-aria-di-79\/#breadcrumb","itemListElement":[{"@type":"ListItem","position":1,"name":"Home","item":"https:\/\/www.article-marketing.eu\/comunicati\/"},{"@type":"ListItem","position":2,"name":"Iran : crepe nel regime. C&#8217;\u00e8 aria di &#8217;79."}]},{"@type":"WebSite","@id":"https:\/\/www.article-marketing.eu\/comunicati\/#website","url":"https:\/\/www.article-marketing.eu\/comunicati\/","name":"Article Marketing","description":"article marketing &amp; press release","potentialAction":[{"@type":"SearchAction","target":{"@type":"EntryPoint","urlTemplate":"https:\/\/www.article-marketing.eu\/comunicati\/?s={search_term_string}"},"query-input":{"@type":"PropertyValueSpecification","valueRequired":true,"valueName":"search_term_string"}}],"inLanguage":"it-IT"},{"@type":"Person","@id":"https:\/\/www.article-marketing.eu\/comunicati\/#\/schema\/person\/44372e4d4d0fa797b18e03ed1ace9017","name":"Redazione Comunicati Stampa","image":{"@type":"ImageObject","inLanguage":"it-IT","@id":"https:\/\/www.article-marketing.eu\/comunicati\/#\/schema\/person\/image\/","url":"https:\/\/secure.gravatar.com\/avatar\/50e5c6421d3072f42e7ace803501602c60d75233d34e29fd05feb91c8760b792?s=96&d=mm&r=g","contentUrl":"https:\/\/secure.gravatar.com\/avatar\/50e5c6421d3072f42e7ace803501602c60d75233d34e29fd05feb91c8760b792?s=96&d=mm&r=g","caption":"Redazione Comunicati Stampa"},"url":"https:\/\/www.article-marketing.eu\/comunicati\/author\/redazione-comunicati-stampa\/"}]}},"_links":{"self":[{"href":"https:\/\/www.article-marketing.eu\/comunicati\/wp-json\/wp\/v2\/posts\/3749","targetHints":{"allow":["GET"]}}],"collection":[{"href":"https:\/\/www.article-marketing.eu\/comunicati\/wp-json\/wp\/v2\/posts"}],"about":[{"href":"https:\/\/www.article-marketing.eu\/comunicati\/wp-json\/wp\/v2\/types\/post"}],"author":[{"embeddable":true,"href":"https:\/\/www.article-marketing.eu\/comunicati\/wp-json\/wp\/v2\/users\/10"}],"replies":[{"embeddable":true,"href":"https:\/\/www.article-marketing.eu\/comunicati\/wp-json\/wp\/v2\/comments?post=3749"}],"version-history":[{"count":0,"href":"https:\/\/www.article-marketing.eu\/comunicati\/wp-json\/wp\/v2\/posts\/3749\/revisions"}],"wp:attachment":[{"href":"https:\/\/www.article-marketing.eu\/comunicati\/wp-json\/wp\/v2\/media?parent=3749"}],"wp:term":[{"taxonomy":"category","embeddable":true,"href":"https:\/\/www.article-marketing.eu\/comunicati\/wp-json\/wp\/v2\/categories?post=3749"},{"taxonomy":"post_tag","embeddable":true,"href":"https:\/\/www.article-marketing.eu\/comunicati\/wp-json\/wp\/v2\/tags?post=3749"}],"curies":[{"name":"wp","href":"https:\/\/api.w.org\/{rel}","templated":true}]}}