{"id":3752,"date":"2010-01-04T15:08:19","date_gmt":"2010-01-04T14:08:19","guid":{"rendered":"http:\/\/www.article-marketing.eu\/comunicati\/senza-categoria\/offerta-speciale-per-visitare-la-costiera-amalfitana\/"},"modified":"2010-01-04T15:08:19","modified_gmt":"2010-01-04T14:08:19","slug":"offerta-speciale-per-visitare-la-costiera-amalfitana","status":"publish","type":"post","link":"https:\/\/www.article-marketing.eu\/comunicati\/viaggi-e-vacanze\/hotels-ed-alberghi\/offerta-speciale-per-visitare-la-costiera-amalfitana\/","title":{"rendered":"offerta speciale per visitare la costiera amalfitana"},"content":{"rendered":"<p>Il Nido Verde si trova ad Agerola, in una posizione strategica; a pochi passi da noi prende il via il meraviglioso Sentiero degli Dei, tracciato a mezz\u2019aria che conduce a Positano, itinerario imperdibile per gli amanti del trekking e definito dal New York Times uno fra i pi\u00f9 belli al mondo.<\/p>\n<p>A dire il vero questo non \u00e8 che il pi\u00f9 famoso; di notevole bellezza sono anche il sentiero che attraversa l\u2019area protetta della Valle delle Ferriere e termina ad Amalfi e l\u2019arrampicata sul S. Angelo a Tre Pizzi, la cima pi\u00f9 alta della catena dei Monti Lattari da cui si potr\u00e0 godere di un panorama mozzafiato a 360 gradi su Costa d\u2019Amalfi, Penisola Sorrentina, Golfo di Salerno e di Napoli, Vesuvio compreso. A ristorare i camminanti e a ritemprarli provveder\u00e0 il nostro giardino, tranquillo e riparato dai rumori e dal caos. Ma per il turista sar\u00e0 difficile resistere al vicino richiamo di una meta storica importante come Amalfi, l\u2019antica Repubblica Marinara, o rinunciare ad una passeggiata mondana a Positano ed a Ravello, il cui festival \u00e8 diventato meta culturale di rilievo mondiale, con i numerosi spettacoli che spaziano dalle arti figurative alla recitazione ed alla musica. Il visitatore potr\u00e0 alternarsi senza frenesia alcuna fra il versante costiero, con la frizzante vita notturna di Sorrento e la sua movida che si trascina fino all\u2019alba, e l\u2019interno della penisola sorrentina, ai limiti della quale riposano da secoli gli scavi archeologici di Pompei ed Ercolano.<\/p>\n<p>E come si potr\u00e0 non visitare Napoli, il museo di Capodimonte, il Maschio Angioino, il Duomo con la Cappella del Tesoro di S.Gennaro, il Museo Archeologico, il teatro San Carlo, tempio della musica classica e dell\u2019opera o rinunciare ad una foto da incorniciare del Castel dell\u2019Ovo, affacciato sul mare? Si potr\u00e0 magari pensare di riempirsi gli occhi con tutte queste meraviglie messe assieme, con una veduta aerea della citt\u00e0 dalla collina di Posillipo, ammirando sullo sfondo il Vesuvio che attirer\u00e0 a s\u00e9 gli occhi: \u00e8 la magia di questo vulcano, protagonista assoluto dell\u2019iconografia partenopea ma sempre temuto e guardato con attenzione dai napoletani, I visitatori troveranno una citt\u00e0 trasformata, meta affermata all\u2019interno del panorama internazionale dell\u2019arte contemporanea grazie alle prestigiose rassegne ospitate nei giovanissimi Pan ( Palazzo delle arti di Napoli) e soprattutto nel Madre ( Museo d\u2019arte Donna Regina). Il palmares \u00e8 gi\u00e0 molto ricco: Baselitz, Piero Manzoni, Francesco Clemente, Alighiero Boetti, Jeff Koons, Anish Kappoor sono solo alcune delle mostre dai grandi numeri, oltre alle storiche gallerie d\u2019arte, ancora dinamiche ed attente, come nei favolosi anni 60 e 70, nel proporre nuovi talenti.<\/p>\n<p>Il turista, soggiornando nella nostra confortevole struttura, non avr\u00e0 che l\u2019imbarazzo della scelta; la fitta rete di servizi pubblici, oltre al fatto di poter contare sul supporto logistico della nostra famiglia, lo agevoleranno negli spostamenti attraverso tutte le mete, comprese le isole del golfo di Napoli. Da Amalfi partono le navi per l\u2019isola azzurra, Capri, rifugio dorato degli intellettuali di mezzo mondo, con i suoi imponenti faraglioni a vigilare e a custodirne l\u2019incanto e la bellezza. Da Napoli in poco meno di mezz\u2019ora si pu\u00f2 attraccare ad Ischia, l\u2019isola verde famosa per i suoi bagni termali e per le sue ampie oasi di relax; ancora da Napoli, in pochi minuti si raggiunge la meno conosciuta Procida, al riparo dalle orde schiamazzanti e che custodisce, silenziosamente e caparbiamente, ancora intatto, tutto il suo fascino marinaresco<\/p>\n","protected":false},"excerpt":{"rendered":"<p>Il visitatore che decider\u00e0 di fermarsi ad Agerola, la terrazza sull\u2019infinito assopita ed incastrata fra i Monti Lattari, elevata sulle costiere amalfitana e sorrentina, potr\u00e0 soggiornare presso il \u201cNido Verde\u201d;<br \/>\n a pochi passi da noi prende il via il meraviglioso Sentiero degli Dei, tracciato a mezz\u2019aria che conduce a Positano, itinerario imperdibile per gli amanti del trekking e definito dal New York Times uno fra i pi\u00f9 belli al mondo. A dire il vero questo non \u00e8 che il pi\u00f9 famoso; di notevole bellezza sono anche il sentiero che attraversa l\u2019area protetta della Valle delle Ferriere e termina ad Amalfi e l\u2019arrampicata sul S. Angelo a Tre Pizzi, la cima pi\u00f9 alta della catena dei Lattari da cui si potr\u00e0 godere di un panorama mozzafiato a 360 gradi su Costa d\u2019Amalfi, Penisola Sorrentina, Golfo di Salerno e di Napoli, Vesuvio compreso.<br \/>\nMa per il turista sar\u00e0 difficile resistere al vicino richiamo di una meta storica importante come Amalfi, l\u2019antica Repubblica Marinara, o rinunciare ad una passeggiata mondana a Positano ed a Ravello, il cui festival \u00e8 diventato meta culturale di rilievo mondiale, con i numerosi spettacoli che spaziano dalle arti figurative alla recitazione ed alla musica<\/p>\n","protected":false},"author":10,"featured_media":0,"comment_status":"open","ping_status":"open","sticky":false,"template":"","format":"standard","meta":{"cybocfi_hide_featured_image":"","footnotes":""},"categories":[151],"tags":[3714,250,1198,1199,255],"class_list":["post-3752","post","type-post","status-publish","format-standard","hentry","category-hotels-ed-alberghi","tag-amalfi","tag-bb","tag-campania","tag-costiera-amalfitana","tag-hotel"],"yoast_head":"<!-- This site is optimized with the Yoast SEO plugin v27.0 - https:\/\/yoast.com\/product\/yoast-seo-wordpress\/ -->\n<title>offerta speciale per visitare la costiera amalfitana - Article Marketing<\/title>\n<meta name=\"robots\" content=\"index, follow, max-snippet:-1, max-image-preview:large, max-video-preview:-1\" \/>\n<link rel=\"canonical\" href=\"https:\/\/www.article-marketing.eu\/comunicati\/viaggi-e-vacanze\/hotels-ed-alberghi\/offerta-speciale-per-visitare-la-costiera-amalfitana\/\" \/>\n<meta property=\"og:locale\" content=\"it_IT\" \/>\n<meta property=\"og:type\" content=\"article\" \/>\n<meta property=\"og:title\" content=\"offerta speciale per visitare la costiera amalfitana - Article Marketing\" \/>\n<meta property=\"og:description\" content=\"Il visitatore che decider\u00e0 di fermarsi ad Agerola, la terrazza sull\u2019infinito assopita ed incastrata fra i Monti Lattari, elevata sulle costiere amalfitana e sorrentina, potr\u00e0 soggiornare presso il \u201cNido Verde\u201d; a pochi passi da noi prende il via il meraviglioso Sentiero degli Dei, tracciato a mezz\u2019aria che conduce a Positano, itinerario imperdibile per gli amanti del trekking e definito dal New York Times uno fra i pi\u00f9 belli al mondo. A dire il vero questo non \u00e8 che il pi\u00f9 famoso; di notevole bellezza sono anche il sentiero che attraversa l\u2019area protetta della Valle delle Ferriere e termina ad Amalfi e l\u2019arrampicata sul S. Angelo a Tre Pizzi, la cima pi\u00f9 alta della catena dei Lattari da cui si potr\u00e0 godere di un panorama mozzafiato a 360 gradi su Costa d\u2019Amalfi, Penisola Sorrentina, Golfo di Salerno e di Napoli, Vesuvio compreso. Ma per il turista sar\u00e0 difficile resistere al vicino richiamo di una meta storica importante come Amalfi, l\u2019antica Repubblica Marinara, o rinunciare ad una passeggiata mondana a Positano ed a Ravello, il cui festival \u00e8 diventato meta culturale di rilievo mondiale, con i numerosi spettacoli che spaziano dalle arti figurative alla recitazione ed alla musica\" \/>\n<meta property=\"og:url\" content=\"https:\/\/www.article-marketing.eu\/comunicati\/viaggi-e-vacanze\/hotels-ed-alberghi\/offerta-speciale-per-visitare-la-costiera-amalfitana\/\" \/>\n<meta property=\"og:site_name\" content=\"Article Marketing\" \/>\n<meta property=\"article:published_time\" content=\"2010-01-04T14:08:19+00:00\" \/>\n<meta name=\"author\" content=\"Redazione Comunicati Stampa\" \/>\n<meta name=\"twitter:card\" content=\"summary_large_image\" \/>\n<meta name=\"twitter:label1\" content=\"Scritto da\" \/>\n\t<meta name=\"twitter:data1\" content=\"Redazione Comunicati Stampa\" \/>\n\t<meta name=\"twitter:label2\" content=\"Tempo di lettura stimato\" \/>\n\t<meta name=\"twitter:data2\" content=\"3 minuti\" \/>\n<script type=\"application\/ld+json\" class=\"yoast-schema-graph\">{\"@context\":\"https:\/\/schema.org\",\"@graph\":[{\"@type\":\"Article\",\"@id\":\"https:\/\/www.article-marketing.eu\/comunicati\/viaggi-e-vacanze\/hotels-ed-alberghi\/offerta-speciale-per-visitare-la-costiera-amalfitana\/#article\",\"isPartOf\":{\"@id\":\"https:\/\/www.article-marketing.eu\/comunicati\/viaggi-e-vacanze\/hotels-ed-alberghi\/offerta-speciale-per-visitare-la-costiera-amalfitana\/\"},\"author\":{\"name\":\"Redazione Comunicati Stampa\",\"@id\":\"https:\/\/www.article-marketing.eu\/comunicati\/#\/schema\/person\/44372e4d4d0fa797b18e03ed1ace9017\"},\"headline\":\"offerta speciale per visitare la costiera amalfitana\",\"datePublished\":\"2010-01-04T14:08:19+00:00\",\"mainEntityOfPage\":{\"@id\":\"https:\/\/www.article-marketing.eu\/comunicati\/viaggi-e-vacanze\/hotels-ed-alberghi\/offerta-speciale-per-visitare-la-costiera-amalfitana\/\"},\"wordCount\":580,\"commentCount\":0,\"keywords\":[\"amalfi\",\"b&amp;b\",\"Campania\",\"Costiera amalfitana\",\"hotel\"],\"articleSection\":[\"Hotels ed alberghi\"],\"inLanguage\":\"it-IT\",\"potentialAction\":[{\"@type\":\"CommentAction\",\"name\":\"Comment\",\"target\":[\"https:\/\/www.article-marketing.eu\/comunicati\/viaggi-e-vacanze\/hotels-ed-alberghi\/offerta-speciale-per-visitare-la-costiera-amalfitana\/#respond\"]}]},{\"@type\":\"WebPage\",\"@id\":\"https:\/\/www.article-marketing.eu\/comunicati\/viaggi-e-vacanze\/hotels-ed-alberghi\/offerta-speciale-per-visitare-la-costiera-amalfitana\/\",\"url\":\"https:\/\/www.article-marketing.eu\/comunicati\/viaggi-e-vacanze\/hotels-ed-alberghi\/offerta-speciale-per-visitare-la-costiera-amalfitana\/\",\"name\":\"offerta speciale per visitare la costiera amalfitana - Article Marketing\",\"isPartOf\":{\"@id\":\"https:\/\/www.article-marketing.eu\/comunicati\/#website\"},\"datePublished\":\"2010-01-04T14:08:19+00:00\",\"author\":{\"@id\":\"https:\/\/www.article-marketing.eu\/comunicati\/#\/schema\/person\/44372e4d4d0fa797b18e03ed1ace9017\"},\"breadcrumb\":{\"@id\":\"https:\/\/www.article-marketing.eu\/comunicati\/viaggi-e-vacanze\/hotels-ed-alberghi\/offerta-speciale-per-visitare-la-costiera-amalfitana\/#breadcrumb\"},\"inLanguage\":\"it-IT\",\"potentialAction\":[{\"@type\":\"ReadAction\",\"target\":[\"https:\/\/www.article-marketing.eu\/comunicati\/viaggi-e-vacanze\/hotels-ed-alberghi\/offerta-speciale-per-visitare-la-costiera-amalfitana\/\"]}]},{\"@type\":\"BreadcrumbList\",\"@id\":\"https:\/\/www.article-marketing.eu\/comunicati\/viaggi-e-vacanze\/hotels-ed-alberghi\/offerta-speciale-per-visitare-la-costiera-amalfitana\/#breadcrumb\",\"itemListElement\":[{\"@type\":\"ListItem\",\"position\":1,\"name\":\"Home\",\"item\":\"https:\/\/www.article-marketing.eu\/comunicati\/\"},{\"@type\":\"ListItem\",\"position\":2,\"name\":\"offerta speciale per visitare la costiera amalfitana\"}]},{\"@type\":\"WebSite\",\"@id\":\"https:\/\/www.article-marketing.eu\/comunicati\/#website\",\"url\":\"https:\/\/www.article-marketing.eu\/comunicati\/\",\"name\":\"Article Marketing\",\"description\":\"article marketing &amp; press release\",\"potentialAction\":[{\"@type\":\"SearchAction\",\"target\":{\"@type\":\"EntryPoint\",\"urlTemplate\":\"https:\/\/www.article-marketing.eu\/comunicati\/?s={search_term_string}\"},\"query-input\":{\"@type\":\"PropertyValueSpecification\",\"valueRequired\":true,\"valueName\":\"search_term_string\"}}],\"inLanguage\":\"it-IT\"},{\"@type\":\"Person\",\"@id\":\"https:\/\/www.article-marketing.eu\/comunicati\/#\/schema\/person\/44372e4d4d0fa797b18e03ed1ace9017\",\"name\":\"Redazione Comunicati Stampa\",\"image\":{\"@type\":\"ImageObject\",\"inLanguage\":\"it-IT\",\"@id\":\"https:\/\/www.article-marketing.eu\/comunicati\/#\/schema\/person\/image\/\",\"url\":\"https:\/\/secure.gravatar.com\/avatar\/50e5c6421d3072f42e7ace803501602c60d75233d34e29fd05feb91c8760b792?s=96&d=mm&r=g\",\"contentUrl\":\"https:\/\/secure.gravatar.com\/avatar\/50e5c6421d3072f42e7ace803501602c60d75233d34e29fd05feb91c8760b792?s=96&d=mm&r=g\",\"caption\":\"Redazione Comunicati Stampa\"},\"url\":\"https:\/\/www.article-marketing.eu\/comunicati\/author\/redazione-comunicati-stampa\/\"}]}<\/script>\n<!-- \/ Yoast SEO plugin. -->","yoast_head_json":{"title":"offerta speciale per visitare la costiera amalfitana - Article Marketing","robots":{"index":"index","follow":"follow","max-snippet":"max-snippet:-1","max-image-preview":"max-image-preview:large","max-video-preview":"max-video-preview:-1"},"canonical":"https:\/\/www.article-marketing.eu\/comunicati\/viaggi-e-vacanze\/hotels-ed-alberghi\/offerta-speciale-per-visitare-la-costiera-amalfitana\/","og_locale":"it_IT","og_type":"article","og_title":"offerta speciale per visitare la costiera amalfitana - Article Marketing","og_description":"Il visitatore che decider\u00e0 di fermarsi ad Agerola, la terrazza sull\u2019infinito assopita ed incastrata fra i Monti Lattari, elevata sulle costiere amalfitana e sorrentina, potr\u00e0 soggiornare presso il \u201cNido Verde\u201d; a pochi passi da noi prende il via il meraviglioso Sentiero degli Dei, tracciato a mezz\u2019aria che conduce a Positano, itinerario imperdibile per gli amanti del trekking e definito dal New York Times uno fra i pi\u00f9 belli al mondo. A dire il vero questo non \u00e8 che il pi\u00f9 famoso; di notevole bellezza sono anche il sentiero che attraversa l\u2019area protetta della Valle delle Ferriere e termina ad Amalfi e l\u2019arrampicata sul S. Angelo a Tre Pizzi, la cima pi\u00f9 alta della catena dei Lattari da cui si potr\u00e0 godere di un panorama mozzafiato a 360 gradi su Costa d\u2019Amalfi, Penisola Sorrentina, Golfo di Salerno e di Napoli, Vesuvio compreso. Ma per il turista sar\u00e0 difficile resistere al vicino richiamo di una meta storica importante come Amalfi, l\u2019antica Repubblica Marinara, o rinunciare ad una passeggiata mondana a Positano ed a Ravello, il cui festival \u00e8 diventato meta culturale di rilievo mondiale, con i numerosi spettacoli che spaziano dalle arti figurative alla recitazione ed alla musica","og_url":"https:\/\/www.article-marketing.eu\/comunicati\/viaggi-e-vacanze\/hotels-ed-alberghi\/offerta-speciale-per-visitare-la-costiera-amalfitana\/","og_site_name":"Article Marketing","article_published_time":"2010-01-04T14:08:19+00:00","author":"Redazione Comunicati Stampa","twitter_card":"summary_large_image","twitter_misc":{"Scritto da":"Redazione Comunicati Stampa","Tempo di lettura stimato":"3 minuti"},"schema":{"@context":"https:\/\/schema.org","@graph":[{"@type":"Article","@id":"https:\/\/www.article-marketing.eu\/comunicati\/viaggi-e-vacanze\/hotels-ed-alberghi\/offerta-speciale-per-visitare-la-costiera-amalfitana\/#article","isPartOf":{"@id":"https:\/\/www.article-marketing.eu\/comunicati\/viaggi-e-vacanze\/hotels-ed-alberghi\/offerta-speciale-per-visitare-la-costiera-amalfitana\/"},"author":{"name":"Redazione Comunicati Stampa","@id":"https:\/\/www.article-marketing.eu\/comunicati\/#\/schema\/person\/44372e4d4d0fa797b18e03ed1ace9017"},"headline":"offerta speciale per visitare la costiera amalfitana","datePublished":"2010-01-04T14:08:19+00:00","mainEntityOfPage":{"@id":"https:\/\/www.article-marketing.eu\/comunicati\/viaggi-e-vacanze\/hotels-ed-alberghi\/offerta-speciale-per-visitare-la-costiera-amalfitana\/"},"wordCount":580,"commentCount":0,"keywords":["amalfi","b&amp;b","Campania","Costiera amalfitana","hotel"],"articleSection":["Hotels ed alberghi"],"inLanguage":"it-IT","potentialAction":[{"@type":"CommentAction","name":"Comment","target":["https:\/\/www.article-marketing.eu\/comunicati\/viaggi-e-vacanze\/hotels-ed-alberghi\/offerta-speciale-per-visitare-la-costiera-amalfitana\/#respond"]}]},{"@type":"WebPage","@id":"https:\/\/www.article-marketing.eu\/comunicati\/viaggi-e-vacanze\/hotels-ed-alberghi\/offerta-speciale-per-visitare-la-costiera-amalfitana\/","url":"https:\/\/www.article-marketing.eu\/comunicati\/viaggi-e-vacanze\/hotels-ed-alberghi\/offerta-speciale-per-visitare-la-costiera-amalfitana\/","name":"offerta speciale per visitare la costiera amalfitana - Article Marketing","isPartOf":{"@id":"https:\/\/www.article-marketing.eu\/comunicati\/#website"},"datePublished":"2010-01-04T14:08:19+00:00","author":{"@id":"https:\/\/www.article-marketing.eu\/comunicati\/#\/schema\/person\/44372e4d4d0fa797b18e03ed1ace9017"},"breadcrumb":{"@id":"https:\/\/www.article-marketing.eu\/comunicati\/viaggi-e-vacanze\/hotels-ed-alberghi\/offerta-speciale-per-visitare-la-costiera-amalfitana\/#breadcrumb"},"inLanguage":"it-IT","potentialAction":[{"@type":"ReadAction","target":["https:\/\/www.article-marketing.eu\/comunicati\/viaggi-e-vacanze\/hotels-ed-alberghi\/offerta-speciale-per-visitare-la-costiera-amalfitana\/"]}]},{"@type":"BreadcrumbList","@id":"https:\/\/www.article-marketing.eu\/comunicati\/viaggi-e-vacanze\/hotels-ed-alberghi\/offerta-speciale-per-visitare-la-costiera-amalfitana\/#breadcrumb","itemListElement":[{"@type":"ListItem","position":1,"name":"Home","item":"https:\/\/www.article-marketing.eu\/comunicati\/"},{"@type":"ListItem","position":2,"name":"offerta speciale per visitare la costiera amalfitana"}]},{"@type":"WebSite","@id":"https:\/\/www.article-marketing.eu\/comunicati\/#website","url":"https:\/\/www.article-marketing.eu\/comunicati\/","name":"Article Marketing","description":"article marketing &amp; press release","potentialAction":[{"@type":"SearchAction","target":{"@type":"EntryPoint","urlTemplate":"https:\/\/www.article-marketing.eu\/comunicati\/?s={search_term_string}"},"query-input":{"@type":"PropertyValueSpecification","valueRequired":true,"valueName":"search_term_string"}}],"inLanguage":"it-IT"},{"@type":"Person","@id":"https:\/\/www.article-marketing.eu\/comunicati\/#\/schema\/person\/44372e4d4d0fa797b18e03ed1ace9017","name":"Redazione Comunicati Stampa","image":{"@type":"ImageObject","inLanguage":"it-IT","@id":"https:\/\/www.article-marketing.eu\/comunicati\/#\/schema\/person\/image\/","url":"https:\/\/secure.gravatar.com\/avatar\/50e5c6421d3072f42e7ace803501602c60d75233d34e29fd05feb91c8760b792?s=96&d=mm&r=g","contentUrl":"https:\/\/secure.gravatar.com\/avatar\/50e5c6421d3072f42e7ace803501602c60d75233d34e29fd05feb91c8760b792?s=96&d=mm&r=g","caption":"Redazione Comunicati Stampa"},"url":"https:\/\/www.article-marketing.eu\/comunicati\/author\/redazione-comunicati-stampa\/"}]}},"_links":{"self":[{"href":"https:\/\/www.article-marketing.eu\/comunicati\/wp-json\/wp\/v2\/posts\/3752","targetHints":{"allow":["GET"]}}],"collection":[{"href":"https:\/\/www.article-marketing.eu\/comunicati\/wp-json\/wp\/v2\/posts"}],"about":[{"href":"https:\/\/www.article-marketing.eu\/comunicati\/wp-json\/wp\/v2\/types\/post"}],"author":[{"embeddable":true,"href":"https:\/\/www.article-marketing.eu\/comunicati\/wp-json\/wp\/v2\/users\/10"}],"replies":[{"embeddable":true,"href":"https:\/\/www.article-marketing.eu\/comunicati\/wp-json\/wp\/v2\/comments?post=3752"}],"version-history":[{"count":0,"href":"https:\/\/www.article-marketing.eu\/comunicati\/wp-json\/wp\/v2\/posts\/3752\/revisions"}],"wp:attachment":[{"href":"https:\/\/www.article-marketing.eu\/comunicati\/wp-json\/wp\/v2\/media?parent=3752"}],"wp:term":[{"taxonomy":"category","embeddable":true,"href":"https:\/\/www.article-marketing.eu\/comunicati\/wp-json\/wp\/v2\/categories?post=3752"},{"taxonomy":"post_tag","embeddable":true,"href":"https:\/\/www.article-marketing.eu\/comunicati\/wp-json\/wp\/v2\/tags?post=3752"}],"curies":[{"name":"wp","href":"https:\/\/api.w.org\/{rel}","templated":true}]}}