{"id":37837,"date":"2013-11-15T18:13:24","date_gmt":"2013-11-15T17:13:24","guid":{"rendered":"http:\/\/www.article-marketing.eu\/comunicati\/senza-categoria\/la-citt%2525c3%2525a0-di-ragusa-e-ragusa-ibla-patrimonio-della%252580%252599unesco\/"},"modified":"2013-11-15T18:13:24","modified_gmt":"2013-11-15T17:13:24","slug":"la-citt%2525c3%2525a0-di-ragusa-e-ragusa-ibla-patrimonio-della%252580%252599unesco","status":"publish","type":"post","link":"https:\/\/www.article-marketing.eu\/comunicati\/viaggi-e-vacanze\/viaggi-e-turismo\/la-citt%2525c3%2525a0-di-ragusa-e-ragusa-ibla-patrimonio-della%252580%252599unesco\/","title":{"rendered":"La citt\u00e0 di Ragusa e Ragusa Ibla, Patrimonio dell\u2019UNESCO"},"content":{"rendered":"<p>Il sito dedicato a Ragusa:<strong style=\"mso-bidi-font-weight: normal;\"> <\/strong>www.ragusa.org.uk <strong style=\"mso-bidi-font-weight: normal;\"><\/strong><br \/>\n<strong style=\"mso-bidi-font-weight: normal;\">La storia dall&rsquo;et&agrave; del bronzo<\/strong><br \/>\nLe popolazioni abitanti il territorio degli Iblei e precisamente l&rsquo;area della Sicilia Sud Orientale, di cui Ragusa fa parte, risalgono al periodo Castellucciano inquadrato storicamente nell&rsquo;et&agrave; del bronzo tra il 2200 e il 1400 A.C. Il nome deriva dal promontorio del &ldquo;Castelluccio&rdquo; che si trova nel territorio di Noto, gli abitanti vivevano in capanne fatte di canne e paglie ed erano dediti alla agricoltura, pastorizia e caccia utilizzando strumenti in pietra. Tanti sono i ritrovamenti archeologici presso la Cava S Maria La Nova, la Cava Cugno e Mele che testimoniano il modo di vivere dei nostri antenati, la provincia iblea per il paesaggio incontaminato conserva ancora oggi il ricordo di queste antiche civilt&agrave;.<br \/><strong style=\"mso-bidi-font-weight: normal;\"><\/strong> <strong style=\"mso-bidi-font-weight: normal;\">Ragusa Ibla<\/strong> sorge ai piedi dei monti iblei, un tempo, prima del terrificante terremoto del 1693 che ha raso al suolo tutte le citt&agrave; della Sicilia Sud Orientale, era circondata da alte mura di fortificazione e aveva Palazzi nobiliari e Chiese in stile gotico, oggi si pu&ograve; ammirare ci&ograve; che &egrave; rimasto dell&rsquo;antica cattedrale di San Giorgio: il portale in stile gotico!<\/p>\n<p><strong style=\"mso-bidi-font-weight: normal;\">Ragusa Ibla e Ragusa Superiore<\/strong><\/p>\n<p>Durante la ricostruzione della citt&agrave; si formarono due fazioni tra i cittadini che volevano ricostruire nello stesso posto e quelli che per ragioni di maggiore sicurezza nel versante pi&ugrave; in alto, non si trov&ograve; accordo per cui vennero edificati due Centri a distanza di tre chilometri Ragusa Superiore e Ragusa Ibla. Ragusa Superiore &egrave; chiamata anche la citt&agrave; dei ponti in quanto essendo costruita sui versanti alti dei monti Iblei i quartieri nati poterono essere tra loro collegati da tre ponti, il primo ad essere costruito fu il &ldquo;ponte vecchio&rdquo; seguito dal &ldquo;ponte nuovo&rdquo; e successivamente dal &ldquo;ponte San Vito&rdquo;. Lo stile Barocco domina il centro di Ragusa Superiore e di Ragusa Ibla, in particolare &egrave; possibile ammirare tantissime chiese, anche molto piccole, con i fregi e le decorazioni tipiche del periodo Barocco e alcuni palazzi nobiliari con capitelli barocchi posti sotto i balconi, un esempio sono il palazzo &ldquo;La Rocca&rdquo; e il palazzo &ldquo;Cosentini&rdquo; a Ragusa Ibla.<br \/><strong>Una strada interna e una lunga scalinata<\/strong> che la costeggia uniscono i <strong style=\"mso-bidi-font-weight: normal;\">due Centri<\/strong> percorrendola a piedi il visitatore pu&ograve; tracciare un bellissimo percorso turistico in cui ammirare Chiese e Palazzi come la <strong style=\"mso-bidi-font-weight: normal;\">Chiesa di Santa Maria delle Scale<\/strong> dove ha una vista dall&rsquo;alto di tutta Ragusa Ibla. Il <strong style=\"mso-bidi-font-weight: normal;\">Duomo di San Giorgio<\/strong> &egrave; uno dei capolavori del barocco siciliano e fu costruito agli inizi del settecento su progetto dell&#8217;architetto Gagliardi. La <strong style=\"mso-bidi-font-weight: normal;\">Cattedrale di San Giovanni<\/strong> &egrave; una costruzione barocca con pregevoli opere d&#8217;arte all&#8217;interno. <br \/><strong style=\"mso-bidi-font-weight: normal;\"><\/strong> <strong style=\"mso-bidi-font-weight: normal;\"><\/strong><br \/>\n<strong style=\"mso-bidi-font-weight: normal;\">Le principali festivit&agrave;<\/strong> di Ragusa sono: <br \/>marzo\/aprile la <strong style=\"mso-bidi-font-weight: normal;\">Santa Pasqua<\/strong> con processioni a Ragusa e a Ragusa Ibla<br \/>maggio la <strong style=\"mso-bidi-font-weight: normal;\">Festa di San Giorgio<\/strong> a Ragusa Ibla<br \/>giugno <strong style=\"mso-bidi-font-weight: normal;\">Ibla Gran Price<\/strong> a Ragusa Ibla<br \/>agosto la <strong style=\"mso-bidi-font-weight: normal;\">Festa di Maria SS di Portosalvo<\/strong> a Marina di Ragusa e la <strong style=\"mso-bidi-font-weight: normal;\">Festa di S. Giovanni Battista<\/strong> a Ragusa<br \/>settembre <strong style=\"mso-bidi-font-weight: normal;\">l&rsquo;Addio all&#8217;Estate<\/strong> a Marina di Ragusa<br \/>ottobre &#8211; Ibla Buskers a Ragusa Ibla.<\/p>\n","protected":false},"excerpt":{"rendered":"<p>La citt\u00e0 di Ragusa ha antichissime origine, il territorio degli Iblei infatti \u00e8 abitato da pi\u00f9 di 4200 anni fa (et\u00e0 del bronzo)dopo varie dominazioni e fortificazioni Ragusa Ibla era nel suo spendore manifestato dai ricchi palazzi in stile gotigo quando un violento terremoto la rase al suolo, fu ricostruita in due centri Ragusa Superiore e Ragusa Ibla in stile Barocco, oggi \u00e8 patrimonio UNESCO.<\/p>\n","protected":false},"author":10,"featured_media":0,"comment_status":"open","ping_status":"open","sticky":false,"template":"","format":"standard","meta":{"cybocfi_hide_featured_image":"","footnotes":""},"categories":[2],"tags":[28902,4362,45351,23302,17058,1740,20150,3],"class_list":["post-37837","post","type-post","status-publish","format-standard","hentry","category-viaggi-e-turismo","tag-barocco","tag-chiese","tag-iblei","tag-palazzi","tag-ragusa","tag-sicilia","tag-unesco","tag-vacanze"],"yoast_head":"<!-- This site is optimized with the Yoast SEO plugin v27.0 - https:\/\/yoast.com\/product\/yoast-seo-wordpress\/ -->\n<title>La citt\u00e0 di Ragusa e Ragusa Ibla, Patrimonio dell\u2019UNESCO - Article Marketing<\/title>\n<meta name=\"robots\" content=\"index, follow, max-snippet:-1, max-image-preview:large, max-video-preview:-1\" \/>\n<link rel=\"canonical\" href=\"https:\/\/www.article-marketing.eu\/comunicati\/viaggi-e-vacanze\/viaggi-e-turismo\/la-citt%25c3%25a0-di-ragusa-e-ragusa-ibla-patrimonio-della%2580%2599unesco\/\" \/>\n<meta property=\"og:locale\" content=\"it_IT\" \/>\n<meta property=\"og:type\" content=\"article\" \/>\n<meta property=\"og:title\" content=\"La citt\u00e0 di Ragusa e Ragusa Ibla, Patrimonio dell\u2019UNESCO - Article Marketing\" \/>\n<meta property=\"og:description\" content=\"La citt\u00e0 di Ragusa ha antichissime origine, il territorio degli Iblei infatti \u00e8 abitato da pi\u00f9 di 4200 anni fa (et\u00e0 del bronzo)dopo varie dominazioni e fortificazioni Ragusa Ibla era nel suo spendore manifestato dai ricchi palazzi in stile gotigo quando un violento terremoto la rase al suolo, fu ricostruita in due centri Ragusa Superiore e Ragusa Ibla in stile Barocco, oggi \u00e8 patrimonio UNESCO.\" \/>\n<meta property=\"og:url\" content=\"https:\/\/www.article-marketing.eu\/comunicati\/viaggi-e-vacanze\/viaggi-e-turismo\/la-citt%25c3%25a0-di-ragusa-e-ragusa-ibla-patrimonio-della%2580%2599unesco\/\" \/>\n<meta property=\"og:site_name\" content=\"Article Marketing\" \/>\n<meta property=\"article:published_time\" content=\"2013-11-15T17:13:24+00:00\" \/>\n<meta name=\"author\" content=\"Redazione Comunicati Stampa\" \/>\n<meta name=\"twitter:card\" content=\"summary_large_image\" \/>\n<meta name=\"twitter:label1\" content=\"Scritto da\" \/>\n\t<meta name=\"twitter:data1\" content=\"Redazione Comunicati Stampa\" \/>\n\t<meta name=\"twitter:label2\" content=\"Tempo di lettura stimato\" \/>\n\t<meta name=\"twitter:data2\" content=\"3 minuti\" \/>\n<script type=\"application\/ld+json\" class=\"yoast-schema-graph\">{\"@context\":\"https:\/\/schema.org\",\"@graph\":[{\"@type\":\"Article\",\"@id\":\"https:\/\/www.article-marketing.eu\/comunicati\/viaggi-e-vacanze\/viaggi-e-turismo\/la-citt%2525c3%2525a0-di-ragusa-e-ragusa-ibla-patrimonio-della%252580%252599unesco\/#article\",\"isPartOf\":{\"@id\":\"https:\/\/www.article-marketing.eu\/comunicati\/viaggi-e-vacanze\/viaggi-e-turismo\/la-citt%2525c3%2525a0-di-ragusa-e-ragusa-ibla-patrimonio-della%252580%252599unesco\/\"},\"author\":{\"name\":\"Redazione Comunicati Stampa\",\"@id\":\"https:\/\/www.article-marketing.eu\/comunicati\/#\/schema\/person\/44372e4d4d0fa797b18e03ed1ace9017\"},\"headline\":\"La citt\u00e0 di Ragusa e Ragusa Ibla, Patrimonio dell\u2019UNESCO\",\"datePublished\":\"2013-11-15T17:13:24+00:00\",\"mainEntityOfPage\":{\"@id\":\"https:\/\/www.article-marketing.eu\/comunicati\/viaggi-e-vacanze\/viaggi-e-turismo\/la-citt%2525c3%2525a0-di-ragusa-e-ragusa-ibla-patrimonio-della%252580%252599unesco\/\"},\"wordCount\":546,\"commentCount\":0,\"keywords\":[\"barocco\",\"chiese\",\"Iblei\",\"palazzi\",\"ragusa\",\"sicilia\",\"unesco\",\"vacanze\"],\"articleSection\":[\"Viaggi e Turismo\"],\"inLanguage\":\"it-IT\",\"potentialAction\":[{\"@type\":\"CommentAction\",\"name\":\"Comment\",\"target\":[\"https:\/\/www.article-marketing.eu\/comunicati\/viaggi-e-vacanze\/viaggi-e-turismo\/la-citt%2525c3%2525a0-di-ragusa-e-ragusa-ibla-patrimonio-della%252580%252599unesco\/#respond\"]}]},{\"@type\":\"WebPage\",\"@id\":\"https:\/\/www.article-marketing.eu\/comunicati\/viaggi-e-vacanze\/viaggi-e-turismo\/la-citt%2525c3%2525a0-di-ragusa-e-ragusa-ibla-patrimonio-della%252580%252599unesco\/\",\"url\":\"https:\/\/www.article-marketing.eu\/comunicati\/viaggi-e-vacanze\/viaggi-e-turismo\/la-citt%2525c3%2525a0-di-ragusa-e-ragusa-ibla-patrimonio-della%252580%252599unesco\/\",\"name\":\"La citt\u00e0 di Ragusa e Ragusa Ibla, Patrimonio dell\u2019UNESCO - Article Marketing\",\"isPartOf\":{\"@id\":\"https:\/\/www.article-marketing.eu\/comunicati\/#website\"},\"datePublished\":\"2013-11-15T17:13:24+00:00\",\"author\":{\"@id\":\"https:\/\/www.article-marketing.eu\/comunicati\/#\/schema\/person\/44372e4d4d0fa797b18e03ed1ace9017\"},\"breadcrumb\":{\"@id\":\"https:\/\/www.article-marketing.eu\/comunicati\/viaggi-e-vacanze\/viaggi-e-turismo\/la-citt%2525c3%2525a0-di-ragusa-e-ragusa-ibla-patrimonio-della%252580%252599unesco\/#breadcrumb\"},\"inLanguage\":\"it-IT\",\"potentialAction\":[{\"@type\":\"ReadAction\",\"target\":[\"https:\/\/www.article-marketing.eu\/comunicati\/viaggi-e-vacanze\/viaggi-e-turismo\/la-citt%2525c3%2525a0-di-ragusa-e-ragusa-ibla-patrimonio-della%252580%252599unesco\/\"]}]},{\"@type\":\"BreadcrumbList\",\"@id\":\"https:\/\/www.article-marketing.eu\/comunicati\/viaggi-e-vacanze\/viaggi-e-turismo\/la-citt%2525c3%2525a0-di-ragusa-e-ragusa-ibla-patrimonio-della%252580%252599unesco\/#breadcrumb\",\"itemListElement\":[{\"@type\":\"ListItem\",\"position\":1,\"name\":\"Home\",\"item\":\"https:\/\/www.article-marketing.eu\/comunicati\/\"},{\"@type\":\"ListItem\",\"position\":2,\"name\":\"La citt\u00e0 di Ragusa e Ragusa Ibla, Patrimonio dell\u2019UNESCO\"}]},{\"@type\":\"WebSite\",\"@id\":\"https:\/\/www.article-marketing.eu\/comunicati\/#website\",\"url\":\"https:\/\/www.article-marketing.eu\/comunicati\/\",\"name\":\"Article Marketing\",\"description\":\"article marketing &amp; press release\",\"potentialAction\":[{\"@type\":\"SearchAction\",\"target\":{\"@type\":\"EntryPoint\",\"urlTemplate\":\"https:\/\/www.article-marketing.eu\/comunicati\/?s={search_term_string}\"},\"query-input\":{\"@type\":\"PropertyValueSpecification\",\"valueRequired\":true,\"valueName\":\"search_term_string\"}}],\"inLanguage\":\"it-IT\"},{\"@type\":\"Person\",\"@id\":\"https:\/\/www.article-marketing.eu\/comunicati\/#\/schema\/person\/44372e4d4d0fa797b18e03ed1ace9017\",\"name\":\"Redazione Comunicati Stampa\",\"image\":{\"@type\":\"ImageObject\",\"inLanguage\":\"it-IT\",\"@id\":\"https:\/\/www.article-marketing.eu\/comunicati\/#\/schema\/person\/image\/\",\"url\":\"https:\/\/secure.gravatar.com\/avatar\/50e5c6421d3072f42e7ace803501602c60d75233d34e29fd05feb91c8760b792?s=96&d=mm&r=g\",\"contentUrl\":\"https:\/\/secure.gravatar.com\/avatar\/50e5c6421d3072f42e7ace803501602c60d75233d34e29fd05feb91c8760b792?s=96&d=mm&r=g\",\"caption\":\"Redazione Comunicati Stampa\"},\"url\":\"https:\/\/www.article-marketing.eu\/comunicati\/author\/redazione-comunicati-stampa\/\"}]}<\/script>\n<!-- \/ Yoast SEO plugin. -->","yoast_head_json":{"title":"La citt\u00e0 di Ragusa e Ragusa Ibla, Patrimonio dell\u2019UNESCO - Article Marketing","robots":{"index":"index","follow":"follow","max-snippet":"max-snippet:-1","max-image-preview":"max-image-preview:large","max-video-preview":"max-video-preview:-1"},"canonical":"https:\/\/www.article-marketing.eu\/comunicati\/viaggi-e-vacanze\/viaggi-e-turismo\/la-citt%25c3%25a0-di-ragusa-e-ragusa-ibla-patrimonio-della%2580%2599unesco\/","og_locale":"it_IT","og_type":"article","og_title":"La citt\u00e0 di Ragusa e Ragusa Ibla, Patrimonio dell\u2019UNESCO - Article Marketing","og_description":"La citt\u00e0 di Ragusa ha antichissime origine, il territorio degli Iblei infatti \u00e8 abitato da pi\u00f9 di 4200 anni fa (et\u00e0 del bronzo)dopo varie dominazioni e fortificazioni Ragusa Ibla era nel suo spendore manifestato dai ricchi palazzi in stile gotigo quando un violento terremoto la rase al suolo, fu ricostruita in due centri Ragusa Superiore e Ragusa Ibla in stile Barocco, oggi \u00e8 patrimonio UNESCO.","og_url":"https:\/\/www.article-marketing.eu\/comunicati\/viaggi-e-vacanze\/viaggi-e-turismo\/la-citt%25c3%25a0-di-ragusa-e-ragusa-ibla-patrimonio-della%2580%2599unesco\/","og_site_name":"Article Marketing","article_published_time":"2013-11-15T17:13:24+00:00","author":"Redazione Comunicati Stampa","twitter_card":"summary_large_image","twitter_misc":{"Scritto da":"Redazione Comunicati Stampa","Tempo di lettura stimato":"3 minuti"},"schema":{"@context":"https:\/\/schema.org","@graph":[{"@type":"Article","@id":"https:\/\/www.article-marketing.eu\/comunicati\/viaggi-e-vacanze\/viaggi-e-turismo\/la-citt%2525c3%2525a0-di-ragusa-e-ragusa-ibla-patrimonio-della%252580%252599unesco\/#article","isPartOf":{"@id":"https:\/\/www.article-marketing.eu\/comunicati\/viaggi-e-vacanze\/viaggi-e-turismo\/la-citt%2525c3%2525a0-di-ragusa-e-ragusa-ibla-patrimonio-della%252580%252599unesco\/"},"author":{"name":"Redazione Comunicati Stampa","@id":"https:\/\/www.article-marketing.eu\/comunicati\/#\/schema\/person\/44372e4d4d0fa797b18e03ed1ace9017"},"headline":"La citt\u00e0 di Ragusa e Ragusa Ibla, Patrimonio dell\u2019UNESCO","datePublished":"2013-11-15T17:13:24+00:00","mainEntityOfPage":{"@id":"https:\/\/www.article-marketing.eu\/comunicati\/viaggi-e-vacanze\/viaggi-e-turismo\/la-citt%2525c3%2525a0-di-ragusa-e-ragusa-ibla-patrimonio-della%252580%252599unesco\/"},"wordCount":546,"commentCount":0,"keywords":["barocco","chiese","Iblei","palazzi","ragusa","sicilia","unesco","vacanze"],"articleSection":["Viaggi e Turismo"],"inLanguage":"it-IT","potentialAction":[{"@type":"CommentAction","name":"Comment","target":["https:\/\/www.article-marketing.eu\/comunicati\/viaggi-e-vacanze\/viaggi-e-turismo\/la-citt%2525c3%2525a0-di-ragusa-e-ragusa-ibla-patrimonio-della%252580%252599unesco\/#respond"]}]},{"@type":"WebPage","@id":"https:\/\/www.article-marketing.eu\/comunicati\/viaggi-e-vacanze\/viaggi-e-turismo\/la-citt%2525c3%2525a0-di-ragusa-e-ragusa-ibla-patrimonio-della%252580%252599unesco\/","url":"https:\/\/www.article-marketing.eu\/comunicati\/viaggi-e-vacanze\/viaggi-e-turismo\/la-citt%2525c3%2525a0-di-ragusa-e-ragusa-ibla-patrimonio-della%252580%252599unesco\/","name":"La citt\u00e0 di Ragusa e Ragusa Ibla, Patrimonio dell\u2019UNESCO - Article Marketing","isPartOf":{"@id":"https:\/\/www.article-marketing.eu\/comunicati\/#website"},"datePublished":"2013-11-15T17:13:24+00:00","author":{"@id":"https:\/\/www.article-marketing.eu\/comunicati\/#\/schema\/person\/44372e4d4d0fa797b18e03ed1ace9017"},"breadcrumb":{"@id":"https:\/\/www.article-marketing.eu\/comunicati\/viaggi-e-vacanze\/viaggi-e-turismo\/la-citt%2525c3%2525a0-di-ragusa-e-ragusa-ibla-patrimonio-della%252580%252599unesco\/#breadcrumb"},"inLanguage":"it-IT","potentialAction":[{"@type":"ReadAction","target":["https:\/\/www.article-marketing.eu\/comunicati\/viaggi-e-vacanze\/viaggi-e-turismo\/la-citt%2525c3%2525a0-di-ragusa-e-ragusa-ibla-patrimonio-della%252580%252599unesco\/"]}]},{"@type":"BreadcrumbList","@id":"https:\/\/www.article-marketing.eu\/comunicati\/viaggi-e-vacanze\/viaggi-e-turismo\/la-citt%2525c3%2525a0-di-ragusa-e-ragusa-ibla-patrimonio-della%252580%252599unesco\/#breadcrumb","itemListElement":[{"@type":"ListItem","position":1,"name":"Home","item":"https:\/\/www.article-marketing.eu\/comunicati\/"},{"@type":"ListItem","position":2,"name":"La citt\u00e0 di Ragusa e Ragusa Ibla, Patrimonio dell\u2019UNESCO"}]},{"@type":"WebSite","@id":"https:\/\/www.article-marketing.eu\/comunicati\/#website","url":"https:\/\/www.article-marketing.eu\/comunicati\/","name":"Article Marketing","description":"article marketing &amp; press release","potentialAction":[{"@type":"SearchAction","target":{"@type":"EntryPoint","urlTemplate":"https:\/\/www.article-marketing.eu\/comunicati\/?s={search_term_string}"},"query-input":{"@type":"PropertyValueSpecification","valueRequired":true,"valueName":"search_term_string"}}],"inLanguage":"it-IT"},{"@type":"Person","@id":"https:\/\/www.article-marketing.eu\/comunicati\/#\/schema\/person\/44372e4d4d0fa797b18e03ed1ace9017","name":"Redazione Comunicati Stampa","image":{"@type":"ImageObject","inLanguage":"it-IT","@id":"https:\/\/www.article-marketing.eu\/comunicati\/#\/schema\/person\/image\/","url":"https:\/\/secure.gravatar.com\/avatar\/50e5c6421d3072f42e7ace803501602c60d75233d34e29fd05feb91c8760b792?s=96&d=mm&r=g","contentUrl":"https:\/\/secure.gravatar.com\/avatar\/50e5c6421d3072f42e7ace803501602c60d75233d34e29fd05feb91c8760b792?s=96&d=mm&r=g","caption":"Redazione Comunicati Stampa"},"url":"https:\/\/www.article-marketing.eu\/comunicati\/author\/redazione-comunicati-stampa\/"}]}},"_links":{"self":[{"href":"https:\/\/www.article-marketing.eu\/comunicati\/wp-json\/wp\/v2\/posts\/37837","targetHints":{"allow":["GET"]}}],"collection":[{"href":"https:\/\/www.article-marketing.eu\/comunicati\/wp-json\/wp\/v2\/posts"}],"about":[{"href":"https:\/\/www.article-marketing.eu\/comunicati\/wp-json\/wp\/v2\/types\/post"}],"author":[{"embeddable":true,"href":"https:\/\/www.article-marketing.eu\/comunicati\/wp-json\/wp\/v2\/users\/10"}],"replies":[{"embeddable":true,"href":"https:\/\/www.article-marketing.eu\/comunicati\/wp-json\/wp\/v2\/comments?post=37837"}],"version-history":[{"count":0,"href":"https:\/\/www.article-marketing.eu\/comunicati\/wp-json\/wp\/v2\/posts\/37837\/revisions"}],"wp:attachment":[{"href":"https:\/\/www.article-marketing.eu\/comunicati\/wp-json\/wp\/v2\/media?parent=37837"}],"wp:term":[{"taxonomy":"category","embeddable":true,"href":"https:\/\/www.article-marketing.eu\/comunicati\/wp-json\/wp\/v2\/categories?post=37837"},{"taxonomy":"post_tag","embeddable":true,"href":"https:\/\/www.article-marketing.eu\/comunicati\/wp-json\/wp\/v2\/tags?post=37837"}],"curies":[{"name":"wp","href":"https:\/\/api.w.org\/{rel}","templated":true}]}}