{"id":379,"date":"2008-05-12T17:22:18","date_gmt":"2008-05-12T15:22:18","guid":{"rendered":"http:\/\/www.article-marketing.eu\/comunicati\/senza-categoria\/nardini-editore-celebra-giuseppe-chiari\/"},"modified":"2008-05-12T17:22:18","modified_gmt":"2008-05-12T15:22:18","slug":"nardini-editore-celebra-giuseppe-chiari","status":"publish","type":"post","link":"https:\/\/www.article-marketing.eu\/comunicati\/arte-e-cultura\/libri\/nardini-editore-celebra-giuseppe-chiari\/","title":{"rendered":"Nardini Editore celebra Giuseppe Chiari"},"content":{"rendered":"<p align=\"justify\">Il 9 maggio 2007 si spegneva a Firenze Giuseppe Chiari, musicista e artista visivo che nel corso degli anni \u201950 e \u201960 si era imposto come uno dei massimi esponenti dell\u2019avanguardia internazionale. <\/p>\n<p align=\"justify\">Compositore e artista concettuale fu attratto in particolare dalle esperienze di John Cage e nel 1961, interessato a ricerche sperimentali di musica visiva, promosse con Pietro Grossi l\u2019associazione <em>Vita musicale contemporanea<\/em>. <\/p>\n<p align=\"justify\">Sostenitore dell\u2019interazione tra musica, linguaggio, gesto e immagine ader\u00ec, nel 1962, al <em>Fluxus internationale Festspiele neuester Musik <\/em>di Wiesbaden organizzato dall\u2019architetto George Maciunas. I contatti con gli esponenti newyorkesi di questo movimento sono stati fondamentali e hanno permesso a Chiari di creare una fitta rete di rapporti internazionali da Cage a Steve Lacy e Frederic Rzewsky.<\/p>\n<p align=\"justify\">Nei primi anni sessanta furono determinanti per il suo sviluppo artistico l\u2019incontro con Sylvano Bussotti e il confronto con le ricerche di poesia concreta del Gruppo 70, che lo hanno portato a sperimentare le componenti grafiche della scrittura musicale. Con la sua arte ha precorso il minimalismo, e ha elaborato azioni che si ricollegano alle esperienze neodadaiste e concettuali: brevi brani confluiscono, di volta in volta e senza un ordine prestabilito, in complesse <em>pi\u00e8ces<\/em> musicali, tese a esaltare la libert\u00e0 espressiva e il concetto di indeterminazione del fare artistico. Musicista poliedrico e anticonformista ha infatti composto &quot;musica d\u2019azione&quot; basata su un complesso metodo di esecuzione che, accanto agli strumenti tradizionali, assume come componenti essenziali elementi sonori casuali o aleatori (acqua, foglie secche, sassi) che offrono lo spunto per rielaborazioni e azioni che trovano proprio nella casualit\u00e0 e nell\u2019improvvisazione la costante essenza della sua ricerca (<em>Gesti su un piano<\/em>, 1962; <em>La Strada<\/em>, 1965; <em>Suonare la citt\u00e0<\/em>, 1965). Ha utilizzato la partitura musicale non solo come base per eseguire un brano sonoro, ma anche come &quot;pittura&quot; da guardare, nella quale le note e la raffigurazione dei gesti per eseguirle, diventano elementi visuali di una composizione grafico-pittorica.<\/p>\n<p align=\"justify\">Libri come <em>Musica senza contrappunto<\/em> (1969), <em>Senza titolo<\/em> (1971), <em>Metodo per suonare<\/em> (1976), <em>Musica et cetera<\/em> (1994) e <em>Frasi<\/em> (1999) possono essere considerati vere e proprie opere d&#8217;arte ad ampia tiratura, in cui il contenuto si fonde alla presentazione grafica che ne esalta il linguaggio visivo. <\/p>\n<p align=\"justify\">Nel corso degli anni \u201980 cominci\u00f2 ad esaminare anche mezzi espressivi come i <em>collages<\/em> nei quali non si \u00e8 limitato ad incollare ritagli di giornale, strisce colorate, adesivi, fogli musicali, semplicemente su pagine di carta, spartiti musicali o tavole di legno ma anche su strumenti musicali quali chitarre e violini, ricercando una possibile contaminazione tra visualit\u00e0 e sonorit\u00e0, spesso privando lo strumento della sua funzione primaria. <\/p>\n<p align=\"justify\">Negli anni \u201990 riprese la scrittura su pentagramma, con un ciclo di fascicoli manoscritti inviati ad alcuni interpreti, che probabilmente raccolgono spunti e sensazioni maturati nel tempo. A partire dal 1995 \u00e8 instancabile promotore di vortici culturali per la rivista &quot;Konsequenz&quot;, dedicata ai plurali della musica contemporanea. Il suo ultimo scritto, sintomaticamente intitolato &quot;Io sono solo&quot; \u00e8 apparso nel 2007 proprio sulla rivista partenopea.<\/p>\n<p align=\"justify\">Lavori importanti come <em>Le Foglie. I numeri<\/em> (1998), <em>GDSN <\/em>(ovvero <em>Girolamo De Simone napoletano)<\/em>, <em>3n+a<\/em> (1998), <em>Solo per tromba<\/em> (1999), <em>Cinque meno uno<\/em> (aprile 2000), <em>FA SOL <\/em>(maggio 2000) sono brani meno noti, e vengono generalmente esclusi anche da elenchi e bibliografie. <\/p>\n<p>Chiari, continuando a partecipare a festivals e ad inaugurare mostre, fu tra i pochi a mantenere contatti con le pi\u00f9 attive e conosciute realt\u00e0 espositive nazionali ed internazionali. Partecip\u00f2 ad importanti rassegne collettive, da <em>Documenta 5<\/em> di Kassel (1972) alla <em>Biennale di Venezia<\/em> (1972; 1976; 1978), e nel 2005 la Galleria Nazionale d\u2019Arte Moderna di Roma, dedicandogli un grande evento, lo defin\u00ec &quot;<em>uno dei padri riconosciuti dell\u2019avanguardia artistica italiana.<\/em>&quot;<\/p>\n<p align=\"justify\">&nbsp;<\/p>\n<p align=\"justify\"><strong>Nardini Editore<\/strong>, ad un anno dalla scomparsa dell\u2019artista, pubblica <strong>Giuseppe Chiari<\/strong>, il terzo volume della collana <em>Musica d\u2019Arte a Firenze<\/em>, ideata e diretta dal noto compositore e pianista Daniele Lombardi. <\/p>\n<p>I grandi autori e i sodalizi musicali fiorentini sono presentati con autorevoli biografie nelle quali l\u2019alta divulgazione si coniuga con il piacere della lettura e dell\u2019ascolto. Ciascun volume contiene uno o due CD. Giuseppe Chiari-autoritratto, propone per la prima volta e nella loro completezza anche alcuni scritti dell&#8217;artista come <em>Fantamusicologia<\/em> e <em>Note di un musicista<\/em>.<\/p>\n<p align=\"justify\">Inoltre, il prezioso contributo di Girolamo De Simone, musicista, compositore e direttore della rivista Konsequenz, offre un punto di vista inedito sul percorso artistico di un uomo il cui pensiero ha segnato fortemente la scena musicale internazionale a partire dagli anni sessanta. <\/p>\n<p>&nbsp;Il libr\u00f2 sar\u00e0 presentato a Firenze, il 28 maggio 2008 alle 17.30, presso la Sala Vanni in p.zza del Carmine n.19. Si terr\u00e0 anche un concerto in ricordo dell&#8217;artista. Nomi autorevoli del mondo della musica e dell&#8217;arte come Daniele Lombardi, Girolamo De Simone, Gabriele Bonomo, Giancarlo Cardini, Lara Vinca Masini e Tommaso Trini renderanno un doveroso omaggio al Maestro scomparso. Ingresso gratuito.&nbsp;<\/p>\n<p>Per informazioni:<br \/>Nardini Editore di Nardini Press srl<br \/>Via Panciatichi, 10<br \/>50127 Firenze<br \/>Tel. 055 7954311 Fax 055 7954331<br \/>redazione@nardinieditore.it<br \/><a href=\"http:\/\/www.nardinieditore.it\">www.nardinieditore.it<\/a><\/p><\/p>\n","protected":false},"excerpt":{"rendered":"<p>Presentazione del volume Giuseppe Chiari-autoritratto, il testamento artistico di uno dei maggiori musicisti fiorentini, artista concettuale e celebrato esponente del gruppo internazionale Fluxus.<\/p>\n","protected":false},"author":10,"featured_media":0,"comment_status":"open","ping_status":"open","sticky":false,"template":"","format":"standard","meta":{"cybocfi_hide_featured_image":"","footnotes":""},"categories":[88],"tags":[],"class_list":["post-379","post","type-post","status-publish","format-standard","hentry","category-libri"],"yoast_head":"<!-- This site is optimized with the Yoast SEO plugin v27.0 - https:\/\/yoast.com\/product\/yoast-seo-wordpress\/ -->\n<title>Nardini Editore celebra Giuseppe Chiari - Article Marketing<\/title>\n<meta name=\"robots\" content=\"index, follow, max-snippet:-1, max-image-preview:large, max-video-preview:-1\" \/>\n<link rel=\"canonical\" href=\"https:\/\/www.article-marketing.eu\/comunicati\/arte-e-cultura\/libri\/nardini-editore-celebra-giuseppe-chiari\/\" \/>\n<meta property=\"og:locale\" content=\"it_IT\" \/>\n<meta property=\"og:type\" content=\"article\" \/>\n<meta property=\"og:title\" content=\"Nardini Editore celebra Giuseppe Chiari - Article Marketing\" \/>\n<meta property=\"og:description\" content=\"Presentazione del volume Giuseppe Chiari-autoritratto, il testamento artistico di uno dei maggiori musicisti fiorentini, artista concettuale e celebrato esponente del gruppo internazionale Fluxus.\" \/>\n<meta property=\"og:url\" content=\"https:\/\/www.article-marketing.eu\/comunicati\/arte-e-cultura\/libri\/nardini-editore-celebra-giuseppe-chiari\/\" \/>\n<meta property=\"og:site_name\" content=\"Article Marketing\" \/>\n<meta property=\"article:published_time\" content=\"2008-05-12T15:22:18+00:00\" \/>\n<meta name=\"author\" content=\"Redazione Comunicati Stampa\" \/>\n<meta name=\"twitter:card\" content=\"summary_large_image\" \/>\n<meta name=\"twitter:label1\" content=\"Scritto da\" \/>\n\t<meta name=\"twitter:data1\" content=\"Redazione Comunicati Stampa\" \/>\n\t<meta name=\"twitter:label2\" content=\"Tempo di lettura stimato\" \/>\n\t<meta name=\"twitter:data2\" content=\"4 minuti\" \/>\n<script type=\"application\/ld+json\" class=\"yoast-schema-graph\">{\"@context\":\"https:\/\/schema.org\",\"@graph\":[{\"@type\":\"Article\",\"@id\":\"https:\/\/www.article-marketing.eu\/comunicati\/arte-e-cultura\/libri\/nardini-editore-celebra-giuseppe-chiari\/#article\",\"isPartOf\":{\"@id\":\"https:\/\/www.article-marketing.eu\/comunicati\/arte-e-cultura\/libri\/nardini-editore-celebra-giuseppe-chiari\/\"},\"author\":{\"name\":\"Redazione Comunicati Stampa\",\"@id\":\"https:\/\/www.article-marketing.eu\/comunicati\/#\/schema\/person\/44372e4d4d0fa797b18e03ed1ace9017\"},\"headline\":\"Nardini Editore celebra Giuseppe Chiari\",\"datePublished\":\"2008-05-12T15:22:18+00:00\",\"mainEntityOfPage\":{\"@id\":\"https:\/\/www.article-marketing.eu\/comunicati\/arte-e-cultura\/libri\/nardini-editore-celebra-giuseppe-chiari\/\"},\"wordCount\":804,\"commentCount\":0,\"articleSection\":[\"Libri\"],\"inLanguage\":\"it-IT\",\"potentialAction\":[{\"@type\":\"CommentAction\",\"name\":\"Comment\",\"target\":[\"https:\/\/www.article-marketing.eu\/comunicati\/arte-e-cultura\/libri\/nardini-editore-celebra-giuseppe-chiari\/#respond\"]}]},{\"@type\":\"WebPage\",\"@id\":\"https:\/\/www.article-marketing.eu\/comunicati\/arte-e-cultura\/libri\/nardini-editore-celebra-giuseppe-chiari\/\",\"url\":\"https:\/\/www.article-marketing.eu\/comunicati\/arte-e-cultura\/libri\/nardini-editore-celebra-giuseppe-chiari\/\",\"name\":\"Nardini Editore celebra Giuseppe Chiari - Article Marketing\",\"isPartOf\":{\"@id\":\"https:\/\/www.article-marketing.eu\/comunicati\/#website\"},\"datePublished\":\"2008-05-12T15:22:18+00:00\",\"author\":{\"@id\":\"https:\/\/www.article-marketing.eu\/comunicati\/#\/schema\/person\/44372e4d4d0fa797b18e03ed1ace9017\"},\"breadcrumb\":{\"@id\":\"https:\/\/www.article-marketing.eu\/comunicati\/arte-e-cultura\/libri\/nardini-editore-celebra-giuseppe-chiari\/#breadcrumb\"},\"inLanguage\":\"it-IT\",\"potentialAction\":[{\"@type\":\"ReadAction\",\"target\":[\"https:\/\/www.article-marketing.eu\/comunicati\/arte-e-cultura\/libri\/nardini-editore-celebra-giuseppe-chiari\/\"]}]},{\"@type\":\"BreadcrumbList\",\"@id\":\"https:\/\/www.article-marketing.eu\/comunicati\/arte-e-cultura\/libri\/nardini-editore-celebra-giuseppe-chiari\/#breadcrumb\",\"itemListElement\":[{\"@type\":\"ListItem\",\"position\":1,\"name\":\"Home\",\"item\":\"https:\/\/www.article-marketing.eu\/comunicati\/\"},{\"@type\":\"ListItem\",\"position\":2,\"name\":\"Nardini Editore celebra Giuseppe Chiari\"}]},{\"@type\":\"WebSite\",\"@id\":\"https:\/\/www.article-marketing.eu\/comunicati\/#website\",\"url\":\"https:\/\/www.article-marketing.eu\/comunicati\/\",\"name\":\"Article Marketing\",\"description\":\"article marketing &amp; press release\",\"potentialAction\":[{\"@type\":\"SearchAction\",\"target\":{\"@type\":\"EntryPoint\",\"urlTemplate\":\"https:\/\/www.article-marketing.eu\/comunicati\/?s={search_term_string}\"},\"query-input\":{\"@type\":\"PropertyValueSpecification\",\"valueRequired\":true,\"valueName\":\"search_term_string\"}}],\"inLanguage\":\"it-IT\"},{\"@type\":\"Person\",\"@id\":\"https:\/\/www.article-marketing.eu\/comunicati\/#\/schema\/person\/44372e4d4d0fa797b18e03ed1ace9017\",\"name\":\"Redazione Comunicati Stampa\",\"image\":{\"@type\":\"ImageObject\",\"inLanguage\":\"it-IT\",\"@id\":\"https:\/\/www.article-marketing.eu\/comunicati\/#\/schema\/person\/image\/\",\"url\":\"https:\/\/secure.gravatar.com\/avatar\/50e5c6421d3072f42e7ace803501602c60d75233d34e29fd05feb91c8760b792?s=96&d=mm&r=g\",\"contentUrl\":\"https:\/\/secure.gravatar.com\/avatar\/50e5c6421d3072f42e7ace803501602c60d75233d34e29fd05feb91c8760b792?s=96&d=mm&r=g\",\"caption\":\"Redazione Comunicati Stampa\"},\"url\":\"https:\/\/www.article-marketing.eu\/comunicati\/author\/redazione-comunicati-stampa\/\"}]}<\/script>\n<!-- \/ Yoast SEO plugin. -->","yoast_head_json":{"title":"Nardini Editore celebra Giuseppe Chiari - Article Marketing","robots":{"index":"index","follow":"follow","max-snippet":"max-snippet:-1","max-image-preview":"max-image-preview:large","max-video-preview":"max-video-preview:-1"},"canonical":"https:\/\/www.article-marketing.eu\/comunicati\/arte-e-cultura\/libri\/nardini-editore-celebra-giuseppe-chiari\/","og_locale":"it_IT","og_type":"article","og_title":"Nardini Editore celebra Giuseppe Chiari - Article Marketing","og_description":"Presentazione del volume Giuseppe Chiari-autoritratto, il testamento artistico di uno dei maggiori musicisti fiorentini, artista concettuale e celebrato esponente del gruppo internazionale Fluxus.","og_url":"https:\/\/www.article-marketing.eu\/comunicati\/arte-e-cultura\/libri\/nardini-editore-celebra-giuseppe-chiari\/","og_site_name":"Article Marketing","article_published_time":"2008-05-12T15:22:18+00:00","author":"Redazione Comunicati Stampa","twitter_card":"summary_large_image","twitter_misc":{"Scritto da":"Redazione Comunicati Stampa","Tempo di lettura stimato":"4 minuti"},"schema":{"@context":"https:\/\/schema.org","@graph":[{"@type":"Article","@id":"https:\/\/www.article-marketing.eu\/comunicati\/arte-e-cultura\/libri\/nardini-editore-celebra-giuseppe-chiari\/#article","isPartOf":{"@id":"https:\/\/www.article-marketing.eu\/comunicati\/arte-e-cultura\/libri\/nardini-editore-celebra-giuseppe-chiari\/"},"author":{"name":"Redazione Comunicati Stampa","@id":"https:\/\/www.article-marketing.eu\/comunicati\/#\/schema\/person\/44372e4d4d0fa797b18e03ed1ace9017"},"headline":"Nardini Editore celebra Giuseppe Chiari","datePublished":"2008-05-12T15:22:18+00:00","mainEntityOfPage":{"@id":"https:\/\/www.article-marketing.eu\/comunicati\/arte-e-cultura\/libri\/nardini-editore-celebra-giuseppe-chiari\/"},"wordCount":804,"commentCount":0,"articleSection":["Libri"],"inLanguage":"it-IT","potentialAction":[{"@type":"CommentAction","name":"Comment","target":["https:\/\/www.article-marketing.eu\/comunicati\/arte-e-cultura\/libri\/nardini-editore-celebra-giuseppe-chiari\/#respond"]}]},{"@type":"WebPage","@id":"https:\/\/www.article-marketing.eu\/comunicati\/arte-e-cultura\/libri\/nardini-editore-celebra-giuseppe-chiari\/","url":"https:\/\/www.article-marketing.eu\/comunicati\/arte-e-cultura\/libri\/nardini-editore-celebra-giuseppe-chiari\/","name":"Nardini Editore celebra Giuseppe Chiari - Article Marketing","isPartOf":{"@id":"https:\/\/www.article-marketing.eu\/comunicati\/#website"},"datePublished":"2008-05-12T15:22:18+00:00","author":{"@id":"https:\/\/www.article-marketing.eu\/comunicati\/#\/schema\/person\/44372e4d4d0fa797b18e03ed1ace9017"},"breadcrumb":{"@id":"https:\/\/www.article-marketing.eu\/comunicati\/arte-e-cultura\/libri\/nardini-editore-celebra-giuseppe-chiari\/#breadcrumb"},"inLanguage":"it-IT","potentialAction":[{"@type":"ReadAction","target":["https:\/\/www.article-marketing.eu\/comunicati\/arte-e-cultura\/libri\/nardini-editore-celebra-giuseppe-chiari\/"]}]},{"@type":"BreadcrumbList","@id":"https:\/\/www.article-marketing.eu\/comunicati\/arte-e-cultura\/libri\/nardini-editore-celebra-giuseppe-chiari\/#breadcrumb","itemListElement":[{"@type":"ListItem","position":1,"name":"Home","item":"https:\/\/www.article-marketing.eu\/comunicati\/"},{"@type":"ListItem","position":2,"name":"Nardini Editore celebra Giuseppe Chiari"}]},{"@type":"WebSite","@id":"https:\/\/www.article-marketing.eu\/comunicati\/#website","url":"https:\/\/www.article-marketing.eu\/comunicati\/","name":"Article Marketing","description":"article marketing &amp; press release","potentialAction":[{"@type":"SearchAction","target":{"@type":"EntryPoint","urlTemplate":"https:\/\/www.article-marketing.eu\/comunicati\/?s={search_term_string}"},"query-input":{"@type":"PropertyValueSpecification","valueRequired":true,"valueName":"search_term_string"}}],"inLanguage":"it-IT"},{"@type":"Person","@id":"https:\/\/www.article-marketing.eu\/comunicati\/#\/schema\/person\/44372e4d4d0fa797b18e03ed1ace9017","name":"Redazione Comunicati Stampa","image":{"@type":"ImageObject","inLanguage":"it-IT","@id":"https:\/\/www.article-marketing.eu\/comunicati\/#\/schema\/person\/image\/","url":"https:\/\/secure.gravatar.com\/avatar\/50e5c6421d3072f42e7ace803501602c60d75233d34e29fd05feb91c8760b792?s=96&d=mm&r=g","contentUrl":"https:\/\/secure.gravatar.com\/avatar\/50e5c6421d3072f42e7ace803501602c60d75233d34e29fd05feb91c8760b792?s=96&d=mm&r=g","caption":"Redazione Comunicati Stampa"},"url":"https:\/\/www.article-marketing.eu\/comunicati\/author\/redazione-comunicati-stampa\/"}]}},"_links":{"self":[{"href":"https:\/\/www.article-marketing.eu\/comunicati\/wp-json\/wp\/v2\/posts\/379","targetHints":{"allow":["GET"]}}],"collection":[{"href":"https:\/\/www.article-marketing.eu\/comunicati\/wp-json\/wp\/v2\/posts"}],"about":[{"href":"https:\/\/www.article-marketing.eu\/comunicati\/wp-json\/wp\/v2\/types\/post"}],"author":[{"embeddable":true,"href":"https:\/\/www.article-marketing.eu\/comunicati\/wp-json\/wp\/v2\/users\/10"}],"replies":[{"embeddable":true,"href":"https:\/\/www.article-marketing.eu\/comunicati\/wp-json\/wp\/v2\/comments?post=379"}],"version-history":[{"count":0,"href":"https:\/\/www.article-marketing.eu\/comunicati\/wp-json\/wp\/v2\/posts\/379\/revisions"}],"wp:attachment":[{"href":"https:\/\/www.article-marketing.eu\/comunicati\/wp-json\/wp\/v2\/media?parent=379"}],"wp:term":[{"taxonomy":"category","embeddable":true,"href":"https:\/\/www.article-marketing.eu\/comunicati\/wp-json\/wp\/v2\/categories?post=379"},{"taxonomy":"post_tag","embeddable":true,"href":"https:\/\/www.article-marketing.eu\/comunicati\/wp-json\/wp\/v2\/tags?post=379"}],"curies":[{"name":"wp","href":"https:\/\/api.w.org\/{rel}","templated":true}]}}