{"id":3804,"date":"2010-01-11T10:42:51","date_gmt":"2010-01-11T09:42:51","guid":{"rendered":"http:\/\/www.article-marketing.eu\/comunicati\/senza-categoria\/marche-centro-darte-alla-galleria-marconi\/"},"modified":"2010-01-11T10:42:51","modified_gmt":"2010-01-11T09:42:51","slug":"marche-centro-darte-alla-galleria-marconi","status":"publish","type":"post","link":"https:\/\/www.article-marketing.eu\/comunicati\/arte-e-cultura\/marche-centro-darte-alla-galleria-marconi\/","title":{"rendered":"Marche Centro d&#8217;Arte alla Galleria Marconi"},"content":{"rendered":"<p>La Galleria Marconi di Cupra Marittima riprende la programmazione della rassegna Non lo so e non lo voglio sapere. Domenica 17 gennaio alle 18.00, infatti, si inaugura il primo appuntamento di Marche Centro d\u2019Arte, mini ciclo di tre mostre dedicato ai fermenti artistici marchigiani, che viene riproposto dopo il successo dello scorso anno<br \/>La curatrice Cristina Petrelli presenta il lavoro di Roberto Cicchin\u00e8, Armando Fanelli, Niba e Ivana Spinelli, quattro artisti che utilizzando linguaggi diversi danno il senso della situazione dell&#8217;arte nel nostro territorio.<\/p>\n<p><img decoding=\"async\" vspace=\"0\" hspace=\"0\" border=\"0\" align=\"baseline\" src=\"http:\/\/3.bp.blogspot.com\/_oXqltlncso8\/S0pdW3hHvdI\/AAAAAAAAANc\/D15WxXNZhko\/s1600\/armando%2BFanelli%2B-%2BPERMEATO4.JPG\" \/><br \/>&nbsp;<br \/>\u201cDistanziarsi dal momento presente per rileggere il vissuto. Un procedere che non segue una successione lineare, ma percorre strade anomale dove il prima e il dopo si trovano ad esistere nel medesimo istante.<br \/>Negli scatti fotografici di Roberto Cicchin\u00e8 la memoria individuale partecipa alle scelte collettive, cristallizzandosi nel simbolo. L\u2019inevitabile dissolvimento diventa indizio dell\u2019attraversamento necessario che predispone al nuovo.<br \/>Nel video Armando Fanelli traccia una mappa emotiva in cui l\u2019infinita complessit\u00e0 dei rapporti umani si rende percepibile attraverso il confine poroso dell\u2019epidermide, un processo che continua nelle foto, dove ci\u00f2 che normalmente resta celato viene prepotentemente esibito.<br \/>Nelle sculture di Niba rimane solo la forma del corpo femminile imprigionato in aderenti tute di latex. Il riflesso acquista consistenza nel gioco simmetrico della duplicazione, celebrando il carattere effimero dell\u2019apparenza.<br \/>Nell\u2019installazione di Ivana Spinelli oggetti della vita domestica si susseguono l\u2019uno dopo l\u2019altro. L\u2019uso dell\u2019inchiostro nero sul bianco dello sfondo assegna all\u2019immagine un\u2019esistenza incerta, in bilico tra affermazione e scomparsa.<br \/>Il percorso tracciato dagli artisti, mediante i lavori esposti, consolida l\u2019intuizione che in ogni esperienza individuale si stratifichi non tanto quello che si desidera ricordare quanto tutto ci\u00f2 con cui si viene a contatto in modo del tutto involontario. Emerge incontrastato il fluire del tempo, l\u2019eterno divenire dell\u2019esistenza\u201d. (Cristina Petrelli)<\/p>\n<p>&nbsp;<br \/>Non lo so e non lo voglio sapere non \u00e8 solo una risposta, \u00e8 anche una provocazione, un atteggiamento e in fondo una forma di agnosticismo, che nel caso dell\u2019arte potremmo definire culturale. \u00c8 un modo per affrontare i grandi quesiti dell\u2019umanit\u00e0: da dove veniamo? Dove andiamo? Perch\u00e9 il dolore? Perch\u00e9 le patate al forno sono sempre troppo poche?<br \/>Una risposta spesso comoda, a volte sconvolgente, che esprime una volont\u00e0 di ignoranza che \u00e8 molto lontana dall\u2019affermazione socratica che il vero saggio \u00e8 colui che sa di non sapere. Non c\u2019\u00e8 nessuna tensione alla conoscenza, nessuna curiosit\u00e0, solo distacco e indifferenza.<br \/>Spesso davanti a una proposta di tipo artistico questa frase arriva e fa un po\u2019 male. Chi la adotta pu\u00f2 sembrare un po\u2019 fuori dal tempo, ma in verit\u00e0 spesso appartiene a una maggioranza, nemmeno troppo silenziosa.<br \/>Sarebbe legittimo adesso rispondere alla domanda: perch\u00e9 intitolare in questa maniera una rassegna di mostre?<br \/>La risposta in fondo \u00e8 gi\u00e0 nel titolo<\/p>\n<p>scheda tecnica\/technical card<br \/>&nbsp;<br \/>curatore\/curator by Cristina Petrelli<br \/>testo critico\/art critic by Cristina Petrelli<br \/>&nbsp;<br \/>ufficio stampa\/ press agent Dario Ciferri<br \/>traduzione di\/translation by Patrizia Isidori<br \/>&nbsp;<br \/>relazioni esterne e promozione delle attivit\u00e0\/ external relationship and promotion of activities Stefania Palanca<br \/>fotografia\/photography Marco Biancucci\u00a9<br \/>riprese video\/video shooting Stefano Abbadini<br \/>allestimenti\/preparation Marco Croci<br \/>progetto grafico\/graphic project maicol e mirco<br \/>webmaster http:\/\/www.siscom.it<\/p>\n<p>&nbsp;<br \/>dal 17 gennaio al 14 febbraio<br \/>from 17th january to 14th february<br \/>orario: luned\u00ec-sabato dalle 16 alle 20<br \/>opening time: Mon-Sat 4 to 8 p.m.<br \/>&nbsp;<br \/>Galleria Marconi di Franco Marconi<br \/>C.so Vittorio Emanuele, 70<br \/>63012 Cupra Marittima (AP)<br \/>tel 0735778703<br \/>e-mail galmarconi@siscom.it<br \/>web http:\/\/www.siscom.it\/marconi<\/p>\n<p>&nbsp;<\/p>\n","protected":false},"excerpt":{"rendered":"<p>La Galleria Marconi di Cupra Marittima domenica 17 gennaio alle 18.00 inaugura il primo appuntamento di Marche Centro d\u2019Arte, mini ciclo di tre mostre dedicato ai fermenti artistici marchigiani, che viene riproposto dopo il successo dello scorso anno<br \/>\nLa curatrice Cristina Petrelli presenta il lavoro di Roberto Cicchin\u00e8, Armando Fanelli, Niba e Ivana Spinelli.<\/p>\n","protected":false},"author":10,"featured_media":0,"comment_status":"open","ping_status":"open","sticky":false,"template":"","format":"standard","meta":{"cybocfi_hide_featured_image":"","footnotes":""},"categories":[27],"tags":[171,1237,1028,1000],"class_list":["post-3804","post","type-post","status-publish","format-standard","hentry","category-arte-e-cultura","tag-arte","tag-cupra-marittima","tag-galleria-marconi","tag-mostra"],"yoast_head":"<!-- This site is optimized with the Yoast SEO plugin v27.0 - https:\/\/yoast.com\/product\/yoast-seo-wordpress\/ -->\n<title>Marche Centro d&#039;Arte alla Galleria Marconi - Article Marketing<\/title>\n<meta name=\"robots\" content=\"index, follow, max-snippet:-1, max-image-preview:large, max-video-preview:-1\" \/>\n<link rel=\"canonical\" href=\"https:\/\/www.article-marketing.eu\/comunicati\/arte-e-cultura\/marche-centro-darte-alla-galleria-marconi\/\" \/>\n<meta property=\"og:locale\" content=\"it_IT\" \/>\n<meta property=\"og:type\" content=\"article\" \/>\n<meta property=\"og:title\" content=\"Marche Centro d&#039;Arte alla Galleria Marconi - Article Marketing\" \/>\n<meta property=\"og:description\" content=\"La Galleria Marconi di Cupra Marittima domenica 17 gennaio alle 18.00 inaugura il primo appuntamento di Marche Centro d\u2019Arte, mini ciclo di tre mostre dedicato ai fermenti artistici marchigiani, che viene riproposto dopo il successo dello scorso anno La curatrice Cristina Petrelli presenta il lavoro di Roberto Cicchin\u00e8, Armando Fanelli, Niba e Ivana Spinelli.\" \/>\n<meta property=\"og:url\" content=\"https:\/\/www.article-marketing.eu\/comunicati\/arte-e-cultura\/marche-centro-darte-alla-galleria-marconi\/\" \/>\n<meta property=\"og:site_name\" content=\"Article Marketing\" \/>\n<meta property=\"article:published_time\" content=\"2010-01-11T09:42:51+00:00\" \/>\n<meta property=\"og:image\" content=\"http:\/\/3.bp.blogspot.com\/_oXqltlncso8\/S0pdW3hHvdI\/AAAAAAAAANc\/D15WxXNZhko\/s1600\/armando%2BFanelli%2B-%2BPERMEATO4.JPG\" \/>\n<meta name=\"author\" content=\"Redazione Comunicati Stampa\" \/>\n<meta name=\"twitter:card\" content=\"summary_large_image\" \/>\n<meta name=\"twitter:label1\" content=\"Scritto da\" \/>\n\t<meta name=\"twitter:data1\" content=\"Redazione Comunicati Stampa\" \/>\n\t<meta name=\"twitter:label2\" content=\"Tempo di lettura stimato\" \/>\n\t<meta name=\"twitter:data2\" content=\"3 minuti\" \/>\n<script type=\"application\/ld+json\" class=\"yoast-schema-graph\">{\"@context\":\"https:\/\/schema.org\",\"@graph\":[{\"@type\":\"Article\",\"@id\":\"https:\/\/www.article-marketing.eu\/comunicati\/arte-e-cultura\/marche-centro-darte-alla-galleria-marconi\/#article\",\"isPartOf\":{\"@id\":\"https:\/\/www.article-marketing.eu\/comunicati\/arte-e-cultura\/marche-centro-darte-alla-galleria-marconi\/\"},\"author\":{\"name\":\"Redazione Comunicati Stampa\",\"@id\":\"https:\/\/www.article-marketing.eu\/comunicati\/#\/schema\/person\/44372e4d4d0fa797b18e03ed1ace9017\"},\"headline\":\"Marche Centro d&#8217;Arte alla Galleria Marconi\",\"datePublished\":\"2010-01-11T09:42:51+00:00\",\"mainEntityOfPage\":{\"@id\":\"https:\/\/www.article-marketing.eu\/comunicati\/arte-e-cultura\/marche-centro-darte-alla-galleria-marconi\/\"},\"wordCount\":579,\"commentCount\":0,\"image\":{\"@id\":\"https:\/\/www.article-marketing.eu\/comunicati\/arte-e-cultura\/marche-centro-darte-alla-galleria-marconi\/#primaryimage\"},\"thumbnailUrl\":\"http:\/\/3.bp.blogspot.com\/_oXqltlncso8\/S0pdW3hHvdI\/AAAAAAAAANc\/D15WxXNZhko\/s1600\/armando%2BFanelli%2B-%2BPERMEATO4.JPG\",\"keywords\":[\"arte\",\"cupra marittima\",\"galleria marconi\",\"Mostra\"],\"articleSection\":[\"Arte e cultura\"],\"inLanguage\":\"it-IT\",\"potentialAction\":[{\"@type\":\"CommentAction\",\"name\":\"Comment\",\"target\":[\"https:\/\/www.article-marketing.eu\/comunicati\/arte-e-cultura\/marche-centro-darte-alla-galleria-marconi\/#respond\"]}]},{\"@type\":\"WebPage\",\"@id\":\"https:\/\/www.article-marketing.eu\/comunicati\/arte-e-cultura\/marche-centro-darte-alla-galleria-marconi\/\",\"url\":\"https:\/\/www.article-marketing.eu\/comunicati\/arte-e-cultura\/marche-centro-darte-alla-galleria-marconi\/\",\"name\":\"Marche Centro d'Arte alla Galleria Marconi - Article Marketing\",\"isPartOf\":{\"@id\":\"https:\/\/www.article-marketing.eu\/comunicati\/#website\"},\"primaryImageOfPage\":{\"@id\":\"https:\/\/www.article-marketing.eu\/comunicati\/arte-e-cultura\/marche-centro-darte-alla-galleria-marconi\/#primaryimage\"},\"image\":{\"@id\":\"https:\/\/www.article-marketing.eu\/comunicati\/arte-e-cultura\/marche-centro-darte-alla-galleria-marconi\/#primaryimage\"},\"thumbnailUrl\":\"http:\/\/3.bp.blogspot.com\/_oXqltlncso8\/S0pdW3hHvdI\/AAAAAAAAANc\/D15WxXNZhko\/s1600\/armando%2BFanelli%2B-%2BPERMEATO4.JPG\",\"datePublished\":\"2010-01-11T09:42:51+00:00\",\"author\":{\"@id\":\"https:\/\/www.article-marketing.eu\/comunicati\/#\/schema\/person\/44372e4d4d0fa797b18e03ed1ace9017\"},\"breadcrumb\":{\"@id\":\"https:\/\/www.article-marketing.eu\/comunicati\/arte-e-cultura\/marche-centro-darte-alla-galleria-marconi\/#breadcrumb\"},\"inLanguage\":\"it-IT\",\"potentialAction\":[{\"@type\":\"ReadAction\",\"target\":[\"https:\/\/www.article-marketing.eu\/comunicati\/arte-e-cultura\/marche-centro-darte-alla-galleria-marconi\/\"]}]},{\"@type\":\"ImageObject\",\"inLanguage\":\"it-IT\",\"@id\":\"https:\/\/www.article-marketing.eu\/comunicati\/arte-e-cultura\/marche-centro-darte-alla-galleria-marconi\/#primaryimage\",\"url\":\"http:\/\/3.bp.blogspot.com\/_oXqltlncso8\/S0pdW3hHvdI\/AAAAAAAAANc\/D15WxXNZhko\/s1600\/armando%2BFanelli%2B-%2BPERMEATO4.JPG\",\"contentUrl\":\"http:\/\/3.bp.blogspot.com\/_oXqltlncso8\/S0pdW3hHvdI\/AAAAAAAAANc\/D15WxXNZhko\/s1600\/armando%2BFanelli%2B-%2BPERMEATO4.JPG\"},{\"@type\":\"BreadcrumbList\",\"@id\":\"https:\/\/www.article-marketing.eu\/comunicati\/arte-e-cultura\/marche-centro-darte-alla-galleria-marconi\/#breadcrumb\",\"itemListElement\":[{\"@type\":\"ListItem\",\"position\":1,\"name\":\"Home\",\"item\":\"https:\/\/www.article-marketing.eu\/comunicati\/\"},{\"@type\":\"ListItem\",\"position\":2,\"name\":\"Marche Centro d&#8217;Arte alla Galleria Marconi\"}]},{\"@type\":\"WebSite\",\"@id\":\"https:\/\/www.article-marketing.eu\/comunicati\/#website\",\"url\":\"https:\/\/www.article-marketing.eu\/comunicati\/\",\"name\":\"Article Marketing\",\"description\":\"article marketing &amp; press release\",\"potentialAction\":[{\"@type\":\"SearchAction\",\"target\":{\"@type\":\"EntryPoint\",\"urlTemplate\":\"https:\/\/www.article-marketing.eu\/comunicati\/?s={search_term_string}\"},\"query-input\":{\"@type\":\"PropertyValueSpecification\",\"valueRequired\":true,\"valueName\":\"search_term_string\"}}],\"inLanguage\":\"it-IT\"},{\"@type\":\"Person\",\"@id\":\"https:\/\/www.article-marketing.eu\/comunicati\/#\/schema\/person\/44372e4d4d0fa797b18e03ed1ace9017\",\"name\":\"Redazione Comunicati Stampa\",\"image\":{\"@type\":\"ImageObject\",\"inLanguage\":\"it-IT\",\"@id\":\"https:\/\/www.article-marketing.eu\/comunicati\/#\/schema\/person\/image\/\",\"url\":\"https:\/\/secure.gravatar.com\/avatar\/50e5c6421d3072f42e7ace803501602c60d75233d34e29fd05feb91c8760b792?s=96&d=mm&r=g\",\"contentUrl\":\"https:\/\/secure.gravatar.com\/avatar\/50e5c6421d3072f42e7ace803501602c60d75233d34e29fd05feb91c8760b792?s=96&d=mm&r=g\",\"caption\":\"Redazione Comunicati Stampa\"},\"url\":\"https:\/\/www.article-marketing.eu\/comunicati\/author\/redazione-comunicati-stampa\/\"}]}<\/script>\n<!-- \/ Yoast SEO plugin. -->","yoast_head_json":{"title":"Marche Centro d'Arte alla Galleria Marconi - Article Marketing","robots":{"index":"index","follow":"follow","max-snippet":"max-snippet:-1","max-image-preview":"max-image-preview:large","max-video-preview":"max-video-preview:-1"},"canonical":"https:\/\/www.article-marketing.eu\/comunicati\/arte-e-cultura\/marche-centro-darte-alla-galleria-marconi\/","og_locale":"it_IT","og_type":"article","og_title":"Marche Centro d'Arte alla Galleria Marconi - Article Marketing","og_description":"La Galleria Marconi di Cupra Marittima domenica 17 gennaio alle 18.00 inaugura il primo appuntamento di Marche Centro d\u2019Arte, mini ciclo di tre mostre dedicato ai fermenti artistici marchigiani, che viene riproposto dopo il successo dello scorso anno La curatrice Cristina Petrelli presenta il lavoro di Roberto Cicchin\u00e8, Armando Fanelli, Niba e Ivana Spinelli.","og_url":"https:\/\/www.article-marketing.eu\/comunicati\/arte-e-cultura\/marche-centro-darte-alla-galleria-marconi\/","og_site_name":"Article Marketing","article_published_time":"2010-01-11T09:42:51+00:00","og_image":[{"url":"http:\/\/3.bp.blogspot.com\/_oXqltlncso8\/S0pdW3hHvdI\/AAAAAAAAANc\/D15WxXNZhko\/s1600\/armando%2BFanelli%2B-%2BPERMEATO4.JPG","type":"","width":"","height":""}],"author":"Redazione Comunicati Stampa","twitter_card":"summary_large_image","twitter_misc":{"Scritto da":"Redazione Comunicati Stampa","Tempo di lettura stimato":"3 minuti"},"schema":{"@context":"https:\/\/schema.org","@graph":[{"@type":"Article","@id":"https:\/\/www.article-marketing.eu\/comunicati\/arte-e-cultura\/marche-centro-darte-alla-galleria-marconi\/#article","isPartOf":{"@id":"https:\/\/www.article-marketing.eu\/comunicati\/arte-e-cultura\/marche-centro-darte-alla-galleria-marconi\/"},"author":{"name":"Redazione Comunicati Stampa","@id":"https:\/\/www.article-marketing.eu\/comunicati\/#\/schema\/person\/44372e4d4d0fa797b18e03ed1ace9017"},"headline":"Marche Centro d&#8217;Arte alla Galleria Marconi","datePublished":"2010-01-11T09:42:51+00:00","mainEntityOfPage":{"@id":"https:\/\/www.article-marketing.eu\/comunicati\/arte-e-cultura\/marche-centro-darte-alla-galleria-marconi\/"},"wordCount":579,"commentCount":0,"image":{"@id":"https:\/\/www.article-marketing.eu\/comunicati\/arte-e-cultura\/marche-centro-darte-alla-galleria-marconi\/#primaryimage"},"thumbnailUrl":"http:\/\/3.bp.blogspot.com\/_oXqltlncso8\/S0pdW3hHvdI\/AAAAAAAAANc\/D15WxXNZhko\/s1600\/armando%2BFanelli%2B-%2BPERMEATO4.JPG","keywords":["arte","cupra marittima","galleria marconi","Mostra"],"articleSection":["Arte e cultura"],"inLanguage":"it-IT","potentialAction":[{"@type":"CommentAction","name":"Comment","target":["https:\/\/www.article-marketing.eu\/comunicati\/arte-e-cultura\/marche-centro-darte-alla-galleria-marconi\/#respond"]}]},{"@type":"WebPage","@id":"https:\/\/www.article-marketing.eu\/comunicati\/arte-e-cultura\/marche-centro-darte-alla-galleria-marconi\/","url":"https:\/\/www.article-marketing.eu\/comunicati\/arte-e-cultura\/marche-centro-darte-alla-galleria-marconi\/","name":"Marche Centro d'Arte alla Galleria Marconi - Article Marketing","isPartOf":{"@id":"https:\/\/www.article-marketing.eu\/comunicati\/#website"},"primaryImageOfPage":{"@id":"https:\/\/www.article-marketing.eu\/comunicati\/arte-e-cultura\/marche-centro-darte-alla-galleria-marconi\/#primaryimage"},"image":{"@id":"https:\/\/www.article-marketing.eu\/comunicati\/arte-e-cultura\/marche-centro-darte-alla-galleria-marconi\/#primaryimage"},"thumbnailUrl":"http:\/\/3.bp.blogspot.com\/_oXqltlncso8\/S0pdW3hHvdI\/AAAAAAAAANc\/D15WxXNZhko\/s1600\/armando%2BFanelli%2B-%2BPERMEATO4.JPG","datePublished":"2010-01-11T09:42:51+00:00","author":{"@id":"https:\/\/www.article-marketing.eu\/comunicati\/#\/schema\/person\/44372e4d4d0fa797b18e03ed1ace9017"},"breadcrumb":{"@id":"https:\/\/www.article-marketing.eu\/comunicati\/arte-e-cultura\/marche-centro-darte-alla-galleria-marconi\/#breadcrumb"},"inLanguage":"it-IT","potentialAction":[{"@type":"ReadAction","target":["https:\/\/www.article-marketing.eu\/comunicati\/arte-e-cultura\/marche-centro-darte-alla-galleria-marconi\/"]}]},{"@type":"ImageObject","inLanguage":"it-IT","@id":"https:\/\/www.article-marketing.eu\/comunicati\/arte-e-cultura\/marche-centro-darte-alla-galleria-marconi\/#primaryimage","url":"http:\/\/3.bp.blogspot.com\/_oXqltlncso8\/S0pdW3hHvdI\/AAAAAAAAANc\/D15WxXNZhko\/s1600\/armando%2BFanelli%2B-%2BPERMEATO4.JPG","contentUrl":"http:\/\/3.bp.blogspot.com\/_oXqltlncso8\/S0pdW3hHvdI\/AAAAAAAAANc\/D15WxXNZhko\/s1600\/armando%2BFanelli%2B-%2BPERMEATO4.JPG"},{"@type":"BreadcrumbList","@id":"https:\/\/www.article-marketing.eu\/comunicati\/arte-e-cultura\/marche-centro-darte-alla-galleria-marconi\/#breadcrumb","itemListElement":[{"@type":"ListItem","position":1,"name":"Home","item":"https:\/\/www.article-marketing.eu\/comunicati\/"},{"@type":"ListItem","position":2,"name":"Marche Centro d&#8217;Arte alla Galleria Marconi"}]},{"@type":"WebSite","@id":"https:\/\/www.article-marketing.eu\/comunicati\/#website","url":"https:\/\/www.article-marketing.eu\/comunicati\/","name":"Article Marketing","description":"article marketing &amp; press release","potentialAction":[{"@type":"SearchAction","target":{"@type":"EntryPoint","urlTemplate":"https:\/\/www.article-marketing.eu\/comunicati\/?s={search_term_string}"},"query-input":{"@type":"PropertyValueSpecification","valueRequired":true,"valueName":"search_term_string"}}],"inLanguage":"it-IT"},{"@type":"Person","@id":"https:\/\/www.article-marketing.eu\/comunicati\/#\/schema\/person\/44372e4d4d0fa797b18e03ed1ace9017","name":"Redazione Comunicati Stampa","image":{"@type":"ImageObject","inLanguage":"it-IT","@id":"https:\/\/www.article-marketing.eu\/comunicati\/#\/schema\/person\/image\/","url":"https:\/\/secure.gravatar.com\/avatar\/50e5c6421d3072f42e7ace803501602c60d75233d34e29fd05feb91c8760b792?s=96&d=mm&r=g","contentUrl":"https:\/\/secure.gravatar.com\/avatar\/50e5c6421d3072f42e7ace803501602c60d75233d34e29fd05feb91c8760b792?s=96&d=mm&r=g","caption":"Redazione Comunicati Stampa"},"url":"https:\/\/www.article-marketing.eu\/comunicati\/author\/redazione-comunicati-stampa\/"}]}},"_links":{"self":[{"href":"https:\/\/www.article-marketing.eu\/comunicati\/wp-json\/wp\/v2\/posts\/3804","targetHints":{"allow":["GET"]}}],"collection":[{"href":"https:\/\/www.article-marketing.eu\/comunicati\/wp-json\/wp\/v2\/posts"}],"about":[{"href":"https:\/\/www.article-marketing.eu\/comunicati\/wp-json\/wp\/v2\/types\/post"}],"author":[{"embeddable":true,"href":"https:\/\/www.article-marketing.eu\/comunicati\/wp-json\/wp\/v2\/users\/10"}],"replies":[{"embeddable":true,"href":"https:\/\/www.article-marketing.eu\/comunicati\/wp-json\/wp\/v2\/comments?post=3804"}],"version-history":[{"count":0,"href":"https:\/\/www.article-marketing.eu\/comunicati\/wp-json\/wp\/v2\/posts\/3804\/revisions"}],"wp:attachment":[{"href":"https:\/\/www.article-marketing.eu\/comunicati\/wp-json\/wp\/v2\/media?parent=3804"}],"wp:term":[{"taxonomy":"category","embeddable":true,"href":"https:\/\/www.article-marketing.eu\/comunicati\/wp-json\/wp\/v2\/categories?post=3804"},{"taxonomy":"post_tag","embeddable":true,"href":"https:\/\/www.article-marketing.eu\/comunicati\/wp-json\/wp\/v2\/tags?post=3804"}],"curies":[{"name":"wp","href":"https:\/\/api.w.org\/{rel}","templated":true}]}}