{"id":38062,"date":"2013-11-12T11:37:28","date_gmt":"2013-11-12T10:37:28","guid":{"rendered":"http:\/\/www.article-marketing.eu\/comunicati\/senza-categoria\/il-sito-t%c3cv-italia-si-rinnova\/"},"modified":"2013-11-12T11:37:28","modified_gmt":"2013-11-12T10:37:28","slug":"il-sito-t%c3cv-italia-si-rinnova","status":"publish","type":"post","link":"https:\/\/www.article-marketing.eu\/comunicati\/economia-e-lavoro\/aziende\/il-sito-t%c3cv-italia-si-rinnova\/","title":{"rendered":"Il sito T\u00dcV Italia si rinnova"},"content":{"rendered":"<p>Sesto S. Giovanni\/Monaco. Il restyling del sito <a href=\"http:\/\/www.tuv.it\/\" target=\"_blank\" title=\"www.tuv.it\">www.tuv.it<\/a> propone un design emozionale ed una struttura dei contenuti secondo i pi&ugrave; attuali temi in ambito tecnico (Focus topics) ai quali l&rsquo;ente porta la sua capacit&agrave; di problem solving attraverso un&rsquo;offerta di servizi ampia e multidisciplinare. Il sito ha una navigabilit&agrave; intuitiva e semplificata rispetto al precedente, grazie ad una doppia modalit&agrave; di ricerca per settore e servizi.<br \/>\nQuesto cambiamento rappresenta per T&Uuml;V Italia un passaggio importante, la cui realizzazione ha richiesto tempi non brevi ed un lavoro che l&rsquo;ha vista coinvolta con i colleghi della casa madre. Il passaggio si inserisce nell&rsquo;ampio progetto del Corporate Image che il Marketing Internazionale di T&Uuml;V S&Uuml;D sta portando avanti e che coinvolge tutti i paesi dove operano le sue filiali.<br \/>\nIl nuovo sito mantiene la possibilit&agrave; di scaricare documenti come richieste di offerta, regolamenti e accreditamenti, richiedere il proprio marchio di certificazione, sfogliare e scaricare l&rsquo;house organ T&Uuml;V Italia Journal, visionare le posizioni di lavoro aperte, accedere al data base clienti e agli spazi dedicati alla presentazione degli eventi promossi dall&rsquo;ente e delle news pi&ugrave; recenti. In italiano e inglese, il sito permette di collegarsi direttamente con le pagine Twitter e Linkedin di T&Uuml;V Italia, oltre a condividere i contenuti sulle principali piattaforme social.<\/p>\n<p>T&Uuml;V Italia &egrave; un ente indipendente di certificazione, ispezione, testing, collaudi e formazione, che offre servizi certificativi in ambito qualit&agrave;, energia, ambiente, sicurezza e prodotto presente in Italia dal 1987 ed appartenente al gruppo T&Uuml;V S&Uuml;D, fondato nel 1866 per volont&agrave; di alcuni imprenditori e tecnici bavaresi che, preoccupati per le frequenti esplosioni che coinvolgevano i generatori ed i serbatoi a pressione, crearono l&#8217;Associazione bavarese di ispezione per i serbatoi a pressione, oggi conosciuta in tutto il mondo con il nome di T&Uuml;V S&Uuml;D.<br \/>\nLa struttura negli anni &egrave; cresciuta e l&#8217;internazionalizzazione del business ha contribuito ad una forte crescita delle attivit&agrave; all&#8217;estero e allo sviluppo di 800 sedi in tutto il mondo. Presente in pi&ugrave; di 60 paesi per un totale di oltre 18.000 dipendenti, nel 2012 il gruppo T&Uuml;V S&Uuml;D ha fatturato circa 1,820 milioni di euro. <br \/>T&Uuml;V Italia, a venticinque anni dalla sua presenza nel nostro paese, conta di una struttura di circa 470 dipendenti e 400 collaboratori, con dieci uffici operativi sul territorio nazionale, a cui si affiancano i laboratori di Scarmagno (TO) e quelli delle controllate Bytest, a Volpiano (TO) e Benevento, e di quello di pH a Tavarnelle Val di Pesa (FI), acquisiti rispettivamente nel gennaio 2012 e nel gennaio 2013.<br \/>\nL&#8217;appartenenza ad un grande gruppo internazionale ci porta know how ed esperienza che, unite a professionalit&agrave; e conoscenza del mercato italiano, ci rendono il vostro miglior partner per ogni tipo di certificazione.<\/p>\n","protected":false},"excerpt":{"rendered":"<p>L\u201911 novembre 2013 \u00e8 andato online il nuovo sito T\u00dcV Italia, la cui immagine si allinea a quella globale del gruppo T\u00dcV S\u00dcD.<\/p>\n","protected":false},"author":10,"featured_media":0,"comment_status":"open","ping_status":"open","sticky":false,"template":"","format":"standard","meta":{"cybocfi_hide_featured_image":"","footnotes":""},"categories":[129],"tags":[24917,45490,1414,45489],"class_list":["post-38062","post","type-post","status-publish","format-standard","hentry","category-aziende","tag-linkedin","tag-tuv-sud","tag-twitter","tag-www-tuv-it"],"yoast_head":"<!-- This site is optimized with the Yoast SEO plugin v27.0 - https:\/\/yoast.com\/product\/yoast-seo-wordpress\/ -->\n<title>Il sito T\u00dcV Italia si rinnova - Article Marketing<\/title>\n<meta name=\"robots\" content=\"index, follow, max-snippet:-1, max-image-preview:large, max-video-preview:-1\" \/>\n<link rel=\"canonical\" href=\"https:\/\/www.article-marketing.eu\/comunicati\/economia-e-lavoro\/aziende\/il-sito-t?cv-italia-si-rinnova\/\" \/>\n<meta property=\"og:locale\" content=\"it_IT\" \/>\n<meta property=\"og:type\" content=\"article\" \/>\n<meta property=\"og:title\" content=\"Il sito T\u00dcV Italia si rinnova - Article Marketing\" \/>\n<meta property=\"og:description\" content=\"L\u201911 novembre 2013 \u00e8 andato online il nuovo sito T\u00dcV Italia, la cui immagine si allinea a quella globale del gruppo T\u00dcV S\u00dcD.\" \/>\n<meta property=\"og:url\" content=\"\" \/>\n<meta property=\"og:site_name\" content=\"Article Marketing\" \/>\n<meta property=\"article:published_time\" content=\"2013-11-12T10:37:28+00:00\" \/>\n<meta name=\"author\" content=\"Redazione Comunicati Stampa\" \/>\n<meta name=\"twitter:card\" content=\"summary_large_image\" \/>\n<meta name=\"twitter:label1\" content=\"Scritto da\" \/>\n\t<meta name=\"twitter:data1\" content=\"Redazione Comunicati Stampa\" \/>\n\t<meta name=\"twitter:label2\" content=\"Tempo di lettura stimato\" \/>\n\t<meta name=\"twitter:data2\" content=\"2 minuti\" \/>\n<script type=\"application\/ld+json\" class=\"yoast-schema-graph\">{\"@context\":\"https:\/\/schema.org\",\"@graph\":[{\"@type\":\"Article\",\"@id\":\"https:\/\/www.article-marketing.eu\/comunicati\/economia-e-lavoro\/aziende\/il-sito-t%c3cv-italia-si-rinnova\/#article\",\"isPartOf\":{\"@id\":\"https:\/\/www.article-marketing.eu\/comunicati\/economia-e-lavoro\/aziende\/il-sito-t%c3cv-italia-si-rinnova\/\"},\"author\":{\"name\":\"Redazione Comunicati Stampa\",\"@id\":\"https:\/\/www.article-marketing.eu\/comunicati\/#\/schema\/person\/44372e4d4d0fa797b18e03ed1ace9017\"},\"headline\":\"Il sito T\u00dcV Italia si rinnova\",\"datePublished\":\"2013-11-12T10:37:28+00:00\",\"mainEntityOfPage\":{\"@id\":\"https:\/\/www.article-marketing.eu\/comunicati\/economia-e-lavoro\/aziende\/il-sito-t%c3cv-italia-si-rinnova\/\"},\"wordCount\":497,\"commentCount\":0,\"keywords\":[\"linkedin\",\"T\u00dcV S\u00dcD\",\"twitter\",\"www.tuv.it\"],\"articleSection\":[\"Aziende\"],\"inLanguage\":\"it-IT\",\"potentialAction\":[{\"@type\":\"CommentAction\",\"name\":\"Comment\",\"target\":[\"https:\/\/www.article-marketing.eu\/comunicati\/economia-e-lavoro\/aziende\/il-sito-t%c3cv-italia-si-rinnova\/#respond\"]}]},{\"@type\":\"WebPage\",\"@id\":\"https:\/\/www.article-marketing.eu\/comunicati\/economia-e-lavoro\/aziende\/il-sito-t%c3cv-italia-si-rinnova\/\",\"url\":\"https:\/\/www.article-marketing.eu\/comunicati\/economia-e-lavoro\/aziende\/il-sito-t%c3cv-italia-si-rinnova\/\",\"name\":\"Il sito T\u00dcV Italia si rinnova - Article Marketing\",\"isPartOf\":{\"@id\":\"https:\/\/www.article-marketing.eu\/comunicati\/#website\"},\"datePublished\":\"2013-11-12T10:37:28+00:00\",\"author\":{\"@id\":\"https:\/\/www.article-marketing.eu\/comunicati\/#\/schema\/person\/44372e4d4d0fa797b18e03ed1ace9017\"},\"breadcrumb\":{\"@id\":\"https:\/\/www.article-marketing.eu\/comunicati\/economia-e-lavoro\/aziende\/il-sito-t%c3cv-italia-si-rinnova\/#breadcrumb\"},\"inLanguage\":\"it-IT\",\"potentialAction\":[{\"@type\":\"ReadAction\",\"target\":[\"https:\/\/www.article-marketing.eu\/comunicati\/economia-e-lavoro\/aziende\/il-sito-t%c3cv-italia-si-rinnova\/\"]}]},{\"@type\":\"BreadcrumbList\",\"@id\":\"https:\/\/www.article-marketing.eu\/comunicati\/economia-e-lavoro\/aziende\/il-sito-t%c3cv-italia-si-rinnova\/#breadcrumb\",\"itemListElement\":[{\"@type\":\"ListItem\",\"position\":1,\"name\":\"Home\",\"item\":\"https:\/\/www.article-marketing.eu\/comunicati\/\"},{\"@type\":\"ListItem\",\"position\":2,\"name\":\"Il sito T\u00dcV Italia si rinnova\"}]},{\"@type\":\"WebSite\",\"@id\":\"https:\/\/www.article-marketing.eu\/comunicati\/#website\",\"url\":\"https:\/\/www.article-marketing.eu\/comunicati\/\",\"name\":\"Article Marketing\",\"description\":\"article marketing &amp; press release\",\"potentialAction\":[{\"@type\":\"SearchAction\",\"target\":{\"@type\":\"EntryPoint\",\"urlTemplate\":\"https:\/\/www.article-marketing.eu\/comunicati\/?s={search_term_string}\"},\"query-input\":{\"@type\":\"PropertyValueSpecification\",\"valueRequired\":true,\"valueName\":\"search_term_string\"}}],\"inLanguage\":\"it-IT\"},{\"@type\":\"Person\",\"@id\":\"https:\/\/www.article-marketing.eu\/comunicati\/#\/schema\/person\/44372e4d4d0fa797b18e03ed1ace9017\",\"name\":\"Redazione Comunicati Stampa\",\"image\":{\"@type\":\"ImageObject\",\"inLanguage\":\"it-IT\",\"@id\":\"https:\/\/www.article-marketing.eu\/comunicati\/#\/schema\/person\/image\/\",\"url\":\"https:\/\/secure.gravatar.com\/avatar\/50e5c6421d3072f42e7ace803501602c60d75233d34e29fd05feb91c8760b792?s=96&d=mm&r=g\",\"contentUrl\":\"https:\/\/secure.gravatar.com\/avatar\/50e5c6421d3072f42e7ace803501602c60d75233d34e29fd05feb91c8760b792?s=96&d=mm&r=g\",\"caption\":\"Redazione Comunicati Stampa\"},\"url\":\"https:\/\/www.article-marketing.eu\/comunicati\/author\/redazione-comunicati-stampa\/\"}]}<\/script>\n<!-- \/ Yoast SEO plugin. -->","yoast_head_json":{"title":"Il sito T\u00dcV Italia si rinnova - Article Marketing","robots":{"index":"index","follow":"follow","max-snippet":"max-snippet:-1","max-image-preview":"max-image-preview:large","max-video-preview":"max-video-preview:-1"},"canonical":"https:\/\/www.article-marketing.eu\/comunicati\/economia-e-lavoro\/aziende\/il-sito-t?cv-italia-si-rinnova\/","og_locale":"it_IT","og_type":"article","og_title":"Il sito T\u00dcV Italia si rinnova - Article Marketing","og_description":"L\u201911 novembre 2013 \u00e8 andato online il nuovo sito T\u00dcV Italia, la cui immagine si allinea a quella globale del gruppo T\u00dcV S\u00dcD.","og_url":"https:\/\/www.article-marketing.eu\/comunicati\/economia-e-lavoro\/aziende\/il-sito-t?cv-italia-si-rinnova\/","og_site_name":"Article Marketing","article_published_time":"2013-11-12T10:37:28+00:00","author":"Redazione Comunicati Stampa","twitter_card":"summary_large_image","twitter_misc":{"Scritto da":"Redazione Comunicati Stampa","Tempo di lettura stimato":"2 minuti"},"schema":{"@context":"https:\/\/schema.org","@graph":[{"@type":"Article","@id":"https:\/\/www.article-marketing.eu\/comunicati\/economia-e-lavoro\/aziende\/il-sito-t%c3cv-italia-si-rinnova\/#article","isPartOf":{"@id":"https:\/\/www.article-marketing.eu\/comunicati\/economia-e-lavoro\/aziende\/il-sito-t%c3cv-italia-si-rinnova\/"},"author":{"name":"Redazione Comunicati Stampa","@id":"https:\/\/www.article-marketing.eu\/comunicati\/#\/schema\/person\/44372e4d4d0fa797b18e03ed1ace9017"},"headline":"Il sito T\u00dcV Italia si rinnova","datePublished":"2013-11-12T10:37:28+00:00","mainEntityOfPage":{"@id":"https:\/\/www.article-marketing.eu\/comunicati\/economia-e-lavoro\/aziende\/il-sito-t%c3cv-italia-si-rinnova\/"},"wordCount":497,"commentCount":0,"keywords":["linkedin","T\u00dcV S\u00dcD","twitter","www.tuv.it"],"articleSection":["Aziende"],"inLanguage":"it-IT","potentialAction":[{"@type":"CommentAction","name":"Comment","target":["https:\/\/www.article-marketing.eu\/comunicati\/economia-e-lavoro\/aziende\/il-sito-t%c3cv-italia-si-rinnova\/#respond"]}]},{"@type":"WebPage","@id":"https:\/\/www.article-marketing.eu\/comunicati\/economia-e-lavoro\/aziende\/il-sito-t%c3cv-italia-si-rinnova\/","url":"https:\/\/www.article-marketing.eu\/comunicati\/economia-e-lavoro\/aziende\/il-sito-t%c3cv-italia-si-rinnova\/","name":"Il sito T\u00dcV Italia si rinnova - Article Marketing","isPartOf":{"@id":"https:\/\/www.article-marketing.eu\/comunicati\/#website"},"datePublished":"2013-11-12T10:37:28+00:00","author":{"@id":"https:\/\/www.article-marketing.eu\/comunicati\/#\/schema\/person\/44372e4d4d0fa797b18e03ed1ace9017"},"breadcrumb":{"@id":"https:\/\/www.article-marketing.eu\/comunicati\/economia-e-lavoro\/aziende\/il-sito-t%c3cv-italia-si-rinnova\/#breadcrumb"},"inLanguage":"it-IT","potentialAction":[{"@type":"ReadAction","target":["https:\/\/www.article-marketing.eu\/comunicati\/economia-e-lavoro\/aziende\/il-sito-t%c3cv-italia-si-rinnova\/"]}]},{"@type":"BreadcrumbList","@id":"https:\/\/www.article-marketing.eu\/comunicati\/economia-e-lavoro\/aziende\/il-sito-t%c3cv-italia-si-rinnova\/#breadcrumb","itemListElement":[{"@type":"ListItem","position":1,"name":"Home","item":"https:\/\/www.article-marketing.eu\/comunicati\/"},{"@type":"ListItem","position":2,"name":"Il sito T\u00dcV Italia si rinnova"}]},{"@type":"WebSite","@id":"https:\/\/www.article-marketing.eu\/comunicati\/#website","url":"https:\/\/www.article-marketing.eu\/comunicati\/","name":"Article Marketing","description":"article marketing &amp; press release","potentialAction":[{"@type":"SearchAction","target":{"@type":"EntryPoint","urlTemplate":"https:\/\/www.article-marketing.eu\/comunicati\/?s={search_term_string}"},"query-input":{"@type":"PropertyValueSpecification","valueRequired":true,"valueName":"search_term_string"}}],"inLanguage":"it-IT"},{"@type":"Person","@id":"https:\/\/www.article-marketing.eu\/comunicati\/#\/schema\/person\/44372e4d4d0fa797b18e03ed1ace9017","name":"Redazione Comunicati Stampa","image":{"@type":"ImageObject","inLanguage":"it-IT","@id":"https:\/\/www.article-marketing.eu\/comunicati\/#\/schema\/person\/image\/","url":"https:\/\/secure.gravatar.com\/avatar\/50e5c6421d3072f42e7ace803501602c60d75233d34e29fd05feb91c8760b792?s=96&d=mm&r=g","contentUrl":"https:\/\/secure.gravatar.com\/avatar\/50e5c6421d3072f42e7ace803501602c60d75233d34e29fd05feb91c8760b792?s=96&d=mm&r=g","caption":"Redazione Comunicati Stampa"},"url":"https:\/\/www.article-marketing.eu\/comunicati\/author\/redazione-comunicati-stampa\/"}]}},"_links":{"self":[{"href":"https:\/\/www.article-marketing.eu\/comunicati\/wp-json\/wp\/v2\/posts\/38062","targetHints":{"allow":["GET"]}}],"collection":[{"href":"https:\/\/www.article-marketing.eu\/comunicati\/wp-json\/wp\/v2\/posts"}],"about":[{"href":"https:\/\/www.article-marketing.eu\/comunicati\/wp-json\/wp\/v2\/types\/post"}],"author":[{"embeddable":true,"href":"https:\/\/www.article-marketing.eu\/comunicati\/wp-json\/wp\/v2\/users\/10"}],"replies":[{"embeddable":true,"href":"https:\/\/www.article-marketing.eu\/comunicati\/wp-json\/wp\/v2\/comments?post=38062"}],"version-history":[{"count":0,"href":"https:\/\/www.article-marketing.eu\/comunicati\/wp-json\/wp\/v2\/posts\/38062\/revisions"}],"wp:attachment":[{"href":"https:\/\/www.article-marketing.eu\/comunicati\/wp-json\/wp\/v2\/media?parent=38062"}],"wp:term":[{"taxonomy":"category","embeddable":true,"href":"https:\/\/www.article-marketing.eu\/comunicati\/wp-json\/wp\/v2\/categories?post=38062"},{"taxonomy":"post_tag","embeddable":true,"href":"https:\/\/www.article-marketing.eu\/comunicati\/wp-json\/wp\/v2\/tags?post=38062"}],"curies":[{"name":"wp","href":"https:\/\/api.w.org\/{rel}","templated":true}]}}