{"id":382,"date":"2008-05-13T12:32:57","date_gmt":"2008-05-13T10:32:57","guid":{"rendered":"http:\/\/www.article-marketing.eu\/comunicati\/senza-categoria\/nasce-una-nuova-corrente-artistica-italiana-lintrospezionismo\/"},"modified":"2018-06-04T20:07:43","modified_gmt":"2018-06-04T18:07:43","slug":"nasce-una-nuova-corrente-artistica-italiana-lintrospezionismo","status":"publish","type":"post","link":"https:\/\/www.article-marketing.eu\/comunicati\/arte-e-cultura\/nasce-una-nuova-corrente-artistica-italiana-lintrospezionismo\/","title":{"rendered":"Nasce una nuova corrente artistica italiana: l&#8217;introspezionismo"},"content":{"rendered":"<p><b>Nasce l&#8217;introspezionismo<\/b><\/p>\n<p>Il 9 febbraio 2008 a Roma Un gruppo di artisti italiani si \u00e8 riunito per dar vita e inaugurare una nuova corrente artistica: l\u2019Introspezionismo. Dalle premesse e dal momento storico che l\u2019arte contemporanea italiana sta vivendo, potremmo essere dinnanzi alla prima grande corrente del nuovo millennio. <\/p>\n<p><b>CHE COS\u2019E\u2019 L\u2019INTROSPEZIONISMO: definizione e origini.<\/b><br \/>\nL\u2019introspezionismo \u00e8 una pressoch\u00e9 sconosciuta corrente artistica italiana che sboccia da un\u2019esigenza spirituale e da un\u2019analisi sulla condotta tutta empirica dell\u2019uomo del millennio moderno.<\/p>\n<p><i>Ma cosa si intende per introspezione?<\/i> Il termine riferisce una sorta di \u201cosservazione che la coscienza individuale fa di se stessa, analizzando e studiando i propri processi psichici.\u201d<br \/>\nTale ricerca dell&#8217;arte e di pensiero ad oggi viene portata avanti da tre artisti: Stefanos Armakolas, Francesco Bitonti e Pier Paolo Nudi, tutti smossi da una ricerca interiore. <\/p>\n<p>Nonostante ciascuno di questi artisti mantenga un suo stile personale, notiamo un filo conduttore che accomuna essi e le loro opere e rende visibile tormenti, sentimenti e fede, ma anche un elemento nuovo caratterizzato da una sorta di mutua collaborazione, imprescindibile per dare concretezza e linfa vitale a qualunque nuovo movimento artistico. Gli artisti hanno deciso, cos\u00ec, di firmare un manifesto artistico che riassuma ci\u00f2 che concretamente li unisce:<\/p>\n<p># L\u2019introspezionismo artistico si fonda sulla necessit\u00e0 di una rinascita dello spirito ed allo spirito , come ricerca e rivisitazione del proprio essere, prima come uomini e poi come artisti;<\/p>\n<p># Il nostro movimento esorta l\u2019artista a guardare dentro di s\u00e8, cogliendo con sguardo limpido ed attento i sentimenti, le emozioni, le motivazioni profonde dell\u2019agire e del pensare;<\/p>\n<p># Nella piena consapevolezza di s\u00e8 rintracciamo il valore dell\u2019arte, capace di esprimere attraverso la luce della riflessione interiore , la bellezza e l\u2019armonia dell\u2019anima;<\/p>\n<p># L\u2019edificazione consapevole della propria personalit\u00e0 trova il suo pi\u00f9 alto compimento nell\u2019obiettivo di stravolgere, attraverso la creativit\u00e0 artistica, la coscienza addormentata e decadente dell\u2019uomo contemporaneo;<\/p>\n<p># Ricerchiamo l\u2019espressione del bello, del bene e del giusto come simboli di vita e di virt\u00f9;<\/p>\n<p># Rigettiamo le forme dell\u2019arte blasfema e dei falsi profeti, di quanti non vivono nel desiderio della verit\u00e0 del proprio io;<\/p>\n<p># La nostra arte si ispira al domani, evidenziando la passione che \u00e8 ricerca dell\u2019interiorit\u00e0 spirituale;<\/p>\n<p># Nel silenzio del tempo il Poeta scrive i versi della vita, dal profondo dell\u2019anima il pittore immortala sulla tela il pensiero dell\u2019uomo;<\/p>\n<p># Cantiamo l\u2019amore dell\u2019arte e della pace, del tempo e della vita come valori fondamentali da far rivivere attraverso la nostra arte;<\/p>\n<p># la nostra arte trover\u00e0 la sua massima espressione nel recuperare la propria interiorit\u00e0, nel segno della fede in se stessi ed in Dio;<\/p>\n<p># La nostra arte \u00e8 la pi\u00f9 alta espressione di pensiero, d\u2019azione, di linguaggio , di creativit\u00e0, su questi principi oggi fondiamo l\u2019instrospezionismo.<\/p>\n","protected":false},"excerpt":{"rendered":"<p>Nasce Il 9 febbraio 2008 a Roma l&#8217;introspezionismo nuova corrente artistica italiana. Gli artisti riuniti hanno spiegato cos&#8217;\u00e8 l&#8217;introspezionismo come nasce e dove affondano le sue radici culturali e di pensiero. Nell&#8217;occasione \u00e8 stato firmato un manifesto artistico: \u00e8 nato l&#8217;introspezionismo.<\/p>\n","protected":false},"author":10,"featured_media":0,"comment_status":"open","ping_status":"open","sticky":false,"template":"","format":"standard","meta":{"cybocfi_hide_featured_image":"","footnotes":""},"categories":[27],"tags":[1302,1301],"class_list":["post-382","post","type-post","status-publish","format-standard","hentry","category-arte-e-cultura","tag-corrente-artistica-italiana","tag-introspezionismo"],"yoast_head":"<!-- This site is optimized with the Yoast SEO plugin v27.0 - https:\/\/yoast.com\/product\/yoast-seo-wordpress\/ -->\n<title>Nasce una nuova corrente artistica italiana: l&#039;introspezionismo - Article Marketing<\/title>\n<meta name=\"robots\" content=\"index, follow, max-snippet:-1, max-image-preview:large, max-video-preview:-1\" \/>\n<link rel=\"canonical\" href=\"https:\/\/www.article-marketing.eu\/comunicati\/arte-e-cultura\/nasce-una-nuova-corrente-artistica-italiana-lintrospezionismo\/\" \/>\n<meta property=\"og:locale\" content=\"it_IT\" \/>\n<meta property=\"og:type\" content=\"article\" \/>\n<meta property=\"og:title\" content=\"Nasce una nuova corrente artistica italiana: l&#039;introspezionismo - Article Marketing\" \/>\n<meta property=\"og:description\" content=\"Nasce Il 9 febbraio 2008 a Roma l&#039;introspezionismo nuova corrente artistica italiana. Gli artisti riuniti hanno spiegato cos&#039;\u00e8 l&#039;introspezionismo come nasce e dove affondano le sue radici culturali e di pensiero. Nell&#039;occasione \u00e8 stato firmato un manifesto artistico: \u00e8 nato l&#039;introspezionismo.\" \/>\n<meta property=\"og:url\" content=\"https:\/\/www.article-marketing.eu\/comunicati\/arte-e-cultura\/nasce-una-nuova-corrente-artistica-italiana-lintrospezionismo\/\" \/>\n<meta property=\"og:site_name\" content=\"Article Marketing\" \/>\n<meta property=\"article:published_time\" content=\"2008-05-13T10:32:57+00:00\" \/>\n<meta property=\"article:modified_time\" content=\"2018-06-04T18:07:43+00:00\" \/>\n<meta name=\"author\" content=\"Redazione Comunicati Stampa\" \/>\n<meta name=\"twitter:card\" content=\"summary_large_image\" \/>\n<meta name=\"twitter:label1\" content=\"Scritto da\" \/>\n\t<meta name=\"twitter:data1\" content=\"Redazione Comunicati Stampa\" \/>\n\t<meta name=\"twitter:label2\" content=\"Tempo di lettura stimato\" \/>\n\t<meta name=\"twitter:data2\" content=\"2 minuti\" \/>\n<script type=\"application\/ld+json\" class=\"yoast-schema-graph\">{\"@context\":\"https:\/\/schema.org\",\"@graph\":[{\"@type\":\"Article\",\"@id\":\"https:\/\/www.article-marketing.eu\/comunicati\/arte-e-cultura\/nasce-una-nuova-corrente-artistica-italiana-lintrospezionismo\/#article\",\"isPartOf\":{\"@id\":\"https:\/\/www.article-marketing.eu\/comunicati\/arte-e-cultura\/nasce-una-nuova-corrente-artistica-italiana-lintrospezionismo\/\"},\"author\":{\"name\":\"Redazione Comunicati Stampa\",\"@id\":\"https:\/\/www.article-marketing.eu\/comunicati\/#\/schema\/person\/44372e4d4d0fa797b18e03ed1ace9017\"},\"headline\":\"Nasce una nuova corrente artistica italiana: l&#8217;introspezionismo\",\"datePublished\":\"2008-05-13T10:32:57+00:00\",\"dateModified\":\"2018-06-04T18:07:43+00:00\",\"mainEntityOfPage\":{\"@id\":\"https:\/\/www.article-marketing.eu\/comunicati\/arte-e-cultura\/nasce-una-nuova-corrente-artistica-italiana-lintrospezionismo\/\"},\"wordCount\":471,\"commentCount\":0,\"keywords\":[\"corrente artistica italiana\",\"introspezionismo\"],\"articleSection\":[\"Arte e cultura\"],\"inLanguage\":\"it-IT\",\"potentialAction\":[{\"@type\":\"CommentAction\",\"name\":\"Comment\",\"target\":[\"https:\/\/www.article-marketing.eu\/comunicati\/arte-e-cultura\/nasce-una-nuova-corrente-artistica-italiana-lintrospezionismo\/#respond\"]}]},{\"@type\":\"WebPage\",\"@id\":\"https:\/\/www.article-marketing.eu\/comunicati\/arte-e-cultura\/nasce-una-nuova-corrente-artistica-italiana-lintrospezionismo\/\",\"url\":\"https:\/\/www.article-marketing.eu\/comunicati\/arte-e-cultura\/nasce-una-nuova-corrente-artistica-italiana-lintrospezionismo\/\",\"name\":\"Nasce una nuova corrente artistica italiana: l'introspezionismo - Article Marketing\",\"isPartOf\":{\"@id\":\"https:\/\/www.article-marketing.eu\/comunicati\/#website\"},\"datePublished\":\"2008-05-13T10:32:57+00:00\",\"dateModified\":\"2018-06-04T18:07:43+00:00\",\"author\":{\"@id\":\"https:\/\/www.article-marketing.eu\/comunicati\/#\/schema\/person\/44372e4d4d0fa797b18e03ed1ace9017\"},\"breadcrumb\":{\"@id\":\"https:\/\/www.article-marketing.eu\/comunicati\/arte-e-cultura\/nasce-una-nuova-corrente-artistica-italiana-lintrospezionismo\/#breadcrumb\"},\"inLanguage\":\"it-IT\",\"potentialAction\":[{\"@type\":\"ReadAction\",\"target\":[\"https:\/\/www.article-marketing.eu\/comunicati\/arte-e-cultura\/nasce-una-nuova-corrente-artistica-italiana-lintrospezionismo\/\"]}]},{\"@type\":\"BreadcrumbList\",\"@id\":\"https:\/\/www.article-marketing.eu\/comunicati\/arte-e-cultura\/nasce-una-nuova-corrente-artistica-italiana-lintrospezionismo\/#breadcrumb\",\"itemListElement\":[{\"@type\":\"ListItem\",\"position\":1,\"name\":\"Home\",\"item\":\"https:\/\/www.article-marketing.eu\/comunicati\/\"},{\"@type\":\"ListItem\",\"position\":2,\"name\":\"Nasce una nuova corrente artistica italiana: l&#8217;introspezionismo\"}]},{\"@type\":\"WebSite\",\"@id\":\"https:\/\/www.article-marketing.eu\/comunicati\/#website\",\"url\":\"https:\/\/www.article-marketing.eu\/comunicati\/\",\"name\":\"Article Marketing\",\"description\":\"article marketing &amp; press release\",\"potentialAction\":[{\"@type\":\"SearchAction\",\"target\":{\"@type\":\"EntryPoint\",\"urlTemplate\":\"https:\/\/www.article-marketing.eu\/comunicati\/?s={search_term_string}\"},\"query-input\":{\"@type\":\"PropertyValueSpecification\",\"valueRequired\":true,\"valueName\":\"search_term_string\"}}],\"inLanguage\":\"it-IT\"},{\"@type\":\"Person\",\"@id\":\"https:\/\/www.article-marketing.eu\/comunicati\/#\/schema\/person\/44372e4d4d0fa797b18e03ed1ace9017\",\"name\":\"Redazione Comunicati Stampa\",\"image\":{\"@type\":\"ImageObject\",\"inLanguage\":\"it-IT\",\"@id\":\"https:\/\/www.article-marketing.eu\/comunicati\/#\/schema\/person\/image\/\",\"url\":\"https:\/\/secure.gravatar.com\/avatar\/50e5c6421d3072f42e7ace803501602c60d75233d34e29fd05feb91c8760b792?s=96&d=mm&r=g\",\"contentUrl\":\"https:\/\/secure.gravatar.com\/avatar\/50e5c6421d3072f42e7ace803501602c60d75233d34e29fd05feb91c8760b792?s=96&d=mm&r=g\",\"caption\":\"Redazione Comunicati Stampa\"},\"url\":\"https:\/\/www.article-marketing.eu\/comunicati\/author\/redazione-comunicati-stampa\/\"}]}<\/script>\n<!-- \/ Yoast SEO plugin. -->","yoast_head_json":{"title":"Nasce una nuova corrente artistica italiana: l'introspezionismo - Article Marketing","robots":{"index":"index","follow":"follow","max-snippet":"max-snippet:-1","max-image-preview":"max-image-preview:large","max-video-preview":"max-video-preview:-1"},"canonical":"https:\/\/www.article-marketing.eu\/comunicati\/arte-e-cultura\/nasce-una-nuova-corrente-artistica-italiana-lintrospezionismo\/","og_locale":"it_IT","og_type":"article","og_title":"Nasce una nuova corrente artistica italiana: l'introspezionismo - Article Marketing","og_description":"Nasce Il 9 febbraio 2008 a Roma l'introspezionismo nuova corrente artistica italiana. Gli artisti riuniti hanno spiegato cos'\u00e8 l'introspezionismo come nasce e dove affondano le sue radici culturali e di pensiero. Nell'occasione \u00e8 stato firmato un manifesto artistico: \u00e8 nato l'introspezionismo.","og_url":"https:\/\/www.article-marketing.eu\/comunicati\/arte-e-cultura\/nasce-una-nuova-corrente-artistica-italiana-lintrospezionismo\/","og_site_name":"Article Marketing","article_published_time":"2008-05-13T10:32:57+00:00","article_modified_time":"2018-06-04T18:07:43+00:00","author":"Redazione Comunicati Stampa","twitter_card":"summary_large_image","twitter_misc":{"Scritto da":"Redazione Comunicati Stampa","Tempo di lettura stimato":"2 minuti"},"schema":{"@context":"https:\/\/schema.org","@graph":[{"@type":"Article","@id":"https:\/\/www.article-marketing.eu\/comunicati\/arte-e-cultura\/nasce-una-nuova-corrente-artistica-italiana-lintrospezionismo\/#article","isPartOf":{"@id":"https:\/\/www.article-marketing.eu\/comunicati\/arte-e-cultura\/nasce-una-nuova-corrente-artistica-italiana-lintrospezionismo\/"},"author":{"name":"Redazione Comunicati Stampa","@id":"https:\/\/www.article-marketing.eu\/comunicati\/#\/schema\/person\/44372e4d4d0fa797b18e03ed1ace9017"},"headline":"Nasce una nuova corrente artistica italiana: l&#8217;introspezionismo","datePublished":"2008-05-13T10:32:57+00:00","dateModified":"2018-06-04T18:07:43+00:00","mainEntityOfPage":{"@id":"https:\/\/www.article-marketing.eu\/comunicati\/arte-e-cultura\/nasce-una-nuova-corrente-artistica-italiana-lintrospezionismo\/"},"wordCount":471,"commentCount":0,"keywords":["corrente artistica italiana","introspezionismo"],"articleSection":["Arte e cultura"],"inLanguage":"it-IT","potentialAction":[{"@type":"CommentAction","name":"Comment","target":["https:\/\/www.article-marketing.eu\/comunicati\/arte-e-cultura\/nasce-una-nuova-corrente-artistica-italiana-lintrospezionismo\/#respond"]}]},{"@type":"WebPage","@id":"https:\/\/www.article-marketing.eu\/comunicati\/arte-e-cultura\/nasce-una-nuova-corrente-artistica-italiana-lintrospezionismo\/","url":"https:\/\/www.article-marketing.eu\/comunicati\/arte-e-cultura\/nasce-una-nuova-corrente-artistica-italiana-lintrospezionismo\/","name":"Nasce una nuova corrente artistica italiana: l'introspezionismo - Article Marketing","isPartOf":{"@id":"https:\/\/www.article-marketing.eu\/comunicati\/#website"},"datePublished":"2008-05-13T10:32:57+00:00","dateModified":"2018-06-04T18:07:43+00:00","author":{"@id":"https:\/\/www.article-marketing.eu\/comunicati\/#\/schema\/person\/44372e4d4d0fa797b18e03ed1ace9017"},"breadcrumb":{"@id":"https:\/\/www.article-marketing.eu\/comunicati\/arte-e-cultura\/nasce-una-nuova-corrente-artistica-italiana-lintrospezionismo\/#breadcrumb"},"inLanguage":"it-IT","potentialAction":[{"@type":"ReadAction","target":["https:\/\/www.article-marketing.eu\/comunicati\/arte-e-cultura\/nasce-una-nuova-corrente-artistica-italiana-lintrospezionismo\/"]}]},{"@type":"BreadcrumbList","@id":"https:\/\/www.article-marketing.eu\/comunicati\/arte-e-cultura\/nasce-una-nuova-corrente-artistica-italiana-lintrospezionismo\/#breadcrumb","itemListElement":[{"@type":"ListItem","position":1,"name":"Home","item":"https:\/\/www.article-marketing.eu\/comunicati\/"},{"@type":"ListItem","position":2,"name":"Nasce una nuova corrente artistica italiana: l&#8217;introspezionismo"}]},{"@type":"WebSite","@id":"https:\/\/www.article-marketing.eu\/comunicati\/#website","url":"https:\/\/www.article-marketing.eu\/comunicati\/","name":"Article Marketing","description":"article marketing &amp; press release","potentialAction":[{"@type":"SearchAction","target":{"@type":"EntryPoint","urlTemplate":"https:\/\/www.article-marketing.eu\/comunicati\/?s={search_term_string}"},"query-input":{"@type":"PropertyValueSpecification","valueRequired":true,"valueName":"search_term_string"}}],"inLanguage":"it-IT"},{"@type":"Person","@id":"https:\/\/www.article-marketing.eu\/comunicati\/#\/schema\/person\/44372e4d4d0fa797b18e03ed1ace9017","name":"Redazione Comunicati Stampa","image":{"@type":"ImageObject","inLanguage":"it-IT","@id":"https:\/\/www.article-marketing.eu\/comunicati\/#\/schema\/person\/image\/","url":"https:\/\/secure.gravatar.com\/avatar\/50e5c6421d3072f42e7ace803501602c60d75233d34e29fd05feb91c8760b792?s=96&d=mm&r=g","contentUrl":"https:\/\/secure.gravatar.com\/avatar\/50e5c6421d3072f42e7ace803501602c60d75233d34e29fd05feb91c8760b792?s=96&d=mm&r=g","caption":"Redazione Comunicati Stampa"},"url":"https:\/\/www.article-marketing.eu\/comunicati\/author\/redazione-comunicati-stampa\/"}]}},"_links":{"self":[{"href":"https:\/\/www.article-marketing.eu\/comunicati\/wp-json\/wp\/v2\/posts\/382","targetHints":{"allow":["GET"]}}],"collection":[{"href":"https:\/\/www.article-marketing.eu\/comunicati\/wp-json\/wp\/v2\/posts"}],"about":[{"href":"https:\/\/www.article-marketing.eu\/comunicati\/wp-json\/wp\/v2\/types\/post"}],"author":[{"embeddable":true,"href":"https:\/\/www.article-marketing.eu\/comunicati\/wp-json\/wp\/v2\/users\/10"}],"replies":[{"embeddable":true,"href":"https:\/\/www.article-marketing.eu\/comunicati\/wp-json\/wp\/v2\/comments?post=382"}],"version-history":[{"count":1,"href":"https:\/\/www.article-marketing.eu\/comunicati\/wp-json\/wp\/v2\/posts\/382\/revisions"}],"predecessor-version":[{"id":55056,"href":"https:\/\/www.article-marketing.eu\/comunicati\/wp-json\/wp\/v2\/posts\/382\/revisions\/55056"}],"wp:attachment":[{"href":"https:\/\/www.article-marketing.eu\/comunicati\/wp-json\/wp\/v2\/media?parent=382"}],"wp:term":[{"taxonomy":"category","embeddable":true,"href":"https:\/\/www.article-marketing.eu\/comunicati\/wp-json\/wp\/v2\/categories?post=382"},{"taxonomy":"post_tag","embeddable":true,"href":"https:\/\/www.article-marketing.eu\/comunicati\/wp-json\/wp\/v2\/tags?post=382"}],"curies":[{"name":"wp","href":"https:\/\/api.w.org\/{rel}","templated":true}]}}