{"id":3821,"date":"2010-01-12T11:41:08","date_gmt":"2010-01-12T10:41:08","guid":{"rendered":"http:\/\/www.article-marketing.eu\/comunicati\/senza-categoria\/dal-suono-della-perfezione-alla-perfezione-del-suono-il-maestro-salvatore-accardo-testimonial-deccezione-al-gran-gal%e0-dellalta-fedelt%e0-a-padova\/"},"modified":"2010-01-12T11:41:08","modified_gmt":"2010-01-12T10:41:08","slug":"dal-suono-della-perfezione-alla-perfezione-del-suono-il-maestro-salvatore-accardo-testimonial-deccezione-al-gran-gal%e0-dellalta-fedelt%e0-a-padova","status":"publish","type":"post","link":"https:\/\/www.article-marketing.eu\/comunicati\/arte-e-cultura\/musica\/dal-suono-della-perfezione-alla-perfezione-del-suono-il-maestro-salvatore-accardo-testimonial-deccezione-al-gran-gal%e0-dellalta-fedelt%e0-a-padova\/","title":{"rendered":"Dal suono della perfezione alla perfezione del suono &#8211; Il Maestro Salvatore Accardo testimonial d\u2019eccezione al Gran Gal\u00e0 dell\u2019Alta Fedelt\u00e0 a Padova"},"content":{"rendered":"<p>Un incontro appassionato tra l\u2019arte dell\u2019esecuzione e l\u2019arte dell\u2019incisione<br \/>\nquello che avr\u00e0 luogo a Padova <strong>il 30 e il 31 gennaio all\u2019Hotel Crowne Plaza<br \/>\n(Limena, zona industriale, Padova)<\/strong>,&nbsp; grazie a <strong>Giulio Cesare<br \/>\nRicci<\/strong>, stimato discografico,<br \/>\ngiunto ormai al suo venticinquesimo anno d\u2019attivit\u00e0 con la casa discografica<br \/>\nFon\u00e8 che sar\u00e0 animatore di due giorni dedicati all\u2019Alta Fedelt\u00e0. <\/p>\n<p style=\"text-align: justify;\" class=\"MsoNormal\">&nbsp;<\/p>\n<p style=\"text-align: justify;\" class=\"MsoNormal\">Il <strong>Maestro Salvatore Accordo, testimonial d\u2019eccezione dell\u2019evento<br \/>\naudiophile all\u2019insegna della qualit\u00e0 pi\u00f9 estrema<\/strong>, lascer\u00e0 per la prima volta l\u2019archetto a<br \/>\nriposo,&nbsp; e, con il pubblico<br \/>\nascolter\u00e0 le sue incisioni pi\u00f9 recenti. In <strong>particolare sabato 30 gennaio<br \/>\nalle ore 12<\/strong>, presso la sala Mir\u00f2<br \/>\ndell\u2019hotel sar\u00e0 possibile assistere <strong>in anteprima<\/strong> alla presentazione l\u2019ultimo lavoro del Maestro<br \/>\nper la Fon\u00e8<strong>: <em>Le<\/em><\/strong><strong> <em>Quattro<br \/>\nStagioni<\/em><\/strong><strong> di Antonio<br \/>\nVivaldi<\/strong>. Di esse Giulio Cesare Ricci far\u00e0 ascoltare i master originali analogici<br \/>\nutilizzati per la produzione del Vinile Signoricci, l\u2019esperienza sonora pi\u00f9<br \/>\nvicina che, dal punto di vista tecnologico,&nbsp; si possa avere in alternativa all\u2019esecuzione dal vivo.<\/p>\n<p style=\"text-align: justify;\" class=\"MsoNormal\">&nbsp;<\/p>\n<p style=\"text-align: justify;\" class=\"MsoNormal\">Questa \u00e8 infatti l\u2019ambizione che anima il lavoro di Ricci: \u201cL\u2019obbiettivo<br \/>\ndel mio lavoro, estenuante ed appassionato, \u00e8 stato quello di portare sul<br \/>\nsupporto finale il massimo della qualit\u00e0 possibile, sempre pi\u00f9 vicina al master<br \/>\noriginale, per far rivivere con i vari sistemi di ascolto, <strong>l\u2019emozione che<br \/>\nnormalmente si prova quando la musica \u201cvera\u201d \u00e8 davanti a noi\u201d.<\/strong><\/p>\n<p style=\"text-align: justify;\" class=\"MsoNormal\">&nbsp;<\/p>\n<p style=\"text-align: justify;\" class=\"MsoNormal\">E questo \u00e8 anche lo spirito che anima le aziende che hanno partecipato e<br \/>\nparteciperanno a questa due giorni dedicata al suono e alla sua riproduzione.<br \/>\nIn occasione del Gal\u00e0 le <strong>sei sale del centro conferenze e le dodici meeting<br \/>\nrooms dell\u2019hotel <\/strong>si<br \/>\ntrasformeranno in un tempio dedicato alla perfezione del suono, pronto ad<br \/>\naccogliere <strong>i migliori sistemi di ascolto si possano trovare in italia,<br \/>\nimpianti installati e ottimizzati dalle aziende hi-end pi\u00f9 qualificate del<br \/>\nnostro paese.<\/strong><\/p>\n<p style=\"text-align: justify;\" class=\"MsoNormal\">&nbsp;<\/p>\n<p style=\"text-align: justify;\" class=\"MsoNormal\">Nato dalla passione di Giulo Cesare Ricci, il <strong><em>Gran Gal\u00e0 dell\u2019Alta<br \/>\nFedelt\u00e0<\/em><\/strong> giunge, <strong>con Padova<br \/>\nalla sua terza edizione, dopo i successi di Livorno e Roma<\/strong>, attestandosi come evento apprezzato sia dagli<br \/>\naddetti ai lavori sia da semplici estimatori. Durante i giorni dell\u2019esposizione<br \/>\ncui parteciperanno tutte le pi\u00f9 grandi aziende che operano nel settore, il<br \/>\npubblico potr\u00e0 vivere ascolti ad \u201cAlta Fedelt\u00e0\u201d in Super Vinile, Compact Disc e<br \/>\nSuper Audio CD, nella consapevolezza che la qualit\u00e0 della vita passa<br \/>\ninevitabilmente attraverso la musica e alla sua qualit\u00e0.<\/p>\n<p style=\"text-align: justify;\" class=\"MsoNormal\">&nbsp;<\/p>\n<p style=\"text-align: justify;\" class=\"MsoNormal\">Tuttel le informazioni sul sito <a href=\"http:\/\/www.grangaladellaltafedelta.com\/\">http:\/\/www.grangaladellaltafedelta.com\/<\/a><\/p>\n<p style=\"text-align: justify;\" class=\"MsoNormal\">&nbsp;<\/p>\n<p style=\"margin: 0cm 28pt 0.0001pt 1cm; text-align: justify;\" class=\"MsoNormal\">&nbsp;<\/p>\n<p style=\"text-align: justify;\" class=\"MsoNormal\"><strong>Ufficio stampa dell\u2019evento<\/strong><\/p>\n<p style=\"text-align: justify;\" class=\"MsoNormal\">Studio P.R.P.<\/p>\n<p style=\"text-align: justify;\" class=\"MsoNormal\">Via Vescovado 79, 35141 Padova<\/p>\n<p style=\"text-align: justify;\" class=\"MsoNormal\">tel.049.8753166 <\/p>\n<p style=\"text-align: justify;\" class=\"MsoNormal\">ufficiostampa@studiopierrepi.it<\/p>\n","protected":false},"excerpt":{"rendered":"<p>Un incontro appassionato tra l\u2019arte dell\u2019esecuzione e l\u2019arte dell\u2019incisione quello che avr\u00e0 luogo a Padova il 30 e il 31 gennaio all\u2019Hotel Crowne Plaza (Limena, zona industriale, Padova),  grazie a Giulio Cesare Ricci, stimato discografico, giunto ormai al suo venticinquesimo anno d\u2019attivit\u00e0 con la casa discografica Fon\u00e8 che sar\u00e0 animatore di due giorni dedicati all\u2019Alta Fedelt\u00e0.<\/p>\n","protected":false},"author":10,"featured_media":0,"comment_status":"open","ping_status":"open","sticky":false,"template":"","format":"standard","meta":{"cybocfi_hide_featured_image":"","footnotes":""},"categories":[42],"tags":[11707,11709,11708,11710],"class_list":["post-3821","post","type-post","status-publish","format-standard","hentry","category-musica","tag-accardo","tag-fone","tag-giulio-cesare-ricci","tag-gran-gala-dellalta-fedelta"],"yoast_head":"<!-- This site is optimized with the Yoast SEO plugin v27.0 - https:\/\/yoast.com\/product\/yoast-seo-wordpress\/ -->\n<title>Dal suono della perfezione alla perfezione del suono - Il Maestro Salvatore Accardo testimonial d\u2019eccezione al Gran Gal\u00e0 dell\u2019Alta Fedelt\u00e0 a Padova - Article Marketing<\/title>\n<meta name=\"robots\" content=\"index, follow, max-snippet:-1, max-image-preview:large, max-video-preview:-1\" \/>\n<link rel=\"canonical\" href=\"https:\/\/www.article-marketing.eu\/comunicati\/arte-e-cultura\/musica\/dal-suono-della-perfezione-alla-perfezione-del-suono-il-maestro-salvatore-accardo-testimonial-deccezione-al-gran-gal?-dellalta-fedelt?-a-padova\/\" \/>\n<meta property=\"og:locale\" content=\"it_IT\" \/>\n<meta property=\"og:type\" content=\"article\" \/>\n<meta property=\"og:title\" content=\"Dal suono della perfezione alla perfezione del suono - Il Maestro Salvatore Accardo testimonial d\u2019eccezione al Gran Gal\u00e0 dell\u2019Alta Fedelt\u00e0 a Padova - Article Marketing\" \/>\n<meta property=\"og:description\" content=\"Un incontro appassionato tra l\u2019arte dell\u2019esecuzione e l\u2019arte dell\u2019incisione quello che avr\u00e0 luogo a Padova il 30 e il 31 gennaio all\u2019Hotel Crowne Plaza (Limena, zona industriale, Padova), grazie a Giulio Cesare Ricci, stimato discografico, giunto ormai al suo venticinquesimo anno d\u2019attivit\u00e0 con la casa discografica Fon\u00e8 che sar\u00e0 animatore di due giorni dedicati all\u2019Alta Fedelt\u00e0.\" \/>\n<meta property=\"og:url\" content=\"\" \/>\n<meta property=\"og:site_name\" content=\"Article Marketing\" \/>\n<meta property=\"article:published_time\" content=\"2010-01-12T10:41:08+00:00\" \/>\n<meta name=\"author\" content=\"Redazione Comunicati Stampa\" \/>\n<meta name=\"twitter:card\" content=\"summary_large_image\" \/>\n<meta name=\"twitter:label1\" content=\"Scritto da\" \/>\n\t<meta name=\"twitter:data1\" content=\"Redazione Comunicati Stampa\" \/>\n\t<meta name=\"twitter:label2\" content=\"Tempo di lettura stimato\" \/>\n\t<meta name=\"twitter:data2\" content=\"2 minuti\" \/>\n<script type=\"application\/ld+json\" class=\"yoast-schema-graph\">{\"@context\":\"https:\/\/schema.org\",\"@graph\":[{\"@type\":\"Article\",\"@id\":\"https:\/\/www.article-marketing.eu\/comunicati\/arte-e-cultura\/musica\/dal-suono-della-perfezione-alla-perfezione-del-suono-il-maestro-salvatore-accardo-testimonial-deccezione-al-gran-gal%e0-dellalta-fedelt%e0-a-padova\/#article\",\"isPartOf\":{\"@id\":\"https:\/\/www.article-marketing.eu\/comunicati\/arte-e-cultura\/musica\/dal-suono-della-perfezione-alla-perfezione-del-suono-il-maestro-salvatore-accardo-testimonial-deccezione-al-gran-gal%e0-dellalta-fedelt%e0-a-padova\/\"},\"author\":{\"name\":\"Redazione Comunicati Stampa\",\"@id\":\"https:\/\/www.article-marketing.eu\/comunicati\/#\/schema\/person\/44372e4d4d0fa797b18e03ed1ace9017\"},\"headline\":\"Dal suono della perfezione alla perfezione del suono &#8211; Il Maestro Salvatore Accardo testimonial d\u2019eccezione al Gran Gal\u00e0 dell\u2019Alta Fedelt\u00e0 a Padova\",\"datePublished\":\"2010-01-12T10:41:08+00:00\",\"mainEntityOfPage\":{\"@id\":\"https:\/\/www.article-marketing.eu\/comunicati\/arte-e-cultura\/musica\/dal-suono-della-perfezione-alla-perfezione-del-suono-il-maestro-salvatore-accardo-testimonial-deccezione-al-gran-gal%e0-dellalta-fedelt%e0-a-padova\/\"},\"wordCount\":449,\"commentCount\":0,\"keywords\":[\"Accardo\",\"Fon\u00e8\",\"Giulio Cesare Ricci\",\"Gran Gal\u00e0 dell'Alta Fedelt\u00e0\"],\"articleSection\":[\"Musica\"],\"inLanguage\":\"it-IT\",\"potentialAction\":[{\"@type\":\"CommentAction\",\"name\":\"Comment\",\"target\":[\"https:\/\/www.article-marketing.eu\/comunicati\/arte-e-cultura\/musica\/dal-suono-della-perfezione-alla-perfezione-del-suono-il-maestro-salvatore-accardo-testimonial-deccezione-al-gran-gal%e0-dellalta-fedelt%e0-a-padova\/#respond\"]}]},{\"@type\":\"WebPage\",\"@id\":\"https:\/\/www.article-marketing.eu\/comunicati\/arte-e-cultura\/musica\/dal-suono-della-perfezione-alla-perfezione-del-suono-il-maestro-salvatore-accardo-testimonial-deccezione-al-gran-gal%e0-dellalta-fedelt%e0-a-padova\/\",\"url\":\"https:\/\/www.article-marketing.eu\/comunicati\/arte-e-cultura\/musica\/dal-suono-della-perfezione-alla-perfezione-del-suono-il-maestro-salvatore-accardo-testimonial-deccezione-al-gran-gal%e0-dellalta-fedelt%e0-a-padova\/\",\"name\":\"Dal suono della perfezione alla perfezione del suono - Il Maestro Salvatore Accardo testimonial d\u2019eccezione al Gran Gal\u00e0 dell\u2019Alta Fedelt\u00e0 a Padova - Article Marketing\",\"isPartOf\":{\"@id\":\"https:\/\/www.article-marketing.eu\/comunicati\/#website\"},\"datePublished\":\"2010-01-12T10:41:08+00:00\",\"author\":{\"@id\":\"https:\/\/www.article-marketing.eu\/comunicati\/#\/schema\/person\/44372e4d4d0fa797b18e03ed1ace9017\"},\"breadcrumb\":{\"@id\":\"https:\/\/www.article-marketing.eu\/comunicati\/arte-e-cultura\/musica\/dal-suono-della-perfezione-alla-perfezione-del-suono-il-maestro-salvatore-accardo-testimonial-deccezione-al-gran-gal%e0-dellalta-fedelt%e0-a-padova\/#breadcrumb\"},\"inLanguage\":\"it-IT\",\"potentialAction\":[{\"@type\":\"ReadAction\",\"target\":[\"https:\/\/www.article-marketing.eu\/comunicati\/arte-e-cultura\/musica\/dal-suono-della-perfezione-alla-perfezione-del-suono-il-maestro-salvatore-accardo-testimonial-deccezione-al-gran-gal%e0-dellalta-fedelt%e0-a-padova\/\"]}]},{\"@type\":\"BreadcrumbList\",\"@id\":\"https:\/\/www.article-marketing.eu\/comunicati\/arte-e-cultura\/musica\/dal-suono-della-perfezione-alla-perfezione-del-suono-il-maestro-salvatore-accardo-testimonial-deccezione-al-gran-gal%e0-dellalta-fedelt%e0-a-padova\/#breadcrumb\",\"itemListElement\":[{\"@type\":\"ListItem\",\"position\":1,\"name\":\"Home\",\"item\":\"https:\/\/www.article-marketing.eu\/comunicati\/\"},{\"@type\":\"ListItem\",\"position\":2,\"name\":\"Dal suono della perfezione alla perfezione del suono &#8211; Il Maestro Salvatore Accardo testimonial d\u2019eccezione al Gran Gal\u00e0 dell\u2019Alta Fedelt\u00e0 a Padova\"}]},{\"@type\":\"WebSite\",\"@id\":\"https:\/\/www.article-marketing.eu\/comunicati\/#website\",\"url\":\"https:\/\/www.article-marketing.eu\/comunicati\/\",\"name\":\"Article Marketing\",\"description\":\"article marketing &amp; press release\",\"potentialAction\":[{\"@type\":\"SearchAction\",\"target\":{\"@type\":\"EntryPoint\",\"urlTemplate\":\"https:\/\/www.article-marketing.eu\/comunicati\/?s={search_term_string}\"},\"query-input\":{\"@type\":\"PropertyValueSpecification\",\"valueRequired\":true,\"valueName\":\"search_term_string\"}}],\"inLanguage\":\"it-IT\"},{\"@type\":\"Person\",\"@id\":\"https:\/\/www.article-marketing.eu\/comunicati\/#\/schema\/person\/44372e4d4d0fa797b18e03ed1ace9017\",\"name\":\"Redazione Comunicati Stampa\",\"image\":{\"@type\":\"ImageObject\",\"inLanguage\":\"it-IT\",\"@id\":\"https:\/\/www.article-marketing.eu\/comunicati\/#\/schema\/person\/image\/\",\"url\":\"https:\/\/secure.gravatar.com\/avatar\/50e5c6421d3072f42e7ace803501602c60d75233d34e29fd05feb91c8760b792?s=96&d=mm&r=g\",\"contentUrl\":\"https:\/\/secure.gravatar.com\/avatar\/50e5c6421d3072f42e7ace803501602c60d75233d34e29fd05feb91c8760b792?s=96&d=mm&r=g\",\"caption\":\"Redazione Comunicati Stampa\"},\"url\":\"https:\/\/www.article-marketing.eu\/comunicati\/author\/redazione-comunicati-stampa\/\"}]}<\/script>\n<!-- \/ Yoast SEO plugin. -->","yoast_head_json":{"title":"Dal suono della perfezione alla perfezione del suono - Il Maestro Salvatore Accardo testimonial d\u2019eccezione al Gran Gal\u00e0 dell\u2019Alta Fedelt\u00e0 a Padova - Article Marketing","robots":{"index":"index","follow":"follow","max-snippet":"max-snippet:-1","max-image-preview":"max-image-preview:large","max-video-preview":"max-video-preview:-1"},"canonical":"https:\/\/www.article-marketing.eu\/comunicati\/arte-e-cultura\/musica\/dal-suono-della-perfezione-alla-perfezione-del-suono-il-maestro-salvatore-accardo-testimonial-deccezione-al-gran-gal?-dellalta-fedelt?-a-padova\/","og_locale":"it_IT","og_type":"article","og_title":"Dal suono della perfezione alla perfezione del suono - Il Maestro Salvatore Accardo testimonial d\u2019eccezione al Gran Gal\u00e0 dell\u2019Alta Fedelt\u00e0 a Padova - Article Marketing","og_description":"Un incontro appassionato tra l\u2019arte dell\u2019esecuzione e l\u2019arte dell\u2019incisione quello che avr\u00e0 luogo a Padova il 30 e il 31 gennaio all\u2019Hotel Crowne Plaza (Limena, zona industriale, Padova), grazie a Giulio Cesare Ricci, stimato discografico, giunto ormai al suo venticinquesimo anno d\u2019attivit\u00e0 con la casa discografica Fon\u00e8 che sar\u00e0 animatore di due giorni dedicati all\u2019Alta Fedelt\u00e0.","og_url":"https:\/\/www.article-marketing.eu\/comunicati\/arte-e-cultura\/musica\/dal-suono-della-perfezione-alla-perfezione-del-suono-il-maestro-salvatore-accardo-testimonial-deccezione-al-gran-gal?-dellalta-fedelt?-a-padova\/","og_site_name":"Article Marketing","article_published_time":"2010-01-12T10:41:08+00:00","author":"Redazione Comunicati Stampa","twitter_card":"summary_large_image","twitter_misc":{"Scritto da":"Redazione Comunicati Stampa","Tempo di lettura stimato":"2 minuti"},"schema":{"@context":"https:\/\/schema.org","@graph":[{"@type":"Article","@id":"https:\/\/www.article-marketing.eu\/comunicati\/arte-e-cultura\/musica\/dal-suono-della-perfezione-alla-perfezione-del-suono-il-maestro-salvatore-accardo-testimonial-deccezione-al-gran-gal%e0-dellalta-fedelt%e0-a-padova\/#article","isPartOf":{"@id":"https:\/\/www.article-marketing.eu\/comunicati\/arte-e-cultura\/musica\/dal-suono-della-perfezione-alla-perfezione-del-suono-il-maestro-salvatore-accardo-testimonial-deccezione-al-gran-gal%e0-dellalta-fedelt%e0-a-padova\/"},"author":{"name":"Redazione Comunicati Stampa","@id":"https:\/\/www.article-marketing.eu\/comunicati\/#\/schema\/person\/44372e4d4d0fa797b18e03ed1ace9017"},"headline":"Dal suono della perfezione alla perfezione del suono &#8211; Il Maestro Salvatore Accardo testimonial d\u2019eccezione al Gran Gal\u00e0 dell\u2019Alta Fedelt\u00e0 a Padova","datePublished":"2010-01-12T10:41:08+00:00","mainEntityOfPage":{"@id":"https:\/\/www.article-marketing.eu\/comunicati\/arte-e-cultura\/musica\/dal-suono-della-perfezione-alla-perfezione-del-suono-il-maestro-salvatore-accardo-testimonial-deccezione-al-gran-gal%e0-dellalta-fedelt%e0-a-padova\/"},"wordCount":449,"commentCount":0,"keywords":["Accardo","Fon\u00e8","Giulio Cesare Ricci","Gran Gal\u00e0 dell'Alta Fedelt\u00e0"],"articleSection":["Musica"],"inLanguage":"it-IT","potentialAction":[{"@type":"CommentAction","name":"Comment","target":["https:\/\/www.article-marketing.eu\/comunicati\/arte-e-cultura\/musica\/dal-suono-della-perfezione-alla-perfezione-del-suono-il-maestro-salvatore-accardo-testimonial-deccezione-al-gran-gal%e0-dellalta-fedelt%e0-a-padova\/#respond"]}]},{"@type":"WebPage","@id":"https:\/\/www.article-marketing.eu\/comunicati\/arte-e-cultura\/musica\/dal-suono-della-perfezione-alla-perfezione-del-suono-il-maestro-salvatore-accardo-testimonial-deccezione-al-gran-gal%e0-dellalta-fedelt%e0-a-padova\/","url":"https:\/\/www.article-marketing.eu\/comunicati\/arte-e-cultura\/musica\/dal-suono-della-perfezione-alla-perfezione-del-suono-il-maestro-salvatore-accardo-testimonial-deccezione-al-gran-gal%e0-dellalta-fedelt%e0-a-padova\/","name":"Dal suono della perfezione alla perfezione del suono - Il Maestro Salvatore Accardo testimonial d\u2019eccezione al Gran Gal\u00e0 dell\u2019Alta Fedelt\u00e0 a Padova - Article Marketing","isPartOf":{"@id":"https:\/\/www.article-marketing.eu\/comunicati\/#website"},"datePublished":"2010-01-12T10:41:08+00:00","author":{"@id":"https:\/\/www.article-marketing.eu\/comunicati\/#\/schema\/person\/44372e4d4d0fa797b18e03ed1ace9017"},"breadcrumb":{"@id":"https:\/\/www.article-marketing.eu\/comunicati\/arte-e-cultura\/musica\/dal-suono-della-perfezione-alla-perfezione-del-suono-il-maestro-salvatore-accardo-testimonial-deccezione-al-gran-gal%e0-dellalta-fedelt%e0-a-padova\/#breadcrumb"},"inLanguage":"it-IT","potentialAction":[{"@type":"ReadAction","target":["https:\/\/www.article-marketing.eu\/comunicati\/arte-e-cultura\/musica\/dal-suono-della-perfezione-alla-perfezione-del-suono-il-maestro-salvatore-accardo-testimonial-deccezione-al-gran-gal%e0-dellalta-fedelt%e0-a-padova\/"]}]},{"@type":"BreadcrumbList","@id":"https:\/\/www.article-marketing.eu\/comunicati\/arte-e-cultura\/musica\/dal-suono-della-perfezione-alla-perfezione-del-suono-il-maestro-salvatore-accardo-testimonial-deccezione-al-gran-gal%e0-dellalta-fedelt%e0-a-padova\/#breadcrumb","itemListElement":[{"@type":"ListItem","position":1,"name":"Home","item":"https:\/\/www.article-marketing.eu\/comunicati\/"},{"@type":"ListItem","position":2,"name":"Dal suono della perfezione alla perfezione del suono &#8211; Il Maestro Salvatore Accardo testimonial d\u2019eccezione al Gran Gal\u00e0 dell\u2019Alta Fedelt\u00e0 a Padova"}]},{"@type":"WebSite","@id":"https:\/\/www.article-marketing.eu\/comunicati\/#website","url":"https:\/\/www.article-marketing.eu\/comunicati\/","name":"Article Marketing","description":"article marketing &amp; press release","potentialAction":[{"@type":"SearchAction","target":{"@type":"EntryPoint","urlTemplate":"https:\/\/www.article-marketing.eu\/comunicati\/?s={search_term_string}"},"query-input":{"@type":"PropertyValueSpecification","valueRequired":true,"valueName":"search_term_string"}}],"inLanguage":"it-IT"},{"@type":"Person","@id":"https:\/\/www.article-marketing.eu\/comunicati\/#\/schema\/person\/44372e4d4d0fa797b18e03ed1ace9017","name":"Redazione Comunicati Stampa","image":{"@type":"ImageObject","inLanguage":"it-IT","@id":"https:\/\/www.article-marketing.eu\/comunicati\/#\/schema\/person\/image\/","url":"https:\/\/secure.gravatar.com\/avatar\/50e5c6421d3072f42e7ace803501602c60d75233d34e29fd05feb91c8760b792?s=96&d=mm&r=g","contentUrl":"https:\/\/secure.gravatar.com\/avatar\/50e5c6421d3072f42e7ace803501602c60d75233d34e29fd05feb91c8760b792?s=96&d=mm&r=g","caption":"Redazione Comunicati Stampa"},"url":"https:\/\/www.article-marketing.eu\/comunicati\/author\/redazione-comunicati-stampa\/"}]}},"_links":{"self":[{"href":"https:\/\/www.article-marketing.eu\/comunicati\/wp-json\/wp\/v2\/posts\/3821","targetHints":{"allow":["GET"]}}],"collection":[{"href":"https:\/\/www.article-marketing.eu\/comunicati\/wp-json\/wp\/v2\/posts"}],"about":[{"href":"https:\/\/www.article-marketing.eu\/comunicati\/wp-json\/wp\/v2\/types\/post"}],"author":[{"embeddable":true,"href":"https:\/\/www.article-marketing.eu\/comunicati\/wp-json\/wp\/v2\/users\/10"}],"replies":[{"embeddable":true,"href":"https:\/\/www.article-marketing.eu\/comunicati\/wp-json\/wp\/v2\/comments?post=3821"}],"version-history":[{"count":0,"href":"https:\/\/www.article-marketing.eu\/comunicati\/wp-json\/wp\/v2\/posts\/3821\/revisions"}],"wp:attachment":[{"href":"https:\/\/www.article-marketing.eu\/comunicati\/wp-json\/wp\/v2\/media?parent=3821"}],"wp:term":[{"taxonomy":"category","embeddable":true,"href":"https:\/\/www.article-marketing.eu\/comunicati\/wp-json\/wp\/v2\/categories?post=3821"},{"taxonomy":"post_tag","embeddable":true,"href":"https:\/\/www.article-marketing.eu\/comunicati\/wp-json\/wp\/v2\/tags?post=3821"}],"curies":[{"name":"wp","href":"https:\/\/api.w.org\/{rel}","templated":true}]}}