{"id":38240,"date":"2014-01-10T17:29:42","date_gmt":"2014-01-10T16:29:42","guid":{"rendered":"http:\/\/www.article-marketing.eu\/comunicati\/senza-categoria\/le-fracce-orgoglio-di-lombardia\/"},"modified":"2014-01-10T17:29:42","modified_gmt":"2014-01-10T16:29:42","slug":"le-fracce-orgoglio-di-lombardia","status":"publish","type":"post","link":"https:\/\/www.article-marketing.eu\/comunicati\/casa\/cucina\/le-fracce-orgoglio-di-lombardia\/","title":{"rendered":"Le Fracce &#8211; Orgoglio di Lombardia"},"content":{"rendered":"<p><strong>LE FRACCE &#8211; ORGOGLIO DI LOMBARDIA<\/strong><br \/>Fondata nel 1905, l&rsquo;azienda vitivinicola <strong style=\"mso-bidi-font-weight: normal;\">Le Fracce<\/strong>, ha sede a Mairano di Casteggio, nel cuore dell&rsquo;Oltrep&ograve; Pavese, attraversata dal 45&deg; parallelo nord, la latitudine del vino, quello di Bordeaux e della California.<br \/>&Egrave; da questa terra che si sprigiona l&#8217;energia e fiorisce la cultura per fare dei vini <strong style=\"mso-bidi-font-weight: normal;\">Le Fracce<\/strong> dei prodotti d&#8217;eccellenza, un&#8217;eccellenza che si traduce in una produzione che riconosce la qualit&agrave; come unico valore e che esprime in ogni singola bottiglia il profumo della tradizione e il gusto della modernit&agrave;.<br \/>La ricchezza della storia di questi luoghi alimenta la ricerca aziendale che punta alla valorizzazione del territorio attraverso la cura e l&rsquo;attenzione per le variet&agrave; autoctone dei vigneti, riprendendo una tradizione vinicola che in questa zona risale al mille a.C. A questa riscoperta delle peculiarit&agrave; della tradizione, si affianca la ricerca e la modernizzazione dei metodi di vinificazione: la filtrazione sottovuoto del mosto, il controllo elettronico della temperatura in fase di fermentazione e spumantizzazione, l&rsquo;imbottigliamento a freddo e in assenza di ossigeno testimoniano il costante impegno e aggiornamento tecnologico dell&rsquo;azienda. La ricerca dell&rsquo;eccellenza si traduce cos&igrave; in una produzione limitata, risultato di accurate scelte dei vitigni e della produzione: <strong style=\"mso-bidi-font-weight: normal;\">10 etichette<\/strong> e <strong style=\"mso-bidi-font-weight: normal;\">solo 200.000 bottiglie all&rsquo;anno<\/strong>.<\/p>\n<p>L&#8217;azienda si trova in un grande parco di alberi secolari appartenente alla <strong style=\"mso-bidi-font-weight: normal;\">Fondazione Bussolera Branca<\/strong>, ente no profit, che si impegna da anni nella promozione e nello sviluppo della ricerca e della formazione professionale nell&rsquo;enologia e nelle altre specialit&agrave; dell&rsquo;agricoltura. Le cantine delle Fracce sono immerse in luoghi di tradizione e di cultura, in spazi magici in cui &egrave; possibile respirare l&rsquo;atmosfera di tempi passati visitando il parco, le ville e le sale che ospitano la collezione di carrozze antiche e di macchine d&#8217;epoca della Fondazione. <\/p>\n<p><strong style=\"mso-bidi-font-weight: normal;\">Fondazione Bussolera Branca, Tenuta Le Fracce, Campari Wines: tre protagonisti di una stessa realt&agrave;<\/strong><\/p>\n<p>L&rsquo;esperienza, l&rsquo;impegno e l&rsquo;affidabilit&agrave; della Fondazione Bussolera Branca e dell&rsquo;Azienda Agricola Le Fracce si sposano, attraverso un accordo di distribuzione in Italia e nel mondo, con la professionalit&agrave;, la creativit&agrave; e la solidit&agrave; del gruppo <strong style=\"mso-bidi-font-weight: normal;\">Campari &ndash; Campari Wines<\/strong>, un&rsquo;impresa globale con oltre un miliardo di euro di fatturato. La sinergia tra queste tre realt&agrave; rappresenta la migliore garanzia per una clientela esigente che ha bisogno di certezze, che cerca il meglio, che non pu&ograve; pi&ugrave; perdere tempo.<\/p>\n<p><a href=\"http:\/\/www.lefracce.it\" target=\"_self\">http:\/\/www.lefracce.it<\/a><\/p>\n","protected":false},"excerpt":{"rendered":"<p>Le Fracce &#8211; Azienda vitivinicola dell&#8217;Oltrepo Pavese<\/p>\n<p>Fondazione Bussolera Branca, Tenuta Le Fracce, Campari Wines: tre protagonisti di una stessa realt\u00e0<br \/>L\u2019esperienza, l\u2019impegno e l\u2019affidabilit\u00e0 della Fondazione Bussolera Branca e dell\u2019Azienda Agricola Le Fracce si sposano, attraverso un accordo di distribuzione in Italia e nel mondo, con la professionalit\u00e0, la creativit\u00e0 e la solidit\u00e0 del gruppo Campari \u2013 Campari Wines, un\u2019impresa globale con oltre un miliardo di euro di fatturato. La sinergia tra queste tre realt\u00e0 rappresenta la migliore garanzia per una clientela esigente che ha bisogno di certezze, che cerca il meglio, che non pu\u00f2 pi\u00f9 perdere tempo. <\/p>\n","protected":false},"author":10,"featured_media":0,"comment_status":"open","ping_status":"open","sticky":false,"template":"","format":"standard","meta":{"cybocfi_hide_featured_image":"","footnotes":""},"categories":[944],"tags":[45624,3488,11752,45623,9387,29642,2462],"class_list":["post-38240","post","type-post","status-publish","format-standard","hentry","category-cucina","tag-azienda-vitivinicola","tag-eccellenza","tag-enologia","tag-grandi-vini","tag-oltrepo-pavese","tag-sommelier","tag-vino"],"yoast_head":"<!-- This site is optimized with the Yoast SEO plugin v27.0 - https:\/\/yoast.com\/product\/yoast-seo-wordpress\/ -->\n<title>Le Fracce - Orgoglio di Lombardia - Article Marketing<\/title>\n<meta name=\"robots\" content=\"index, follow, max-snippet:-1, max-image-preview:large, max-video-preview:-1\" \/>\n<link rel=\"canonical\" href=\"https:\/\/www.article-marketing.eu\/comunicati\/casa\/cucina\/le-fracce-orgoglio-di-lombardia\/\" \/>\n<meta property=\"og:locale\" content=\"it_IT\" \/>\n<meta property=\"og:type\" content=\"article\" \/>\n<meta property=\"og:title\" content=\"Le Fracce - Orgoglio di Lombardia - Article Marketing\" \/>\n<meta property=\"og:description\" content=\"Le Fracce - Azienda vitivinicola dell&#039;Oltrepo PaveseFondazione Bussolera Branca, Tenuta Le Fracce, Campari Wines: tre protagonisti di una stessa realt\u00e0L\u2019esperienza, l\u2019impegno e l\u2019affidabilit\u00e0 della Fondazione Bussolera Branca e dell\u2019Azienda Agricola Le Fracce si sposano, attraverso un accordo di distribuzione in Italia e nel mondo, con la professionalit\u00e0, la creativit\u00e0 e la solidit\u00e0 del gruppo Campari \u2013 Campari Wines, un\u2019impresa globale con oltre un miliardo di euro di fatturato. La sinergia tra queste tre realt\u00e0 rappresenta la migliore garanzia per una clientela esigente che ha bisogno di certezze, che cerca il meglio, che non pu\u00f2 pi\u00f9 perdere tempo.\" \/>\n<meta property=\"og:url\" content=\"https:\/\/www.article-marketing.eu\/comunicati\/casa\/cucina\/le-fracce-orgoglio-di-lombardia\/\" \/>\n<meta property=\"og:site_name\" content=\"Article Marketing\" \/>\n<meta property=\"article:published_time\" content=\"2014-01-10T16:29:42+00:00\" \/>\n<meta name=\"author\" content=\"Redazione Comunicati Stampa\" \/>\n<meta name=\"twitter:card\" content=\"summary_large_image\" \/>\n<meta name=\"twitter:label1\" content=\"Scritto da\" \/>\n\t<meta name=\"twitter:data1\" content=\"Redazione Comunicati Stampa\" \/>\n\t<meta name=\"twitter:label2\" content=\"Tempo di lettura stimato\" \/>\n\t<meta name=\"twitter:data2\" content=\"2 minuti\" \/>\n<script type=\"application\/ld+json\" class=\"yoast-schema-graph\">{\"@context\":\"https:\/\/schema.org\",\"@graph\":[{\"@type\":\"Article\",\"@id\":\"https:\/\/www.article-marketing.eu\/comunicati\/casa\/cucina\/le-fracce-orgoglio-di-lombardia\/#article\",\"isPartOf\":{\"@id\":\"https:\/\/www.article-marketing.eu\/comunicati\/casa\/cucina\/le-fracce-orgoglio-di-lombardia\/\"},\"author\":{\"name\":\"Redazione Comunicati Stampa\",\"@id\":\"https:\/\/www.article-marketing.eu\/comunicati\/#\/schema\/person\/44372e4d4d0fa797b18e03ed1ace9017\"},\"headline\":\"Le Fracce &#8211; Orgoglio di Lombardia\",\"datePublished\":\"2014-01-10T16:29:42+00:00\",\"mainEntityOfPage\":{\"@id\":\"https:\/\/www.article-marketing.eu\/comunicati\/casa\/cucina\/le-fracce-orgoglio-di-lombardia\/\"},\"wordCount\":436,\"commentCount\":0,\"keywords\":[\"azienda vitivinicola\",\"eccellenza\",\"enologia\",\"grandi vini\",\"Oltrep\u00f2 Pavese\",\"sommelier\",\"vino\"],\"articleSection\":[\"Cucina\"],\"inLanguage\":\"it-IT\",\"potentialAction\":[{\"@type\":\"CommentAction\",\"name\":\"Comment\",\"target\":[\"https:\/\/www.article-marketing.eu\/comunicati\/casa\/cucina\/le-fracce-orgoglio-di-lombardia\/#respond\"]}]},{\"@type\":\"WebPage\",\"@id\":\"https:\/\/www.article-marketing.eu\/comunicati\/casa\/cucina\/le-fracce-orgoglio-di-lombardia\/\",\"url\":\"https:\/\/www.article-marketing.eu\/comunicati\/casa\/cucina\/le-fracce-orgoglio-di-lombardia\/\",\"name\":\"Le Fracce - Orgoglio di Lombardia - Article Marketing\",\"isPartOf\":{\"@id\":\"https:\/\/www.article-marketing.eu\/comunicati\/#website\"},\"datePublished\":\"2014-01-10T16:29:42+00:00\",\"author\":{\"@id\":\"https:\/\/www.article-marketing.eu\/comunicati\/#\/schema\/person\/44372e4d4d0fa797b18e03ed1ace9017\"},\"breadcrumb\":{\"@id\":\"https:\/\/www.article-marketing.eu\/comunicati\/casa\/cucina\/le-fracce-orgoglio-di-lombardia\/#breadcrumb\"},\"inLanguage\":\"it-IT\",\"potentialAction\":[{\"@type\":\"ReadAction\",\"target\":[\"https:\/\/www.article-marketing.eu\/comunicati\/casa\/cucina\/le-fracce-orgoglio-di-lombardia\/\"]}]},{\"@type\":\"BreadcrumbList\",\"@id\":\"https:\/\/www.article-marketing.eu\/comunicati\/casa\/cucina\/le-fracce-orgoglio-di-lombardia\/#breadcrumb\",\"itemListElement\":[{\"@type\":\"ListItem\",\"position\":1,\"name\":\"Home\",\"item\":\"https:\/\/www.article-marketing.eu\/comunicati\/\"},{\"@type\":\"ListItem\",\"position\":2,\"name\":\"Le Fracce &#8211; Orgoglio di Lombardia\"}]},{\"@type\":\"WebSite\",\"@id\":\"https:\/\/www.article-marketing.eu\/comunicati\/#website\",\"url\":\"https:\/\/www.article-marketing.eu\/comunicati\/\",\"name\":\"Article Marketing\",\"description\":\"article marketing &amp; press release\",\"potentialAction\":[{\"@type\":\"SearchAction\",\"target\":{\"@type\":\"EntryPoint\",\"urlTemplate\":\"https:\/\/www.article-marketing.eu\/comunicati\/?s={search_term_string}\"},\"query-input\":{\"@type\":\"PropertyValueSpecification\",\"valueRequired\":true,\"valueName\":\"search_term_string\"}}],\"inLanguage\":\"it-IT\"},{\"@type\":\"Person\",\"@id\":\"https:\/\/www.article-marketing.eu\/comunicati\/#\/schema\/person\/44372e4d4d0fa797b18e03ed1ace9017\",\"name\":\"Redazione Comunicati Stampa\",\"image\":{\"@type\":\"ImageObject\",\"inLanguage\":\"it-IT\",\"@id\":\"https:\/\/www.article-marketing.eu\/comunicati\/#\/schema\/person\/image\/\",\"url\":\"https:\/\/secure.gravatar.com\/avatar\/50e5c6421d3072f42e7ace803501602c60d75233d34e29fd05feb91c8760b792?s=96&d=mm&r=g\",\"contentUrl\":\"https:\/\/secure.gravatar.com\/avatar\/50e5c6421d3072f42e7ace803501602c60d75233d34e29fd05feb91c8760b792?s=96&d=mm&r=g\",\"caption\":\"Redazione Comunicati Stampa\"},\"url\":\"https:\/\/www.article-marketing.eu\/comunicati\/author\/redazione-comunicati-stampa\/\"}]}<\/script>\n<!-- \/ Yoast SEO plugin. -->","yoast_head_json":{"title":"Le Fracce - Orgoglio di Lombardia - Article Marketing","robots":{"index":"index","follow":"follow","max-snippet":"max-snippet:-1","max-image-preview":"max-image-preview:large","max-video-preview":"max-video-preview:-1"},"canonical":"https:\/\/www.article-marketing.eu\/comunicati\/casa\/cucina\/le-fracce-orgoglio-di-lombardia\/","og_locale":"it_IT","og_type":"article","og_title":"Le Fracce - Orgoglio di Lombardia - Article Marketing","og_description":"Le Fracce - Azienda vitivinicola dell'Oltrepo PaveseFondazione Bussolera Branca, Tenuta Le Fracce, Campari Wines: tre protagonisti di una stessa realt\u00e0L\u2019esperienza, l\u2019impegno e l\u2019affidabilit\u00e0 della Fondazione Bussolera Branca e dell\u2019Azienda Agricola Le Fracce si sposano, attraverso un accordo di distribuzione in Italia e nel mondo, con la professionalit\u00e0, la creativit\u00e0 e la solidit\u00e0 del gruppo Campari \u2013 Campari Wines, un\u2019impresa globale con oltre un miliardo di euro di fatturato. La sinergia tra queste tre realt\u00e0 rappresenta la migliore garanzia per una clientela esigente che ha bisogno di certezze, che cerca il meglio, che non pu\u00f2 pi\u00f9 perdere tempo.","og_url":"https:\/\/www.article-marketing.eu\/comunicati\/casa\/cucina\/le-fracce-orgoglio-di-lombardia\/","og_site_name":"Article Marketing","article_published_time":"2014-01-10T16:29:42+00:00","author":"Redazione Comunicati Stampa","twitter_card":"summary_large_image","twitter_misc":{"Scritto da":"Redazione Comunicati Stampa","Tempo di lettura stimato":"2 minuti"},"schema":{"@context":"https:\/\/schema.org","@graph":[{"@type":"Article","@id":"https:\/\/www.article-marketing.eu\/comunicati\/casa\/cucina\/le-fracce-orgoglio-di-lombardia\/#article","isPartOf":{"@id":"https:\/\/www.article-marketing.eu\/comunicati\/casa\/cucina\/le-fracce-orgoglio-di-lombardia\/"},"author":{"name":"Redazione Comunicati Stampa","@id":"https:\/\/www.article-marketing.eu\/comunicati\/#\/schema\/person\/44372e4d4d0fa797b18e03ed1ace9017"},"headline":"Le Fracce &#8211; Orgoglio di Lombardia","datePublished":"2014-01-10T16:29:42+00:00","mainEntityOfPage":{"@id":"https:\/\/www.article-marketing.eu\/comunicati\/casa\/cucina\/le-fracce-orgoglio-di-lombardia\/"},"wordCount":436,"commentCount":0,"keywords":["azienda vitivinicola","eccellenza","enologia","grandi vini","Oltrep\u00f2 Pavese","sommelier","vino"],"articleSection":["Cucina"],"inLanguage":"it-IT","potentialAction":[{"@type":"CommentAction","name":"Comment","target":["https:\/\/www.article-marketing.eu\/comunicati\/casa\/cucina\/le-fracce-orgoglio-di-lombardia\/#respond"]}]},{"@type":"WebPage","@id":"https:\/\/www.article-marketing.eu\/comunicati\/casa\/cucina\/le-fracce-orgoglio-di-lombardia\/","url":"https:\/\/www.article-marketing.eu\/comunicati\/casa\/cucina\/le-fracce-orgoglio-di-lombardia\/","name":"Le Fracce - Orgoglio di Lombardia - Article Marketing","isPartOf":{"@id":"https:\/\/www.article-marketing.eu\/comunicati\/#website"},"datePublished":"2014-01-10T16:29:42+00:00","author":{"@id":"https:\/\/www.article-marketing.eu\/comunicati\/#\/schema\/person\/44372e4d4d0fa797b18e03ed1ace9017"},"breadcrumb":{"@id":"https:\/\/www.article-marketing.eu\/comunicati\/casa\/cucina\/le-fracce-orgoglio-di-lombardia\/#breadcrumb"},"inLanguage":"it-IT","potentialAction":[{"@type":"ReadAction","target":["https:\/\/www.article-marketing.eu\/comunicati\/casa\/cucina\/le-fracce-orgoglio-di-lombardia\/"]}]},{"@type":"BreadcrumbList","@id":"https:\/\/www.article-marketing.eu\/comunicati\/casa\/cucina\/le-fracce-orgoglio-di-lombardia\/#breadcrumb","itemListElement":[{"@type":"ListItem","position":1,"name":"Home","item":"https:\/\/www.article-marketing.eu\/comunicati\/"},{"@type":"ListItem","position":2,"name":"Le Fracce &#8211; Orgoglio di Lombardia"}]},{"@type":"WebSite","@id":"https:\/\/www.article-marketing.eu\/comunicati\/#website","url":"https:\/\/www.article-marketing.eu\/comunicati\/","name":"Article Marketing","description":"article marketing &amp; press release","potentialAction":[{"@type":"SearchAction","target":{"@type":"EntryPoint","urlTemplate":"https:\/\/www.article-marketing.eu\/comunicati\/?s={search_term_string}"},"query-input":{"@type":"PropertyValueSpecification","valueRequired":true,"valueName":"search_term_string"}}],"inLanguage":"it-IT"},{"@type":"Person","@id":"https:\/\/www.article-marketing.eu\/comunicati\/#\/schema\/person\/44372e4d4d0fa797b18e03ed1ace9017","name":"Redazione Comunicati Stampa","image":{"@type":"ImageObject","inLanguage":"it-IT","@id":"https:\/\/www.article-marketing.eu\/comunicati\/#\/schema\/person\/image\/","url":"https:\/\/secure.gravatar.com\/avatar\/50e5c6421d3072f42e7ace803501602c60d75233d34e29fd05feb91c8760b792?s=96&d=mm&r=g","contentUrl":"https:\/\/secure.gravatar.com\/avatar\/50e5c6421d3072f42e7ace803501602c60d75233d34e29fd05feb91c8760b792?s=96&d=mm&r=g","caption":"Redazione Comunicati Stampa"},"url":"https:\/\/www.article-marketing.eu\/comunicati\/author\/redazione-comunicati-stampa\/"}]}},"_links":{"self":[{"href":"https:\/\/www.article-marketing.eu\/comunicati\/wp-json\/wp\/v2\/posts\/38240","targetHints":{"allow":["GET"]}}],"collection":[{"href":"https:\/\/www.article-marketing.eu\/comunicati\/wp-json\/wp\/v2\/posts"}],"about":[{"href":"https:\/\/www.article-marketing.eu\/comunicati\/wp-json\/wp\/v2\/types\/post"}],"author":[{"embeddable":true,"href":"https:\/\/www.article-marketing.eu\/comunicati\/wp-json\/wp\/v2\/users\/10"}],"replies":[{"embeddable":true,"href":"https:\/\/www.article-marketing.eu\/comunicati\/wp-json\/wp\/v2\/comments?post=38240"}],"version-history":[{"count":0,"href":"https:\/\/www.article-marketing.eu\/comunicati\/wp-json\/wp\/v2\/posts\/38240\/revisions"}],"wp:attachment":[{"href":"https:\/\/www.article-marketing.eu\/comunicati\/wp-json\/wp\/v2\/media?parent=38240"}],"wp:term":[{"taxonomy":"category","embeddable":true,"href":"https:\/\/www.article-marketing.eu\/comunicati\/wp-json\/wp\/v2\/categories?post=38240"},{"taxonomy":"post_tag","embeddable":true,"href":"https:\/\/www.article-marketing.eu\/comunicati\/wp-json\/wp\/v2\/tags?post=38240"}],"curies":[{"name":"wp","href":"https:\/\/api.w.org\/{rel}","templated":true}]}}