{"id":38362,"date":"2013-12-20T15:39:40","date_gmt":"2013-12-20T14:39:40","guid":{"rendered":"http:\/\/www.article-marketing.eu\/comunicati\/senza-categoria\/il-premio-letterario-la-giara-3%2525c2%2525b0-edizione\/"},"modified":"2013-12-20T15:39:40","modified_gmt":"2013-12-20T14:39:40","slug":"il-premio-letterario-la-giara-3%2525c2%2525b0-edizione","status":"publish","type":"post","link":"https:\/\/www.article-marketing.eu\/comunicati\/arte-e-cultura\/libri\/il-premio-letterario-la-giara-3%2525c2%2525b0-edizione\/","title":{"rendered":"Il Premio Letterario La Giara 3\u00b0 edizione"},"content":{"rendered":"<p>Il <strong>Premio Letterario La Giara<\/strong> bandito da <strong>RAI ERI<\/strong>, grazie al successo avuto gli scorsi anni, &egrave; giunto alla sua <strong>terza edizione<\/strong>, &egrave; stato ideato per dare spazio e visibilit&agrave; a giovani potenziali scrittori presenti su tutto il territorio nazionale. <br style=\"margin: 0px; padding: 0px; color: #323232; font-family: Verdana, Arial, sans-serif; font-size: 11px; line-height: 15px;\" \/><br style=\"margin: 0px; padding: 0px; color: #323232; font-family: Verdana, Arial, sans-serif; font-size: 11px; line-height: 15px;\" \/>Il Premio &egrave; riservato a giovani scrittori residenti in Italia e di et&agrave; compresa tra i diciotto e i trentanove anni compiuti alla data di inizio del Premio. La selezione &egrave; su base regionale in funzione della Regione di residenza dell&#8217;autore. Vuole essere un vero e proprio osservatorio capillare sulla narrativa giovanile con il supporto delle sedi regionali Rai. Ciascun autore partecipa spedendo la propria opera alla sede regionale di appartenenza, opera che superer&agrave; tre fasi di giudizio prima di giungere eventualmente alla terna finalista. <br \/>La <strong>partecipazione<\/strong> al Premio si aprir&agrave; il 1&deg; Agosto 2013 e <strong>si concluder&agrave; il 31 dicembre 2013<\/strong>.<br \/><strong>Il Premio<\/strong> consister&agrave; nella <strong>pubblicazione dell&#8217;opera vincitrice<\/strong> e la sua promozione. <br \/>Ogni partecipante potr&agrave; concorrere con una sola opera in prosa scritta in lingua italiana. L&rsquo;opera dovr&agrave; essere inviata una sola volta. L&rsquo;opera deve essere originale e inedita, quindi non deve essere stata pubblicata &ndash; con o senza codice ISBN &ndash; su qualsivoglia supporto e\/o attraverso qualsivoglia strumento e\/o piattaforma distributiva..L&rsquo;opera dovr&agrave; essere costituita da un romanzo. Sono escluse le raccolte di racconti. La lunghezza complessiva del romanzo non dovr&agrave; essere inferiore ai 180mila caratteri (spazi inclusi) di corpo facilmente leggibile. <br \/>A pena di inammissibilit&agrave; alla partecipazione al Premio, il testo completo e definitivo dell&rsquo;opera &ndash; corretto, riveduto e opportunamente rielaborato ai fini delle migliori esigenze editoriali &ndash; dovr&agrave; essere inviato entro e non oltre le ore 23.59 del 31 dicembre 2013, termine per Rai essenziale, in 6 (sei) copie in formato cartaceo e una in formato elettronico (documento word su Cd), all&rsquo;indirizzo postale del Premio corrispondente alla Regione di residenza (come da riferimenti Sedi regionali allegati) con raccomandata R.R. Far&agrave; fede al riguardo il timbro postale presente sulla busta. Non saranno prese in considerazione opere scritte a mano o dattiloscritte. <br \/>In ogni sede la Commissione Regionale, 21 su tutto il territorio, composta da esperti della narrativa e dell&rsquo;editoria, sceglie in totale autonomia, i due romanzi migliori tra tutti quelli pervenuti. <br \/>Questa prima tappa si conclude con la pubblicazione on-line dei titoli dei romanzi e dei nomi dei semifinalisti regionali indicati dalle Commissioni. I 42 manoscritti vengono a questo punto sottoposti alla Commissione Nazionale composta da Pier Luigi Celli (Rettore Universit&agrave; Luiss), Antonio Debenedetti (scrittore, critico letterario), Gian Arturo Ferrari (Presidente per il Centro del libro e la lettura), Dacia Maraini (scrittrice), Mario Orfeo (Direttore TG1), Franco Scaglia (Presidente Teatro di Roma), Marino Sinbaldi (Direttore Radio3), che ha il compito di individuare i tre migliori romanzi tra i 42 semifinalisti selezionati. <strong>La terna finalista<\/strong> verr&agrave; resa nota a l<strong>uglio in una serata conclusiva da Agrigento<\/strong> che segna la <strong>chiusura dell&#8217;edizione<\/strong> in corso e l&#8217;inizio di una nuova edizione. <br \/>Per qualsiasi altra info potete visitare il sito ufficiale qui<a href=\"http:\/\/www.premioletterariolagiara.it\/\" target=\"_blank\"> http:\/\/www.premioletterariolagiara.it<\/a><\/p>\n","protected":false},"excerpt":{"rendered":"<p>Il Premio Letterario La Giara bandito da RAI ERI, grazie al successo avuto gli scorsi anni, \u00e8 giunto alla sua terza edizione, \u00e8 stato ideato per dare spazio e visibilit\u00e0 a giovani potenziali scrittori presenti su tutto il territorio nazionale.<\/p>\n","protected":false},"author":10,"featured_media":0,"comment_status":"open","ping_status":"open","sticky":false,"template":"","format":"standard","meta":{"cybocfi_hide_featured_image":"","footnotes":""},"categories":[88],"tags":[40273,45674,40274,45675,40279],"class_list":["post-38362","post","type-post","status-publish","format-standard","hentry","category-libri","tag-concorsi-letterari","tag-concorsi-letterari-gratuiti","tag-premi-letterari","tag-premio-letterario-la-giara","tag-romanzi-inediti"],"yoast_head":"<!-- This site is optimized with the Yoast SEO plugin v27.0 - https:\/\/yoast.com\/product\/yoast-seo-wordpress\/ -->\n<title>Il Premio Letterario La Giara 3\u00b0 edizione - Article Marketing<\/title>\n<meta name=\"robots\" content=\"index, follow, max-snippet:-1, max-image-preview:large, max-video-preview:-1\" \/>\n<link rel=\"canonical\" href=\"https:\/\/www.article-marketing.eu\/comunicati\/arte-e-cultura\/libri\/il-premio-letterario-la-giara-3%25c2%25b0-edizione\/\" \/>\n<meta property=\"og:locale\" content=\"it_IT\" \/>\n<meta property=\"og:type\" content=\"article\" \/>\n<meta property=\"og:title\" content=\"Il Premio Letterario La Giara 3\u00b0 edizione - Article Marketing\" \/>\n<meta property=\"og:description\" content=\"Il Premio Letterario La Giara bandito da RAI ERI, grazie al successo avuto gli scorsi anni, \u00e8 giunto alla sua terza edizione, \u00e8 stato ideato per dare spazio e visibilit\u00e0 a giovani potenziali scrittori presenti su tutto il territorio nazionale.\" \/>\n<meta property=\"og:url\" content=\"https:\/\/www.article-marketing.eu\/comunicati\/arte-e-cultura\/libri\/il-premio-letterario-la-giara-3%25c2%25b0-edizione\/\" \/>\n<meta property=\"og:site_name\" content=\"Article Marketing\" \/>\n<meta property=\"article:published_time\" content=\"2013-12-20T14:39:40+00:00\" \/>\n<meta name=\"author\" content=\"Redazione Comunicati Stampa\" \/>\n<meta name=\"twitter:card\" content=\"summary_large_image\" \/>\n<meta name=\"twitter:label1\" content=\"Scritto da\" \/>\n\t<meta name=\"twitter:data1\" content=\"Redazione Comunicati Stampa\" \/>\n\t<meta name=\"twitter:label2\" content=\"Tempo di lettura stimato\" \/>\n\t<meta name=\"twitter:data2\" content=\"3 minuti\" \/>\n<script type=\"application\/ld+json\" class=\"yoast-schema-graph\">{\"@context\":\"https:\/\/schema.org\",\"@graph\":[{\"@type\":\"Article\",\"@id\":\"https:\/\/www.article-marketing.eu\/comunicati\/arte-e-cultura\/libri\/il-premio-letterario-la-giara-3%2525c2%2525b0-edizione\/#article\",\"isPartOf\":{\"@id\":\"https:\/\/www.article-marketing.eu\/comunicati\/arte-e-cultura\/libri\/il-premio-letterario-la-giara-3%2525c2%2525b0-edizione\/\"},\"author\":{\"name\":\"Redazione Comunicati Stampa\",\"@id\":\"https:\/\/www.article-marketing.eu\/comunicati\/#\/schema\/person\/44372e4d4d0fa797b18e03ed1ace9017\"},\"headline\":\"Il Premio Letterario La Giara 3\u00b0 edizione\",\"datePublished\":\"2013-12-20T14:39:40+00:00\",\"mainEntityOfPage\":{\"@id\":\"https:\/\/www.article-marketing.eu\/comunicati\/arte-e-cultura\/libri\/il-premio-letterario-la-giara-3%2525c2%2525b0-edizione\/\"},\"wordCount\":521,\"commentCount\":0,\"keywords\":[\"concorsi letterari\",\"concorsi letterari gratuiti\",\"premi letterari\",\"premio letterario la giara\",\"romanzi inediti\"],\"articleSection\":[\"Libri\"],\"inLanguage\":\"it-IT\",\"potentialAction\":[{\"@type\":\"CommentAction\",\"name\":\"Comment\",\"target\":[\"https:\/\/www.article-marketing.eu\/comunicati\/arte-e-cultura\/libri\/il-premio-letterario-la-giara-3%2525c2%2525b0-edizione\/#respond\"]}]},{\"@type\":\"WebPage\",\"@id\":\"https:\/\/www.article-marketing.eu\/comunicati\/arte-e-cultura\/libri\/il-premio-letterario-la-giara-3%2525c2%2525b0-edizione\/\",\"url\":\"https:\/\/www.article-marketing.eu\/comunicati\/arte-e-cultura\/libri\/il-premio-letterario-la-giara-3%2525c2%2525b0-edizione\/\",\"name\":\"Il Premio Letterario La Giara 3\u00b0 edizione - Article Marketing\",\"isPartOf\":{\"@id\":\"https:\/\/www.article-marketing.eu\/comunicati\/#website\"},\"datePublished\":\"2013-12-20T14:39:40+00:00\",\"author\":{\"@id\":\"https:\/\/www.article-marketing.eu\/comunicati\/#\/schema\/person\/44372e4d4d0fa797b18e03ed1ace9017\"},\"breadcrumb\":{\"@id\":\"https:\/\/www.article-marketing.eu\/comunicati\/arte-e-cultura\/libri\/il-premio-letterario-la-giara-3%2525c2%2525b0-edizione\/#breadcrumb\"},\"inLanguage\":\"it-IT\",\"potentialAction\":[{\"@type\":\"ReadAction\",\"target\":[\"https:\/\/www.article-marketing.eu\/comunicati\/arte-e-cultura\/libri\/il-premio-letterario-la-giara-3%2525c2%2525b0-edizione\/\"]}]},{\"@type\":\"BreadcrumbList\",\"@id\":\"https:\/\/www.article-marketing.eu\/comunicati\/arte-e-cultura\/libri\/il-premio-letterario-la-giara-3%2525c2%2525b0-edizione\/#breadcrumb\",\"itemListElement\":[{\"@type\":\"ListItem\",\"position\":1,\"name\":\"Home\",\"item\":\"https:\/\/www.article-marketing.eu\/comunicati\/\"},{\"@type\":\"ListItem\",\"position\":2,\"name\":\"Il Premio Letterario La Giara 3\u00b0 edizione\"}]},{\"@type\":\"WebSite\",\"@id\":\"https:\/\/www.article-marketing.eu\/comunicati\/#website\",\"url\":\"https:\/\/www.article-marketing.eu\/comunicati\/\",\"name\":\"Article Marketing\",\"description\":\"article marketing &amp; press release\",\"potentialAction\":[{\"@type\":\"SearchAction\",\"target\":{\"@type\":\"EntryPoint\",\"urlTemplate\":\"https:\/\/www.article-marketing.eu\/comunicati\/?s={search_term_string}\"},\"query-input\":{\"@type\":\"PropertyValueSpecification\",\"valueRequired\":true,\"valueName\":\"search_term_string\"}}],\"inLanguage\":\"it-IT\"},{\"@type\":\"Person\",\"@id\":\"https:\/\/www.article-marketing.eu\/comunicati\/#\/schema\/person\/44372e4d4d0fa797b18e03ed1ace9017\",\"name\":\"Redazione Comunicati Stampa\",\"image\":{\"@type\":\"ImageObject\",\"inLanguage\":\"it-IT\",\"@id\":\"https:\/\/www.article-marketing.eu\/comunicati\/#\/schema\/person\/image\/\",\"url\":\"https:\/\/secure.gravatar.com\/avatar\/50e5c6421d3072f42e7ace803501602c60d75233d34e29fd05feb91c8760b792?s=96&d=mm&r=g\",\"contentUrl\":\"https:\/\/secure.gravatar.com\/avatar\/50e5c6421d3072f42e7ace803501602c60d75233d34e29fd05feb91c8760b792?s=96&d=mm&r=g\",\"caption\":\"Redazione Comunicati Stampa\"},\"url\":\"https:\/\/www.article-marketing.eu\/comunicati\/author\/redazione-comunicati-stampa\/\"}]}<\/script>\n<!-- \/ Yoast SEO plugin. -->","yoast_head_json":{"title":"Il Premio Letterario La Giara 3\u00b0 edizione - Article Marketing","robots":{"index":"index","follow":"follow","max-snippet":"max-snippet:-1","max-image-preview":"max-image-preview:large","max-video-preview":"max-video-preview:-1"},"canonical":"https:\/\/www.article-marketing.eu\/comunicati\/arte-e-cultura\/libri\/il-premio-letterario-la-giara-3%25c2%25b0-edizione\/","og_locale":"it_IT","og_type":"article","og_title":"Il Premio Letterario La Giara 3\u00b0 edizione - Article Marketing","og_description":"Il Premio Letterario La Giara bandito da RAI ERI, grazie al successo avuto gli scorsi anni, \u00e8 giunto alla sua terza edizione, \u00e8 stato ideato per dare spazio e visibilit\u00e0 a giovani potenziali scrittori presenti su tutto il territorio nazionale.","og_url":"https:\/\/www.article-marketing.eu\/comunicati\/arte-e-cultura\/libri\/il-premio-letterario-la-giara-3%25c2%25b0-edizione\/","og_site_name":"Article Marketing","article_published_time":"2013-12-20T14:39:40+00:00","author":"Redazione Comunicati Stampa","twitter_card":"summary_large_image","twitter_misc":{"Scritto da":"Redazione Comunicati Stampa","Tempo di lettura stimato":"3 minuti"},"schema":{"@context":"https:\/\/schema.org","@graph":[{"@type":"Article","@id":"https:\/\/www.article-marketing.eu\/comunicati\/arte-e-cultura\/libri\/il-premio-letterario-la-giara-3%2525c2%2525b0-edizione\/#article","isPartOf":{"@id":"https:\/\/www.article-marketing.eu\/comunicati\/arte-e-cultura\/libri\/il-premio-letterario-la-giara-3%2525c2%2525b0-edizione\/"},"author":{"name":"Redazione Comunicati Stampa","@id":"https:\/\/www.article-marketing.eu\/comunicati\/#\/schema\/person\/44372e4d4d0fa797b18e03ed1ace9017"},"headline":"Il Premio Letterario La Giara 3\u00b0 edizione","datePublished":"2013-12-20T14:39:40+00:00","mainEntityOfPage":{"@id":"https:\/\/www.article-marketing.eu\/comunicati\/arte-e-cultura\/libri\/il-premio-letterario-la-giara-3%2525c2%2525b0-edizione\/"},"wordCount":521,"commentCount":0,"keywords":["concorsi letterari","concorsi letterari gratuiti","premi letterari","premio letterario la giara","romanzi inediti"],"articleSection":["Libri"],"inLanguage":"it-IT","potentialAction":[{"@type":"CommentAction","name":"Comment","target":["https:\/\/www.article-marketing.eu\/comunicati\/arte-e-cultura\/libri\/il-premio-letterario-la-giara-3%2525c2%2525b0-edizione\/#respond"]}]},{"@type":"WebPage","@id":"https:\/\/www.article-marketing.eu\/comunicati\/arte-e-cultura\/libri\/il-premio-letterario-la-giara-3%2525c2%2525b0-edizione\/","url":"https:\/\/www.article-marketing.eu\/comunicati\/arte-e-cultura\/libri\/il-premio-letterario-la-giara-3%2525c2%2525b0-edizione\/","name":"Il Premio Letterario La Giara 3\u00b0 edizione - Article Marketing","isPartOf":{"@id":"https:\/\/www.article-marketing.eu\/comunicati\/#website"},"datePublished":"2013-12-20T14:39:40+00:00","author":{"@id":"https:\/\/www.article-marketing.eu\/comunicati\/#\/schema\/person\/44372e4d4d0fa797b18e03ed1ace9017"},"breadcrumb":{"@id":"https:\/\/www.article-marketing.eu\/comunicati\/arte-e-cultura\/libri\/il-premio-letterario-la-giara-3%2525c2%2525b0-edizione\/#breadcrumb"},"inLanguage":"it-IT","potentialAction":[{"@type":"ReadAction","target":["https:\/\/www.article-marketing.eu\/comunicati\/arte-e-cultura\/libri\/il-premio-letterario-la-giara-3%2525c2%2525b0-edizione\/"]}]},{"@type":"BreadcrumbList","@id":"https:\/\/www.article-marketing.eu\/comunicati\/arte-e-cultura\/libri\/il-premio-letterario-la-giara-3%2525c2%2525b0-edizione\/#breadcrumb","itemListElement":[{"@type":"ListItem","position":1,"name":"Home","item":"https:\/\/www.article-marketing.eu\/comunicati\/"},{"@type":"ListItem","position":2,"name":"Il Premio Letterario La Giara 3\u00b0 edizione"}]},{"@type":"WebSite","@id":"https:\/\/www.article-marketing.eu\/comunicati\/#website","url":"https:\/\/www.article-marketing.eu\/comunicati\/","name":"Article Marketing","description":"article marketing &amp; press release","potentialAction":[{"@type":"SearchAction","target":{"@type":"EntryPoint","urlTemplate":"https:\/\/www.article-marketing.eu\/comunicati\/?s={search_term_string}"},"query-input":{"@type":"PropertyValueSpecification","valueRequired":true,"valueName":"search_term_string"}}],"inLanguage":"it-IT"},{"@type":"Person","@id":"https:\/\/www.article-marketing.eu\/comunicati\/#\/schema\/person\/44372e4d4d0fa797b18e03ed1ace9017","name":"Redazione Comunicati Stampa","image":{"@type":"ImageObject","inLanguage":"it-IT","@id":"https:\/\/www.article-marketing.eu\/comunicati\/#\/schema\/person\/image\/","url":"https:\/\/secure.gravatar.com\/avatar\/50e5c6421d3072f42e7ace803501602c60d75233d34e29fd05feb91c8760b792?s=96&d=mm&r=g","contentUrl":"https:\/\/secure.gravatar.com\/avatar\/50e5c6421d3072f42e7ace803501602c60d75233d34e29fd05feb91c8760b792?s=96&d=mm&r=g","caption":"Redazione Comunicati Stampa"},"url":"https:\/\/www.article-marketing.eu\/comunicati\/author\/redazione-comunicati-stampa\/"}]}},"_links":{"self":[{"href":"https:\/\/www.article-marketing.eu\/comunicati\/wp-json\/wp\/v2\/posts\/38362","targetHints":{"allow":["GET"]}}],"collection":[{"href":"https:\/\/www.article-marketing.eu\/comunicati\/wp-json\/wp\/v2\/posts"}],"about":[{"href":"https:\/\/www.article-marketing.eu\/comunicati\/wp-json\/wp\/v2\/types\/post"}],"author":[{"embeddable":true,"href":"https:\/\/www.article-marketing.eu\/comunicati\/wp-json\/wp\/v2\/users\/10"}],"replies":[{"embeddable":true,"href":"https:\/\/www.article-marketing.eu\/comunicati\/wp-json\/wp\/v2\/comments?post=38362"}],"version-history":[{"count":0,"href":"https:\/\/www.article-marketing.eu\/comunicati\/wp-json\/wp\/v2\/posts\/38362\/revisions"}],"wp:attachment":[{"href":"https:\/\/www.article-marketing.eu\/comunicati\/wp-json\/wp\/v2\/media?parent=38362"}],"wp:term":[{"taxonomy":"category","embeddable":true,"href":"https:\/\/www.article-marketing.eu\/comunicati\/wp-json\/wp\/v2\/categories?post=38362"},{"taxonomy":"post_tag","embeddable":true,"href":"https:\/\/www.article-marketing.eu\/comunicati\/wp-json\/wp\/v2\/tags?post=38362"}],"curies":[{"name":"wp","href":"https:\/\/api.w.org\/{rel}","templated":true}]}}