{"id":3841,"date":"2010-01-14T11:34:00","date_gmt":"2010-01-14T10:34:00","guid":{"rendered":"http:\/\/www.article-marketing.eu\/comunicati\/senza-categoria\/jesolo-it-e-sei-gi%e0-in-vacanza\/"},"modified":"2018-07-10T03:39:12","modified_gmt":"2018-07-10T01:39:12","slug":"jesolo-it-e-sei-gi%e0-in-vacanza","status":"publish","type":"post","link":"https:\/\/www.article-marketing.eu\/comunicati\/viaggi-e-vacanze\/viaggi-e-turismo\/jesolo-it-e-sei-gi%e0-in-vacanza\/","title":{"rendered":"Jesolo.it &#8230; e sei gi\u00e0 in vacanza"},"content":{"rendered":"<p>Il nuovo portale ufficiale della Citt\u00e0 di <a href=\"http:\/\/www.jesolo.it\/\">Jesolo<\/a> \u00e8 online, con una miriade di interessanti novit\u00e0 per tutti gli amanti di una localit\u00e0 da sempre all&#8217;avanguardia in tutto ci\u00f2 \u00e8 che turismo.<\/p>\n<p>Un <strong>layout estremamente moderno<\/strong> per il sito web gestito dal Consorzio di Promozione e Sviluppo Turistico Four Seasons, con immagini piene di colori che avvolgono il visitare e sembrano proiettarlo fin da subito in una suggestiva dimensione di vacanza.<\/p>\n<p>Se la grafica parla il linguaggio delle emozioni, i contenuti mirano a soddisfare le esigenze di concretezza, fornendo un <strong>ricco materiale informativo<\/strong> sulla citt\u00e0 e sui servizi che questa sa offrire ai propri ospiti.<\/p>\n<p>Informazioni utili su Jesolo, un programma di eventi che durante tutto l&#8217;anno propone importanti appuntamenti con la cultura e lo spettacolo, proposte per escursioni alla scoperta di coinvolgenti  attrazioni fra arte e natura. Inoltre, le notizie sul meteo per essere sempre aggiornati sul tempo previsto e poter organizzare al meglio le proprie giornate di vacanza; senza dimenticare la dettagliata mappa della localit\u00e0, con le indicazioni su come raggiungere Jesolo e il suo mare arrivando da ogni direzione.<\/p>\n<p>I servizi del portale riflettono l&#8217;obiettivo di presentare Jesolo come una localit\u00e0 appetibile anche al di fuori del panorama vacanziero nazionale, rendendola percepibile quale <strong>punto di riferimento internazionale<\/strong> per quel che riguarda il turismo.<\/p>\n<p align=\"center\"><img decoding=\"async\" width=\"501\" alt=\"Il nuovo portale di Jesolo.it\" src=\"http:\/\/www.mm-one.com\/comunicati-stampa\/jesolo_it.jpg\" \/><\/p>\n<p>Il portale propone un pratico ed efficiente <strong>servizio di booking online<\/strong> che consente di prenotare a Jesolo &#8211; con convenienza e per il periodo desiderato &#8211; il soggiorno nella tipologia di struttura ricettiva prescelta: www.jesolo.it \u00e8 pensato in modo tale da mettere a disposizione dei propri utenti tutto il necessario per la prenotazione e la pianificazione di una vacanza realmente soddisfacente, tra servizi eccellenti e calorosa accoglienza.<\/p>\n<p>Queste le piattaforme implementate:<\/p>\n<ul>\n<li>CMS-One per la gestione dei contenuti<\/li>\n<li>ABS-One per la gestione del booking (prenotazioni, disponibilit\u00e0, offerte)<\/li>\n<li>allery fotografica<\/li>\n<li>News ed eventi<\/li>\n<li>Newsletter<\/li>\n<li>Live Webcam<\/li>\n<li>Meteo<\/li>\n<li>Mappa<\/li>\n<\/ul>\n<p>Di particolare interesse sono le <strong>soluzioni sviluppate per il settore mobile<\/strong>: i possessori di <em>i-Phone<\/em> hanno infatti l&#8217;opportunit\u00e0 di navigare nel sito e di fruire di tutte le principali funzionalit\u00e0, compresa la prenotazione nelle strutture ricettive disponibili.<\/p>\n<p>Il portale \u00e8 inoltre dotato di un funzionale <strong>motore di ricerca interno<\/strong>, utile agli utenti per trovare in modo veloce tutti i temi di interesse.<\/p>\n<p>Ogni sezione di www.jesolo.it \u00e8 curata con grande attenzione per i particolari, per valorizzare al meglio Jesolo e le sue mille opportunit\u00e0: il mare e la spiaggia, la natura e le escursioni, le possibilit\u00e0 di divertimento per tutte le et\u00e0, le tradizioni enogastronomiche del territorio, le soluzioni per gli amanti dello shopping tra occasioni e grandi firme, le proposte di comfort e relax negli accoglienti <strong>hotel e appartamenti<\/strong> del lungo litorale jesolano.<\/p>\n<p>Ufficio Stampa MM One Group<\/p>\n","protected":false},"excerpt":{"rendered":"<p>Nuovo portale ufficiale per la regina del turismo sull&#8217;Adriatico. Le news, le informazioni utili, il servizio di booking e tutto ci\u00f2 che \u00e8 importante sapere per prenotare una vacanza a Jesolo, pianificandola nei minimi dettagli.<\/p>\n","protected":false},"author":10,"featured_media":0,"comment_status":"open","ping_status":"open","sticky":false,"template":"","format":"standard","meta":{"cybocfi_hide_featured_image":"","footnotes":""},"categories":[2],"tags":[],"class_list":["post-3841","post","type-post","status-publish","format-standard","hentry","category-viaggi-e-turismo"],"yoast_head":"<!-- This site is optimized with the Yoast SEO plugin v27.0 - https:\/\/yoast.com\/product\/yoast-seo-wordpress\/ -->\n<title>Jesolo.it ... e sei gi\u00e0 in vacanza - Article Marketing<\/title>\n<meta name=\"robots\" content=\"index, follow, max-snippet:-1, max-image-preview:large, max-video-preview:-1\" \/>\n<link rel=\"canonical\" href=\"https:\/\/www.article-marketing.eu\/comunicati\/viaggi-e-vacanze\/viaggi-e-turismo\/jesolo-it-e-sei-gi?-in-vacanza\/\" \/>\n<meta property=\"og:locale\" content=\"it_IT\" \/>\n<meta property=\"og:type\" content=\"article\" \/>\n<meta property=\"og:title\" content=\"Jesolo.it ... e sei gi\u00e0 in vacanza - Article Marketing\" \/>\n<meta property=\"og:description\" content=\"Nuovo portale ufficiale per la regina del turismo sull&#039;Adriatico. Le news, le informazioni utili, il servizio di booking e tutto ci\u00f2 che \u00e8 importante sapere per prenotare una vacanza a Jesolo, pianificandola nei minimi dettagli.\" \/>\n<meta property=\"og:url\" content=\"\" \/>\n<meta property=\"og:site_name\" content=\"Article Marketing\" \/>\n<meta property=\"article:published_time\" content=\"2010-01-14T10:34:00+00:00\" \/>\n<meta property=\"article:modified_time\" content=\"2018-07-10T01:39:12+00:00\" \/>\n<meta property=\"og:image\" content=\"http:\/\/www.mm-one.com\/comunicati-stampa\/jesolo_it.jpg\" \/>\n<meta name=\"author\" content=\"Redazione Comunicati Stampa\" \/>\n<meta name=\"twitter:card\" content=\"summary_large_image\" \/>\n<meta name=\"twitter:label1\" content=\"Scritto da\" \/>\n\t<meta name=\"twitter:data1\" content=\"Redazione Comunicati Stampa\" \/>\n\t<meta name=\"twitter:label2\" content=\"Tempo di lettura stimato\" \/>\n\t<meta name=\"twitter:data2\" content=\"2 minuti\" \/>\n<script type=\"application\/ld+json\" class=\"yoast-schema-graph\">{\"@context\":\"https:\/\/schema.org\",\"@graph\":[{\"@type\":\"Article\",\"@id\":\"https:\/\/www.article-marketing.eu\/comunicati\/viaggi-e-vacanze\/viaggi-e-turismo\/jesolo-it-e-sei-gi%e0-in-vacanza\/#article\",\"isPartOf\":{\"@id\":\"https:\/\/www.article-marketing.eu\/comunicati\/viaggi-e-vacanze\/viaggi-e-turismo\/jesolo-it-e-sei-gi%e0-in-vacanza\/\"},\"author\":{\"name\":\"Redazione Comunicati Stampa\",\"@id\":\"https:\/\/www.article-marketing.eu\/comunicati\/#\/schema\/person\/44372e4d4d0fa797b18e03ed1ace9017\"},\"headline\":\"Jesolo.it &#8230; e sei gi\u00e0 in vacanza\",\"datePublished\":\"2010-01-14T10:34:00+00:00\",\"dateModified\":\"2018-07-10T01:39:12+00:00\",\"mainEntityOfPage\":{\"@id\":\"https:\/\/www.article-marketing.eu\/comunicati\/viaggi-e-vacanze\/viaggi-e-turismo\/jesolo-it-e-sei-gi%e0-in-vacanza\/\"},\"wordCount\":457,\"commentCount\":0,\"image\":{\"@id\":\"https:\/\/www.article-marketing.eu\/comunicati\/viaggi-e-vacanze\/viaggi-e-turismo\/jesolo-it-e-sei-gi%e0-in-vacanza\/#primaryimage\"},\"thumbnailUrl\":\"http:\/\/www.mm-one.com\/comunicati-stampa\/jesolo_it.jpg\",\"articleSection\":[\"Viaggi e Turismo\"],\"inLanguage\":\"it-IT\",\"potentialAction\":[{\"@type\":\"CommentAction\",\"name\":\"Comment\",\"target\":[\"https:\/\/www.article-marketing.eu\/comunicati\/viaggi-e-vacanze\/viaggi-e-turismo\/jesolo-it-e-sei-gi%e0-in-vacanza\/#respond\"]}]},{\"@type\":\"WebPage\",\"@id\":\"https:\/\/www.article-marketing.eu\/comunicati\/viaggi-e-vacanze\/viaggi-e-turismo\/jesolo-it-e-sei-gi%e0-in-vacanza\/\",\"url\":\"https:\/\/www.article-marketing.eu\/comunicati\/viaggi-e-vacanze\/viaggi-e-turismo\/jesolo-it-e-sei-gi%e0-in-vacanza\/\",\"name\":\"Jesolo.it ... e sei gi\u00e0 in vacanza - Article Marketing\",\"isPartOf\":{\"@id\":\"https:\/\/www.article-marketing.eu\/comunicati\/#website\"},\"primaryImageOfPage\":{\"@id\":\"https:\/\/www.article-marketing.eu\/comunicati\/viaggi-e-vacanze\/viaggi-e-turismo\/jesolo-it-e-sei-gi%e0-in-vacanza\/#primaryimage\"},\"image\":{\"@id\":\"https:\/\/www.article-marketing.eu\/comunicati\/viaggi-e-vacanze\/viaggi-e-turismo\/jesolo-it-e-sei-gi%e0-in-vacanza\/#primaryimage\"},\"thumbnailUrl\":\"http:\/\/www.mm-one.com\/comunicati-stampa\/jesolo_it.jpg\",\"datePublished\":\"2010-01-14T10:34:00+00:00\",\"dateModified\":\"2018-07-10T01:39:12+00:00\",\"author\":{\"@id\":\"https:\/\/www.article-marketing.eu\/comunicati\/#\/schema\/person\/44372e4d4d0fa797b18e03ed1ace9017\"},\"breadcrumb\":{\"@id\":\"https:\/\/www.article-marketing.eu\/comunicati\/viaggi-e-vacanze\/viaggi-e-turismo\/jesolo-it-e-sei-gi%e0-in-vacanza\/#breadcrumb\"},\"inLanguage\":\"it-IT\",\"potentialAction\":[{\"@type\":\"ReadAction\",\"target\":[\"https:\/\/www.article-marketing.eu\/comunicati\/viaggi-e-vacanze\/viaggi-e-turismo\/jesolo-it-e-sei-gi%e0-in-vacanza\/\"]}]},{\"@type\":\"ImageObject\",\"inLanguage\":\"it-IT\",\"@id\":\"https:\/\/www.article-marketing.eu\/comunicati\/viaggi-e-vacanze\/viaggi-e-turismo\/jesolo-it-e-sei-gi%e0-in-vacanza\/#primaryimage\",\"url\":\"http:\/\/www.mm-one.com\/comunicati-stampa\/jesolo_it.jpg\",\"contentUrl\":\"http:\/\/www.mm-one.com\/comunicati-stampa\/jesolo_it.jpg\"},{\"@type\":\"BreadcrumbList\",\"@id\":\"https:\/\/www.article-marketing.eu\/comunicati\/viaggi-e-vacanze\/viaggi-e-turismo\/jesolo-it-e-sei-gi%e0-in-vacanza\/#breadcrumb\",\"itemListElement\":[{\"@type\":\"ListItem\",\"position\":1,\"name\":\"Home\",\"item\":\"https:\/\/www.article-marketing.eu\/comunicati\/\"},{\"@type\":\"ListItem\",\"position\":2,\"name\":\"Jesolo.it &#8230; e sei gi\u00e0 in vacanza\"}]},{\"@type\":\"WebSite\",\"@id\":\"https:\/\/www.article-marketing.eu\/comunicati\/#website\",\"url\":\"https:\/\/www.article-marketing.eu\/comunicati\/\",\"name\":\"Article Marketing\",\"description\":\"article marketing &amp; press release\",\"potentialAction\":[{\"@type\":\"SearchAction\",\"target\":{\"@type\":\"EntryPoint\",\"urlTemplate\":\"https:\/\/www.article-marketing.eu\/comunicati\/?s={search_term_string}\"},\"query-input\":{\"@type\":\"PropertyValueSpecification\",\"valueRequired\":true,\"valueName\":\"search_term_string\"}}],\"inLanguage\":\"it-IT\"},{\"@type\":\"Person\",\"@id\":\"https:\/\/www.article-marketing.eu\/comunicati\/#\/schema\/person\/44372e4d4d0fa797b18e03ed1ace9017\",\"name\":\"Redazione Comunicati Stampa\",\"image\":{\"@type\":\"ImageObject\",\"inLanguage\":\"it-IT\",\"@id\":\"https:\/\/www.article-marketing.eu\/comunicati\/#\/schema\/person\/image\/\",\"url\":\"https:\/\/secure.gravatar.com\/avatar\/50e5c6421d3072f42e7ace803501602c60d75233d34e29fd05feb91c8760b792?s=96&d=mm&r=g\",\"contentUrl\":\"https:\/\/secure.gravatar.com\/avatar\/50e5c6421d3072f42e7ace803501602c60d75233d34e29fd05feb91c8760b792?s=96&d=mm&r=g\",\"caption\":\"Redazione Comunicati Stampa\"},\"url\":\"https:\/\/www.article-marketing.eu\/comunicati\/author\/redazione-comunicati-stampa\/\"}]}<\/script>\n<!-- \/ Yoast SEO plugin. -->","yoast_head_json":{"title":"Jesolo.it ... e sei gi\u00e0 in vacanza - Article Marketing","robots":{"index":"index","follow":"follow","max-snippet":"max-snippet:-1","max-image-preview":"max-image-preview:large","max-video-preview":"max-video-preview:-1"},"canonical":"https:\/\/www.article-marketing.eu\/comunicati\/viaggi-e-vacanze\/viaggi-e-turismo\/jesolo-it-e-sei-gi?-in-vacanza\/","og_locale":"it_IT","og_type":"article","og_title":"Jesolo.it ... e sei gi\u00e0 in vacanza - Article Marketing","og_description":"Nuovo portale ufficiale per la regina del turismo sull'Adriatico. Le news, le informazioni utili, il servizio di booking e tutto ci\u00f2 che \u00e8 importante sapere per prenotare una vacanza a Jesolo, pianificandola nei minimi dettagli.","og_url":"https:\/\/www.article-marketing.eu\/comunicati\/viaggi-e-vacanze\/viaggi-e-turismo\/jesolo-it-e-sei-gi?-in-vacanza\/","og_site_name":"Article Marketing","article_published_time":"2010-01-14T10:34:00+00:00","article_modified_time":"2018-07-10T01:39:12+00:00","og_image":[{"url":"http:\/\/www.mm-one.com\/comunicati-stampa\/jesolo_it.jpg","type":"","width":"","height":""}],"author":"Redazione Comunicati Stampa","twitter_card":"summary_large_image","twitter_misc":{"Scritto da":"Redazione Comunicati Stampa","Tempo di lettura stimato":"2 minuti"},"schema":{"@context":"https:\/\/schema.org","@graph":[{"@type":"Article","@id":"https:\/\/www.article-marketing.eu\/comunicati\/viaggi-e-vacanze\/viaggi-e-turismo\/jesolo-it-e-sei-gi%e0-in-vacanza\/#article","isPartOf":{"@id":"https:\/\/www.article-marketing.eu\/comunicati\/viaggi-e-vacanze\/viaggi-e-turismo\/jesolo-it-e-sei-gi%e0-in-vacanza\/"},"author":{"name":"Redazione Comunicati Stampa","@id":"https:\/\/www.article-marketing.eu\/comunicati\/#\/schema\/person\/44372e4d4d0fa797b18e03ed1ace9017"},"headline":"Jesolo.it &#8230; e sei gi\u00e0 in vacanza","datePublished":"2010-01-14T10:34:00+00:00","dateModified":"2018-07-10T01:39:12+00:00","mainEntityOfPage":{"@id":"https:\/\/www.article-marketing.eu\/comunicati\/viaggi-e-vacanze\/viaggi-e-turismo\/jesolo-it-e-sei-gi%e0-in-vacanza\/"},"wordCount":457,"commentCount":0,"image":{"@id":"https:\/\/www.article-marketing.eu\/comunicati\/viaggi-e-vacanze\/viaggi-e-turismo\/jesolo-it-e-sei-gi%e0-in-vacanza\/#primaryimage"},"thumbnailUrl":"http:\/\/www.mm-one.com\/comunicati-stampa\/jesolo_it.jpg","articleSection":["Viaggi e Turismo"],"inLanguage":"it-IT","potentialAction":[{"@type":"CommentAction","name":"Comment","target":["https:\/\/www.article-marketing.eu\/comunicati\/viaggi-e-vacanze\/viaggi-e-turismo\/jesolo-it-e-sei-gi%e0-in-vacanza\/#respond"]}]},{"@type":"WebPage","@id":"https:\/\/www.article-marketing.eu\/comunicati\/viaggi-e-vacanze\/viaggi-e-turismo\/jesolo-it-e-sei-gi%e0-in-vacanza\/","url":"https:\/\/www.article-marketing.eu\/comunicati\/viaggi-e-vacanze\/viaggi-e-turismo\/jesolo-it-e-sei-gi%e0-in-vacanza\/","name":"Jesolo.it ... e sei gi\u00e0 in vacanza - Article Marketing","isPartOf":{"@id":"https:\/\/www.article-marketing.eu\/comunicati\/#website"},"primaryImageOfPage":{"@id":"https:\/\/www.article-marketing.eu\/comunicati\/viaggi-e-vacanze\/viaggi-e-turismo\/jesolo-it-e-sei-gi%e0-in-vacanza\/#primaryimage"},"image":{"@id":"https:\/\/www.article-marketing.eu\/comunicati\/viaggi-e-vacanze\/viaggi-e-turismo\/jesolo-it-e-sei-gi%e0-in-vacanza\/#primaryimage"},"thumbnailUrl":"http:\/\/www.mm-one.com\/comunicati-stampa\/jesolo_it.jpg","datePublished":"2010-01-14T10:34:00+00:00","dateModified":"2018-07-10T01:39:12+00:00","author":{"@id":"https:\/\/www.article-marketing.eu\/comunicati\/#\/schema\/person\/44372e4d4d0fa797b18e03ed1ace9017"},"breadcrumb":{"@id":"https:\/\/www.article-marketing.eu\/comunicati\/viaggi-e-vacanze\/viaggi-e-turismo\/jesolo-it-e-sei-gi%e0-in-vacanza\/#breadcrumb"},"inLanguage":"it-IT","potentialAction":[{"@type":"ReadAction","target":["https:\/\/www.article-marketing.eu\/comunicati\/viaggi-e-vacanze\/viaggi-e-turismo\/jesolo-it-e-sei-gi%e0-in-vacanza\/"]}]},{"@type":"ImageObject","inLanguage":"it-IT","@id":"https:\/\/www.article-marketing.eu\/comunicati\/viaggi-e-vacanze\/viaggi-e-turismo\/jesolo-it-e-sei-gi%e0-in-vacanza\/#primaryimage","url":"http:\/\/www.mm-one.com\/comunicati-stampa\/jesolo_it.jpg","contentUrl":"http:\/\/www.mm-one.com\/comunicati-stampa\/jesolo_it.jpg"},{"@type":"BreadcrumbList","@id":"https:\/\/www.article-marketing.eu\/comunicati\/viaggi-e-vacanze\/viaggi-e-turismo\/jesolo-it-e-sei-gi%e0-in-vacanza\/#breadcrumb","itemListElement":[{"@type":"ListItem","position":1,"name":"Home","item":"https:\/\/www.article-marketing.eu\/comunicati\/"},{"@type":"ListItem","position":2,"name":"Jesolo.it &#8230; e sei gi\u00e0 in vacanza"}]},{"@type":"WebSite","@id":"https:\/\/www.article-marketing.eu\/comunicati\/#website","url":"https:\/\/www.article-marketing.eu\/comunicati\/","name":"Article Marketing","description":"article marketing &amp; press release","potentialAction":[{"@type":"SearchAction","target":{"@type":"EntryPoint","urlTemplate":"https:\/\/www.article-marketing.eu\/comunicati\/?s={search_term_string}"},"query-input":{"@type":"PropertyValueSpecification","valueRequired":true,"valueName":"search_term_string"}}],"inLanguage":"it-IT"},{"@type":"Person","@id":"https:\/\/www.article-marketing.eu\/comunicati\/#\/schema\/person\/44372e4d4d0fa797b18e03ed1ace9017","name":"Redazione Comunicati Stampa","image":{"@type":"ImageObject","inLanguage":"it-IT","@id":"https:\/\/www.article-marketing.eu\/comunicati\/#\/schema\/person\/image\/","url":"https:\/\/secure.gravatar.com\/avatar\/50e5c6421d3072f42e7ace803501602c60d75233d34e29fd05feb91c8760b792?s=96&d=mm&r=g","contentUrl":"https:\/\/secure.gravatar.com\/avatar\/50e5c6421d3072f42e7ace803501602c60d75233d34e29fd05feb91c8760b792?s=96&d=mm&r=g","caption":"Redazione Comunicati Stampa"},"url":"https:\/\/www.article-marketing.eu\/comunicati\/author\/redazione-comunicati-stampa\/"}]}},"_links":{"self":[{"href":"https:\/\/www.article-marketing.eu\/comunicati\/wp-json\/wp\/v2\/posts\/3841","targetHints":{"allow":["GET"]}}],"collection":[{"href":"https:\/\/www.article-marketing.eu\/comunicati\/wp-json\/wp\/v2\/posts"}],"about":[{"href":"https:\/\/www.article-marketing.eu\/comunicati\/wp-json\/wp\/v2\/types\/post"}],"author":[{"embeddable":true,"href":"https:\/\/www.article-marketing.eu\/comunicati\/wp-json\/wp\/v2\/users\/10"}],"replies":[{"embeddable":true,"href":"https:\/\/www.article-marketing.eu\/comunicati\/wp-json\/wp\/v2\/comments?post=3841"}],"version-history":[{"count":1,"href":"https:\/\/www.article-marketing.eu\/comunicati\/wp-json\/wp\/v2\/posts\/3841\/revisions"}],"predecessor-version":[{"id":56236,"href":"https:\/\/www.article-marketing.eu\/comunicati\/wp-json\/wp\/v2\/posts\/3841\/revisions\/56236"}],"wp:attachment":[{"href":"https:\/\/www.article-marketing.eu\/comunicati\/wp-json\/wp\/v2\/media?parent=3841"}],"wp:term":[{"taxonomy":"category","embeddable":true,"href":"https:\/\/www.article-marketing.eu\/comunicati\/wp-json\/wp\/v2\/categories?post=3841"},{"taxonomy":"post_tag","embeddable":true,"href":"https:\/\/www.article-marketing.eu\/comunicati\/wp-json\/wp\/v2\/tags?post=3841"}],"curies":[{"name":"wp","href":"https:\/\/api.w.org\/{rel}","templated":true}]}}