{"id":3848,"date":"2010-01-14T16:19:59","date_gmt":"2010-01-14T15:19:59","guid":{"rendered":"http:\/\/www.article-marketing.eu\/comunicati\/senza-categoria\/e-stato-scelto-il-manifesto-vincitore-del-concorso-citt%e0-del-vino-2010\/"},"modified":"2010-01-14T16:19:59","modified_gmt":"2010-01-14T15:19:59","slug":"e-stato-scelto-il-manifesto-vincitore-del-concorso-citt%e0-del-vino-2010","status":"publish","type":"post","link":"https:\/\/www.article-marketing.eu\/comunicati\/viaggi-e-vacanze\/viaggi-e-turismo\/e-stato-scelto-il-manifesto-vincitore-del-concorso-citt%e0-del-vino-2010\/","title":{"rendered":"E&#8217; stato scelto il Manifesto vincitore del Concorso Citt\u00e0 del vino 2010"},"content":{"rendered":"<p>Marcati e decisi, senza sfumature, i tratti duemiladieci delle Citt\u00e0 del Vino. Ma anche semplici, puliti, nero (&#8230; e rosso!) su bianco, per rappresentare il carattere della rete nazionale di citt\u00e0 a vocazione vitivinicola pi\u00f9 grande d&#8217;Europa. E&#8217; stato scelto il Manifesto vincitore del Concorso tra creativi per l&#8217;immagine annuale di Citt\u00e0 del Vino, che ogni anno vede centinaia di grafici ed artisti professionisti e non, cimentarsi nell&#8217;interpretare l&#8217;idea che da pi\u00f9 di vent&#8217;anni spinge cos\u00ec tante municipalit\u00e0 a fare sistema intorno al vino ed ai propri territori. <\/p>\n<p>Quest&#8217;anno il primo classificato \u00e8<strong> Victor Cavazzoni<\/strong>, webdesigner e fotografo mantovano, che ha saputo con la sua opera, secondo il Consigilio dell&#8217;Associazione riunito a Roma il 21 dicembre scorso per la votazione, trovare la cifra giusta per questo 2010.<\/p>\n<p>Marcati e decisi, senza sfumature, i tratti duemiladieci delle Citt\u00e0 del Vino. Ma anche semplici, puliti, nero (&#8230; e rosso!) su bianco, per rappresentare il carattere della rete nazionale di citt\u00e0 a vocazione vitivinicola pi\u00f9 grande d&#8217;Europa. E&#8217; stato scelto il Manifesto vincitore del Concorso tra creativi per l&#8217;immagine annuale di Citt\u00e0 del Vino, che ogni anno vede centinaia di grafici ed artisti professionisti e non, cimentarsi nell&#8217;interpretare l&#8217;idea che da pi\u00f9 di vent&#8217;anni spinge cos\u00ec tante municipalit\u00e0 a fare sistema intorno al vino ed ai propri territori. <\/p>\n<p>Marcati e decisi, senza sfumature, i tratti duemiladieci delle Citt\u00e0 del Vino. Ma anche semplici, puliti, nero (&#8230; e rosso!) su bianco, per rappresentare il carattere della rete nazionale di citt\u00e0 a vocazione vitivinicola pi\u00f9 grande d&#8217;Europa. E&#8217; stato scelto il Manifesto vincitore del Concorso tra creativi per l&#8217;immagine annuale di Citt\u00e0 del Vino, che ogni anno vede centinaia di grafici ed artisti professionisti e non, cimentarsi nell&#8217;interpretare l&#8217;idea che da pi\u00f9 di vent&#8217;anni spinge cos\u00ec tante municipalit\u00e0 a fare sistema intorno al vino ed ai propri territori. <\/p>\n<p>Quest&#8217;anno il primo classificato \u00e8<strong> Victor Cavazzoni<\/strong>, webdesigner e fotografo mantovano, che ha saputo con la sua opera, secondo il Consigilio dell&#8217;Associazione riunito a Roma il 21 dicembre scorso per la votazione, trovare la cifra giusta per questo 2010.<\/p>\n<p>Quest&#8217;anno il primo classificato \u00e8<strong> Victor Cavazzoni<\/strong>, webdesigner e fotografo mantovano, che ha saputo con la sua opera, secondo il Consigilio dell&#8217;Associazione riunito a Roma il 21 dicembre scorso per la votazione, trovare la cifra giusta per questo 2010.<\/p>\n<p>Marcati e decisi, senza sfumature, i tratti duemiladieci delle Citt\u00e0 del Vino. Ma anche semplici, puliti, nero (&#8230; e rosso!) su bianco, per rappresentare il carattere della rete nazionale di citt\u00e0 a vocazione vitivinicola pi\u00f9 grande d&#8217;Europa. E&#8217; stato scelto il Manifesto vincitore del Concorso tra creativi per l&#8217;immagine annuale di Citt\u00e0 del Vino, che ogni anno vede centinaia di grafici ed artisti professionisti e non, cimentarsi nell&#8217;interpretare l&#8217;idea che da pi\u00f9 di vent&#8217;anni spinge cos\u00ec tante municipalit\u00e0 a fare sistema intorno al vino ed ai propri territori. <\/p>\n<p>Quest&#8217;anno il primo classificato \u00e8<strong> Victor Cavazzoni<\/strong>, webdesigner e fotografo mantovano, che ha saputo con la sua opera, secondo il Consigilio dell&#8217;Associazione riunito a Roma il 21 dicembre scorso per la votazione, trovare la cifra giusta per questo 2010.<\/p>\n","protected":false},"excerpt":{"rendered":"<p>E&#8217; stato scelto il Manifesto vincitore del Concorso tra creativi per l&#8217;immagine annuale di Citt\u00e0 del Vino<\/p>\n","protected":false},"author":10,"featured_media":0,"comment_status":"open","ping_status":"open","sticky":false,"template":"","format":"standard","meta":{"cybocfi_hide_featured_image":"","footnotes":""},"categories":[2],"tags":[11751,11752,2462],"class_list":["post-3848","post","type-post","status-publish","format-standard","hentry","category-viaggi-e-turismo","tag-cantine","tag-enologia","tag-vino"],"yoast_head":"<!-- This site is optimized with the Yoast SEO plugin v27.0 - https:\/\/yoast.com\/product\/yoast-seo-wordpress\/ -->\n<title>E&#039; stato scelto il Manifesto vincitore del Concorso Citt\u00e0 del vino 2010 - Article Marketing<\/title>\n<meta name=\"robots\" content=\"index, follow, max-snippet:-1, max-image-preview:large, max-video-preview:-1\" \/>\n<link rel=\"canonical\" href=\"https:\/\/www.article-marketing.eu\/comunicati\/viaggi-e-vacanze\/viaggi-e-turismo\/e-stato-scelto-il-manifesto-vincitore-del-concorso-citt?-del-vino-2010\/\" \/>\n<meta property=\"og:locale\" content=\"it_IT\" \/>\n<meta property=\"og:type\" content=\"article\" \/>\n<meta property=\"og:title\" content=\"E&#039; stato scelto il Manifesto vincitore del Concorso Citt\u00e0 del vino 2010 - Article Marketing\" \/>\n<meta property=\"og:description\" content=\"E&#039; stato scelto il Manifesto vincitore del Concorso tra creativi per l&#039;immagine annuale di Citt\u00e0 del Vino\" \/>\n<meta property=\"og:url\" content=\"\" \/>\n<meta property=\"og:site_name\" content=\"Article Marketing\" \/>\n<meta property=\"article:published_time\" content=\"2010-01-14T15:19:59+00:00\" \/>\n<meta name=\"author\" content=\"Redazione Comunicati Stampa\" \/>\n<meta name=\"twitter:card\" content=\"summary_large_image\" \/>\n<meta name=\"twitter:label1\" content=\"Scritto da\" \/>\n\t<meta name=\"twitter:data1\" content=\"Redazione Comunicati Stampa\" \/>\n\t<meta name=\"twitter:label2\" content=\"Tempo di lettura stimato\" \/>\n\t<meta name=\"twitter:data2\" content=\"2 minuti\" \/>\n<script type=\"application\/ld+json\" class=\"yoast-schema-graph\">{\"@context\":\"https:\/\/schema.org\",\"@graph\":[{\"@type\":\"Article\",\"@id\":\"https:\/\/www.article-marketing.eu\/comunicati\/viaggi-e-vacanze\/viaggi-e-turismo\/e-stato-scelto-il-manifesto-vincitore-del-concorso-citt%e0-del-vino-2010\/#article\",\"isPartOf\":{\"@id\":\"https:\/\/www.article-marketing.eu\/comunicati\/viaggi-e-vacanze\/viaggi-e-turismo\/e-stato-scelto-il-manifesto-vincitore-del-concorso-citt%e0-del-vino-2010\/\"},\"author\":{\"name\":\"Redazione Comunicati Stampa\",\"@id\":\"https:\/\/www.article-marketing.eu\/comunicati\/#\/schema\/person\/44372e4d4d0fa797b18e03ed1ace9017\"},\"headline\":\"E&#8217; stato scelto il Manifesto vincitore del Concorso Citt\u00e0 del vino 2010\",\"datePublished\":\"2010-01-14T15:19:59+00:00\",\"mainEntityOfPage\":{\"@id\":\"https:\/\/www.article-marketing.eu\/comunicati\/viaggi-e-vacanze\/viaggi-e-turismo\/e-stato-scelto-il-manifesto-vincitore-del-concorso-citt%e0-del-vino-2010\/\"},\"wordCount\":503,\"commentCount\":0,\"keywords\":[\"cantine\",\"enologia\",\"vino\"],\"articleSection\":[\"Viaggi e Turismo\"],\"inLanguage\":\"it-IT\",\"potentialAction\":[{\"@type\":\"CommentAction\",\"name\":\"Comment\",\"target\":[\"https:\/\/www.article-marketing.eu\/comunicati\/viaggi-e-vacanze\/viaggi-e-turismo\/e-stato-scelto-il-manifesto-vincitore-del-concorso-citt%e0-del-vino-2010\/#respond\"]}]},{\"@type\":\"WebPage\",\"@id\":\"https:\/\/www.article-marketing.eu\/comunicati\/viaggi-e-vacanze\/viaggi-e-turismo\/e-stato-scelto-il-manifesto-vincitore-del-concorso-citt%e0-del-vino-2010\/\",\"url\":\"https:\/\/www.article-marketing.eu\/comunicati\/viaggi-e-vacanze\/viaggi-e-turismo\/e-stato-scelto-il-manifesto-vincitore-del-concorso-citt%e0-del-vino-2010\/\",\"name\":\"E' stato scelto il Manifesto vincitore del Concorso Citt\u00e0 del vino 2010 - Article Marketing\",\"isPartOf\":{\"@id\":\"https:\/\/www.article-marketing.eu\/comunicati\/#website\"},\"datePublished\":\"2010-01-14T15:19:59+00:00\",\"author\":{\"@id\":\"https:\/\/www.article-marketing.eu\/comunicati\/#\/schema\/person\/44372e4d4d0fa797b18e03ed1ace9017\"},\"breadcrumb\":{\"@id\":\"https:\/\/www.article-marketing.eu\/comunicati\/viaggi-e-vacanze\/viaggi-e-turismo\/e-stato-scelto-il-manifesto-vincitore-del-concorso-citt%e0-del-vino-2010\/#breadcrumb\"},\"inLanguage\":\"it-IT\",\"potentialAction\":[{\"@type\":\"ReadAction\",\"target\":[\"https:\/\/www.article-marketing.eu\/comunicati\/viaggi-e-vacanze\/viaggi-e-turismo\/e-stato-scelto-il-manifesto-vincitore-del-concorso-citt%e0-del-vino-2010\/\"]}]},{\"@type\":\"BreadcrumbList\",\"@id\":\"https:\/\/www.article-marketing.eu\/comunicati\/viaggi-e-vacanze\/viaggi-e-turismo\/e-stato-scelto-il-manifesto-vincitore-del-concorso-citt%e0-del-vino-2010\/#breadcrumb\",\"itemListElement\":[{\"@type\":\"ListItem\",\"position\":1,\"name\":\"Home\",\"item\":\"https:\/\/www.article-marketing.eu\/comunicati\/\"},{\"@type\":\"ListItem\",\"position\":2,\"name\":\"E&#8217; stato scelto il Manifesto vincitore del Concorso Citt\u00e0 del vino 2010\"}]},{\"@type\":\"WebSite\",\"@id\":\"https:\/\/www.article-marketing.eu\/comunicati\/#website\",\"url\":\"https:\/\/www.article-marketing.eu\/comunicati\/\",\"name\":\"Article Marketing\",\"description\":\"article marketing &amp; press release\",\"potentialAction\":[{\"@type\":\"SearchAction\",\"target\":{\"@type\":\"EntryPoint\",\"urlTemplate\":\"https:\/\/www.article-marketing.eu\/comunicati\/?s={search_term_string}\"},\"query-input\":{\"@type\":\"PropertyValueSpecification\",\"valueRequired\":true,\"valueName\":\"search_term_string\"}}],\"inLanguage\":\"it-IT\"},{\"@type\":\"Person\",\"@id\":\"https:\/\/www.article-marketing.eu\/comunicati\/#\/schema\/person\/44372e4d4d0fa797b18e03ed1ace9017\",\"name\":\"Redazione Comunicati Stampa\",\"image\":{\"@type\":\"ImageObject\",\"inLanguage\":\"it-IT\",\"@id\":\"https:\/\/www.article-marketing.eu\/comunicati\/#\/schema\/person\/image\/\",\"url\":\"https:\/\/secure.gravatar.com\/avatar\/50e5c6421d3072f42e7ace803501602c60d75233d34e29fd05feb91c8760b792?s=96&d=mm&r=g\",\"contentUrl\":\"https:\/\/secure.gravatar.com\/avatar\/50e5c6421d3072f42e7ace803501602c60d75233d34e29fd05feb91c8760b792?s=96&d=mm&r=g\",\"caption\":\"Redazione Comunicati Stampa\"},\"url\":\"https:\/\/www.article-marketing.eu\/comunicati\/author\/redazione-comunicati-stampa\/\"}]}<\/script>\n<!-- \/ Yoast SEO plugin. -->","yoast_head_json":{"title":"E' stato scelto il Manifesto vincitore del Concorso Citt\u00e0 del vino 2010 - Article Marketing","robots":{"index":"index","follow":"follow","max-snippet":"max-snippet:-1","max-image-preview":"max-image-preview:large","max-video-preview":"max-video-preview:-1"},"canonical":"https:\/\/www.article-marketing.eu\/comunicati\/viaggi-e-vacanze\/viaggi-e-turismo\/e-stato-scelto-il-manifesto-vincitore-del-concorso-citt?-del-vino-2010\/","og_locale":"it_IT","og_type":"article","og_title":"E' stato scelto il Manifesto vincitore del Concorso Citt\u00e0 del vino 2010 - Article Marketing","og_description":"E' stato scelto il Manifesto vincitore del Concorso tra creativi per l'immagine annuale di Citt\u00e0 del Vino","og_url":"https:\/\/www.article-marketing.eu\/comunicati\/viaggi-e-vacanze\/viaggi-e-turismo\/e-stato-scelto-il-manifesto-vincitore-del-concorso-citt?-del-vino-2010\/","og_site_name":"Article Marketing","article_published_time":"2010-01-14T15:19:59+00:00","author":"Redazione Comunicati Stampa","twitter_card":"summary_large_image","twitter_misc":{"Scritto da":"Redazione Comunicati Stampa","Tempo di lettura stimato":"2 minuti"},"schema":{"@context":"https:\/\/schema.org","@graph":[{"@type":"Article","@id":"https:\/\/www.article-marketing.eu\/comunicati\/viaggi-e-vacanze\/viaggi-e-turismo\/e-stato-scelto-il-manifesto-vincitore-del-concorso-citt%e0-del-vino-2010\/#article","isPartOf":{"@id":"https:\/\/www.article-marketing.eu\/comunicati\/viaggi-e-vacanze\/viaggi-e-turismo\/e-stato-scelto-il-manifesto-vincitore-del-concorso-citt%e0-del-vino-2010\/"},"author":{"name":"Redazione Comunicati Stampa","@id":"https:\/\/www.article-marketing.eu\/comunicati\/#\/schema\/person\/44372e4d4d0fa797b18e03ed1ace9017"},"headline":"E&#8217; stato scelto il Manifesto vincitore del Concorso Citt\u00e0 del vino 2010","datePublished":"2010-01-14T15:19:59+00:00","mainEntityOfPage":{"@id":"https:\/\/www.article-marketing.eu\/comunicati\/viaggi-e-vacanze\/viaggi-e-turismo\/e-stato-scelto-il-manifesto-vincitore-del-concorso-citt%e0-del-vino-2010\/"},"wordCount":503,"commentCount":0,"keywords":["cantine","enologia","vino"],"articleSection":["Viaggi e Turismo"],"inLanguage":"it-IT","potentialAction":[{"@type":"CommentAction","name":"Comment","target":["https:\/\/www.article-marketing.eu\/comunicati\/viaggi-e-vacanze\/viaggi-e-turismo\/e-stato-scelto-il-manifesto-vincitore-del-concorso-citt%e0-del-vino-2010\/#respond"]}]},{"@type":"WebPage","@id":"https:\/\/www.article-marketing.eu\/comunicati\/viaggi-e-vacanze\/viaggi-e-turismo\/e-stato-scelto-il-manifesto-vincitore-del-concorso-citt%e0-del-vino-2010\/","url":"https:\/\/www.article-marketing.eu\/comunicati\/viaggi-e-vacanze\/viaggi-e-turismo\/e-stato-scelto-il-manifesto-vincitore-del-concorso-citt%e0-del-vino-2010\/","name":"E' stato scelto il Manifesto vincitore del Concorso Citt\u00e0 del vino 2010 - Article Marketing","isPartOf":{"@id":"https:\/\/www.article-marketing.eu\/comunicati\/#website"},"datePublished":"2010-01-14T15:19:59+00:00","author":{"@id":"https:\/\/www.article-marketing.eu\/comunicati\/#\/schema\/person\/44372e4d4d0fa797b18e03ed1ace9017"},"breadcrumb":{"@id":"https:\/\/www.article-marketing.eu\/comunicati\/viaggi-e-vacanze\/viaggi-e-turismo\/e-stato-scelto-il-manifesto-vincitore-del-concorso-citt%e0-del-vino-2010\/#breadcrumb"},"inLanguage":"it-IT","potentialAction":[{"@type":"ReadAction","target":["https:\/\/www.article-marketing.eu\/comunicati\/viaggi-e-vacanze\/viaggi-e-turismo\/e-stato-scelto-il-manifesto-vincitore-del-concorso-citt%e0-del-vino-2010\/"]}]},{"@type":"BreadcrumbList","@id":"https:\/\/www.article-marketing.eu\/comunicati\/viaggi-e-vacanze\/viaggi-e-turismo\/e-stato-scelto-il-manifesto-vincitore-del-concorso-citt%e0-del-vino-2010\/#breadcrumb","itemListElement":[{"@type":"ListItem","position":1,"name":"Home","item":"https:\/\/www.article-marketing.eu\/comunicati\/"},{"@type":"ListItem","position":2,"name":"E&#8217; stato scelto il Manifesto vincitore del Concorso Citt\u00e0 del vino 2010"}]},{"@type":"WebSite","@id":"https:\/\/www.article-marketing.eu\/comunicati\/#website","url":"https:\/\/www.article-marketing.eu\/comunicati\/","name":"Article Marketing","description":"article marketing &amp; press release","potentialAction":[{"@type":"SearchAction","target":{"@type":"EntryPoint","urlTemplate":"https:\/\/www.article-marketing.eu\/comunicati\/?s={search_term_string}"},"query-input":{"@type":"PropertyValueSpecification","valueRequired":true,"valueName":"search_term_string"}}],"inLanguage":"it-IT"},{"@type":"Person","@id":"https:\/\/www.article-marketing.eu\/comunicati\/#\/schema\/person\/44372e4d4d0fa797b18e03ed1ace9017","name":"Redazione Comunicati Stampa","image":{"@type":"ImageObject","inLanguage":"it-IT","@id":"https:\/\/www.article-marketing.eu\/comunicati\/#\/schema\/person\/image\/","url":"https:\/\/secure.gravatar.com\/avatar\/50e5c6421d3072f42e7ace803501602c60d75233d34e29fd05feb91c8760b792?s=96&d=mm&r=g","contentUrl":"https:\/\/secure.gravatar.com\/avatar\/50e5c6421d3072f42e7ace803501602c60d75233d34e29fd05feb91c8760b792?s=96&d=mm&r=g","caption":"Redazione Comunicati Stampa"},"url":"https:\/\/www.article-marketing.eu\/comunicati\/author\/redazione-comunicati-stampa\/"}]}},"_links":{"self":[{"href":"https:\/\/www.article-marketing.eu\/comunicati\/wp-json\/wp\/v2\/posts\/3848","targetHints":{"allow":["GET"]}}],"collection":[{"href":"https:\/\/www.article-marketing.eu\/comunicati\/wp-json\/wp\/v2\/posts"}],"about":[{"href":"https:\/\/www.article-marketing.eu\/comunicati\/wp-json\/wp\/v2\/types\/post"}],"author":[{"embeddable":true,"href":"https:\/\/www.article-marketing.eu\/comunicati\/wp-json\/wp\/v2\/users\/10"}],"replies":[{"embeddable":true,"href":"https:\/\/www.article-marketing.eu\/comunicati\/wp-json\/wp\/v2\/comments?post=3848"}],"version-history":[{"count":0,"href":"https:\/\/www.article-marketing.eu\/comunicati\/wp-json\/wp\/v2\/posts\/3848\/revisions"}],"wp:attachment":[{"href":"https:\/\/www.article-marketing.eu\/comunicati\/wp-json\/wp\/v2\/media?parent=3848"}],"wp:term":[{"taxonomy":"category","embeddable":true,"href":"https:\/\/www.article-marketing.eu\/comunicati\/wp-json\/wp\/v2\/categories?post=3848"},{"taxonomy":"post_tag","embeddable":true,"href":"https:\/\/www.article-marketing.eu\/comunicati\/wp-json\/wp\/v2\/tags?post=3848"}],"curies":[{"name":"wp","href":"https:\/\/api.w.org\/{rel}","templated":true}]}}