{"id":3857,"date":"2010-01-15T11:34:50","date_gmt":"2010-01-15T10:34:50","guid":{"rendered":"http:\/\/www.article-marketing.eu\/comunicati\/senza-categoria\/stato-attuale-e-potenziale-del-fotovoltaico-in-italia\/"},"modified":"2010-01-15T11:34:50","modified_gmt":"2010-01-15T10:34:50","slug":"stato-attuale-e-potenziale-del-fotovoltaico-in-italia","status":"publish","type":"post","link":"https:\/\/www.article-marketing.eu\/comunicati\/ambiente\/fonti-rinnovabili\/stato-attuale-e-potenziale-del-fotovoltaico-in-italia\/","title":{"rendered":"Stato attuale e potenziale del fotovoltaico in Italia"},"content":{"rendered":"<p>Uno studio del Politecnico di Milano ha analizzato lo &quot;stato dell&#8217;arte&quot; delle installazioni fotovoltaiche in Italia al 2009, mettendo in evidenza la sua diffusione attuale, le prospettive di sviluppo e le potenzialit\u00e0 nel mercato italiano.<\/p>\n<p>La potenza fotovoltaica installata complessivamente in Italia al 2009 \u00e8 pari a circa 490 MW. Le prime cinque Regioni, che contribuiscono per il 48% al totale della potenza installata, rappresentano poco piu del 36% del territorio italiano. Queste sono: Puglia, con 61 Mwp installati al primo giugno 2009, Lombardia, con 56,6 Mwp installati, Emilia Romagna (44,2 Mwp), Piemonte e Veneto. Fanalino di coda, in valore assoluto, \u00e8 la Valle d&#8217;Aosta, con i suoi 0,3 Mwp di fotovoltaico installato (fonte: Atlasole).<\/p>\n<p>Lo studio analizza poi, pi\u00f9 nel dettaglio, le <strong>potenzialit\u00e0<\/strong> del mercato fotovoltaico in Italia, in particolare la stima del potenziale di sviluppo del fotovoltaico in Italia per i prossimi anni.<br \/>Secondo un approccio che assume come riferimento la potenza installata <strong>pro-capite<\/strong>, in Italia sono mediamente installati <strong>10,3 Kw<\/strong> ogni 1.000 abitanti. Con questa prospettiva, la classifica delle prime cinque regioni cambia considerevolmente: al primo posto troviamo il Trentino con 32,7 Kw ogni 1000 abitanti, l&#8217;Umbria, con 22 Kw\/1000 abitanti, la Basilicata, con quasi 18 Kw\/1000 abitanti, le Marche e la Puglia (con rispettivamente 17 e 15 Kw\/1000 abitanti). La leadership del Trentino-Alto Adige che si presenta come un territorio montuoso e relativamente poco irraggiato, in questa classifica dimostra come vi sia ancora un notevole potenziale di sviluppo per il paese Italia.<br \/>Questo potenziale, nell\u2019ipotesi che in tutte le regioni italiane si ottenga un valore pro-capite almeno pari a quello del Trentino- Alto Adige, \u00e8 di circa 1,5 GW di installazione fotovoltaica totale.<\/p>\n<p>Confrontando la situazione con gli altri paesi europei, l&#8217;Italia sconta ancora un gap considerevole, in particolare con Spagna e Germania, paesi in cui il fotovoltaico ha gi\u00e0 raggiunto un maggior grado di sviluppo: in Germania a fine 2008 i kW installati ogni mille abitanti sono pari a 63,5 mentre in Spagna tale valore sale a 67,6 kw\/1000 abitanti. In questo contesto europeo il potenziale del fotovoltaico in Italia (nell&#8217;ipotesi che si raggiunga un livello paragonabile a quello dei paesi europei pi\u00f9 virtuosi) \u00e8 quindi pari a 3,3 GW (se si prende a riferimento la Germania) o 3,6 GW (se si prende a riferimento la Spagna). <br \/>Gi\u00e0 oggi, quindi, in Italia <strong>mancano all\u2019appello circa 3 GW <\/strong>di installazioni fotovoltaiche. <\/p>\n<p>Le <strong>previsioni<\/strong> di sviluppo del fotovoltaico <strong>al 2020<\/strong> in Spagna e Germania indicano un raggiungimento rispettivamente di 651 e 865 Kw installati ogni 1.000 abitanti: quasi un kwp per abitante. Se l\u2019<strong>Italia<\/strong> fosse in grado di colmare il gap fotovoltaico con i Paesi Europei pi\u00f9 virtuosi, e di raggiungerne il trend di sviluppo, le installazioni fotovoltaiche potrebbero essere ragionevolmente stimate attorno ai <strong>45 GW al 2020<\/strong>: circa 0,75 Kwp installato per abitante.<\/p>\n<p>In definitiva l\u2019effettiva possibilit\u00e0 per l\u2019Italia di raggiungere gli altri \u201cgrandi\u201d del fotovoltaico in Europa, con un installato complessivo che \u00e8 pari a circa 50 GW totale al 2020, \u00e8 verosimilmente realizzabile se vi sar\u00e0, soprattutto nei prossimi 3-5 anni, un adeguato supporto economico ed il commitment del &quot;sistema Paese&quot; allo sviluppo del solare fotovoltaico.<\/p>\n","protected":false},"excerpt":{"rendered":"<p>Un&#8217;analisi curata dal Politecnico di Milano ha considerato lo stato dell&#8217;arte del fotovoltaico in Italia al 2009, mettendone in luce le caratterizzazioni attuali, le prospettive di sviluppo e le potenzialit\u00e0 nel mercato italiano.<\/p>\n","protected":false},"author":10,"featured_media":0,"comment_status":"open","ping_status":"open","sticky":false,"template":"","format":"standard","meta":{"cybocfi_hide_featured_image":"","footnotes":""},"categories":[112],"tags":[6344,1823,11764,630,11760,11761,11762,11763,11759,5409],"class_list":["post-3857","post","type-post","status-publish","format-standard","hentry","category-fonti-rinnovabili","tag-europa","tag-fotovoltaico","tag-gw","tag-italia","tag-kw","tag-kwp","tag-mw","tag-mwp","tag-potenziale","tag-rinnovabili"],"yoast_head":"<!-- This site is optimized with the Yoast SEO plugin v27.0 - https:\/\/yoast.com\/product\/yoast-seo-wordpress\/ -->\n<title>Stato attuale e potenziale del fotovoltaico in Italia - Article Marketing<\/title>\n<meta name=\"robots\" content=\"index, follow, max-snippet:-1, max-image-preview:large, max-video-preview:-1\" \/>\n<link rel=\"canonical\" href=\"https:\/\/www.article-marketing.eu\/comunicati\/ambiente\/fonti-rinnovabili\/stato-attuale-e-potenziale-del-fotovoltaico-in-italia\/\" \/>\n<meta property=\"og:locale\" content=\"it_IT\" \/>\n<meta property=\"og:type\" content=\"article\" \/>\n<meta property=\"og:title\" content=\"Stato attuale e potenziale del fotovoltaico in Italia - Article Marketing\" \/>\n<meta property=\"og:description\" content=\"Un&#039;analisi curata dal Politecnico di Milano ha considerato lo stato dell&#039;arte del fotovoltaico in Italia al 2009, mettendone in luce le caratterizzazioni attuali, le prospettive di sviluppo e le potenzialit\u00e0 nel mercato italiano.\" \/>\n<meta property=\"og:url\" content=\"https:\/\/www.article-marketing.eu\/comunicati\/ambiente\/fonti-rinnovabili\/stato-attuale-e-potenziale-del-fotovoltaico-in-italia\/\" \/>\n<meta property=\"og:site_name\" content=\"Article Marketing\" \/>\n<meta property=\"article:published_time\" content=\"2010-01-15T10:34:50+00:00\" \/>\n<meta name=\"author\" content=\"Redazione Comunicati Stampa\" \/>\n<meta name=\"twitter:card\" content=\"summary_large_image\" \/>\n<meta name=\"twitter:label1\" content=\"Scritto da\" \/>\n\t<meta name=\"twitter:data1\" content=\"Redazione Comunicati Stampa\" \/>\n\t<meta name=\"twitter:label2\" content=\"Tempo di lettura stimato\" \/>\n\t<meta name=\"twitter:data2\" content=\"2 minuti\" \/>\n<script type=\"application\/ld+json\" class=\"yoast-schema-graph\">{\"@context\":\"https:\/\/schema.org\",\"@graph\":[{\"@type\":\"Article\",\"@id\":\"https:\/\/www.article-marketing.eu\/comunicati\/ambiente\/fonti-rinnovabili\/stato-attuale-e-potenziale-del-fotovoltaico-in-italia\/#article\",\"isPartOf\":{\"@id\":\"https:\/\/www.article-marketing.eu\/comunicati\/ambiente\/fonti-rinnovabili\/stato-attuale-e-potenziale-del-fotovoltaico-in-italia\/\"},\"author\":{\"name\":\"Redazione Comunicati Stampa\",\"@id\":\"https:\/\/www.article-marketing.eu\/comunicati\/#\/schema\/person\/44372e4d4d0fa797b18e03ed1ace9017\"},\"headline\":\"Stato attuale e potenziale del fotovoltaico in Italia\",\"datePublished\":\"2010-01-15T10:34:50+00:00\",\"mainEntityOfPage\":{\"@id\":\"https:\/\/www.article-marketing.eu\/comunicati\/ambiente\/fonti-rinnovabili\/stato-attuale-e-potenziale-del-fotovoltaico-in-italia\/\"},\"wordCount\":499,\"commentCount\":0,\"keywords\":[\"europa\",\"fotovoltaico\",\"Gw\",\"Italia\",\"kw\",\"kwp\",\"mw\",\"mwp\",\"potenziale\",\"rinnovabili\"],\"articleSection\":[\"Fonti rinnovabili\"],\"inLanguage\":\"it-IT\",\"potentialAction\":[{\"@type\":\"CommentAction\",\"name\":\"Comment\",\"target\":[\"https:\/\/www.article-marketing.eu\/comunicati\/ambiente\/fonti-rinnovabili\/stato-attuale-e-potenziale-del-fotovoltaico-in-italia\/#respond\"]}]},{\"@type\":\"WebPage\",\"@id\":\"https:\/\/www.article-marketing.eu\/comunicati\/ambiente\/fonti-rinnovabili\/stato-attuale-e-potenziale-del-fotovoltaico-in-italia\/\",\"url\":\"https:\/\/www.article-marketing.eu\/comunicati\/ambiente\/fonti-rinnovabili\/stato-attuale-e-potenziale-del-fotovoltaico-in-italia\/\",\"name\":\"Stato attuale e potenziale del fotovoltaico in Italia - Article Marketing\",\"isPartOf\":{\"@id\":\"https:\/\/www.article-marketing.eu\/comunicati\/#website\"},\"datePublished\":\"2010-01-15T10:34:50+00:00\",\"author\":{\"@id\":\"https:\/\/www.article-marketing.eu\/comunicati\/#\/schema\/person\/44372e4d4d0fa797b18e03ed1ace9017\"},\"breadcrumb\":{\"@id\":\"https:\/\/www.article-marketing.eu\/comunicati\/ambiente\/fonti-rinnovabili\/stato-attuale-e-potenziale-del-fotovoltaico-in-italia\/#breadcrumb\"},\"inLanguage\":\"it-IT\",\"potentialAction\":[{\"@type\":\"ReadAction\",\"target\":[\"https:\/\/www.article-marketing.eu\/comunicati\/ambiente\/fonti-rinnovabili\/stato-attuale-e-potenziale-del-fotovoltaico-in-italia\/\"]}]},{\"@type\":\"BreadcrumbList\",\"@id\":\"https:\/\/www.article-marketing.eu\/comunicati\/ambiente\/fonti-rinnovabili\/stato-attuale-e-potenziale-del-fotovoltaico-in-italia\/#breadcrumb\",\"itemListElement\":[{\"@type\":\"ListItem\",\"position\":1,\"name\":\"Home\",\"item\":\"https:\/\/www.article-marketing.eu\/comunicati\/\"},{\"@type\":\"ListItem\",\"position\":2,\"name\":\"Stato attuale e potenziale del fotovoltaico in Italia\"}]},{\"@type\":\"WebSite\",\"@id\":\"https:\/\/www.article-marketing.eu\/comunicati\/#website\",\"url\":\"https:\/\/www.article-marketing.eu\/comunicati\/\",\"name\":\"Article Marketing\",\"description\":\"article marketing &amp; press release\",\"potentialAction\":[{\"@type\":\"SearchAction\",\"target\":{\"@type\":\"EntryPoint\",\"urlTemplate\":\"https:\/\/www.article-marketing.eu\/comunicati\/?s={search_term_string}\"},\"query-input\":{\"@type\":\"PropertyValueSpecification\",\"valueRequired\":true,\"valueName\":\"search_term_string\"}}],\"inLanguage\":\"it-IT\"},{\"@type\":\"Person\",\"@id\":\"https:\/\/www.article-marketing.eu\/comunicati\/#\/schema\/person\/44372e4d4d0fa797b18e03ed1ace9017\",\"name\":\"Redazione Comunicati Stampa\",\"image\":{\"@type\":\"ImageObject\",\"inLanguage\":\"it-IT\",\"@id\":\"https:\/\/www.article-marketing.eu\/comunicati\/#\/schema\/person\/image\/\",\"url\":\"https:\/\/secure.gravatar.com\/avatar\/50e5c6421d3072f42e7ace803501602c60d75233d34e29fd05feb91c8760b792?s=96&d=mm&r=g\",\"contentUrl\":\"https:\/\/secure.gravatar.com\/avatar\/50e5c6421d3072f42e7ace803501602c60d75233d34e29fd05feb91c8760b792?s=96&d=mm&r=g\",\"caption\":\"Redazione Comunicati Stampa\"},\"url\":\"https:\/\/www.article-marketing.eu\/comunicati\/author\/redazione-comunicati-stampa\/\"}]}<\/script>\n<!-- \/ Yoast SEO plugin. -->","yoast_head_json":{"title":"Stato attuale e potenziale del fotovoltaico in Italia - Article Marketing","robots":{"index":"index","follow":"follow","max-snippet":"max-snippet:-1","max-image-preview":"max-image-preview:large","max-video-preview":"max-video-preview:-1"},"canonical":"https:\/\/www.article-marketing.eu\/comunicati\/ambiente\/fonti-rinnovabili\/stato-attuale-e-potenziale-del-fotovoltaico-in-italia\/","og_locale":"it_IT","og_type":"article","og_title":"Stato attuale e potenziale del fotovoltaico in Italia - Article Marketing","og_description":"Un'analisi curata dal Politecnico di Milano ha considerato lo stato dell'arte del fotovoltaico in Italia al 2009, mettendone in luce le caratterizzazioni attuali, le prospettive di sviluppo e le potenzialit\u00e0 nel mercato italiano.","og_url":"https:\/\/www.article-marketing.eu\/comunicati\/ambiente\/fonti-rinnovabili\/stato-attuale-e-potenziale-del-fotovoltaico-in-italia\/","og_site_name":"Article Marketing","article_published_time":"2010-01-15T10:34:50+00:00","author":"Redazione Comunicati Stampa","twitter_card":"summary_large_image","twitter_misc":{"Scritto da":"Redazione Comunicati Stampa","Tempo di lettura stimato":"2 minuti"},"schema":{"@context":"https:\/\/schema.org","@graph":[{"@type":"Article","@id":"https:\/\/www.article-marketing.eu\/comunicati\/ambiente\/fonti-rinnovabili\/stato-attuale-e-potenziale-del-fotovoltaico-in-italia\/#article","isPartOf":{"@id":"https:\/\/www.article-marketing.eu\/comunicati\/ambiente\/fonti-rinnovabili\/stato-attuale-e-potenziale-del-fotovoltaico-in-italia\/"},"author":{"name":"Redazione Comunicati Stampa","@id":"https:\/\/www.article-marketing.eu\/comunicati\/#\/schema\/person\/44372e4d4d0fa797b18e03ed1ace9017"},"headline":"Stato attuale e potenziale del fotovoltaico in Italia","datePublished":"2010-01-15T10:34:50+00:00","mainEntityOfPage":{"@id":"https:\/\/www.article-marketing.eu\/comunicati\/ambiente\/fonti-rinnovabili\/stato-attuale-e-potenziale-del-fotovoltaico-in-italia\/"},"wordCount":499,"commentCount":0,"keywords":["europa","fotovoltaico","Gw","Italia","kw","kwp","mw","mwp","potenziale","rinnovabili"],"articleSection":["Fonti rinnovabili"],"inLanguage":"it-IT","potentialAction":[{"@type":"CommentAction","name":"Comment","target":["https:\/\/www.article-marketing.eu\/comunicati\/ambiente\/fonti-rinnovabili\/stato-attuale-e-potenziale-del-fotovoltaico-in-italia\/#respond"]}]},{"@type":"WebPage","@id":"https:\/\/www.article-marketing.eu\/comunicati\/ambiente\/fonti-rinnovabili\/stato-attuale-e-potenziale-del-fotovoltaico-in-italia\/","url":"https:\/\/www.article-marketing.eu\/comunicati\/ambiente\/fonti-rinnovabili\/stato-attuale-e-potenziale-del-fotovoltaico-in-italia\/","name":"Stato attuale e potenziale del fotovoltaico in Italia - Article Marketing","isPartOf":{"@id":"https:\/\/www.article-marketing.eu\/comunicati\/#website"},"datePublished":"2010-01-15T10:34:50+00:00","author":{"@id":"https:\/\/www.article-marketing.eu\/comunicati\/#\/schema\/person\/44372e4d4d0fa797b18e03ed1ace9017"},"breadcrumb":{"@id":"https:\/\/www.article-marketing.eu\/comunicati\/ambiente\/fonti-rinnovabili\/stato-attuale-e-potenziale-del-fotovoltaico-in-italia\/#breadcrumb"},"inLanguage":"it-IT","potentialAction":[{"@type":"ReadAction","target":["https:\/\/www.article-marketing.eu\/comunicati\/ambiente\/fonti-rinnovabili\/stato-attuale-e-potenziale-del-fotovoltaico-in-italia\/"]}]},{"@type":"BreadcrumbList","@id":"https:\/\/www.article-marketing.eu\/comunicati\/ambiente\/fonti-rinnovabili\/stato-attuale-e-potenziale-del-fotovoltaico-in-italia\/#breadcrumb","itemListElement":[{"@type":"ListItem","position":1,"name":"Home","item":"https:\/\/www.article-marketing.eu\/comunicati\/"},{"@type":"ListItem","position":2,"name":"Stato attuale e potenziale del fotovoltaico in Italia"}]},{"@type":"WebSite","@id":"https:\/\/www.article-marketing.eu\/comunicati\/#website","url":"https:\/\/www.article-marketing.eu\/comunicati\/","name":"Article Marketing","description":"article marketing &amp; press release","potentialAction":[{"@type":"SearchAction","target":{"@type":"EntryPoint","urlTemplate":"https:\/\/www.article-marketing.eu\/comunicati\/?s={search_term_string}"},"query-input":{"@type":"PropertyValueSpecification","valueRequired":true,"valueName":"search_term_string"}}],"inLanguage":"it-IT"},{"@type":"Person","@id":"https:\/\/www.article-marketing.eu\/comunicati\/#\/schema\/person\/44372e4d4d0fa797b18e03ed1ace9017","name":"Redazione Comunicati Stampa","image":{"@type":"ImageObject","inLanguage":"it-IT","@id":"https:\/\/www.article-marketing.eu\/comunicati\/#\/schema\/person\/image\/","url":"https:\/\/secure.gravatar.com\/avatar\/50e5c6421d3072f42e7ace803501602c60d75233d34e29fd05feb91c8760b792?s=96&d=mm&r=g","contentUrl":"https:\/\/secure.gravatar.com\/avatar\/50e5c6421d3072f42e7ace803501602c60d75233d34e29fd05feb91c8760b792?s=96&d=mm&r=g","caption":"Redazione Comunicati Stampa"},"url":"https:\/\/www.article-marketing.eu\/comunicati\/author\/redazione-comunicati-stampa\/"}]}},"_links":{"self":[{"href":"https:\/\/www.article-marketing.eu\/comunicati\/wp-json\/wp\/v2\/posts\/3857","targetHints":{"allow":["GET"]}}],"collection":[{"href":"https:\/\/www.article-marketing.eu\/comunicati\/wp-json\/wp\/v2\/posts"}],"about":[{"href":"https:\/\/www.article-marketing.eu\/comunicati\/wp-json\/wp\/v2\/types\/post"}],"author":[{"embeddable":true,"href":"https:\/\/www.article-marketing.eu\/comunicati\/wp-json\/wp\/v2\/users\/10"}],"replies":[{"embeddable":true,"href":"https:\/\/www.article-marketing.eu\/comunicati\/wp-json\/wp\/v2\/comments?post=3857"}],"version-history":[{"count":0,"href":"https:\/\/www.article-marketing.eu\/comunicati\/wp-json\/wp\/v2\/posts\/3857\/revisions"}],"wp:attachment":[{"href":"https:\/\/www.article-marketing.eu\/comunicati\/wp-json\/wp\/v2\/media?parent=3857"}],"wp:term":[{"taxonomy":"category","embeddable":true,"href":"https:\/\/www.article-marketing.eu\/comunicati\/wp-json\/wp\/v2\/categories?post=3857"},{"taxonomy":"post_tag","embeddable":true,"href":"https:\/\/www.article-marketing.eu\/comunicati\/wp-json\/wp\/v2\/tags?post=3857"}],"curies":[{"name":"wp","href":"https:\/\/api.w.org\/{rel}","templated":true}]}}