{"id":3887,"date":"2010-01-20T12:27:23","date_gmt":"2010-01-20T11:27:23","guid":{"rendered":"http:\/\/www.article-marketing.eu\/comunicati\/senza-categoria\/diventa-fan-di-ivo-milan-su-facebook\/"},"modified":"2010-01-20T12:27:23","modified_gmt":"2010-01-20T11:27:23","slug":"diventa-fan-di-ivo-milan-su-facebook","status":"publish","type":"post","link":"https:\/\/www.article-marketing.eu\/comunicati\/tempo-libero\/shopping\/diventa-fan-di-ivo-milan-su-facebook\/","title":{"rendered":"Diventa fan di Ivo Milan su Facebook!"},"content":{"rendered":"<p>Dopo <strong>la prestigiosa sede in centro a Padova<\/strong>, dopo il sito dotato di e-commerce per ampliare la possibilit\u00e0 di acquistare gli abiti delle firme pi\u00f9<br \/>\nd\u2019avanguardia del settore, rimanendo fedeli al motto che tanta fortuna<br \/>\nci ha portato nel rapporto con la nostra clientela, \u201c<em>nulla deve essere di serie, tutto deve essere diverso da ci\u00f2 che si vede abitualmente<\/em>\u201d,<strong> Ivo Milan si presenta anche sul pi\u00f9 popolare Social Network del momento<\/strong>.<\/p>\n<p><img decoding=\"async\" hspace=\"0\" border=\"0\" align=\"baseline\" vspace=\"0\" src=\"http:\/\/ivomilan.com\/img\/others_Screenshot-Facebook_|_Ivo_Milan_-_Mozilla_Firefox.png\" alt=\"Ivo Milan Abbigliamento online\" \/>&nbsp;<\/p>\n<p>Il nostro criterio di selezione dei marchi e dei prodotti \u00e8 sempre<br \/>\nlo stesso: il confronto quotidiano con una ristretta clientela colta e<br \/>\nindipendente dai condizionamenti di stampa e televisione, che<br \/>\nprivilegia ci\u00f2 che \u00e8 davvero speciale e autenticamente creativo, se non<br \/>\naddirittura a forte valenza artistica, dal variegato mondo della moda<br \/>\ninternazionale.<\/p>\n<p><strong><a href=\"http:\/\/www.facebook.com\/pages\/Ivo-Milan\/175290551402\" title=\"Ivo Milan su Facebook\">Guarda la nostra pagina su Facebook e iscriviti subito<\/a>!<\/strong><\/p>\n<p>Diventando nostro fan <strong>potrai anche accedere a offerte promozionali esclusive<\/strong> dedicate agli iscritti alla pagina.<\/p>\n<p><strong>Il negozio IVO MILAN<\/strong> \u00e8 situato a Padova nella centralissima Via S.<br \/>\nLucia, in una casa romanica anteriore al 1000, l\u2019edificio civile pi\u00f9<br \/>\nantico della citt\u00e0. Con il commercio di tessuti, nel 1896, cominci\u00f2<br \/>\nl\u2019attivit\u00e0 il bisnonno di Orlando, l\u2019attuale proprietario. Seguirono il<br \/>\nfiglio Modesto, poi il figlio di Modesto, Ivo (il padre di Orlando),<br \/>\nche nel 1945 diede il proprio nome al negozio per differenziarlo da<br \/>\nquello dei fratelli che a loro volta, nel solco della tradizione<br \/>\nfamiliare, avevano aperto attivit\u00e0 con i propri nomi. Ora con Sari, la<br \/>\nterza figlia di Orlando, la storia della IVO MILAN continua ed \u00e8 giunta<br \/>\nalla quinta generazione.<\/p>\n<p>Di norma ad aziende \u201cantiche\u201d si<br \/>\nassociano criteri di lavoro dai ritmi tranquilli, all\u2019insegna della<br \/>\nripetizione consuetudinaria dei soliti gesti, con l\u2019arredamento<br \/>\nrigorosamente \u201cd\u2019antan\u201d, o tutto bianco, un po\u2019 impersonale, ma che fa<br \/>\ntanto moderno, con i soliti prodotti rassicuranti, le vetrine bon ton e<br \/>\nuna clientela un po\u2019 conservatrice. Ecco, IVO MILAN non \u00e8 niente di<br \/>\ntutto questo. Il negozio oggi vende solo abbigliamento per donna. Lo<br \/>\nspazio \u00e8 diviso in due piani ed occupa complessivamente una superficie<br \/>\ndi 250 mq. All&#8217;interno tutto \u00e8 giocato intorno ad una linea guida<br \/>\nprecisa: nulla deve essere di serie, tutto deve essere diverso da ci\u00f2<br \/>\nche si vede abitualmente. E questo principio vale per l&#8217;arredamento, ma<br \/>\nanche e soprattutto per la selezione degli abiti posti in vendita.<br \/>\nInfatti, alla diffusione limitata dei marchi si unisce il criterio<br \/>\nparticolare in base al quale vengono scelti. Un criterio che tiene<br \/>\nconto delle sollecitazioni di una ristrettissima clientela di Padova,<br \/>\nmolto colta e indipendente nel giudizio da condizionamenti di stampa e<br \/>\ntelevisione, interessata solo a ci\u00f2 che \u00e8 davvero speciale,<br \/>\nautenticamente creativo se non addirittura a forte valenza artistica.&nbsp;<\/p>\n<p>Ma<br \/>\ntutto ci\u00f2 non \u00e8 accaduto per caso. Infatti, se Padova \u00e8 diventata<br \/>\ncapitale mondiale del gioiello d&#8217;arte contemporanea lo deve certamente<br \/>\nai suoi maestri orafi, alle sue scuole, ma anche alla sensibilit\u00e0 di<br \/>\ncoloro che per prime hanno saputo comprendere e sostenere quel nuovo<br \/>\nlinguaggio che adottando forme astratte, segni concettuali e<br \/>\nutilizzando talvolta addirittura materiali poveri o di riciclo, faceva<br \/>\npiazza pulita dei modelli pi\u00f9 classici, pi\u00f9 o meno ispirati alla<br \/>\ntradizionale gioielleria italiana, francese e inglese, sfavillante<br \/>\nd&#8217;oro, platino e perle preziose. Non \u00e8 stata una rivoluzione da poco. E<br \/>\nnon si \u00e8 nemmeno trattato del solito principio d\u2019emulazione che regola<br \/>\nil rapporto tra citt\u00e0 di provincia e metropoli. Il filo rosso che<br \/>\ncollega Padova al suo straordinario passato non si \u00e8 ancora interrotto.<\/p>\n","protected":false},"excerpt":{"rendered":"<p>Da oggi il negozio di abbigliamento pr\u00eat-\u00e0-porter Ivo Milan \u00e8 presente anche su Facebook, con una selezione dei brand e dei prodotti disponibili nel negozio fisico e online.<\/p>\n","protected":false},"author":10,"featured_media":0,"comment_status":"open","ping_status":"open","sticky":false,"template":"","format":"standard","meta":{"cybocfi_hide_featured_image":"","footnotes":""},"categories":[308],"tags":[1007,11813,309,11669],"class_list":["post-3887","post","type-post","status-publish","format-standard","hentry","category-shopping","tag-abbigliamento","tag-antimoda","tag-moda","tag-padova"],"yoast_head":"<!-- This site is optimized with the Yoast SEO plugin v27.0 - https:\/\/yoast.com\/product\/yoast-seo-wordpress\/ -->\n<title>Diventa fan di Ivo Milan su Facebook! - Article Marketing<\/title>\n<meta name=\"robots\" content=\"index, follow, max-snippet:-1, max-image-preview:large, max-video-preview:-1\" \/>\n<link rel=\"canonical\" href=\"https:\/\/www.article-marketing.eu\/comunicati\/tempo-libero\/shopping\/diventa-fan-di-ivo-milan-su-facebook\/\" \/>\n<meta property=\"og:locale\" content=\"it_IT\" \/>\n<meta property=\"og:type\" content=\"article\" \/>\n<meta property=\"og:title\" content=\"Diventa fan di Ivo Milan su Facebook! - Article Marketing\" \/>\n<meta property=\"og:description\" content=\"Da oggi il negozio di abbigliamento pr\u00eat-\u00e0-porter Ivo Milan \u00e8 presente anche su Facebook, con una selezione dei brand e dei prodotti disponibili nel negozio fisico e online.\" \/>\n<meta property=\"og:url\" content=\"https:\/\/www.article-marketing.eu\/comunicati\/tempo-libero\/shopping\/diventa-fan-di-ivo-milan-su-facebook\/\" \/>\n<meta property=\"og:site_name\" content=\"Article Marketing\" \/>\n<meta property=\"article:published_time\" content=\"2010-01-20T11:27:23+00:00\" \/>\n<meta property=\"og:image\" content=\"http:\/\/ivomilan.com\/img\/others_Screenshot-Facebook_|_Ivo_Milan_-_Mozilla_Firefox.png\" \/>\n<meta name=\"author\" content=\"Redazione Comunicati Stampa\" \/>\n<meta name=\"twitter:card\" content=\"summary_large_image\" \/>\n<meta name=\"twitter:label1\" content=\"Scritto da\" \/>\n\t<meta name=\"twitter:data1\" content=\"Redazione Comunicati Stampa\" \/>\n\t<meta name=\"twitter:label2\" content=\"Tempo di lettura stimato\" \/>\n\t<meta name=\"twitter:data2\" content=\"3 minuti\" \/>\n<script type=\"application\/ld+json\" class=\"yoast-schema-graph\">{\"@context\":\"https:\/\/schema.org\",\"@graph\":[{\"@type\":\"Article\",\"@id\":\"https:\/\/www.article-marketing.eu\/comunicati\/tempo-libero\/shopping\/diventa-fan-di-ivo-milan-su-facebook\/#article\",\"isPartOf\":{\"@id\":\"https:\/\/www.article-marketing.eu\/comunicati\/tempo-libero\/shopping\/diventa-fan-di-ivo-milan-su-facebook\/\"},\"author\":{\"name\":\"Redazione Comunicati Stampa\",\"@id\":\"https:\/\/www.article-marketing.eu\/comunicati\/#\/schema\/person\/44372e4d4d0fa797b18e03ed1ace9017\"},\"headline\":\"Diventa fan di Ivo Milan su Facebook!\",\"datePublished\":\"2010-01-20T11:27:23+00:00\",\"mainEntityOfPage\":{\"@id\":\"https:\/\/www.article-marketing.eu\/comunicati\/tempo-libero\/shopping\/diventa-fan-di-ivo-milan-su-facebook\/\"},\"wordCount\":565,\"commentCount\":0,\"image\":{\"@id\":\"https:\/\/www.article-marketing.eu\/comunicati\/tempo-libero\/shopping\/diventa-fan-di-ivo-milan-su-facebook\/#primaryimage\"},\"thumbnailUrl\":\"http:\/\/ivomilan.com\/img\/others_Screenshot-Facebook_|_Ivo_Milan_-_Mozilla_Firefox.png\",\"keywords\":[\"abbigliamento\",\"antimoda\",\"moda\",\"Padova\"],\"articleSection\":[\"Shopping\"],\"inLanguage\":\"it-IT\",\"potentialAction\":[{\"@type\":\"CommentAction\",\"name\":\"Comment\",\"target\":[\"https:\/\/www.article-marketing.eu\/comunicati\/tempo-libero\/shopping\/diventa-fan-di-ivo-milan-su-facebook\/#respond\"]}]},{\"@type\":\"WebPage\",\"@id\":\"https:\/\/www.article-marketing.eu\/comunicati\/tempo-libero\/shopping\/diventa-fan-di-ivo-milan-su-facebook\/\",\"url\":\"https:\/\/www.article-marketing.eu\/comunicati\/tempo-libero\/shopping\/diventa-fan-di-ivo-milan-su-facebook\/\",\"name\":\"Diventa fan di Ivo Milan su Facebook! - Article Marketing\",\"isPartOf\":{\"@id\":\"https:\/\/www.article-marketing.eu\/comunicati\/#website\"},\"primaryImageOfPage\":{\"@id\":\"https:\/\/www.article-marketing.eu\/comunicati\/tempo-libero\/shopping\/diventa-fan-di-ivo-milan-su-facebook\/#primaryimage\"},\"image\":{\"@id\":\"https:\/\/www.article-marketing.eu\/comunicati\/tempo-libero\/shopping\/diventa-fan-di-ivo-milan-su-facebook\/#primaryimage\"},\"thumbnailUrl\":\"http:\/\/ivomilan.com\/img\/others_Screenshot-Facebook_|_Ivo_Milan_-_Mozilla_Firefox.png\",\"datePublished\":\"2010-01-20T11:27:23+00:00\",\"author\":{\"@id\":\"https:\/\/www.article-marketing.eu\/comunicati\/#\/schema\/person\/44372e4d4d0fa797b18e03ed1ace9017\"},\"breadcrumb\":{\"@id\":\"https:\/\/www.article-marketing.eu\/comunicati\/tempo-libero\/shopping\/diventa-fan-di-ivo-milan-su-facebook\/#breadcrumb\"},\"inLanguage\":\"it-IT\",\"potentialAction\":[{\"@type\":\"ReadAction\",\"target\":[\"https:\/\/www.article-marketing.eu\/comunicati\/tempo-libero\/shopping\/diventa-fan-di-ivo-milan-su-facebook\/\"]}]},{\"@type\":\"ImageObject\",\"inLanguage\":\"it-IT\",\"@id\":\"https:\/\/www.article-marketing.eu\/comunicati\/tempo-libero\/shopping\/diventa-fan-di-ivo-milan-su-facebook\/#primaryimage\",\"url\":\"http:\/\/ivomilan.com\/img\/others_Screenshot-Facebook_|_Ivo_Milan_-_Mozilla_Firefox.png\",\"contentUrl\":\"http:\/\/ivomilan.com\/img\/others_Screenshot-Facebook_|_Ivo_Milan_-_Mozilla_Firefox.png\"},{\"@type\":\"BreadcrumbList\",\"@id\":\"https:\/\/www.article-marketing.eu\/comunicati\/tempo-libero\/shopping\/diventa-fan-di-ivo-milan-su-facebook\/#breadcrumb\",\"itemListElement\":[{\"@type\":\"ListItem\",\"position\":1,\"name\":\"Home\",\"item\":\"https:\/\/www.article-marketing.eu\/comunicati\/\"},{\"@type\":\"ListItem\",\"position\":2,\"name\":\"Diventa fan di Ivo Milan su Facebook!\"}]},{\"@type\":\"WebSite\",\"@id\":\"https:\/\/www.article-marketing.eu\/comunicati\/#website\",\"url\":\"https:\/\/www.article-marketing.eu\/comunicati\/\",\"name\":\"Article Marketing\",\"description\":\"article marketing &amp; press release\",\"potentialAction\":[{\"@type\":\"SearchAction\",\"target\":{\"@type\":\"EntryPoint\",\"urlTemplate\":\"https:\/\/www.article-marketing.eu\/comunicati\/?s={search_term_string}\"},\"query-input\":{\"@type\":\"PropertyValueSpecification\",\"valueRequired\":true,\"valueName\":\"search_term_string\"}}],\"inLanguage\":\"it-IT\"},{\"@type\":\"Person\",\"@id\":\"https:\/\/www.article-marketing.eu\/comunicati\/#\/schema\/person\/44372e4d4d0fa797b18e03ed1ace9017\",\"name\":\"Redazione Comunicati Stampa\",\"image\":{\"@type\":\"ImageObject\",\"inLanguage\":\"it-IT\",\"@id\":\"https:\/\/www.article-marketing.eu\/comunicati\/#\/schema\/person\/image\/\",\"url\":\"https:\/\/secure.gravatar.com\/avatar\/50e5c6421d3072f42e7ace803501602c60d75233d34e29fd05feb91c8760b792?s=96&d=mm&r=g\",\"contentUrl\":\"https:\/\/secure.gravatar.com\/avatar\/50e5c6421d3072f42e7ace803501602c60d75233d34e29fd05feb91c8760b792?s=96&d=mm&r=g\",\"caption\":\"Redazione Comunicati Stampa\"},\"url\":\"https:\/\/www.article-marketing.eu\/comunicati\/author\/redazione-comunicati-stampa\/\"}]}<\/script>\n<!-- \/ Yoast SEO plugin. -->","yoast_head_json":{"title":"Diventa fan di Ivo Milan su Facebook! - Article Marketing","robots":{"index":"index","follow":"follow","max-snippet":"max-snippet:-1","max-image-preview":"max-image-preview:large","max-video-preview":"max-video-preview:-1"},"canonical":"https:\/\/www.article-marketing.eu\/comunicati\/tempo-libero\/shopping\/diventa-fan-di-ivo-milan-su-facebook\/","og_locale":"it_IT","og_type":"article","og_title":"Diventa fan di Ivo Milan su Facebook! - Article Marketing","og_description":"Da oggi il negozio di abbigliamento pr\u00eat-\u00e0-porter Ivo Milan \u00e8 presente anche su Facebook, con una selezione dei brand e dei prodotti disponibili nel negozio fisico e online.","og_url":"https:\/\/www.article-marketing.eu\/comunicati\/tempo-libero\/shopping\/diventa-fan-di-ivo-milan-su-facebook\/","og_site_name":"Article Marketing","article_published_time":"2010-01-20T11:27:23+00:00","og_image":[{"url":"http:\/\/ivomilan.com\/img\/others_Screenshot-Facebook_|_Ivo_Milan_-_Mozilla_Firefox.png","type":"","width":"","height":""}],"author":"Redazione Comunicati Stampa","twitter_card":"summary_large_image","twitter_misc":{"Scritto da":"Redazione Comunicati Stampa","Tempo di lettura stimato":"3 minuti"},"schema":{"@context":"https:\/\/schema.org","@graph":[{"@type":"Article","@id":"https:\/\/www.article-marketing.eu\/comunicati\/tempo-libero\/shopping\/diventa-fan-di-ivo-milan-su-facebook\/#article","isPartOf":{"@id":"https:\/\/www.article-marketing.eu\/comunicati\/tempo-libero\/shopping\/diventa-fan-di-ivo-milan-su-facebook\/"},"author":{"name":"Redazione Comunicati Stampa","@id":"https:\/\/www.article-marketing.eu\/comunicati\/#\/schema\/person\/44372e4d4d0fa797b18e03ed1ace9017"},"headline":"Diventa fan di Ivo Milan su Facebook!","datePublished":"2010-01-20T11:27:23+00:00","mainEntityOfPage":{"@id":"https:\/\/www.article-marketing.eu\/comunicati\/tempo-libero\/shopping\/diventa-fan-di-ivo-milan-su-facebook\/"},"wordCount":565,"commentCount":0,"image":{"@id":"https:\/\/www.article-marketing.eu\/comunicati\/tempo-libero\/shopping\/diventa-fan-di-ivo-milan-su-facebook\/#primaryimage"},"thumbnailUrl":"http:\/\/ivomilan.com\/img\/others_Screenshot-Facebook_|_Ivo_Milan_-_Mozilla_Firefox.png","keywords":["abbigliamento","antimoda","moda","Padova"],"articleSection":["Shopping"],"inLanguage":"it-IT","potentialAction":[{"@type":"CommentAction","name":"Comment","target":["https:\/\/www.article-marketing.eu\/comunicati\/tempo-libero\/shopping\/diventa-fan-di-ivo-milan-su-facebook\/#respond"]}]},{"@type":"WebPage","@id":"https:\/\/www.article-marketing.eu\/comunicati\/tempo-libero\/shopping\/diventa-fan-di-ivo-milan-su-facebook\/","url":"https:\/\/www.article-marketing.eu\/comunicati\/tempo-libero\/shopping\/diventa-fan-di-ivo-milan-su-facebook\/","name":"Diventa fan di Ivo Milan su Facebook! - Article Marketing","isPartOf":{"@id":"https:\/\/www.article-marketing.eu\/comunicati\/#website"},"primaryImageOfPage":{"@id":"https:\/\/www.article-marketing.eu\/comunicati\/tempo-libero\/shopping\/diventa-fan-di-ivo-milan-su-facebook\/#primaryimage"},"image":{"@id":"https:\/\/www.article-marketing.eu\/comunicati\/tempo-libero\/shopping\/diventa-fan-di-ivo-milan-su-facebook\/#primaryimage"},"thumbnailUrl":"http:\/\/ivomilan.com\/img\/others_Screenshot-Facebook_|_Ivo_Milan_-_Mozilla_Firefox.png","datePublished":"2010-01-20T11:27:23+00:00","author":{"@id":"https:\/\/www.article-marketing.eu\/comunicati\/#\/schema\/person\/44372e4d4d0fa797b18e03ed1ace9017"},"breadcrumb":{"@id":"https:\/\/www.article-marketing.eu\/comunicati\/tempo-libero\/shopping\/diventa-fan-di-ivo-milan-su-facebook\/#breadcrumb"},"inLanguage":"it-IT","potentialAction":[{"@type":"ReadAction","target":["https:\/\/www.article-marketing.eu\/comunicati\/tempo-libero\/shopping\/diventa-fan-di-ivo-milan-su-facebook\/"]}]},{"@type":"ImageObject","inLanguage":"it-IT","@id":"https:\/\/www.article-marketing.eu\/comunicati\/tempo-libero\/shopping\/diventa-fan-di-ivo-milan-su-facebook\/#primaryimage","url":"http:\/\/ivomilan.com\/img\/others_Screenshot-Facebook_|_Ivo_Milan_-_Mozilla_Firefox.png","contentUrl":"http:\/\/ivomilan.com\/img\/others_Screenshot-Facebook_|_Ivo_Milan_-_Mozilla_Firefox.png"},{"@type":"BreadcrumbList","@id":"https:\/\/www.article-marketing.eu\/comunicati\/tempo-libero\/shopping\/diventa-fan-di-ivo-milan-su-facebook\/#breadcrumb","itemListElement":[{"@type":"ListItem","position":1,"name":"Home","item":"https:\/\/www.article-marketing.eu\/comunicati\/"},{"@type":"ListItem","position":2,"name":"Diventa fan di Ivo Milan su Facebook!"}]},{"@type":"WebSite","@id":"https:\/\/www.article-marketing.eu\/comunicati\/#website","url":"https:\/\/www.article-marketing.eu\/comunicati\/","name":"Article Marketing","description":"article marketing &amp; press release","potentialAction":[{"@type":"SearchAction","target":{"@type":"EntryPoint","urlTemplate":"https:\/\/www.article-marketing.eu\/comunicati\/?s={search_term_string}"},"query-input":{"@type":"PropertyValueSpecification","valueRequired":true,"valueName":"search_term_string"}}],"inLanguage":"it-IT"},{"@type":"Person","@id":"https:\/\/www.article-marketing.eu\/comunicati\/#\/schema\/person\/44372e4d4d0fa797b18e03ed1ace9017","name":"Redazione Comunicati Stampa","image":{"@type":"ImageObject","inLanguage":"it-IT","@id":"https:\/\/www.article-marketing.eu\/comunicati\/#\/schema\/person\/image\/","url":"https:\/\/secure.gravatar.com\/avatar\/50e5c6421d3072f42e7ace803501602c60d75233d34e29fd05feb91c8760b792?s=96&d=mm&r=g","contentUrl":"https:\/\/secure.gravatar.com\/avatar\/50e5c6421d3072f42e7ace803501602c60d75233d34e29fd05feb91c8760b792?s=96&d=mm&r=g","caption":"Redazione Comunicati Stampa"},"url":"https:\/\/www.article-marketing.eu\/comunicati\/author\/redazione-comunicati-stampa\/"}]}},"_links":{"self":[{"href":"https:\/\/www.article-marketing.eu\/comunicati\/wp-json\/wp\/v2\/posts\/3887","targetHints":{"allow":["GET"]}}],"collection":[{"href":"https:\/\/www.article-marketing.eu\/comunicati\/wp-json\/wp\/v2\/posts"}],"about":[{"href":"https:\/\/www.article-marketing.eu\/comunicati\/wp-json\/wp\/v2\/types\/post"}],"author":[{"embeddable":true,"href":"https:\/\/www.article-marketing.eu\/comunicati\/wp-json\/wp\/v2\/users\/10"}],"replies":[{"embeddable":true,"href":"https:\/\/www.article-marketing.eu\/comunicati\/wp-json\/wp\/v2\/comments?post=3887"}],"version-history":[{"count":0,"href":"https:\/\/www.article-marketing.eu\/comunicati\/wp-json\/wp\/v2\/posts\/3887\/revisions"}],"wp:attachment":[{"href":"https:\/\/www.article-marketing.eu\/comunicati\/wp-json\/wp\/v2\/media?parent=3887"}],"wp:term":[{"taxonomy":"category","embeddable":true,"href":"https:\/\/www.article-marketing.eu\/comunicati\/wp-json\/wp\/v2\/categories?post=3887"},{"taxonomy":"post_tag","embeddable":true,"href":"https:\/\/www.article-marketing.eu\/comunicati\/wp-json\/wp\/v2\/tags?post=3887"}],"curies":[{"name":"wp","href":"https:\/\/api.w.org\/{rel}","templated":true}]}}