{"id":3894,"date":"2010-01-20T17:23:39","date_gmt":"2010-01-20T16:23:39","guid":{"rendered":"http:\/\/www.article-marketing.eu\/comunicati\/senza-categoria\/nikon-social-connector-una-presenza-2-0-nel-mondo-della-fotografia-sul-web\/"},"modified":"2018-07-10T05:02:11","modified_gmt":"2018-07-10T03:02:11","slug":"nikon-social-connector-una-presenza-2-0-nel-mondo-della-fotografia-sul-web","status":"publish","type":"post","link":"https:\/\/www.article-marketing.eu\/comunicati\/comunicati-stampa\/web\/nikon-social-connector-una-presenza-2-0-nel-mondo-della-fotografia-sul-web\/","title":{"rendered":"Nikon Social Connector &#8211; Una presenza &#8220;2.0&#8221; nel mondo della fotografia sul Web"},"content":{"rendered":"<p><strong>Torino, 19 gennaio 2010<\/strong><\/p>\n<p>Nital, distributore per l\u2019Italia dei prodotti Nikon, \u00e8 da sempre attenta ad ascoltare e confrontarsi con il mondo dei fotografi \u2013 professionisti e non &#8211; di ogni livello e da diversi anni considera il Web uno dei suoi principali strumenti di comunicazione: da qui lo sviluppo del Social Connector.<\/p>\n<p>Dopo aver realizzato il primo sito negli anni novanta, <strong>www.nital.it<\/strong>, la dinamica azienda torinese ha progressivamente incrementato le opportunit\u00e0 di dialogo con il mondo fotografico attraverso il Web, introducendo il portale <strong>NikonClub.it<\/strong>, contraddistinto da Forum tematici, il <strong>Nikon Photo Gallery<\/strong> e una serie di servizi e contenuti online, costantemente implementati. Questa fervida attivit\u00e0 ha portato Nital ad essere tra i punti di riferimento \u201con web\u201d della fotografia italiana.<\/p>\n<p>Negli ultimi mesi si \u00e8 avviata una nuova modalit\u00e0 di relazione con gli utenti del Web: Nital \u00e8 uscita dal proprio network di portali per sviluppare un vero e proprio sistema di connessione ai social network, che ha portato il marchio Nikon ad essere presente efficacemente su numerosi canali come facebook, YouTube, twitter. Questa presenza \u201c2.0\u201d decentrata \u00e8 stata avviata con attivit\u00e0 lanciate su <strong>facebook<\/strong> lo scorso luglio ed ha portato rapidamente a instaurare un dialogo spontaneo e diretto con nuovi fan del marchio Nikon, in particolare attraverso il mondo delle compatte Coolpix (nuovo anche il sito <strong>nikoncoolpix.it<\/strong>)<\/p>\n<p>I contenuti che storicamente hanno costituito un solido background di informazioni per gli amanti della fotografia sulla piattaforma di confronto del forum, saranno &quot;socialmente connesse&quot; a fan club su facebook o canali dedicati su twitter.\n <\/p>\n<p>L&#8217;attivit\u00e0 di connessione ai social network \u2013 dichiara <strong>Michele Difrancesco<\/strong>, Web Marketing Manager di <strong>Nital S.p.A.<\/strong> \u2013 non deve essere considerata solo come una forte presenza sui canali di 2.0, ma soprattutto come una nuova filosofia di utilizzo dello strumento Web, finalizzata a porre la massima attenzione ai desideri dei navigatori appassionati di fotografia, con un interesse particolare ad ascoltarli e a dialogare con loro nelle piattaforme che meglio li identificano. In questa direzione si spinge anche lo sviluppo dei recenti siti verticali dedicati a particolari temi e tecniche fotografiche.<\/p>\n<p>Nuove iniziative orientate al Web 2.0 e allo sviluppo di servizi multicanale sono in avanzata fase di sviluppo e si integreranno progressivamente, al fine di realizzare la pi\u00f9 capillare rete italiana dedicata alla fotografia. Un luogo virtuale dove incontrarsi, scambiare idee ed esperienze, sviluppare iniziative e, soprattutto, vivere con entusiasmo le fantastiche opportunit\u00e0 creative che la fotografia offre.\n <\/p>\n<p>Il progetto \u00e8 frutto della collaborazione di Nital con l\u2019agenzia <strong>Time &amp; Mind<\/strong> che, dal 2005, studia approfonditamente le modalit\u00e0 di sviluppo dei network, seguendo i risultati ottenuti dalla Indiana University e dal gruppo del prof. Barabasi. <\/p>\n<p align=\"center\" class=\"arancio\">\n LA COMUNICAZIONE UFFICIALE BY NITAL S.p.A.<\/p>\n<p align=\"center\"><a title=\"nikon social connector\" href=\"http:\/\/www.nital.it\/press\/2010\/social-connector.php\" target=\"_blank\"><\/a><\/p>\n<p>\n <\/p>\n","protected":false},"excerpt":{"rendered":"<p>Negli ultimi mesi Nital ha avviato una nuova modalit\u00e0 di relazione con gli utenti del Web, uscendo dal proprio network di portali per sviluppare un vero e proprio sistema di connessione ai social network, che ha portato il marchio Nikon ad essere presente efficacemente su canali come facebook, YouTube, Twitter. Questa presenza \u201c2.0\u201d \u00e8 stata avviata lo scorso luglio ed ha portato rapidamente a instaurare un dialogo spontaneo e diretto con nuovi fan del marchio Nikon.<\/p>\n","protected":false},"author":10,"featured_media":0,"comment_status":"open","ping_status":"open","sticky":false,"template":"","format":"standard","meta":{"cybocfi_hide_featured_image":"","footnotes":""},"categories":[154],"tags":[11822,11823,11824,2952,11826,318,5402,11819,11820,11821,11825,4673,1414,569,1044],"class_list":["post-3894","post","type-post","status-publish","format-standard","hentry","category-web","tag-2-0","tag-connector","tag-coolpix","tag-facebook","tag-fanpage","tag-fotografia","tag-network","tag-nikon","tag-nital","tag-photography","tag-reflex","tag-social","tag-twitter","tag-web","tag-youtube"],"yoast_head":"<!-- This site is optimized with the Yoast SEO plugin v27.0 - https:\/\/yoast.com\/product\/yoast-seo-wordpress\/ -->\n<title>Nikon Social Connector - Una presenza &quot;2.0&quot; nel mondo della fotografia sul Web - Article Marketing<\/title>\n<meta name=\"robots\" content=\"index, follow, max-snippet:-1, max-image-preview:large, max-video-preview:-1\" \/>\n<link rel=\"canonical\" href=\"https:\/\/www.article-marketing.eu\/comunicati\/comunicati-stampa\/web\/nikon-social-connector-una-presenza-2-0-nel-mondo-della-fotografia-sul-web\/\" \/>\n<meta property=\"og:locale\" content=\"it_IT\" \/>\n<meta property=\"og:type\" content=\"article\" \/>\n<meta property=\"og:title\" content=\"Nikon Social Connector - Una presenza &quot;2.0&quot; nel mondo della fotografia sul Web - Article Marketing\" \/>\n<meta property=\"og:description\" content=\"Negli ultimi mesi Nital ha avviato una nuova modalit\u00e0 di relazione con gli utenti del Web, uscendo dal proprio network di portali per sviluppare un vero e proprio sistema di connessione ai social network, che ha portato il marchio Nikon ad essere presente efficacemente su canali come facebook, YouTube, Twitter. Questa presenza \u201c2.0\u201d \u00e8 stata avviata lo scorso luglio ed ha portato rapidamente a instaurare un dialogo spontaneo e diretto con nuovi fan del marchio Nikon.\" \/>\n<meta property=\"og:url\" content=\"https:\/\/www.article-marketing.eu\/comunicati\/comunicati-stampa\/web\/nikon-social-connector-una-presenza-2-0-nel-mondo-della-fotografia-sul-web\/\" \/>\n<meta property=\"og:site_name\" content=\"Article Marketing\" \/>\n<meta property=\"article:published_time\" content=\"2010-01-20T16:23:39+00:00\" \/>\n<meta property=\"article:modified_time\" content=\"2018-07-10T03:02:11+00:00\" \/>\n<meta name=\"author\" content=\"Redazione Comunicati Stampa\" \/>\n<meta name=\"twitter:card\" content=\"summary_large_image\" \/>\n<meta name=\"twitter:label1\" content=\"Scritto da\" \/>\n\t<meta name=\"twitter:data1\" content=\"Redazione Comunicati Stampa\" \/>\n\t<meta name=\"twitter:label2\" content=\"Tempo di lettura stimato\" \/>\n\t<meta name=\"twitter:data2\" content=\"2 minuti\" \/>\n<script type=\"application\/ld+json\" class=\"yoast-schema-graph\">{\"@context\":\"https:\/\/schema.org\",\"@graph\":[{\"@type\":\"Article\",\"@id\":\"https:\/\/www.article-marketing.eu\/comunicati\/comunicati-stampa\/web\/nikon-social-connector-una-presenza-2-0-nel-mondo-della-fotografia-sul-web\/#article\",\"isPartOf\":{\"@id\":\"https:\/\/www.article-marketing.eu\/comunicati\/comunicati-stampa\/web\/nikon-social-connector-una-presenza-2-0-nel-mondo-della-fotografia-sul-web\/\"},\"author\":{\"name\":\"Redazione Comunicati Stampa\",\"@id\":\"https:\/\/www.article-marketing.eu\/comunicati\/#\/schema\/person\/44372e4d4d0fa797b18e03ed1ace9017\"},\"headline\":\"Nikon Social Connector &#8211; Una presenza &#8220;2.0&#8221; nel mondo della fotografia sul Web\",\"datePublished\":\"2010-01-20T16:23:39+00:00\",\"dateModified\":\"2018-07-10T03:02:11+00:00\",\"mainEntityOfPage\":{\"@id\":\"https:\/\/www.article-marketing.eu\/comunicati\/comunicati-stampa\/web\/nikon-social-connector-una-presenza-2-0-nel-mondo-della-fotografia-sul-web\/\"},\"wordCount\":455,\"commentCount\":0,\"keywords\":[\"2.0\",\"connector\",\"coolpix\",\"facebook\",\"fanpage\",\"fotografia\",\"network\",\"nikon\",\"nital\",\"photography\",\"reflex\",\"social\",\"twitter\",\"web\",\"youtube\"],\"articleSection\":[\"Web\"],\"inLanguage\":\"it-IT\",\"potentialAction\":[{\"@type\":\"CommentAction\",\"name\":\"Comment\",\"target\":[\"https:\/\/www.article-marketing.eu\/comunicati\/comunicati-stampa\/web\/nikon-social-connector-una-presenza-2-0-nel-mondo-della-fotografia-sul-web\/#respond\"]}]},{\"@type\":\"WebPage\",\"@id\":\"https:\/\/www.article-marketing.eu\/comunicati\/comunicati-stampa\/web\/nikon-social-connector-una-presenza-2-0-nel-mondo-della-fotografia-sul-web\/\",\"url\":\"https:\/\/www.article-marketing.eu\/comunicati\/comunicati-stampa\/web\/nikon-social-connector-una-presenza-2-0-nel-mondo-della-fotografia-sul-web\/\",\"name\":\"Nikon Social Connector - Una presenza \\\"2.0\\\" nel mondo della fotografia sul Web - Article Marketing\",\"isPartOf\":{\"@id\":\"https:\/\/www.article-marketing.eu\/comunicati\/#website\"},\"datePublished\":\"2010-01-20T16:23:39+00:00\",\"dateModified\":\"2018-07-10T03:02:11+00:00\",\"author\":{\"@id\":\"https:\/\/www.article-marketing.eu\/comunicati\/#\/schema\/person\/44372e4d4d0fa797b18e03ed1ace9017\"},\"breadcrumb\":{\"@id\":\"https:\/\/www.article-marketing.eu\/comunicati\/comunicati-stampa\/web\/nikon-social-connector-una-presenza-2-0-nel-mondo-della-fotografia-sul-web\/#breadcrumb\"},\"inLanguage\":\"it-IT\",\"potentialAction\":[{\"@type\":\"ReadAction\",\"target\":[\"https:\/\/www.article-marketing.eu\/comunicati\/comunicati-stampa\/web\/nikon-social-connector-una-presenza-2-0-nel-mondo-della-fotografia-sul-web\/\"]}]},{\"@type\":\"BreadcrumbList\",\"@id\":\"https:\/\/www.article-marketing.eu\/comunicati\/comunicati-stampa\/web\/nikon-social-connector-una-presenza-2-0-nel-mondo-della-fotografia-sul-web\/#breadcrumb\",\"itemListElement\":[{\"@type\":\"ListItem\",\"position\":1,\"name\":\"Home\",\"item\":\"https:\/\/www.article-marketing.eu\/comunicati\/\"},{\"@type\":\"ListItem\",\"position\":2,\"name\":\"Nikon Social Connector &#8211; Una presenza &#8220;2.0&#8221; nel mondo della fotografia sul Web\"}]},{\"@type\":\"WebSite\",\"@id\":\"https:\/\/www.article-marketing.eu\/comunicati\/#website\",\"url\":\"https:\/\/www.article-marketing.eu\/comunicati\/\",\"name\":\"Article Marketing\",\"description\":\"article marketing &amp; press release\",\"potentialAction\":[{\"@type\":\"SearchAction\",\"target\":{\"@type\":\"EntryPoint\",\"urlTemplate\":\"https:\/\/www.article-marketing.eu\/comunicati\/?s={search_term_string}\"},\"query-input\":{\"@type\":\"PropertyValueSpecification\",\"valueRequired\":true,\"valueName\":\"search_term_string\"}}],\"inLanguage\":\"it-IT\"},{\"@type\":\"Person\",\"@id\":\"https:\/\/www.article-marketing.eu\/comunicati\/#\/schema\/person\/44372e4d4d0fa797b18e03ed1ace9017\",\"name\":\"Redazione Comunicati Stampa\",\"image\":{\"@type\":\"ImageObject\",\"inLanguage\":\"it-IT\",\"@id\":\"https:\/\/www.article-marketing.eu\/comunicati\/#\/schema\/person\/image\/\",\"url\":\"https:\/\/secure.gravatar.com\/avatar\/50e5c6421d3072f42e7ace803501602c60d75233d34e29fd05feb91c8760b792?s=96&d=mm&r=g\",\"contentUrl\":\"https:\/\/secure.gravatar.com\/avatar\/50e5c6421d3072f42e7ace803501602c60d75233d34e29fd05feb91c8760b792?s=96&d=mm&r=g\",\"caption\":\"Redazione Comunicati Stampa\"},\"url\":\"https:\/\/www.article-marketing.eu\/comunicati\/author\/redazione-comunicati-stampa\/\"}]}<\/script>\n<!-- \/ Yoast SEO plugin. -->","yoast_head_json":{"title":"Nikon Social Connector - Una presenza \"2.0\" nel mondo della fotografia sul Web - Article Marketing","robots":{"index":"index","follow":"follow","max-snippet":"max-snippet:-1","max-image-preview":"max-image-preview:large","max-video-preview":"max-video-preview:-1"},"canonical":"https:\/\/www.article-marketing.eu\/comunicati\/comunicati-stampa\/web\/nikon-social-connector-una-presenza-2-0-nel-mondo-della-fotografia-sul-web\/","og_locale":"it_IT","og_type":"article","og_title":"Nikon Social Connector - Una presenza \"2.0\" nel mondo della fotografia sul Web - Article Marketing","og_description":"Negli ultimi mesi Nital ha avviato una nuova modalit\u00e0 di relazione con gli utenti del Web, uscendo dal proprio network di portali per sviluppare un vero e proprio sistema di connessione ai social network, che ha portato il marchio Nikon ad essere presente efficacemente su canali come facebook, YouTube, Twitter. Questa presenza \u201c2.0\u201d \u00e8 stata avviata lo scorso luglio ed ha portato rapidamente a instaurare un dialogo spontaneo e diretto con nuovi fan del marchio Nikon.","og_url":"https:\/\/www.article-marketing.eu\/comunicati\/comunicati-stampa\/web\/nikon-social-connector-una-presenza-2-0-nel-mondo-della-fotografia-sul-web\/","og_site_name":"Article Marketing","article_published_time":"2010-01-20T16:23:39+00:00","article_modified_time":"2018-07-10T03:02:11+00:00","author":"Redazione Comunicati Stampa","twitter_card":"summary_large_image","twitter_misc":{"Scritto da":"Redazione Comunicati Stampa","Tempo di lettura stimato":"2 minuti"},"schema":{"@context":"https:\/\/schema.org","@graph":[{"@type":"Article","@id":"https:\/\/www.article-marketing.eu\/comunicati\/comunicati-stampa\/web\/nikon-social-connector-una-presenza-2-0-nel-mondo-della-fotografia-sul-web\/#article","isPartOf":{"@id":"https:\/\/www.article-marketing.eu\/comunicati\/comunicati-stampa\/web\/nikon-social-connector-una-presenza-2-0-nel-mondo-della-fotografia-sul-web\/"},"author":{"name":"Redazione Comunicati Stampa","@id":"https:\/\/www.article-marketing.eu\/comunicati\/#\/schema\/person\/44372e4d4d0fa797b18e03ed1ace9017"},"headline":"Nikon Social Connector &#8211; Una presenza &#8220;2.0&#8221; nel mondo della fotografia sul Web","datePublished":"2010-01-20T16:23:39+00:00","dateModified":"2018-07-10T03:02:11+00:00","mainEntityOfPage":{"@id":"https:\/\/www.article-marketing.eu\/comunicati\/comunicati-stampa\/web\/nikon-social-connector-una-presenza-2-0-nel-mondo-della-fotografia-sul-web\/"},"wordCount":455,"commentCount":0,"keywords":["2.0","connector","coolpix","facebook","fanpage","fotografia","network","nikon","nital","photography","reflex","social","twitter","web","youtube"],"articleSection":["Web"],"inLanguage":"it-IT","potentialAction":[{"@type":"CommentAction","name":"Comment","target":["https:\/\/www.article-marketing.eu\/comunicati\/comunicati-stampa\/web\/nikon-social-connector-una-presenza-2-0-nel-mondo-della-fotografia-sul-web\/#respond"]}]},{"@type":"WebPage","@id":"https:\/\/www.article-marketing.eu\/comunicati\/comunicati-stampa\/web\/nikon-social-connector-una-presenza-2-0-nel-mondo-della-fotografia-sul-web\/","url":"https:\/\/www.article-marketing.eu\/comunicati\/comunicati-stampa\/web\/nikon-social-connector-una-presenza-2-0-nel-mondo-della-fotografia-sul-web\/","name":"Nikon Social Connector - Una presenza \"2.0\" nel mondo della fotografia sul Web - Article Marketing","isPartOf":{"@id":"https:\/\/www.article-marketing.eu\/comunicati\/#website"},"datePublished":"2010-01-20T16:23:39+00:00","dateModified":"2018-07-10T03:02:11+00:00","author":{"@id":"https:\/\/www.article-marketing.eu\/comunicati\/#\/schema\/person\/44372e4d4d0fa797b18e03ed1ace9017"},"breadcrumb":{"@id":"https:\/\/www.article-marketing.eu\/comunicati\/comunicati-stampa\/web\/nikon-social-connector-una-presenza-2-0-nel-mondo-della-fotografia-sul-web\/#breadcrumb"},"inLanguage":"it-IT","potentialAction":[{"@type":"ReadAction","target":["https:\/\/www.article-marketing.eu\/comunicati\/comunicati-stampa\/web\/nikon-social-connector-una-presenza-2-0-nel-mondo-della-fotografia-sul-web\/"]}]},{"@type":"BreadcrumbList","@id":"https:\/\/www.article-marketing.eu\/comunicati\/comunicati-stampa\/web\/nikon-social-connector-una-presenza-2-0-nel-mondo-della-fotografia-sul-web\/#breadcrumb","itemListElement":[{"@type":"ListItem","position":1,"name":"Home","item":"https:\/\/www.article-marketing.eu\/comunicati\/"},{"@type":"ListItem","position":2,"name":"Nikon Social Connector &#8211; Una presenza &#8220;2.0&#8221; nel mondo della fotografia sul Web"}]},{"@type":"WebSite","@id":"https:\/\/www.article-marketing.eu\/comunicati\/#website","url":"https:\/\/www.article-marketing.eu\/comunicati\/","name":"Article Marketing","description":"article marketing &amp; press release","potentialAction":[{"@type":"SearchAction","target":{"@type":"EntryPoint","urlTemplate":"https:\/\/www.article-marketing.eu\/comunicati\/?s={search_term_string}"},"query-input":{"@type":"PropertyValueSpecification","valueRequired":true,"valueName":"search_term_string"}}],"inLanguage":"it-IT"},{"@type":"Person","@id":"https:\/\/www.article-marketing.eu\/comunicati\/#\/schema\/person\/44372e4d4d0fa797b18e03ed1ace9017","name":"Redazione Comunicati Stampa","image":{"@type":"ImageObject","inLanguage":"it-IT","@id":"https:\/\/www.article-marketing.eu\/comunicati\/#\/schema\/person\/image\/","url":"https:\/\/secure.gravatar.com\/avatar\/50e5c6421d3072f42e7ace803501602c60d75233d34e29fd05feb91c8760b792?s=96&d=mm&r=g","contentUrl":"https:\/\/secure.gravatar.com\/avatar\/50e5c6421d3072f42e7ace803501602c60d75233d34e29fd05feb91c8760b792?s=96&d=mm&r=g","caption":"Redazione Comunicati Stampa"},"url":"https:\/\/www.article-marketing.eu\/comunicati\/author\/redazione-comunicati-stampa\/"}]}},"_links":{"self":[{"href":"https:\/\/www.article-marketing.eu\/comunicati\/wp-json\/wp\/v2\/posts\/3894","targetHints":{"allow":["GET"]}}],"collection":[{"href":"https:\/\/www.article-marketing.eu\/comunicati\/wp-json\/wp\/v2\/posts"}],"about":[{"href":"https:\/\/www.article-marketing.eu\/comunicati\/wp-json\/wp\/v2\/types\/post"}],"author":[{"embeddable":true,"href":"https:\/\/www.article-marketing.eu\/comunicati\/wp-json\/wp\/v2\/users\/10"}],"replies":[{"embeddable":true,"href":"https:\/\/www.article-marketing.eu\/comunicati\/wp-json\/wp\/v2\/comments?post=3894"}],"version-history":[{"count":2,"href":"https:\/\/www.article-marketing.eu\/comunicati\/wp-json\/wp\/v2\/posts\/3894\/revisions"}],"predecessor-version":[{"id":60442,"href":"https:\/\/www.article-marketing.eu\/comunicati\/wp-json\/wp\/v2\/posts\/3894\/revisions\/60442"}],"wp:attachment":[{"href":"https:\/\/www.article-marketing.eu\/comunicati\/wp-json\/wp\/v2\/media?parent=3894"}],"wp:term":[{"taxonomy":"category","embeddable":true,"href":"https:\/\/www.article-marketing.eu\/comunicati\/wp-json\/wp\/v2\/categories?post=3894"},{"taxonomy":"post_tag","embeddable":true,"href":"https:\/\/www.article-marketing.eu\/comunicati\/wp-json\/wp\/v2\/tags?post=3894"}],"curies":[{"name":"wp","href":"https:\/\/api.w.org\/{rel}","templated":true}]}}