{"id":39116,"date":"2014-02-15T15:00:58","date_gmt":"2014-02-15T14:00:58","guid":{"rendered":"http:\/\/www.article-marketing.eu\/comunicati\/senza-categoria\/raccolta-fondi-per-il-compleanno-dellospedale-meyer-di-firenze\/"},"modified":"2018-10-25T22:20:11","modified_gmt":"2018-10-25T20:20:11","slug":"raccolta-fondi-per-il-compleanno-dellospedale-meyer-di-firenze","status":"publish","type":"post","link":"https:\/\/www.article-marketing.eu\/comunicati\/viaggi-e-vacanze\/hotels-ed-alberghi\/raccolta-fondi-per-il-compleanno-dellospedale-meyer-di-firenze\/","title":{"rendered":"Raccolta fondi per il Compleanno dell&#8217;Ospedale Meyer di Firenze!"},"content":{"rendered":"<p>Una giorno di festa per l&#8217;Ospedale Meyer quella di sabato 22 febbraio, infatti alla festa sono invitate tutte le famiglie e tutti i bambini per trascorrere una bella giornata nei laboratori didattici, giocando, facendo ottimi spuntini, ammirando i clown, musicisti, i cani della pet therapy e tante altre belle sorprese. Potrete scoprire il Meyer tramite visite guidate per conoscerne i progetti di eccellenza sanitaria e di ricerca scientifica e le attivit&agrave; di accoglienza per bambini e genitori. <br \/> O<img loading=\"lazy\" decoding=\"async\" src=\"http:\/\/www.meyer.it\/ilmeyerperamico\/images\/CesarePrandelli2.png\" border=\"0\" hspace=\"6\" vspace=\"6\" width=\"265\" height=\"233\" align=\"LEFT\" \/>spite speciale Cesare Prandelli, allenatore dei mondiali di calcio, testimonial della giornata e della campagna di sensibilizzazione e raccolta fondi a sostegno dell&#8217;attivit&agrave; dell&#8217;ospedale. <br \/> I numerosi eventi sono tutti ad ingresso gratuito. Info: fondazione@meyer.it &ndash; 055.5662316<\/p>\n<p>&#8220;Come Regione Toscana consideriamo la ricerca e l&#8217;innovazione strumenti essenziali per la crescita del sistema sanitario regionale &#8211; &egrave; la dichiarazione di Luigi Marroni, assessore al diritto alla salute della Regione Toscana &#8211; Per questo, anche in un periodo di crisi come quello che stiamo attraversando, continuiamo a investire in questo settore risorse consistenti. Investire in ricerca significa migliorare lo stato di salute della popolazione, e anche creare le condizioni per una sanit&agrave; che sia sempre pi&ugrave; motore dello sviluppo. In Toscana c&#8217;&egrave; un grande fermento sul fronte della ricerca, grazie a una rete coordinata e integrata di competenze scientifiche che contribuisce alla crescita culturale e professionale degli operatori, e a rafforzare la fiducia dei pazienti nel nostro sistema sanitario&#8221;.<br \/>\n<br \/> Spesso molte famiglie provenienti da lontano si trovano nella situazione di dover <strong>dormire vicino Ospedale Meyer<\/strong>, a questo proposito &egrave; necessario offrire loro la possibilit&agrave; di raggiungere in tempi brevi l&#8217;ospedale, cos&igrave; da poter stare pi&ugrave; vicine possibile ai propri piccoli, ma soprattutto di vivere in modo pi&ugrave; sereno questa esperienza. Ci&ograve; &egrave; possibile alloggiando in un <strong>B&amp;B vicino al Meyer;<\/strong> il <strong>B&amp;B a Casa di Virgilio<\/strong> &egrave; composto da 4 camere, la cucina e la sala da pranzo sono a disposizione degli ospiti per la preparazione della cena. Il Bed and Breakfast &egrave; fuori dalla ZTL pertanto si pu&ograve; raggiungere comodamente in auto ed &egrave; disponibile anche un garage custodito in convenzione. Il quartiere dove &egrave; ubicato il B&amp;B &egrave; tranquillo perch&eacute; abitato da numerose famiglie, a due passi dal centro storico e servito da supermercati e tanti altri negozi. Gli animali sono ospiti graditi. A richiesta colazione per celiaci. Inoltre per le persone che si recano agli ospedali il <strong>B&amp;B offre il 5% di sconto<\/strong>. <strong>Il B&amp;B &#8220;a Casa di Virgilio&#8221; a Firenze offre <\/strong>camere<strong> a prezzi economici!<\/strong> <\/p>\n<p> <strong>Ti aspetto con piacere! <\/strong> <br \/> <strong> Laura<\/strong> <\/p>\n<p> <strong>Bed and Breakfast a Casa di Virgilio<\/strong> Via Filippo Corridoni, 2 &#8211; 50134 Firenze Tel. +39 055 5271718 &#8211; +39 3403148606 &#8211; Fax +39 055 3841720 http:\/\/www.acasadivirgilio.com\/ &#8211; info@acasadivirgilio.com<\/p>\n","protected":false},"excerpt":{"rendered":"<p>L&#8217;Ospedale Meyer festegger\u00e0 il compleanno Sabato 22 Febbraio dalle ore 9.30 alle 18.30.<\/p>\n<p>Il Meyer \u00e8 tra le poche istituzioni a investire concretamente nei suoi giovani ricercatori selezionandoli per merito e per qualit\u00e0 del progetto presentato. L\u2019ospedale fiorentino, tramite la sua Fondazione sinora ne ha sostenuti oltre 20 con progetti mirati e con l\u2019istituzione del Premio Anna Meyer per i migliori lavori scientifici.<\/p>\n","protected":false},"author":10,"featured_media":0,"comment_status":"open","ping_status":"open","sticky":false,"template":"","format":"standard","meta":{"cybocfi_hide_featured_image":"","footnotes":""},"categories":[151],"tags":[43733,46148,45705],"class_list":["post-39116","post","type-post","status-publish","format-standard","hentry","category-hotels-ed-alberghi","tag-bb-vicino-meyer","tag-compleanno-meyer","tag-hotel-vicino-meyer"],"yoast_head":"<!-- This site is optimized with the Yoast SEO plugin v27.0 - https:\/\/yoast.com\/product\/yoast-seo-wordpress\/ -->\n<title>Raccolta fondi per il Compleanno dell&#039;Ospedale Meyer di Firenze! - Article Marketing<\/title>\n<meta name=\"robots\" content=\"index, follow, max-snippet:-1, max-image-preview:large, max-video-preview:-1\" \/>\n<link rel=\"canonical\" href=\"https:\/\/www.article-marketing.eu\/comunicati\/viaggi-e-vacanze\/hotels-ed-alberghi\/raccolta-fondi-per-il-compleanno-dellospedale-meyer-di-firenze\/\" \/>\n<meta property=\"og:locale\" content=\"it_IT\" \/>\n<meta property=\"og:type\" content=\"article\" \/>\n<meta property=\"og:title\" content=\"Raccolta fondi per il Compleanno dell&#039;Ospedale Meyer di Firenze! - Article Marketing\" \/>\n<meta property=\"og:description\" content=\"L&#039;Ospedale Meyer festegger\u00e0 il compleanno Sabato 22 Febbraio dalle ore 9.30 alle 18.30.Il Meyer \u00e8 tra le poche istituzioni a investire concretamente nei suoi giovani ricercatori selezionandoli per merito e per qualit\u00e0 del progetto presentato. L\u2019ospedale fiorentino, tramite la sua Fondazione sinora ne ha sostenuti oltre 20 con progetti mirati e con l\u2019istituzione del Premio Anna Meyer per i migliori lavori scientifici.\" \/>\n<meta property=\"og:url\" content=\"https:\/\/www.article-marketing.eu\/comunicati\/viaggi-e-vacanze\/hotels-ed-alberghi\/raccolta-fondi-per-il-compleanno-dellospedale-meyer-di-firenze\/\" \/>\n<meta property=\"og:site_name\" content=\"Article Marketing\" \/>\n<meta property=\"article:published_time\" content=\"2014-02-15T14:00:58+00:00\" \/>\n<meta property=\"article:modified_time\" content=\"2018-10-25T20:20:11+00:00\" \/>\n<meta property=\"og:image\" content=\"http:\/\/www.meyer.it\/ilmeyerperamico\/images\/CesarePrandelli2.png\" \/>\n<meta name=\"author\" content=\"Redazione Comunicati Stampa\" \/>\n<meta name=\"twitter:card\" content=\"summary_large_image\" \/>\n<meta name=\"twitter:label1\" content=\"Scritto da\" \/>\n\t<meta name=\"twitter:data1\" content=\"Redazione Comunicati Stampa\" \/>\n\t<meta name=\"twitter:label2\" content=\"Tempo di lettura stimato\" \/>\n\t<meta name=\"twitter:data2\" content=\"2 minuti\" \/>\n<script type=\"application\/ld+json\" class=\"yoast-schema-graph\">{\"@context\":\"https:\/\/schema.org\",\"@graph\":[{\"@type\":\"Article\",\"@id\":\"https:\/\/www.article-marketing.eu\/comunicati\/viaggi-e-vacanze\/hotels-ed-alberghi\/raccolta-fondi-per-il-compleanno-dellospedale-meyer-di-firenze\/#article\",\"isPartOf\":{\"@id\":\"https:\/\/www.article-marketing.eu\/comunicati\/viaggi-e-vacanze\/hotels-ed-alberghi\/raccolta-fondi-per-il-compleanno-dellospedale-meyer-di-firenze\/\"},\"author\":{\"name\":\"Redazione Comunicati Stampa\",\"@id\":\"https:\/\/www.article-marketing.eu\/comunicati\/#\/schema\/person\/44372e4d4d0fa797b18e03ed1ace9017\"},\"headline\":\"Raccolta fondi per il Compleanno dell&#8217;Ospedale Meyer di Firenze!\",\"datePublished\":\"2014-02-15T14:00:58+00:00\",\"dateModified\":\"2018-10-25T20:20:11+00:00\",\"mainEntityOfPage\":{\"@id\":\"https:\/\/www.article-marketing.eu\/comunicati\/viaggi-e-vacanze\/hotels-ed-alberghi\/raccolta-fondi-per-il-compleanno-dellospedale-meyer-di-firenze\/\"},\"wordCount\":471,\"commentCount\":0,\"image\":{\"@id\":\"https:\/\/www.article-marketing.eu\/comunicati\/viaggi-e-vacanze\/hotels-ed-alberghi\/raccolta-fondi-per-il-compleanno-dellospedale-meyer-di-firenze\/#primaryimage\"},\"thumbnailUrl\":\"http:\/\/www.meyer.it\/ilmeyerperamico\/images\/CesarePrandelli2.png\",\"keywords\":[\"B&amp;B vicino Meyer\",\"compleanno meyer\",\"hotel vicino meyer\"],\"articleSection\":[\"Hotels ed alberghi\"],\"inLanguage\":\"it-IT\",\"potentialAction\":[{\"@type\":\"CommentAction\",\"name\":\"Comment\",\"target\":[\"https:\/\/www.article-marketing.eu\/comunicati\/viaggi-e-vacanze\/hotels-ed-alberghi\/raccolta-fondi-per-il-compleanno-dellospedale-meyer-di-firenze\/#respond\"]}]},{\"@type\":\"WebPage\",\"@id\":\"https:\/\/www.article-marketing.eu\/comunicati\/viaggi-e-vacanze\/hotels-ed-alberghi\/raccolta-fondi-per-il-compleanno-dellospedale-meyer-di-firenze\/\",\"url\":\"https:\/\/www.article-marketing.eu\/comunicati\/viaggi-e-vacanze\/hotels-ed-alberghi\/raccolta-fondi-per-il-compleanno-dellospedale-meyer-di-firenze\/\",\"name\":\"Raccolta fondi per il Compleanno dell'Ospedale Meyer di Firenze! - Article Marketing\",\"isPartOf\":{\"@id\":\"https:\/\/www.article-marketing.eu\/comunicati\/#website\"},\"primaryImageOfPage\":{\"@id\":\"https:\/\/www.article-marketing.eu\/comunicati\/viaggi-e-vacanze\/hotels-ed-alberghi\/raccolta-fondi-per-il-compleanno-dellospedale-meyer-di-firenze\/#primaryimage\"},\"image\":{\"@id\":\"https:\/\/www.article-marketing.eu\/comunicati\/viaggi-e-vacanze\/hotels-ed-alberghi\/raccolta-fondi-per-il-compleanno-dellospedale-meyer-di-firenze\/#primaryimage\"},\"thumbnailUrl\":\"http:\/\/www.meyer.it\/ilmeyerperamico\/images\/CesarePrandelli2.png\",\"datePublished\":\"2014-02-15T14:00:58+00:00\",\"dateModified\":\"2018-10-25T20:20:11+00:00\",\"author\":{\"@id\":\"https:\/\/www.article-marketing.eu\/comunicati\/#\/schema\/person\/44372e4d4d0fa797b18e03ed1ace9017\"},\"breadcrumb\":{\"@id\":\"https:\/\/www.article-marketing.eu\/comunicati\/viaggi-e-vacanze\/hotels-ed-alberghi\/raccolta-fondi-per-il-compleanno-dellospedale-meyer-di-firenze\/#breadcrumb\"},\"inLanguage\":\"it-IT\",\"potentialAction\":[{\"@type\":\"ReadAction\",\"target\":[\"https:\/\/www.article-marketing.eu\/comunicati\/viaggi-e-vacanze\/hotels-ed-alberghi\/raccolta-fondi-per-il-compleanno-dellospedale-meyer-di-firenze\/\"]}]},{\"@type\":\"ImageObject\",\"inLanguage\":\"it-IT\",\"@id\":\"https:\/\/www.article-marketing.eu\/comunicati\/viaggi-e-vacanze\/hotels-ed-alberghi\/raccolta-fondi-per-il-compleanno-dellospedale-meyer-di-firenze\/#primaryimage\",\"url\":\"http:\/\/www.meyer.it\/ilmeyerperamico\/images\/CesarePrandelli2.png\",\"contentUrl\":\"http:\/\/www.meyer.it\/ilmeyerperamico\/images\/CesarePrandelli2.png\"},{\"@type\":\"BreadcrumbList\",\"@id\":\"https:\/\/www.article-marketing.eu\/comunicati\/viaggi-e-vacanze\/hotels-ed-alberghi\/raccolta-fondi-per-il-compleanno-dellospedale-meyer-di-firenze\/#breadcrumb\",\"itemListElement\":[{\"@type\":\"ListItem\",\"position\":1,\"name\":\"Home\",\"item\":\"https:\/\/www.article-marketing.eu\/comunicati\/\"},{\"@type\":\"ListItem\",\"position\":2,\"name\":\"Raccolta fondi per il Compleanno dell&#8217;Ospedale Meyer di Firenze!\"}]},{\"@type\":\"WebSite\",\"@id\":\"https:\/\/www.article-marketing.eu\/comunicati\/#website\",\"url\":\"https:\/\/www.article-marketing.eu\/comunicati\/\",\"name\":\"Article Marketing\",\"description\":\"article marketing &amp; press release\",\"potentialAction\":[{\"@type\":\"SearchAction\",\"target\":{\"@type\":\"EntryPoint\",\"urlTemplate\":\"https:\/\/www.article-marketing.eu\/comunicati\/?s={search_term_string}\"},\"query-input\":{\"@type\":\"PropertyValueSpecification\",\"valueRequired\":true,\"valueName\":\"search_term_string\"}}],\"inLanguage\":\"it-IT\"},{\"@type\":\"Person\",\"@id\":\"https:\/\/www.article-marketing.eu\/comunicati\/#\/schema\/person\/44372e4d4d0fa797b18e03ed1ace9017\",\"name\":\"Redazione Comunicati Stampa\",\"image\":{\"@type\":\"ImageObject\",\"inLanguage\":\"it-IT\",\"@id\":\"https:\/\/www.article-marketing.eu\/comunicati\/#\/schema\/person\/image\/\",\"url\":\"https:\/\/secure.gravatar.com\/avatar\/50e5c6421d3072f42e7ace803501602c60d75233d34e29fd05feb91c8760b792?s=96&d=mm&r=g\",\"contentUrl\":\"https:\/\/secure.gravatar.com\/avatar\/50e5c6421d3072f42e7ace803501602c60d75233d34e29fd05feb91c8760b792?s=96&d=mm&r=g\",\"caption\":\"Redazione Comunicati Stampa\"},\"url\":\"https:\/\/www.article-marketing.eu\/comunicati\/author\/redazione-comunicati-stampa\/\"}]}<\/script>\n<!-- \/ Yoast SEO plugin. -->","yoast_head_json":{"title":"Raccolta fondi per il Compleanno dell'Ospedale Meyer di Firenze! - Article Marketing","robots":{"index":"index","follow":"follow","max-snippet":"max-snippet:-1","max-image-preview":"max-image-preview:large","max-video-preview":"max-video-preview:-1"},"canonical":"https:\/\/www.article-marketing.eu\/comunicati\/viaggi-e-vacanze\/hotels-ed-alberghi\/raccolta-fondi-per-il-compleanno-dellospedale-meyer-di-firenze\/","og_locale":"it_IT","og_type":"article","og_title":"Raccolta fondi per il Compleanno dell'Ospedale Meyer di Firenze! - Article Marketing","og_description":"L'Ospedale Meyer festegger\u00e0 il compleanno Sabato 22 Febbraio dalle ore 9.30 alle 18.30.Il Meyer \u00e8 tra le poche istituzioni a investire concretamente nei suoi giovani ricercatori selezionandoli per merito e per qualit\u00e0 del progetto presentato. L\u2019ospedale fiorentino, tramite la sua Fondazione sinora ne ha sostenuti oltre 20 con progetti mirati e con l\u2019istituzione del Premio Anna Meyer per i migliori lavori scientifici.","og_url":"https:\/\/www.article-marketing.eu\/comunicati\/viaggi-e-vacanze\/hotels-ed-alberghi\/raccolta-fondi-per-il-compleanno-dellospedale-meyer-di-firenze\/","og_site_name":"Article Marketing","article_published_time":"2014-02-15T14:00:58+00:00","article_modified_time":"2018-10-25T20:20:11+00:00","og_image":[{"url":"http:\/\/www.meyer.it\/ilmeyerperamico\/images\/CesarePrandelli2.png","type":"","width":"","height":""}],"author":"Redazione Comunicati Stampa","twitter_card":"summary_large_image","twitter_misc":{"Scritto da":"Redazione Comunicati Stampa","Tempo di lettura stimato":"2 minuti"},"schema":{"@context":"https:\/\/schema.org","@graph":[{"@type":"Article","@id":"https:\/\/www.article-marketing.eu\/comunicati\/viaggi-e-vacanze\/hotels-ed-alberghi\/raccolta-fondi-per-il-compleanno-dellospedale-meyer-di-firenze\/#article","isPartOf":{"@id":"https:\/\/www.article-marketing.eu\/comunicati\/viaggi-e-vacanze\/hotels-ed-alberghi\/raccolta-fondi-per-il-compleanno-dellospedale-meyer-di-firenze\/"},"author":{"name":"Redazione Comunicati Stampa","@id":"https:\/\/www.article-marketing.eu\/comunicati\/#\/schema\/person\/44372e4d4d0fa797b18e03ed1ace9017"},"headline":"Raccolta fondi per il Compleanno dell&#8217;Ospedale Meyer di Firenze!","datePublished":"2014-02-15T14:00:58+00:00","dateModified":"2018-10-25T20:20:11+00:00","mainEntityOfPage":{"@id":"https:\/\/www.article-marketing.eu\/comunicati\/viaggi-e-vacanze\/hotels-ed-alberghi\/raccolta-fondi-per-il-compleanno-dellospedale-meyer-di-firenze\/"},"wordCount":471,"commentCount":0,"image":{"@id":"https:\/\/www.article-marketing.eu\/comunicati\/viaggi-e-vacanze\/hotels-ed-alberghi\/raccolta-fondi-per-il-compleanno-dellospedale-meyer-di-firenze\/#primaryimage"},"thumbnailUrl":"http:\/\/www.meyer.it\/ilmeyerperamico\/images\/CesarePrandelli2.png","keywords":["B&amp;B vicino Meyer","compleanno meyer","hotel vicino meyer"],"articleSection":["Hotels ed alberghi"],"inLanguage":"it-IT","potentialAction":[{"@type":"CommentAction","name":"Comment","target":["https:\/\/www.article-marketing.eu\/comunicati\/viaggi-e-vacanze\/hotels-ed-alberghi\/raccolta-fondi-per-il-compleanno-dellospedale-meyer-di-firenze\/#respond"]}]},{"@type":"WebPage","@id":"https:\/\/www.article-marketing.eu\/comunicati\/viaggi-e-vacanze\/hotels-ed-alberghi\/raccolta-fondi-per-il-compleanno-dellospedale-meyer-di-firenze\/","url":"https:\/\/www.article-marketing.eu\/comunicati\/viaggi-e-vacanze\/hotels-ed-alberghi\/raccolta-fondi-per-il-compleanno-dellospedale-meyer-di-firenze\/","name":"Raccolta fondi per il Compleanno dell'Ospedale Meyer di Firenze! - Article Marketing","isPartOf":{"@id":"https:\/\/www.article-marketing.eu\/comunicati\/#website"},"primaryImageOfPage":{"@id":"https:\/\/www.article-marketing.eu\/comunicati\/viaggi-e-vacanze\/hotels-ed-alberghi\/raccolta-fondi-per-il-compleanno-dellospedale-meyer-di-firenze\/#primaryimage"},"image":{"@id":"https:\/\/www.article-marketing.eu\/comunicati\/viaggi-e-vacanze\/hotels-ed-alberghi\/raccolta-fondi-per-il-compleanno-dellospedale-meyer-di-firenze\/#primaryimage"},"thumbnailUrl":"http:\/\/www.meyer.it\/ilmeyerperamico\/images\/CesarePrandelli2.png","datePublished":"2014-02-15T14:00:58+00:00","dateModified":"2018-10-25T20:20:11+00:00","author":{"@id":"https:\/\/www.article-marketing.eu\/comunicati\/#\/schema\/person\/44372e4d4d0fa797b18e03ed1ace9017"},"breadcrumb":{"@id":"https:\/\/www.article-marketing.eu\/comunicati\/viaggi-e-vacanze\/hotels-ed-alberghi\/raccolta-fondi-per-il-compleanno-dellospedale-meyer-di-firenze\/#breadcrumb"},"inLanguage":"it-IT","potentialAction":[{"@type":"ReadAction","target":["https:\/\/www.article-marketing.eu\/comunicati\/viaggi-e-vacanze\/hotels-ed-alberghi\/raccolta-fondi-per-il-compleanno-dellospedale-meyer-di-firenze\/"]}]},{"@type":"ImageObject","inLanguage":"it-IT","@id":"https:\/\/www.article-marketing.eu\/comunicati\/viaggi-e-vacanze\/hotels-ed-alberghi\/raccolta-fondi-per-il-compleanno-dellospedale-meyer-di-firenze\/#primaryimage","url":"http:\/\/www.meyer.it\/ilmeyerperamico\/images\/CesarePrandelli2.png","contentUrl":"http:\/\/www.meyer.it\/ilmeyerperamico\/images\/CesarePrandelli2.png"},{"@type":"BreadcrumbList","@id":"https:\/\/www.article-marketing.eu\/comunicati\/viaggi-e-vacanze\/hotels-ed-alberghi\/raccolta-fondi-per-il-compleanno-dellospedale-meyer-di-firenze\/#breadcrumb","itemListElement":[{"@type":"ListItem","position":1,"name":"Home","item":"https:\/\/www.article-marketing.eu\/comunicati\/"},{"@type":"ListItem","position":2,"name":"Raccolta fondi per il Compleanno dell&#8217;Ospedale Meyer di Firenze!"}]},{"@type":"WebSite","@id":"https:\/\/www.article-marketing.eu\/comunicati\/#website","url":"https:\/\/www.article-marketing.eu\/comunicati\/","name":"Article Marketing","description":"article marketing &amp; press release","potentialAction":[{"@type":"SearchAction","target":{"@type":"EntryPoint","urlTemplate":"https:\/\/www.article-marketing.eu\/comunicati\/?s={search_term_string}"},"query-input":{"@type":"PropertyValueSpecification","valueRequired":true,"valueName":"search_term_string"}}],"inLanguage":"it-IT"},{"@type":"Person","@id":"https:\/\/www.article-marketing.eu\/comunicati\/#\/schema\/person\/44372e4d4d0fa797b18e03ed1ace9017","name":"Redazione Comunicati Stampa","image":{"@type":"ImageObject","inLanguage":"it-IT","@id":"https:\/\/www.article-marketing.eu\/comunicati\/#\/schema\/person\/image\/","url":"https:\/\/secure.gravatar.com\/avatar\/50e5c6421d3072f42e7ace803501602c60d75233d34e29fd05feb91c8760b792?s=96&d=mm&r=g","contentUrl":"https:\/\/secure.gravatar.com\/avatar\/50e5c6421d3072f42e7ace803501602c60d75233d34e29fd05feb91c8760b792?s=96&d=mm&r=g","caption":"Redazione Comunicati Stampa"},"url":"https:\/\/www.article-marketing.eu\/comunicati\/author\/redazione-comunicati-stampa\/"}]}},"_links":{"self":[{"href":"https:\/\/www.article-marketing.eu\/comunicati\/wp-json\/wp\/v2\/posts\/39116","targetHints":{"allow":["GET"]}}],"collection":[{"href":"https:\/\/www.article-marketing.eu\/comunicati\/wp-json\/wp\/v2\/posts"}],"about":[{"href":"https:\/\/www.article-marketing.eu\/comunicati\/wp-json\/wp\/v2\/types\/post"}],"author":[{"embeddable":true,"href":"https:\/\/www.article-marketing.eu\/comunicati\/wp-json\/wp\/v2\/users\/10"}],"replies":[{"embeddable":true,"href":"https:\/\/www.article-marketing.eu\/comunicati\/wp-json\/wp\/v2\/comments?post=39116"}],"version-history":[{"count":2,"href":"https:\/\/www.article-marketing.eu\/comunicati\/wp-json\/wp\/v2\/posts\/39116\/revisions"}],"predecessor-version":[{"id":63684,"href":"https:\/\/www.article-marketing.eu\/comunicati\/wp-json\/wp\/v2\/posts\/39116\/revisions\/63684"}],"wp:attachment":[{"href":"https:\/\/www.article-marketing.eu\/comunicati\/wp-json\/wp\/v2\/media?parent=39116"}],"wp:term":[{"taxonomy":"category","embeddable":true,"href":"https:\/\/www.article-marketing.eu\/comunicati\/wp-json\/wp\/v2\/categories?post=39116"},{"taxonomy":"post_tag","embeddable":true,"href":"https:\/\/www.article-marketing.eu\/comunicati\/wp-json\/wp\/v2\/tags?post=39116"}],"curies":[{"name":"wp","href":"https:\/\/api.w.org\/{rel}","templated":true}]}}