{"id":3912,"date":"2010-01-22T23:34:41","date_gmt":"2010-01-22T22:34:41","guid":{"rendered":"http:\/\/www.article-marketing.eu\/comunicati\/senza-categoria\/finanza-mondiale-islanda-e-i-suoi-debiti\/"},"modified":"2018-07-10T04:39:28","modified_gmt":"2018-07-10T02:39:28","slug":"finanza-mondiale-islanda-e-i-suoi-debiti","status":"publish","type":"post","link":"https:\/\/www.article-marketing.eu\/comunicati\/arte-e-cultura\/giornalismo\/finanza-mondiale-islanda-e-i-suoi-debiti\/","title":{"rendered":"Finanza mondiale : Islanda e i suoi debiti."},"content":{"rendered":"<p>\nDifficilmente la Gran Bretagna e i Paesi Bassi invieranno a Reyk\u00adjavik<br \/>\nle loro cannoniere prima del 6 marzo, data nella quale gli is\u00adlandesi<br \/>\nsaranno chiamati a vota\u00adre in un referendum se pagare o meno i propri<br \/>\ndebiti, con esito quasi certo. Poi, non si sa. Ma il caso islandese<br \/>\navr\u00e0 in ogni mo\u00addo sicuri riverberi sulla situazio\u00adne della finanza<br \/>\ninternazionale.<br \/>Nel nuovo millennio, l&#8217;Islanda ha conosciuto un boom<br \/>\ncompleta\u00admente carburato dal suo settore finanziario. Un Governo<br \/>\ncieca\u00admente liberista ha buttato alle or\u00adtiche ogni forma di<br \/>\nregolazione e ha permesso alle banche del pic\u00adcolo Paese (306.694<br \/>\nabitanti nel luglio del 2009) di gettarsi alla conquista dei mercati<br \/>\ninternazio\u00adnali, indebitandosi a breve per in\u00advestire a lungo termine e<br \/>\nin stru\u00admenti finanziari innovativi, del genere cartastraccia bond, per<br \/>\nin\u00adtenderci. Nello Spazio Economi\u00adco Europeo, le banche islandesi<br \/>\npotevano operare liberamente, purch\u00e9 il<br \/>\nGoverno offrisse una ga\u00adranzia dei depositi. Il bubbone \u00e8 esploso nel<br \/>\n2009, quando le mag\u00adgiori banche sono state naziona\u00adlizzate e<br \/>\nLandesbanki, la Nume\u00adro Uno, ha fatto default. La suc\u00adcursale Internet,<br \/>\nIcesave, in par\u00adticolare, si stava portando con s\u00e9 i risparmi di<br \/>\nmigliaia di britanni\u00adci e olandesi. I governi dei due Paesi sono allora<br \/>\nintervenuti, in\u00addennizzando totalmente i loro cittadini coinvolti nel<br \/>\ncrac e ri\u00adchiedendo poi indietro i soldi a Reykjavik, sulla base della<br \/>\ngaran\u00adzia che questa avrebbe dovuto prestare e che aveva in effetti<br \/>\npre\u00adstato ai residenti islandesi. Un ac\u00adcordo in questo senso \u00e8 stato<br \/>\nfir\u00admato a due riprese. Ma di fronte alla richiesta di respingerlo<br \/>\nfir\u00admata da 60.000 elettori, il presi\u00addente islandese era tenuto a<br \/>\nin\u00addire un referendum &#8211; appunto quello che si svolger\u00e0 il 6 marzo. Il<br \/>\n62% degli elettori vuole che il trattato non sia ratificato. Dal<br \/>\nmo\u00admento dell&#8217;indizione del referen\u00addum si<br \/>\nsono moltiplicate le pres\u00adsioni sull&#8217;Islanda. Il Fondo mo\u00adnetario, che<br \/>\nstava concordando il pagamento della seconda tran\u00adche di un<br \/>\nfinanziamento di 2,1 miliardi di dollari, ha interrotto l&#8217;iter in<br \/>\nattesa della votazione. A ruota, anche la Svezia ha blocca\u00adto la sua<br \/>\nparte del prestito di 2,5 miliardi deciso dai Paesi scandi\u00adnavi: il<br \/>\nprimo ministro Fredrik Reinfeldt ha detto che l&#8217;erogazio\u00adne seguir\u00e0 il<br \/>\npagamento da par\u00adte del FMI, aggiungendo che si<br \/>\naspetta che l&#8217;Islanda onori i suoi impegni verso Gran Bretagna e Paesi<br \/>\nBassi. Londra per parte sua ha minacciato di bloccare l&#8217;iter<br \/>\ndell&#8217;adesione islandese all&#8217;Unio\u00adne Europea, che consentirebbe al Paese<br \/>\ndi affrontare pi\u00f9 facil\u00admente gli anni durissimi che si profilano.<br \/>La<br \/>\nposizione del Governo islan\u00addese \u00e8 che le norme sullo Spazio Economico<br \/>\nEuropeo non tengo\u00adno conto delle situazioni di ri\u00adschio sistemico, e<br \/>\nquindi non do\u00advrebbero essere applicate a que\u00adsto caso. Il Governo<br \/>\nsostiene poi che sono colpevoli anche i rego\u00adlatori britannici e<br \/>\nolandesi. Quan\u00adto all&#8217;uomo e alla donna della strada, la loro<br \/>\nriluttanza a cari\u00adcarsi di un peso schiacciante per guai combinati da<br \/>\nun piccolo nu\u00admero di banchieri disinvolti si pu\u00f2 capire benissimo: si<br \/>\ntratta di sborsare pi\u00f9 di 16.000 franchi per abitante, uomo donna o<br \/>\nbambi\u00adno. In pratica, un raddoppio del debito pubblico islandese. Chi<br \/>\nri\u00adtiene che gli islandesi debbano pagare fa notare che la popola\u00adzione<br \/>\nha goduto di una rapida crescita economica grazie alla mancanza di<br \/>\nregolazione, e che la libert\u00e0 di attirare risparmio da altri Paesi deve<br \/>\naccompagnarsi a garanzie sufficienti. Se in<br \/>\nqual\u00adche modo l&#8217;Islanda riconoscer\u00e0 la propria responsabilit\u00e0, le<br \/>\ncon\u00adseguenze saranno soprattutto per i suoi abitanti, che dovranno<br \/>\nras\u00adsegnarsi a una decina d&#8217;anni di tiro della cinghia. Se alla fine<br \/>\ngli islandesi non pagheranno, inve\u00adce, l&#8217;intero sistema della finanza<br \/>\ninternazionale ricever\u00e0 un colpo durissimo. Non solo l&#8217;isola sareb\u00adbe<br \/>\nemarginata dal sistema finan\u00adziario mondiale, ma diverrebbe probabile<br \/>\nun inceppamento di esso per la crisi di fiducia che ne seguirebbe. Il<br \/>\nripristino di condi\u00adzioni operative accettabili potreb\u00adbe avvenire solo<br \/>\nall&#8217;interno di blocchi economici in cui la ne\u00adcessaria regolazione<br \/>\nsarebbe uni\u00adformata fino nei dettagli. Chi pro\u00adpone un condono non<br \/>\ntiene con\u00adto che l&#8217;Islanda non \u00e8 il Lesotho: il Paese \u00e8 fra i pi\u00f9<br \/>\nricchi del mon\u00addo. Ma l&#8217;argomento veramente decisivo \u00e8 che ci sono<br \/>\nPaesi mol\u00adto pi\u00f9 grandi, a cominciare dagli Stati Uniti, che potrebbero<br \/>\npiglia\u00adre la palla al balzo per evitare a loro volta di coprire<br \/>\neventuali crac all&#8217;estero delle loro istituzioni fi\u00adnanziarie &#8211; cosa<br \/>\nche segnerebbe la fine del sistema finanziario. Una prospettiva<br \/>\nagghiacciante.<strong><br \/>Paolo Brera<br \/>Foto : Reykjavik<\/strong><\/p>\n","protected":false},"excerpt":{"rendered":"<p>Il Paese dovr\u00e0 presto decidere se pagare o meno i suoi debiti. Se attraverso il referendum d&#8217;inizio marzo l&#8217;Islanda ri\u00adconoscer\u00e0 la propria responsabilit\u00e0, le conseguenze sa\u00adranno soprattutto per i suoi abitanti, che dovranno ras\u00adsegnarsi a una decina d&#8217;anni di tiro della cinghia.<\/p>\n","protected":false},"author":10,"featured_media":0,"comment_status":"open","ping_status":"open","sticky":false,"template":"","format":"standard","meta":{"cybocfi_hide_featured_image":"","footnotes":""},"categories":[218],"tags":[],"class_list":["post-3912","post","type-post","status-publish","format-standard","hentry","category-giornalismo"],"yoast_head":"<!-- This site is optimized with the Yoast SEO plugin v27.0 - https:\/\/yoast.com\/product\/yoast-seo-wordpress\/ -->\n<title>Finanza mondiale : Islanda e i suoi debiti. - Article Marketing<\/title>\n<meta name=\"robots\" content=\"index, follow, max-snippet:-1, max-image-preview:large, max-video-preview:-1\" \/>\n<link rel=\"canonical\" href=\"https:\/\/www.article-marketing.eu\/comunicati\/arte-e-cultura\/giornalismo\/finanza-mondiale-islanda-e-i-suoi-debiti\/\" \/>\n<meta property=\"og:locale\" content=\"it_IT\" \/>\n<meta property=\"og:type\" content=\"article\" \/>\n<meta property=\"og:title\" content=\"Finanza mondiale : Islanda e i suoi debiti. - Article Marketing\" \/>\n<meta property=\"og:description\" content=\"Il Paese dovr\u00e0 presto decidere se pagare o meno i suoi debiti. Se attraverso il referendum d&#039;inizio marzo l&#039;Islanda ri\u00adconoscer\u00e0 la propria responsabilit\u00e0, le conseguenze sa\u00adranno soprattutto per i suoi abitanti, che dovranno ras\u00adsegnarsi a una decina d&#039;anni di tiro della cinghia.\" \/>\n<meta property=\"og:url\" content=\"https:\/\/www.article-marketing.eu\/comunicati\/arte-e-cultura\/giornalismo\/finanza-mondiale-islanda-e-i-suoi-debiti\/\" \/>\n<meta property=\"og:site_name\" content=\"Article Marketing\" \/>\n<meta property=\"article:published_time\" content=\"2010-01-22T22:34:41+00:00\" \/>\n<meta property=\"article:modified_time\" content=\"2018-07-10T02:39:28+00:00\" \/>\n<meta name=\"author\" content=\"Redazione Comunicati Stampa\" \/>\n<meta name=\"twitter:card\" content=\"summary_large_image\" \/>\n<meta name=\"twitter:label1\" content=\"Scritto da\" \/>\n\t<meta name=\"twitter:data1\" content=\"Redazione Comunicati Stampa\" \/>\n\t<meta name=\"twitter:label2\" content=\"Tempo di lettura stimato\" \/>\n\t<meta name=\"twitter:data2\" content=\"4 minuti\" \/>\n<script type=\"application\/ld+json\" class=\"yoast-schema-graph\">{\"@context\":\"https:\/\/schema.org\",\"@graph\":[{\"@type\":\"Article\",\"@id\":\"https:\/\/www.article-marketing.eu\/comunicati\/arte-e-cultura\/giornalismo\/finanza-mondiale-islanda-e-i-suoi-debiti\/#article\",\"isPartOf\":{\"@id\":\"https:\/\/www.article-marketing.eu\/comunicati\/arte-e-cultura\/giornalismo\/finanza-mondiale-islanda-e-i-suoi-debiti\/\"},\"author\":{\"name\":\"Redazione Comunicati Stampa\",\"@id\":\"https:\/\/www.article-marketing.eu\/comunicati\/#\/schema\/person\/44372e4d4d0fa797b18e03ed1ace9017\"},\"headline\":\"Finanza mondiale : Islanda e i suoi debiti.\",\"datePublished\":\"2010-01-22T22:34:41+00:00\",\"dateModified\":\"2018-07-10T02:39:28+00:00\",\"mainEntityOfPage\":{\"@id\":\"https:\/\/www.article-marketing.eu\/comunicati\/arte-e-cultura\/giornalismo\/finanza-mondiale-islanda-e-i-suoi-debiti\/\"},\"wordCount\":753,\"commentCount\":0,\"articleSection\":[\"Giornalismo\"],\"inLanguage\":\"it-IT\",\"potentialAction\":[{\"@type\":\"CommentAction\",\"name\":\"Comment\",\"target\":[\"https:\/\/www.article-marketing.eu\/comunicati\/arte-e-cultura\/giornalismo\/finanza-mondiale-islanda-e-i-suoi-debiti\/#respond\"]}]},{\"@type\":\"WebPage\",\"@id\":\"https:\/\/www.article-marketing.eu\/comunicati\/arte-e-cultura\/giornalismo\/finanza-mondiale-islanda-e-i-suoi-debiti\/\",\"url\":\"https:\/\/www.article-marketing.eu\/comunicati\/arte-e-cultura\/giornalismo\/finanza-mondiale-islanda-e-i-suoi-debiti\/\",\"name\":\"Finanza mondiale : Islanda e i suoi debiti. - Article Marketing\",\"isPartOf\":{\"@id\":\"https:\/\/www.article-marketing.eu\/comunicati\/#website\"},\"datePublished\":\"2010-01-22T22:34:41+00:00\",\"dateModified\":\"2018-07-10T02:39:28+00:00\",\"author\":{\"@id\":\"https:\/\/www.article-marketing.eu\/comunicati\/#\/schema\/person\/44372e4d4d0fa797b18e03ed1ace9017\"},\"breadcrumb\":{\"@id\":\"https:\/\/www.article-marketing.eu\/comunicati\/arte-e-cultura\/giornalismo\/finanza-mondiale-islanda-e-i-suoi-debiti\/#breadcrumb\"},\"inLanguage\":\"it-IT\",\"potentialAction\":[{\"@type\":\"ReadAction\",\"target\":[\"https:\/\/www.article-marketing.eu\/comunicati\/arte-e-cultura\/giornalismo\/finanza-mondiale-islanda-e-i-suoi-debiti\/\"]}]},{\"@type\":\"BreadcrumbList\",\"@id\":\"https:\/\/www.article-marketing.eu\/comunicati\/arte-e-cultura\/giornalismo\/finanza-mondiale-islanda-e-i-suoi-debiti\/#breadcrumb\",\"itemListElement\":[{\"@type\":\"ListItem\",\"position\":1,\"name\":\"Home\",\"item\":\"https:\/\/www.article-marketing.eu\/comunicati\/\"},{\"@type\":\"ListItem\",\"position\":2,\"name\":\"Finanza mondiale : Islanda e i suoi debiti.\"}]},{\"@type\":\"WebSite\",\"@id\":\"https:\/\/www.article-marketing.eu\/comunicati\/#website\",\"url\":\"https:\/\/www.article-marketing.eu\/comunicati\/\",\"name\":\"Article Marketing\",\"description\":\"article marketing &amp; press release\",\"potentialAction\":[{\"@type\":\"SearchAction\",\"target\":{\"@type\":\"EntryPoint\",\"urlTemplate\":\"https:\/\/www.article-marketing.eu\/comunicati\/?s={search_term_string}\"},\"query-input\":{\"@type\":\"PropertyValueSpecification\",\"valueRequired\":true,\"valueName\":\"search_term_string\"}}],\"inLanguage\":\"it-IT\"},{\"@type\":\"Person\",\"@id\":\"https:\/\/www.article-marketing.eu\/comunicati\/#\/schema\/person\/44372e4d4d0fa797b18e03ed1ace9017\",\"name\":\"Redazione Comunicati Stampa\",\"image\":{\"@type\":\"ImageObject\",\"inLanguage\":\"it-IT\",\"@id\":\"https:\/\/www.article-marketing.eu\/comunicati\/#\/schema\/person\/image\/\",\"url\":\"https:\/\/secure.gravatar.com\/avatar\/50e5c6421d3072f42e7ace803501602c60d75233d34e29fd05feb91c8760b792?s=96&d=mm&r=g\",\"contentUrl\":\"https:\/\/secure.gravatar.com\/avatar\/50e5c6421d3072f42e7ace803501602c60d75233d34e29fd05feb91c8760b792?s=96&d=mm&r=g\",\"caption\":\"Redazione Comunicati Stampa\"},\"url\":\"https:\/\/www.article-marketing.eu\/comunicati\/author\/redazione-comunicati-stampa\/\"}]}<\/script>\n<!-- \/ Yoast SEO plugin. -->","yoast_head_json":{"title":"Finanza mondiale : Islanda e i suoi debiti. - Article Marketing","robots":{"index":"index","follow":"follow","max-snippet":"max-snippet:-1","max-image-preview":"max-image-preview:large","max-video-preview":"max-video-preview:-1"},"canonical":"https:\/\/www.article-marketing.eu\/comunicati\/arte-e-cultura\/giornalismo\/finanza-mondiale-islanda-e-i-suoi-debiti\/","og_locale":"it_IT","og_type":"article","og_title":"Finanza mondiale : Islanda e i suoi debiti. - Article Marketing","og_description":"Il Paese dovr\u00e0 presto decidere se pagare o meno i suoi debiti. Se attraverso il referendum d'inizio marzo l'Islanda ri\u00adconoscer\u00e0 la propria responsabilit\u00e0, le conseguenze sa\u00adranno soprattutto per i suoi abitanti, che dovranno ras\u00adsegnarsi a una decina d'anni di tiro della cinghia.","og_url":"https:\/\/www.article-marketing.eu\/comunicati\/arte-e-cultura\/giornalismo\/finanza-mondiale-islanda-e-i-suoi-debiti\/","og_site_name":"Article Marketing","article_published_time":"2010-01-22T22:34:41+00:00","article_modified_time":"2018-07-10T02:39:28+00:00","author":"Redazione Comunicati Stampa","twitter_card":"summary_large_image","twitter_misc":{"Scritto da":"Redazione Comunicati Stampa","Tempo di lettura stimato":"4 minuti"},"schema":{"@context":"https:\/\/schema.org","@graph":[{"@type":"Article","@id":"https:\/\/www.article-marketing.eu\/comunicati\/arte-e-cultura\/giornalismo\/finanza-mondiale-islanda-e-i-suoi-debiti\/#article","isPartOf":{"@id":"https:\/\/www.article-marketing.eu\/comunicati\/arte-e-cultura\/giornalismo\/finanza-mondiale-islanda-e-i-suoi-debiti\/"},"author":{"name":"Redazione Comunicati Stampa","@id":"https:\/\/www.article-marketing.eu\/comunicati\/#\/schema\/person\/44372e4d4d0fa797b18e03ed1ace9017"},"headline":"Finanza mondiale : Islanda e i suoi debiti.","datePublished":"2010-01-22T22:34:41+00:00","dateModified":"2018-07-10T02:39:28+00:00","mainEntityOfPage":{"@id":"https:\/\/www.article-marketing.eu\/comunicati\/arte-e-cultura\/giornalismo\/finanza-mondiale-islanda-e-i-suoi-debiti\/"},"wordCount":753,"commentCount":0,"articleSection":["Giornalismo"],"inLanguage":"it-IT","potentialAction":[{"@type":"CommentAction","name":"Comment","target":["https:\/\/www.article-marketing.eu\/comunicati\/arte-e-cultura\/giornalismo\/finanza-mondiale-islanda-e-i-suoi-debiti\/#respond"]}]},{"@type":"WebPage","@id":"https:\/\/www.article-marketing.eu\/comunicati\/arte-e-cultura\/giornalismo\/finanza-mondiale-islanda-e-i-suoi-debiti\/","url":"https:\/\/www.article-marketing.eu\/comunicati\/arte-e-cultura\/giornalismo\/finanza-mondiale-islanda-e-i-suoi-debiti\/","name":"Finanza mondiale : Islanda e i suoi debiti. - Article Marketing","isPartOf":{"@id":"https:\/\/www.article-marketing.eu\/comunicati\/#website"},"datePublished":"2010-01-22T22:34:41+00:00","dateModified":"2018-07-10T02:39:28+00:00","author":{"@id":"https:\/\/www.article-marketing.eu\/comunicati\/#\/schema\/person\/44372e4d4d0fa797b18e03ed1ace9017"},"breadcrumb":{"@id":"https:\/\/www.article-marketing.eu\/comunicati\/arte-e-cultura\/giornalismo\/finanza-mondiale-islanda-e-i-suoi-debiti\/#breadcrumb"},"inLanguage":"it-IT","potentialAction":[{"@type":"ReadAction","target":["https:\/\/www.article-marketing.eu\/comunicati\/arte-e-cultura\/giornalismo\/finanza-mondiale-islanda-e-i-suoi-debiti\/"]}]},{"@type":"BreadcrumbList","@id":"https:\/\/www.article-marketing.eu\/comunicati\/arte-e-cultura\/giornalismo\/finanza-mondiale-islanda-e-i-suoi-debiti\/#breadcrumb","itemListElement":[{"@type":"ListItem","position":1,"name":"Home","item":"https:\/\/www.article-marketing.eu\/comunicati\/"},{"@type":"ListItem","position":2,"name":"Finanza mondiale : Islanda e i suoi debiti."}]},{"@type":"WebSite","@id":"https:\/\/www.article-marketing.eu\/comunicati\/#website","url":"https:\/\/www.article-marketing.eu\/comunicati\/","name":"Article Marketing","description":"article marketing &amp; press release","potentialAction":[{"@type":"SearchAction","target":{"@type":"EntryPoint","urlTemplate":"https:\/\/www.article-marketing.eu\/comunicati\/?s={search_term_string}"},"query-input":{"@type":"PropertyValueSpecification","valueRequired":true,"valueName":"search_term_string"}}],"inLanguage":"it-IT"},{"@type":"Person","@id":"https:\/\/www.article-marketing.eu\/comunicati\/#\/schema\/person\/44372e4d4d0fa797b18e03ed1ace9017","name":"Redazione Comunicati Stampa","image":{"@type":"ImageObject","inLanguage":"it-IT","@id":"https:\/\/www.article-marketing.eu\/comunicati\/#\/schema\/person\/image\/","url":"https:\/\/secure.gravatar.com\/avatar\/50e5c6421d3072f42e7ace803501602c60d75233d34e29fd05feb91c8760b792?s=96&d=mm&r=g","contentUrl":"https:\/\/secure.gravatar.com\/avatar\/50e5c6421d3072f42e7ace803501602c60d75233d34e29fd05feb91c8760b792?s=96&d=mm&r=g","caption":"Redazione Comunicati Stampa"},"url":"https:\/\/www.article-marketing.eu\/comunicati\/author\/redazione-comunicati-stampa\/"}]}},"_links":{"self":[{"href":"https:\/\/www.article-marketing.eu\/comunicati\/wp-json\/wp\/v2\/posts\/3912","targetHints":{"allow":["GET"]}}],"collection":[{"href":"https:\/\/www.article-marketing.eu\/comunicati\/wp-json\/wp\/v2\/posts"}],"about":[{"href":"https:\/\/www.article-marketing.eu\/comunicati\/wp-json\/wp\/v2\/types\/post"}],"author":[{"embeddable":true,"href":"https:\/\/www.article-marketing.eu\/comunicati\/wp-json\/wp\/v2\/users\/10"}],"replies":[{"embeddable":true,"href":"https:\/\/www.article-marketing.eu\/comunicati\/wp-json\/wp\/v2\/comments?post=3912"}],"version-history":[{"count":2,"href":"https:\/\/www.article-marketing.eu\/comunicati\/wp-json\/wp\/v2\/posts\/3912\/revisions"}],"predecessor-version":[{"id":59566,"href":"https:\/\/www.article-marketing.eu\/comunicati\/wp-json\/wp\/v2\/posts\/3912\/revisions\/59566"}],"wp:attachment":[{"href":"https:\/\/www.article-marketing.eu\/comunicati\/wp-json\/wp\/v2\/media?parent=3912"}],"wp:term":[{"taxonomy":"category","embeddable":true,"href":"https:\/\/www.article-marketing.eu\/comunicati\/wp-json\/wp\/v2\/categories?post=3912"},{"taxonomy":"post_tag","embeddable":true,"href":"https:\/\/www.article-marketing.eu\/comunicati\/wp-json\/wp\/v2\/tags?post=3912"}],"curies":[{"name":"wp","href":"https:\/\/api.w.org\/{rel}","templated":true}]}}