{"id":392,"date":"2008-05-20T12:06:19","date_gmt":"2008-05-20T10:06:19","guid":{"rendered":"http:\/\/www.article-marketing.eu\/comunicati\/senza-categoria\/%91sei-cappelli-per-pensare-insegnare-la-creativit%e0\/"},"modified":"2008-05-20T12:06:19","modified_gmt":"2008-05-20T10:06:19","slug":"%91sei-cappelli-per-pensare-insegnare-la-creativit%e0","status":"publish","type":"post","link":"https:\/\/www.article-marketing.eu\/comunicati\/comunicati-stampa\/eventi\/%91sei-cappelli-per-pensare-insegnare-la-creativit%e0\/","title":{"rendered":"\u2018Sei cappelli per pensare\u2019: insegnare la creativit\u00e0"},"content":{"rendered":"<p>Sei nuovi trainer sono entrati a far parte, in questi giorni, del network internazionale del \u2018de Bono Thinking System\u2019. La certificazione sul metodo \u2018Sei cappelli per pensare\u2019 di Edward de Bono, ad opera di Creattivit\u00e0 srl, \u00e8 avvenuta presso la sede Isfop, a Milano. Massimo Soriani Bellavista, a.d. di Creattivit\u00e0 srl, afferma: \u2018La creativit\u00e0 \u00e8 un\u2019abilit\u00e0 e non una semplice questione di talento individuale: per questo motivo pu\u00f2 essere appresa\u2019. Sono pi\u00f9 di 400.000 le persone che hanno ormai scelto la formazione in aula con oltre 1100 trainer certificati. Con un bagaglio di esperienza su argomenti come l&#8217;ottimizzazione dei processi, l&#8217;innovazione nelle organizzazioni, la leadership strategica, la creativit\u00e0 individuale e il problem solving per il business, i trainer possono svolgere corsi di formazione o utilizzare la metodologia nella facilitazione di gruppo, attingendo e condividendo conoscenza e case history all\u2019interno del network mondiale del \u2018de Bono Thinking System\u2019. Edward de Bono riassume la metodologia \u2018Sei cappelli per Pensare\u2019 con queste parole: \u2018Imagine it. Your team has the skills and techniques they need to make the best decision. Fast. Smart. Efficient\u2019. I dati sui benefici sembrano dargli ragione: l\u2019incremento medio del numero di idee per sessione creativa \u00e8 attorno al 300%, mentre il risparmio medio di tempo in una riunione \u00e8 del 30\/40%. La prossima sessione di certificazione \u00e8 prevista nell\u2019ottobre 2008. Info: info@creattivita.com <a href=\"http:\/\/www.creattivita.com\/\">http:\/\/www.creattivita.com<\/a> <\/p>\n<p>http:\/\/www.debonothinkingsystems.com<\/p>\n","protected":false},"excerpt":{"rendered":"<p>Sei nuovi trainer sono entrati a far parte, in questi giorni, del network internazionale del \u2018de Bono Thinking System\u2019. La certificazione sul metodo \u2018Sei cappelli per pensare\u2019 di Edward de Bono, ad opera di Creattivit\u00e0 srl, \u00e8 avvenuta presso la sede Isfop, a Milano.<\/p>\n","protected":false},"author":10,"featured_media":0,"comment_status":"open","ping_status":"open","sticky":false,"template":"","format":"standard","meta":{"cybocfi_hide_featured_image":"","footnotes":""},"categories":[388],"tags":[1341,1342,440,1343,1344],"class_list":["post-392","post","type-post","status-publish","format-standard","hentry","category-eventi","tag-creativita","tag-de-bono","tag-formazione","tag-milano","tag-sei-cappelli-per-pensare"],"yoast_head":"<!-- This site is optimized with the Yoast SEO plugin v27.0 - https:\/\/yoast.com\/product\/yoast-seo-wordpress\/ -->\n<title>\u2018Sei cappelli per pensare\u2019: insegnare la creativit\u00e0 - Article Marketing<\/title>\n<meta name=\"robots\" content=\"index, follow, max-snippet:-1, max-image-preview:large, max-video-preview:-1\" \/>\n<link rel=\"canonical\" href=\"https:\/\/www.article-marketing.eu\/comunicati\/comunicati-stampa\/eventi\/?sei-cappelli-per-pensare-insegnare-la-creativit?\/\" \/>\n<meta property=\"og:locale\" content=\"it_IT\" \/>\n<meta property=\"og:type\" content=\"article\" \/>\n<meta property=\"og:title\" content=\"\u2018Sei cappelli per pensare\u2019: insegnare la creativit\u00e0 - Article Marketing\" \/>\n<meta property=\"og:description\" content=\"Sei nuovi trainer sono entrati a far parte, in questi giorni, del network internazionale del \u2018de Bono Thinking System\u2019. La certificazione sul metodo \u2018Sei cappelli per pensare\u2019 di Edward de Bono, ad opera di Creattivit\u00e0 srl, \u00e8 avvenuta presso la sede Isfop, a Milano.\" \/>\n<meta property=\"og:url\" content=\"\" \/>\n<meta property=\"og:site_name\" content=\"Article Marketing\" \/>\n<meta property=\"article:published_time\" content=\"2008-05-20T10:06:19+00:00\" \/>\n<meta name=\"author\" content=\"Redazione Comunicati Stampa\" \/>\n<meta name=\"twitter:card\" content=\"summary_large_image\" \/>\n<meta name=\"twitter:label1\" content=\"Scritto da\" \/>\n\t<meta name=\"twitter:data1\" content=\"Redazione Comunicati Stampa\" \/>\n\t<meta name=\"twitter:label2\" content=\"Tempo di lettura stimato\" \/>\n\t<meta name=\"twitter:data2\" content=\"1 minuto\" \/>\n<script type=\"application\/ld+json\" class=\"yoast-schema-graph\">{\"@context\":\"https:\/\/schema.org\",\"@graph\":[{\"@type\":\"Article\",\"@id\":\"https:\/\/www.article-marketing.eu\/comunicati\/comunicati-stampa\/eventi\/%91sei-cappelli-per-pensare-insegnare-la-creativit%e0\/#article\",\"isPartOf\":{\"@id\":\"https:\/\/www.article-marketing.eu\/comunicati\/comunicati-stampa\/eventi\/%91sei-cappelli-per-pensare-insegnare-la-creativit%e0\/\"},\"author\":{\"name\":\"Redazione Comunicati Stampa\",\"@id\":\"https:\/\/www.article-marketing.eu\/comunicati\/#\/schema\/person\/44372e4d4d0fa797b18e03ed1ace9017\"},\"headline\":\"\u2018Sei cappelli per pensare\u2019: insegnare la creativit\u00e0\",\"datePublished\":\"2008-05-20T10:06:19+00:00\",\"mainEntityOfPage\":{\"@id\":\"https:\/\/www.article-marketing.eu\/comunicati\/comunicati-stampa\/eventi\/%91sei-cappelli-per-pensare-insegnare-la-creativit%e0\/\"},\"wordCount\":234,\"commentCount\":0,\"keywords\":[\"creativit\u00e0\",\"de bono\",\"formazione\",\"milano\",\"sei cappelli per pensare\"],\"articleSection\":[\"Eventi\"],\"inLanguage\":\"it-IT\",\"potentialAction\":[{\"@type\":\"CommentAction\",\"name\":\"Comment\",\"target\":[\"https:\/\/www.article-marketing.eu\/comunicati\/comunicati-stampa\/eventi\/%91sei-cappelli-per-pensare-insegnare-la-creativit%e0\/#respond\"]}]},{\"@type\":\"WebPage\",\"@id\":\"https:\/\/www.article-marketing.eu\/comunicati\/comunicati-stampa\/eventi\/%91sei-cappelli-per-pensare-insegnare-la-creativit%e0\/\",\"url\":\"https:\/\/www.article-marketing.eu\/comunicati\/comunicati-stampa\/eventi\/%91sei-cappelli-per-pensare-insegnare-la-creativit%e0\/\",\"name\":\"\u2018Sei cappelli per pensare\u2019: insegnare la creativit\u00e0 - Article Marketing\",\"isPartOf\":{\"@id\":\"https:\/\/www.article-marketing.eu\/comunicati\/#website\"},\"datePublished\":\"2008-05-20T10:06:19+00:00\",\"author\":{\"@id\":\"https:\/\/www.article-marketing.eu\/comunicati\/#\/schema\/person\/44372e4d4d0fa797b18e03ed1ace9017\"},\"breadcrumb\":{\"@id\":\"https:\/\/www.article-marketing.eu\/comunicati\/comunicati-stampa\/eventi\/%91sei-cappelli-per-pensare-insegnare-la-creativit%e0\/#breadcrumb\"},\"inLanguage\":\"it-IT\",\"potentialAction\":[{\"@type\":\"ReadAction\",\"target\":[\"https:\/\/www.article-marketing.eu\/comunicati\/comunicati-stampa\/eventi\/%91sei-cappelli-per-pensare-insegnare-la-creativit%e0\/\"]}]},{\"@type\":\"BreadcrumbList\",\"@id\":\"https:\/\/www.article-marketing.eu\/comunicati\/comunicati-stampa\/eventi\/%91sei-cappelli-per-pensare-insegnare-la-creativit%e0\/#breadcrumb\",\"itemListElement\":[{\"@type\":\"ListItem\",\"position\":1,\"name\":\"Home\",\"item\":\"https:\/\/www.article-marketing.eu\/comunicati\/\"},{\"@type\":\"ListItem\",\"position\":2,\"name\":\"\u2018Sei cappelli per pensare\u2019: insegnare la creativit\u00e0\"}]},{\"@type\":\"WebSite\",\"@id\":\"https:\/\/www.article-marketing.eu\/comunicati\/#website\",\"url\":\"https:\/\/www.article-marketing.eu\/comunicati\/\",\"name\":\"Article Marketing\",\"description\":\"article marketing &amp; press release\",\"potentialAction\":[{\"@type\":\"SearchAction\",\"target\":{\"@type\":\"EntryPoint\",\"urlTemplate\":\"https:\/\/www.article-marketing.eu\/comunicati\/?s={search_term_string}\"},\"query-input\":{\"@type\":\"PropertyValueSpecification\",\"valueRequired\":true,\"valueName\":\"search_term_string\"}}],\"inLanguage\":\"it-IT\"},{\"@type\":\"Person\",\"@id\":\"https:\/\/www.article-marketing.eu\/comunicati\/#\/schema\/person\/44372e4d4d0fa797b18e03ed1ace9017\",\"name\":\"Redazione Comunicati Stampa\",\"image\":{\"@type\":\"ImageObject\",\"inLanguage\":\"it-IT\",\"@id\":\"https:\/\/www.article-marketing.eu\/comunicati\/#\/schema\/person\/image\/\",\"url\":\"https:\/\/secure.gravatar.com\/avatar\/50e5c6421d3072f42e7ace803501602c60d75233d34e29fd05feb91c8760b792?s=96&d=mm&r=g\",\"contentUrl\":\"https:\/\/secure.gravatar.com\/avatar\/50e5c6421d3072f42e7ace803501602c60d75233d34e29fd05feb91c8760b792?s=96&d=mm&r=g\",\"caption\":\"Redazione Comunicati Stampa\"},\"url\":\"https:\/\/www.article-marketing.eu\/comunicati\/author\/redazione-comunicati-stampa\/\"}]}<\/script>\n<!-- \/ Yoast SEO plugin. -->","yoast_head_json":{"title":"\u2018Sei cappelli per pensare\u2019: insegnare la creativit\u00e0 - Article Marketing","robots":{"index":"index","follow":"follow","max-snippet":"max-snippet:-1","max-image-preview":"max-image-preview:large","max-video-preview":"max-video-preview:-1"},"canonical":"https:\/\/www.article-marketing.eu\/comunicati\/comunicati-stampa\/eventi\/?sei-cappelli-per-pensare-insegnare-la-creativit?\/","og_locale":"it_IT","og_type":"article","og_title":"\u2018Sei cappelli per pensare\u2019: insegnare la creativit\u00e0 - Article Marketing","og_description":"Sei nuovi trainer sono entrati a far parte, in questi giorni, del network internazionale del \u2018de Bono Thinking System\u2019. La certificazione sul metodo \u2018Sei cappelli per pensare\u2019 di Edward de Bono, ad opera di Creattivit\u00e0 srl, \u00e8 avvenuta presso la sede Isfop, a Milano.","og_url":"https:\/\/www.article-marketing.eu\/comunicati\/comunicati-stampa\/eventi\/?sei-cappelli-per-pensare-insegnare-la-creativit?\/","og_site_name":"Article Marketing","article_published_time":"2008-05-20T10:06:19+00:00","author":"Redazione Comunicati Stampa","twitter_card":"summary_large_image","twitter_misc":{"Scritto da":"Redazione Comunicati Stampa","Tempo di lettura stimato":"1 minuto"},"schema":{"@context":"https:\/\/schema.org","@graph":[{"@type":"Article","@id":"https:\/\/www.article-marketing.eu\/comunicati\/comunicati-stampa\/eventi\/%91sei-cappelli-per-pensare-insegnare-la-creativit%e0\/#article","isPartOf":{"@id":"https:\/\/www.article-marketing.eu\/comunicati\/comunicati-stampa\/eventi\/%91sei-cappelli-per-pensare-insegnare-la-creativit%e0\/"},"author":{"name":"Redazione Comunicati Stampa","@id":"https:\/\/www.article-marketing.eu\/comunicati\/#\/schema\/person\/44372e4d4d0fa797b18e03ed1ace9017"},"headline":"\u2018Sei cappelli per pensare\u2019: insegnare la creativit\u00e0","datePublished":"2008-05-20T10:06:19+00:00","mainEntityOfPage":{"@id":"https:\/\/www.article-marketing.eu\/comunicati\/comunicati-stampa\/eventi\/%91sei-cappelli-per-pensare-insegnare-la-creativit%e0\/"},"wordCount":234,"commentCount":0,"keywords":["creativit\u00e0","de bono","formazione","milano","sei cappelli per pensare"],"articleSection":["Eventi"],"inLanguage":"it-IT","potentialAction":[{"@type":"CommentAction","name":"Comment","target":["https:\/\/www.article-marketing.eu\/comunicati\/comunicati-stampa\/eventi\/%91sei-cappelli-per-pensare-insegnare-la-creativit%e0\/#respond"]}]},{"@type":"WebPage","@id":"https:\/\/www.article-marketing.eu\/comunicati\/comunicati-stampa\/eventi\/%91sei-cappelli-per-pensare-insegnare-la-creativit%e0\/","url":"https:\/\/www.article-marketing.eu\/comunicati\/comunicati-stampa\/eventi\/%91sei-cappelli-per-pensare-insegnare-la-creativit%e0\/","name":"\u2018Sei cappelli per pensare\u2019: insegnare la creativit\u00e0 - Article Marketing","isPartOf":{"@id":"https:\/\/www.article-marketing.eu\/comunicati\/#website"},"datePublished":"2008-05-20T10:06:19+00:00","author":{"@id":"https:\/\/www.article-marketing.eu\/comunicati\/#\/schema\/person\/44372e4d4d0fa797b18e03ed1ace9017"},"breadcrumb":{"@id":"https:\/\/www.article-marketing.eu\/comunicati\/comunicati-stampa\/eventi\/%91sei-cappelli-per-pensare-insegnare-la-creativit%e0\/#breadcrumb"},"inLanguage":"it-IT","potentialAction":[{"@type":"ReadAction","target":["https:\/\/www.article-marketing.eu\/comunicati\/comunicati-stampa\/eventi\/%91sei-cappelli-per-pensare-insegnare-la-creativit%e0\/"]}]},{"@type":"BreadcrumbList","@id":"https:\/\/www.article-marketing.eu\/comunicati\/comunicati-stampa\/eventi\/%91sei-cappelli-per-pensare-insegnare-la-creativit%e0\/#breadcrumb","itemListElement":[{"@type":"ListItem","position":1,"name":"Home","item":"https:\/\/www.article-marketing.eu\/comunicati\/"},{"@type":"ListItem","position":2,"name":"\u2018Sei cappelli per pensare\u2019: insegnare la creativit\u00e0"}]},{"@type":"WebSite","@id":"https:\/\/www.article-marketing.eu\/comunicati\/#website","url":"https:\/\/www.article-marketing.eu\/comunicati\/","name":"Article Marketing","description":"article marketing &amp; press release","potentialAction":[{"@type":"SearchAction","target":{"@type":"EntryPoint","urlTemplate":"https:\/\/www.article-marketing.eu\/comunicati\/?s={search_term_string}"},"query-input":{"@type":"PropertyValueSpecification","valueRequired":true,"valueName":"search_term_string"}}],"inLanguage":"it-IT"},{"@type":"Person","@id":"https:\/\/www.article-marketing.eu\/comunicati\/#\/schema\/person\/44372e4d4d0fa797b18e03ed1ace9017","name":"Redazione Comunicati Stampa","image":{"@type":"ImageObject","inLanguage":"it-IT","@id":"https:\/\/www.article-marketing.eu\/comunicati\/#\/schema\/person\/image\/","url":"https:\/\/secure.gravatar.com\/avatar\/50e5c6421d3072f42e7ace803501602c60d75233d34e29fd05feb91c8760b792?s=96&d=mm&r=g","contentUrl":"https:\/\/secure.gravatar.com\/avatar\/50e5c6421d3072f42e7ace803501602c60d75233d34e29fd05feb91c8760b792?s=96&d=mm&r=g","caption":"Redazione Comunicati Stampa"},"url":"https:\/\/www.article-marketing.eu\/comunicati\/author\/redazione-comunicati-stampa\/"}]}},"_links":{"self":[{"href":"https:\/\/www.article-marketing.eu\/comunicati\/wp-json\/wp\/v2\/posts\/392","targetHints":{"allow":["GET"]}}],"collection":[{"href":"https:\/\/www.article-marketing.eu\/comunicati\/wp-json\/wp\/v2\/posts"}],"about":[{"href":"https:\/\/www.article-marketing.eu\/comunicati\/wp-json\/wp\/v2\/types\/post"}],"author":[{"embeddable":true,"href":"https:\/\/www.article-marketing.eu\/comunicati\/wp-json\/wp\/v2\/users\/10"}],"replies":[{"embeddable":true,"href":"https:\/\/www.article-marketing.eu\/comunicati\/wp-json\/wp\/v2\/comments?post=392"}],"version-history":[{"count":0,"href":"https:\/\/www.article-marketing.eu\/comunicati\/wp-json\/wp\/v2\/posts\/392\/revisions"}],"wp:attachment":[{"href":"https:\/\/www.article-marketing.eu\/comunicati\/wp-json\/wp\/v2\/media?parent=392"}],"wp:term":[{"taxonomy":"category","embeddable":true,"href":"https:\/\/www.article-marketing.eu\/comunicati\/wp-json\/wp\/v2\/categories?post=392"},{"taxonomy":"post_tag","embeddable":true,"href":"https:\/\/www.article-marketing.eu\/comunicati\/wp-json\/wp\/v2\/tags?post=392"}],"curies":[{"name":"wp","href":"https:\/\/api.w.org\/{rel}","templated":true}]}}