{"id":3933,"date":"2010-01-25T15:21:08","date_gmt":"2010-01-25T14:21:08","guid":{"rendered":"http:\/\/www.article-marketing.eu\/comunicati\/senza-categoria\/camere-in-affitto-a-empoli-allaffittacamere-il-caffe\/"},"modified":"2010-01-25T15:21:08","modified_gmt":"2010-01-25T14:21:08","slug":"camere-in-affitto-a-empoli-allaffittacamere-il-caffe","status":"publish","type":"post","link":"https:\/\/www.article-marketing.eu\/comunicati\/viaggi-e-vacanze\/hotels-ed-alberghi\/camere-in-affitto-a-empoli-allaffittacamere-il-caffe\/","title":{"rendered":"Camere in affitto a Empoli all&#8217;affittacamere Il Caff\u00e8"},"content":{"rendered":"<p>\n Il caff\u00e8, affittacamere a Empoli \u00e8 il luogi ideale per trascorrere un periodo di vacanza a Empoli.<br \/>L&#8217;affittacamere &quot;Il Caff\u00e8&quot; offre camere confortevoli ed accoglienti in una posizione strategica per chi decide di girare l&#8217;area intorno a Empoli, ricca sia dei meravigliosi e tipici paesaggi toscani, che della cultura e dell&#8217;arte che caratterizzano queste zone.<br \/>Dal punto di vista geografico, Empoli \u00e8 il luogo ideale per stabilire la propria base, se decidiamo di visitare la Toscana. Vicinissima a Firenze, e al centro delle principali province toscane, l&#8217;affittacamere a Empoli &quot;Il Caff\u00e8&quot; unisce la praticit\u00e0 di un ambiente accogliente, alle facilit\u00e0 che la zona offre.<br \/>Il Caff\u00e8 \u00e8 infatti situato in una delle zone pi\u00f9 tranquille e sicure di Empoli, vicinissimo a due centri commerciali e ad un bar. La superstrada FI-PI-LI \u00e8 a a 1Km di distanza e questo consente di raggiungere facilmente le province toscane, senza affrontare il traffico delle strade cittadine.<br \/>La ferrovia anch&#8217;essa a pochi Km di distanza, garantisce un&#8217;ulteriore mezzo di comunicazione a portata di mano. Firenze \u00e8 raggiungibile con mezzora di treno da Empoli, e anche province come Pisa o Siena sono raggiungibili in treno con percorsi inferiori ad un&#8217;ora di viaggio.<br \/>La posizione strategica dell&#8217;<a href=\"http:\/\/www.affittacamereempoli.it\" title=\"Affittacamere Empoli\">affittacamere a Empoli<\/a> permette di raggiungere facilmente anche le piccole citt\u00e0 ed i borghi medievali intorno a Empoli.<br \/>San Miniato, gi\u00e0 in provincia di Pisa, \u00e8 a pochi minuti di macchina da Empoli. Ma anche borghi medievali famosi in tutto il mondo come Artimino, sono raggiungibili in meno di mezzora di macchina.<br \/>Un luogo su tutti da visitare, a 10Km da Empoli \u00e8 indubbiamente Vinci.<br \/>E&#8217; incredibile come soggiornare all&#8217;affittacamere &quot;Il Caff\u00e8&quot; possa rendere cos\u00ec semplice la visita dei luoghi pi\u00f9 incantevoli della Toscana. Specialmente Vinci, borgo medievale sulla cima di una delle tipiche colline toscane, famoso in tutto il mondo perch\u00e8 vide i natali del celebre genio Leonardo, \u00e8 a pochi minuti di automobile da Empoli. Dall&#8217;Affittacamere &quot;Il Caff\u00e8&quot; \u00e8 possibile anche andare a Vinci mediante l&#8217;utilizzo di mezzi di trasporto pubblico, i quali permettono sia di muoversi agevolmente in giro per Empoli con le corse urbane, sia di recarsi nel circondario con le corse extraurbane.<\/p>\n<p>I materiali ed i colori dell&#8217;arredamento finemente ricercati, si coniugano perfettamente con un ambiente nuovo ed ospitale in grado di suscitare una sensazione di benessere in chi vi soggiorna. La facilit\u00e0 con la quale si possono raggiungere le mete pi\u00f9 interessanti ed affascinanti genera una sensazione di appagamento dentro di se e ci fa sentire veramente liberi di spaziare e di decidere come organizzare la nostra vacanza senza limitazioni dovute al tempo a disposizione o alla distanza da percorrere. <\/p>\n<p>Il Caff\u00e8 affittacamere \u00e8 quindi la scelta migliore da fare per organizzare il proprio soggiorno a Empoli.<\/p>\n","protected":false},"excerpt":{"rendered":"<p>Il Caff\u00e8, affittacamere a Empoli, offre ampi e confortevoli locali dove soggiornare in occasione di brevi soggiorni a Empoli.<br \/>\nSituato in una posizione strategica, vicina al centro e alle principali arterie di comunicazione, i locali de &#8220;il Caff\u00e8&#8221; sono molto gradevoli e situati in una delle zone pi\u00f9 tranquille e sicure di Empoli.<\/p>\n","protected":false},"author":10,"featured_media":0,"comment_status":"open","ping_status":"open","sticky":false,"template":"","format":"standard","meta":{"cybocfi_hide_featured_image":"","footnotes":""},"categories":[151],"tags":[6677,1759,11901],"class_list":["post-3933","post","type-post","status-publish","format-standard","hentry","category-hotels-ed-alberghi","tag-affittacamere","tag-camere","tag-empoli"],"yoast_head":"<!-- This site is optimized with the Yoast SEO plugin v27.0 - https:\/\/yoast.com\/product\/yoast-seo-wordpress\/ -->\n<title>Camere in affitto a Empoli all&#039;affittacamere Il Caff\u00e8 - Article Marketing<\/title>\n<meta name=\"robots\" content=\"index, follow, max-snippet:-1, max-image-preview:large, max-video-preview:-1\" \/>\n<link rel=\"canonical\" href=\"https:\/\/www.article-marketing.eu\/comunicati\/viaggi-e-vacanze\/hotels-ed-alberghi\/camere-in-affitto-a-empoli-allaffittacamere-il-caffe\/\" \/>\n<meta property=\"og:locale\" content=\"it_IT\" \/>\n<meta property=\"og:type\" content=\"article\" \/>\n<meta property=\"og:title\" content=\"Camere in affitto a Empoli all&#039;affittacamere Il Caff\u00e8 - Article Marketing\" \/>\n<meta property=\"og:description\" content=\"Il Caff\u00e8, affittacamere a Empoli, offre ampi e confortevoli locali dove soggiornare in occasione di brevi soggiorni a Empoli. Situato in una posizione strategica, vicina al centro e alle principali arterie di comunicazione, i locali de &quot;il Caff\u00e8&quot; sono molto gradevoli e situati in una delle zone pi\u00f9 tranquille e sicure di Empoli.\" \/>\n<meta property=\"og:url\" content=\"https:\/\/www.article-marketing.eu\/comunicati\/viaggi-e-vacanze\/hotels-ed-alberghi\/camere-in-affitto-a-empoli-allaffittacamere-il-caffe\/\" \/>\n<meta property=\"og:site_name\" content=\"Article Marketing\" \/>\n<meta property=\"article:published_time\" content=\"2010-01-25T14:21:08+00:00\" \/>\n<meta name=\"author\" content=\"Redazione Comunicati Stampa\" \/>\n<meta name=\"twitter:card\" content=\"summary_large_image\" \/>\n<meta name=\"twitter:label1\" content=\"Scritto da\" \/>\n\t<meta name=\"twitter:data1\" content=\"Redazione Comunicati Stampa\" \/>\n\t<meta name=\"twitter:label2\" content=\"Tempo di lettura stimato\" \/>\n\t<meta name=\"twitter:data2\" content=\"2 minuti\" \/>\n<script type=\"application\/ld+json\" class=\"yoast-schema-graph\">{\"@context\":\"https:\/\/schema.org\",\"@graph\":[{\"@type\":\"Article\",\"@id\":\"https:\/\/www.article-marketing.eu\/comunicati\/viaggi-e-vacanze\/hotels-ed-alberghi\/camere-in-affitto-a-empoli-allaffittacamere-il-caffe\/#article\",\"isPartOf\":{\"@id\":\"https:\/\/www.article-marketing.eu\/comunicati\/viaggi-e-vacanze\/hotels-ed-alberghi\/camere-in-affitto-a-empoli-allaffittacamere-il-caffe\/\"},\"author\":{\"name\":\"Redazione Comunicati Stampa\",\"@id\":\"https:\/\/www.article-marketing.eu\/comunicati\/#\/schema\/person\/44372e4d4d0fa797b18e03ed1ace9017\"},\"headline\":\"Camere in affitto a Empoli all&#8217;affittacamere Il Caff\u00e8\",\"datePublished\":\"2010-01-25T14:21:08+00:00\",\"mainEntityOfPage\":{\"@id\":\"https:\/\/www.article-marketing.eu\/comunicati\/viaggi-e-vacanze\/hotels-ed-alberghi\/camere-in-affitto-a-empoli-allaffittacamere-il-caffe\/\"},\"wordCount\":459,\"commentCount\":0,\"keywords\":[\"affittacamere\",\"camere\",\"empoli\"],\"articleSection\":[\"Hotels ed alberghi\"],\"inLanguage\":\"it-IT\",\"potentialAction\":[{\"@type\":\"CommentAction\",\"name\":\"Comment\",\"target\":[\"https:\/\/www.article-marketing.eu\/comunicati\/viaggi-e-vacanze\/hotels-ed-alberghi\/camere-in-affitto-a-empoli-allaffittacamere-il-caffe\/#respond\"]}]},{\"@type\":\"WebPage\",\"@id\":\"https:\/\/www.article-marketing.eu\/comunicati\/viaggi-e-vacanze\/hotels-ed-alberghi\/camere-in-affitto-a-empoli-allaffittacamere-il-caffe\/\",\"url\":\"https:\/\/www.article-marketing.eu\/comunicati\/viaggi-e-vacanze\/hotels-ed-alberghi\/camere-in-affitto-a-empoli-allaffittacamere-il-caffe\/\",\"name\":\"Camere in affitto a Empoli all'affittacamere Il Caff\u00e8 - Article Marketing\",\"isPartOf\":{\"@id\":\"https:\/\/www.article-marketing.eu\/comunicati\/#website\"},\"datePublished\":\"2010-01-25T14:21:08+00:00\",\"author\":{\"@id\":\"https:\/\/www.article-marketing.eu\/comunicati\/#\/schema\/person\/44372e4d4d0fa797b18e03ed1ace9017\"},\"breadcrumb\":{\"@id\":\"https:\/\/www.article-marketing.eu\/comunicati\/viaggi-e-vacanze\/hotels-ed-alberghi\/camere-in-affitto-a-empoli-allaffittacamere-il-caffe\/#breadcrumb\"},\"inLanguage\":\"it-IT\",\"potentialAction\":[{\"@type\":\"ReadAction\",\"target\":[\"https:\/\/www.article-marketing.eu\/comunicati\/viaggi-e-vacanze\/hotels-ed-alberghi\/camere-in-affitto-a-empoli-allaffittacamere-il-caffe\/\"]}]},{\"@type\":\"BreadcrumbList\",\"@id\":\"https:\/\/www.article-marketing.eu\/comunicati\/viaggi-e-vacanze\/hotels-ed-alberghi\/camere-in-affitto-a-empoli-allaffittacamere-il-caffe\/#breadcrumb\",\"itemListElement\":[{\"@type\":\"ListItem\",\"position\":1,\"name\":\"Home\",\"item\":\"https:\/\/www.article-marketing.eu\/comunicati\/\"},{\"@type\":\"ListItem\",\"position\":2,\"name\":\"Camere in affitto a Empoli all&#8217;affittacamere Il Caff\u00e8\"}]},{\"@type\":\"WebSite\",\"@id\":\"https:\/\/www.article-marketing.eu\/comunicati\/#website\",\"url\":\"https:\/\/www.article-marketing.eu\/comunicati\/\",\"name\":\"Article Marketing\",\"description\":\"article marketing &amp; press release\",\"potentialAction\":[{\"@type\":\"SearchAction\",\"target\":{\"@type\":\"EntryPoint\",\"urlTemplate\":\"https:\/\/www.article-marketing.eu\/comunicati\/?s={search_term_string}\"},\"query-input\":{\"@type\":\"PropertyValueSpecification\",\"valueRequired\":true,\"valueName\":\"search_term_string\"}}],\"inLanguage\":\"it-IT\"},{\"@type\":\"Person\",\"@id\":\"https:\/\/www.article-marketing.eu\/comunicati\/#\/schema\/person\/44372e4d4d0fa797b18e03ed1ace9017\",\"name\":\"Redazione Comunicati Stampa\",\"image\":{\"@type\":\"ImageObject\",\"inLanguage\":\"it-IT\",\"@id\":\"https:\/\/www.article-marketing.eu\/comunicati\/#\/schema\/person\/image\/\",\"url\":\"https:\/\/secure.gravatar.com\/avatar\/50e5c6421d3072f42e7ace803501602c60d75233d34e29fd05feb91c8760b792?s=96&d=mm&r=g\",\"contentUrl\":\"https:\/\/secure.gravatar.com\/avatar\/50e5c6421d3072f42e7ace803501602c60d75233d34e29fd05feb91c8760b792?s=96&d=mm&r=g\",\"caption\":\"Redazione Comunicati Stampa\"},\"url\":\"https:\/\/www.article-marketing.eu\/comunicati\/author\/redazione-comunicati-stampa\/\"}]}<\/script>\n<!-- \/ Yoast SEO plugin. -->","yoast_head_json":{"title":"Camere in affitto a Empoli all'affittacamere Il Caff\u00e8 - Article Marketing","robots":{"index":"index","follow":"follow","max-snippet":"max-snippet:-1","max-image-preview":"max-image-preview:large","max-video-preview":"max-video-preview:-1"},"canonical":"https:\/\/www.article-marketing.eu\/comunicati\/viaggi-e-vacanze\/hotels-ed-alberghi\/camere-in-affitto-a-empoli-allaffittacamere-il-caffe\/","og_locale":"it_IT","og_type":"article","og_title":"Camere in affitto a Empoli all'affittacamere Il Caff\u00e8 - Article Marketing","og_description":"Il Caff\u00e8, affittacamere a Empoli, offre ampi e confortevoli locali dove soggiornare in occasione di brevi soggiorni a Empoli. Situato in una posizione strategica, vicina al centro e alle principali arterie di comunicazione, i locali de \"il Caff\u00e8\" sono molto gradevoli e situati in una delle zone pi\u00f9 tranquille e sicure di Empoli.","og_url":"https:\/\/www.article-marketing.eu\/comunicati\/viaggi-e-vacanze\/hotels-ed-alberghi\/camere-in-affitto-a-empoli-allaffittacamere-il-caffe\/","og_site_name":"Article Marketing","article_published_time":"2010-01-25T14:21:08+00:00","author":"Redazione Comunicati Stampa","twitter_card":"summary_large_image","twitter_misc":{"Scritto da":"Redazione Comunicati Stampa","Tempo di lettura stimato":"2 minuti"},"schema":{"@context":"https:\/\/schema.org","@graph":[{"@type":"Article","@id":"https:\/\/www.article-marketing.eu\/comunicati\/viaggi-e-vacanze\/hotels-ed-alberghi\/camere-in-affitto-a-empoli-allaffittacamere-il-caffe\/#article","isPartOf":{"@id":"https:\/\/www.article-marketing.eu\/comunicati\/viaggi-e-vacanze\/hotels-ed-alberghi\/camere-in-affitto-a-empoli-allaffittacamere-il-caffe\/"},"author":{"name":"Redazione Comunicati Stampa","@id":"https:\/\/www.article-marketing.eu\/comunicati\/#\/schema\/person\/44372e4d4d0fa797b18e03ed1ace9017"},"headline":"Camere in affitto a Empoli all&#8217;affittacamere Il Caff\u00e8","datePublished":"2010-01-25T14:21:08+00:00","mainEntityOfPage":{"@id":"https:\/\/www.article-marketing.eu\/comunicati\/viaggi-e-vacanze\/hotels-ed-alberghi\/camere-in-affitto-a-empoli-allaffittacamere-il-caffe\/"},"wordCount":459,"commentCount":0,"keywords":["affittacamere","camere","empoli"],"articleSection":["Hotels ed alberghi"],"inLanguage":"it-IT","potentialAction":[{"@type":"CommentAction","name":"Comment","target":["https:\/\/www.article-marketing.eu\/comunicati\/viaggi-e-vacanze\/hotels-ed-alberghi\/camere-in-affitto-a-empoli-allaffittacamere-il-caffe\/#respond"]}]},{"@type":"WebPage","@id":"https:\/\/www.article-marketing.eu\/comunicati\/viaggi-e-vacanze\/hotels-ed-alberghi\/camere-in-affitto-a-empoli-allaffittacamere-il-caffe\/","url":"https:\/\/www.article-marketing.eu\/comunicati\/viaggi-e-vacanze\/hotels-ed-alberghi\/camere-in-affitto-a-empoli-allaffittacamere-il-caffe\/","name":"Camere in affitto a Empoli all'affittacamere Il Caff\u00e8 - Article Marketing","isPartOf":{"@id":"https:\/\/www.article-marketing.eu\/comunicati\/#website"},"datePublished":"2010-01-25T14:21:08+00:00","author":{"@id":"https:\/\/www.article-marketing.eu\/comunicati\/#\/schema\/person\/44372e4d4d0fa797b18e03ed1ace9017"},"breadcrumb":{"@id":"https:\/\/www.article-marketing.eu\/comunicati\/viaggi-e-vacanze\/hotels-ed-alberghi\/camere-in-affitto-a-empoli-allaffittacamere-il-caffe\/#breadcrumb"},"inLanguage":"it-IT","potentialAction":[{"@type":"ReadAction","target":["https:\/\/www.article-marketing.eu\/comunicati\/viaggi-e-vacanze\/hotels-ed-alberghi\/camere-in-affitto-a-empoli-allaffittacamere-il-caffe\/"]}]},{"@type":"BreadcrumbList","@id":"https:\/\/www.article-marketing.eu\/comunicati\/viaggi-e-vacanze\/hotels-ed-alberghi\/camere-in-affitto-a-empoli-allaffittacamere-il-caffe\/#breadcrumb","itemListElement":[{"@type":"ListItem","position":1,"name":"Home","item":"https:\/\/www.article-marketing.eu\/comunicati\/"},{"@type":"ListItem","position":2,"name":"Camere in affitto a Empoli all&#8217;affittacamere Il Caff\u00e8"}]},{"@type":"WebSite","@id":"https:\/\/www.article-marketing.eu\/comunicati\/#website","url":"https:\/\/www.article-marketing.eu\/comunicati\/","name":"Article Marketing","description":"article marketing &amp; press release","potentialAction":[{"@type":"SearchAction","target":{"@type":"EntryPoint","urlTemplate":"https:\/\/www.article-marketing.eu\/comunicati\/?s={search_term_string}"},"query-input":{"@type":"PropertyValueSpecification","valueRequired":true,"valueName":"search_term_string"}}],"inLanguage":"it-IT"},{"@type":"Person","@id":"https:\/\/www.article-marketing.eu\/comunicati\/#\/schema\/person\/44372e4d4d0fa797b18e03ed1ace9017","name":"Redazione Comunicati Stampa","image":{"@type":"ImageObject","inLanguage":"it-IT","@id":"https:\/\/www.article-marketing.eu\/comunicati\/#\/schema\/person\/image\/","url":"https:\/\/secure.gravatar.com\/avatar\/50e5c6421d3072f42e7ace803501602c60d75233d34e29fd05feb91c8760b792?s=96&d=mm&r=g","contentUrl":"https:\/\/secure.gravatar.com\/avatar\/50e5c6421d3072f42e7ace803501602c60d75233d34e29fd05feb91c8760b792?s=96&d=mm&r=g","caption":"Redazione Comunicati Stampa"},"url":"https:\/\/www.article-marketing.eu\/comunicati\/author\/redazione-comunicati-stampa\/"}]}},"_links":{"self":[{"href":"https:\/\/www.article-marketing.eu\/comunicati\/wp-json\/wp\/v2\/posts\/3933","targetHints":{"allow":["GET"]}}],"collection":[{"href":"https:\/\/www.article-marketing.eu\/comunicati\/wp-json\/wp\/v2\/posts"}],"about":[{"href":"https:\/\/www.article-marketing.eu\/comunicati\/wp-json\/wp\/v2\/types\/post"}],"author":[{"embeddable":true,"href":"https:\/\/www.article-marketing.eu\/comunicati\/wp-json\/wp\/v2\/users\/10"}],"replies":[{"embeddable":true,"href":"https:\/\/www.article-marketing.eu\/comunicati\/wp-json\/wp\/v2\/comments?post=3933"}],"version-history":[{"count":0,"href":"https:\/\/www.article-marketing.eu\/comunicati\/wp-json\/wp\/v2\/posts\/3933\/revisions"}],"wp:attachment":[{"href":"https:\/\/www.article-marketing.eu\/comunicati\/wp-json\/wp\/v2\/media?parent=3933"}],"wp:term":[{"taxonomy":"category","embeddable":true,"href":"https:\/\/www.article-marketing.eu\/comunicati\/wp-json\/wp\/v2\/categories?post=3933"},{"taxonomy":"post_tag","embeddable":true,"href":"https:\/\/www.article-marketing.eu\/comunicati\/wp-json\/wp\/v2\/tags?post=3933"}],"curies":[{"name":"wp","href":"https:\/\/api.w.org\/{rel}","templated":true}]}}