{"id":3935,"date":"2010-01-25T18:30:13","date_gmt":"2010-01-25T17:30:13","guid":{"rendered":"http:\/\/www.article-marketing.eu\/comunicati\/senza-categoria\/energia-e-ambiente-enel-guarda-al-futuro\/"},"modified":"2010-01-25T18:30:13","modified_gmt":"2010-01-25T17:30:13","slug":"energia-e-ambiente-enel-guarda-al-futuro","status":"publish","type":"post","link":"https:\/\/www.article-marketing.eu\/comunicati\/ambiente\/energia-e-ambiente-enel-guarda-al-futuro\/","title":{"rendered":"Energia e ambiente: Enel guarda al futuro"},"content":{"rendered":"<p class=\"MsoNormal\"><em>Con il nuovo sito<br \/>\n&quot;The future will follow&quot; Enel rinnova il proprio impegno verso<br \/>\nl\u2019ambiente e illustra le migliori innovazioni proposte nel campo, dalla CCS alle<br \/>\nreti intelligenti.<\/em><\/p>\n<p class=\"MsoNormal\">&nbsp;<\/p>\n<p class=\"MsoNormal\">&quot;Iniziamo a cambiare, il futuro ci seguir\u00e0&quot; \u00e8 lo<br \/>\nslogan dell&#8217;ultima campagna di Enel lanciata in occasione della Conferenza sul<br \/>\nClima di Copenhagen dello scorso dicembre. E proprio i temi della campagna &#8211;<br \/>\nCarbon Capture and Storage, Smart Grids, Solare termodinamico, Mobilit\u00e0<br \/>\nelettrica, Nucleare &#8211; &nbsp;costituiscono le<br \/>\nsezioni di approfondimento del nuovo sito che l\u2019Azienda dedica alle tematiche<br \/>\nambientali, <a href=\"http:\/\/www.thefuturewillfollow.com\"><strong>thefuturewillfollow.com<\/strong><\/a>.\n<\/p>\n<p class=\"MsoNormal\">&nbsp;<\/p>\n<p class=\"MsoNormal\">Enel invita a seguire la <strong>Twitter Timeline<\/strong><br \/>\ndegli interventi e le conversazioni riguardo ciascun argomento. Le cinque<br \/>\ntematiche, tutte corredate da schede e video presentazioni, si arricchiscono cos\u00ec<br \/>\ndegli interventi degli utenti che popolano la Twittersfera: notizie<br \/>\ne opinioni sulle nuove tecnologie legate all&#8217;ambiente in 140 battute.<\/p>\n<p class=\"MsoNormal\">&nbsp;<\/p>\n<p class=\"MsoNormal\">Il sito apre una finestra sul futuro: gli utenti, a partire<br \/>\ndalla home page, si muovono in luoghi virtuali, dove \u2013 grazie all\u2019efficacia<br \/>\ndivulgativa delle animazioni \u2013 &nbsp;possono venire<br \/>\na conoscenza delle innovazioni gi\u00e0 disponibili in campo energetico e di quelle<br \/>\nche verranno messe a punto in un prossimo futuro.<\/p>\n<p class=\"MsoNormal\">&nbsp;<\/p>\n<p class=\"MsoNormal\">L\u2019impegno di Enel nella ricerca \u00e8 volto a migliorare la<br \/>\ncompetitivit\u00e0 dell\u2019Azienda attraverso lo sviluppo di nuove tecnologie che<br \/>\nconsentano di produrre energia pulita a basso costo, ottimizzare il processo<br \/>\nproduttivo e incrementare l\u2019efficienza degli impianti nel rispetto<br \/>\ndell\u2019ambiente. Il tutto &nbsp;all\u2019insegna<br \/>\ndella sostenibilit\u00e0 e con il fine ultimo di aumentare il benessere mantenendo l\u2019equilibrio<br \/>\ndel nostro ecosistema.<\/p>\n<p>&nbsp;&lt;&lt;&lt;&lt;&lt;&lt;&lt;<\/p>\n<p>La nuova comunicazione istituzionale vuole raccontare al pubblico l&#8217;impegno<br \/>\ndell&#8217;azienda, attraverso l&#8217;attivit\u00e0 di ricerca e di sperimentazione, nel<br \/>\nmettere a disposizione delle persone un&#8217;energia innovativa, disponibile, a<br \/>\nemissioni zero.<\/p>\n<p>L&#8217;idea \u00e8 realizzata con l&#8217;associazione tra persone comuni e schemi tecnici<br \/>\nche simboleggiano i diversi ambiti di ricerca e innovazione di Enel, a<br \/>\nrappresentare l&#8217;importanza che ogni novit\u00e0 tecnologica ha effettivamente sulla<br \/>\nvita delle persone. <em><strong>Iniziamo a cambiare, il futuro ci seguir\u00e0<\/strong><\/em> \u00e8<br \/>\nlo slogan utilizzato per sintetizzare l&#8217;idea di come un futuro migliore, fatto<br \/>\ndi queste nuove tecnologie, sar\u00e0 anzitutto il frutto dell&#8217;iniziativa<br \/>\ndell&#8217;uomo.<\/p>\n<p>In particolare, quattro sono i soggetti sui quali si articoleranno le uscite<br \/>\nstampa dedicate ad altrettante eccellenze targate Enel e che sono gi\u00e0 una<br \/>\nrealt\u00e0, ovvero la <strong>Carbon Capture &amp; Sequestration<\/strong>, le <strong>Smart<br \/>\nGrid<\/strong>, <strong>Archimede<\/strong> e la <strong>mobilit\u00e0 elettrica<\/strong>:<\/p>\n<ul>\n<li>\n        <strong>La tecnologia per gli impianti di sequestro e cattura della CO2 \u00e8 gi\u00e0<br \/>\ndisponibile<\/strong>. Attraverso lo schema di cattura e sequestro geologico<br \/>\ndell&#8217;anidride carbonica, questo soggetto introduce la tecnologia CCS che Enel<br \/>\nsta sperimentando a Brindisi per eliminare il camino dalle centrali<br \/>\nelettriche.\n    <\/li>\n<li>\n        <strong>Le nuove reti intelligenti e interattive sono gi\u00e0 una realt\u00e0<\/strong>. Quello<br \/>\nche l&#8217;annuncio propone \u00e8 lo schema di funzionamento delle Smart Grids: le reti<br \/>\ndel futuro che permetteranno l&#8217;interazione e lo scambio di energia, aumentando<br \/>\nl&#8217;efficienza e favorendo la diffusione delle fonti rinnovabili.\n    <\/li>\n<li>\n        <strong>La tecnologia per produrre a accumulare il sole \u00e8 gi\u00e0 disponibile<\/strong>.<br \/>\nQuesto soggetto ritrae lo schema dell&#8217;impianto solare termodinamico che Enel<br \/>\nsta realizzando in Sicilia, particolarmente innovativo per la sua capacit\u00e0 di<br \/>\nprodurre energia anche di notte o quando il sole non c&#8217;\u00e8.\n    <\/li>\n<li>\n        <strong>Il pi\u00f9 grande progetto di mobilit\u00e0 elettrica \u00e8 gi\u00e0 realt\u00e0<\/strong>.<br \/>\nAttraverso un disegno sulla strada si vuole parla di una delle pi\u00f9 ambiziose<br \/>\niniziative nel campo della tecnologia e dell&#8217;efficienza energetica lanciate<br \/>\nultimamente da Enel: quella per la mobilit\u00e0 elettrica che, con la diffusione di<br \/>\npunti di ricarica per le auto, vuole rendere pi\u00f9 pulite, vivibili e meno<br \/>\nrumorose le nostre citt\u00e0.<\/li>\n<\/ul>\n<p>A questi, si aggiunge un ulteriore soggetto pensato per fare da cappello<br \/>\nall&#8217;intera campagna: quello chiamato <strong>Uomo ed energia<\/strong> che intende<br \/>\nraccontare la vision Enel, qui sintetizzata nella frase <em><strong>L&#8217;energia del<br \/>\nfuturo \u00e8 un sistema intelligente che mette al centro l&#8217;uomo<\/strong><\/em>.<br \/>\nPremendo un interruttore, inserendo una spina oppure producendo la propria<br \/>\nenergia, infatti, ognuno parteciper\u00e0 ad un sistema di cui sar\u00e0 parte attiva e<br \/>\nche &#8211; grazie alle innovazioni gi\u00e0 disponibili e a quelle che verranno messe a<br \/>\npunto in futuro &#8211; consentir\u00e0 di usare meglio l&#8217;energia senza cambiare abitudini<br \/>\ndi consumo e, al tempo stesso, facendo del bene all&#8217;ambiente.<\/p>\n<p>&nbsp;<\/p>\n<p>&nbsp;<\/p>\n","protected":false},"excerpt":{"rendered":"<p>Con il nuovo sito &#8220;The future will follow&#8221; Enel rinnova il proprio impegno verso l\u2019ambiente e illustra le migliori innovazioni proposte nel campo, dalla CCS alle reti intelligenti.<\/p>\n","protected":false},"author":10,"featured_media":0,"comment_status":"open","ping_status":"open","sticky":false,"template":"","format":"standard","meta":{"cybocfi_hide_featured_image":"","footnotes":""},"categories":[55],"tags":[96,11902,11903,3663,113,9066,11905,11904],"class_list":["post-3935","post","type-post","status-publish","format-standard","hentry","category-ambiente","tag-ambiente","tag-ccs","tag-e-mobility","tag-enel","tag-energia","tag-nucleare","tag-smart-grid","tag-solare-termodinamico"],"yoast_head":"<!-- This site is optimized with the Yoast SEO plugin v27.0 - https:\/\/yoast.com\/product\/yoast-seo-wordpress\/ -->\n<title>Energia e ambiente: Enel guarda al futuro - Article Marketing<\/title>\n<meta name=\"robots\" content=\"index, follow, max-snippet:-1, max-image-preview:large, max-video-preview:-1\" \/>\n<link rel=\"canonical\" href=\"https:\/\/www.article-marketing.eu\/comunicati\/ambiente\/energia-e-ambiente-enel-guarda-al-futuro\/\" \/>\n<meta property=\"og:locale\" content=\"it_IT\" \/>\n<meta property=\"og:type\" content=\"article\" \/>\n<meta property=\"og:title\" content=\"Energia e ambiente: Enel guarda al futuro - Article Marketing\" \/>\n<meta property=\"og:description\" content=\"Con il nuovo sito &quot;The future will follow&quot; Enel rinnova il proprio impegno verso l\u2019ambiente e illustra le migliori innovazioni proposte nel campo, dalla CCS alle reti intelligenti.\" \/>\n<meta property=\"og:url\" content=\"https:\/\/www.article-marketing.eu\/comunicati\/ambiente\/energia-e-ambiente-enel-guarda-al-futuro\/\" \/>\n<meta property=\"og:site_name\" content=\"Article Marketing\" \/>\n<meta property=\"article:published_time\" content=\"2010-01-25T17:30:13+00:00\" \/>\n<meta name=\"author\" content=\"Redazione Comunicati Stampa\" \/>\n<meta name=\"twitter:card\" content=\"summary_large_image\" \/>\n<meta name=\"twitter:label1\" content=\"Scritto da\" \/>\n\t<meta name=\"twitter:data1\" content=\"Redazione Comunicati Stampa\" \/>\n\t<meta name=\"twitter:label2\" content=\"Tempo di lettura stimato\" \/>\n\t<meta name=\"twitter:data2\" content=\"3 minuti\" \/>\n<script type=\"application\/ld+json\" class=\"yoast-schema-graph\">{\"@context\":\"https:\/\/schema.org\",\"@graph\":[{\"@type\":\"Article\",\"@id\":\"https:\/\/www.article-marketing.eu\/comunicati\/ambiente\/energia-e-ambiente-enel-guarda-al-futuro\/#article\",\"isPartOf\":{\"@id\":\"https:\/\/www.article-marketing.eu\/comunicati\/ambiente\/energia-e-ambiente-enel-guarda-al-futuro\/\"},\"author\":{\"name\":\"Redazione Comunicati Stampa\",\"@id\":\"https:\/\/www.article-marketing.eu\/comunicati\/#\/schema\/person\/44372e4d4d0fa797b18e03ed1ace9017\"},\"headline\":\"Energia e ambiente: Enel guarda al futuro\",\"datePublished\":\"2010-01-25T17:30:13+00:00\",\"mainEntityOfPage\":{\"@id\":\"https:\/\/www.article-marketing.eu\/comunicati\/ambiente\/energia-e-ambiente-enel-guarda-al-futuro\/\"},\"wordCount\":693,\"commentCount\":0,\"keywords\":[\"ambiente\",\"ccs\",\"e-mobility\",\"enel\",\"energia\",\"nucleare\",\"smart grid\",\"solare termodinamico\"],\"articleSection\":[\"Ambiente\"],\"inLanguage\":\"it-IT\",\"potentialAction\":[{\"@type\":\"CommentAction\",\"name\":\"Comment\",\"target\":[\"https:\/\/www.article-marketing.eu\/comunicati\/ambiente\/energia-e-ambiente-enel-guarda-al-futuro\/#respond\"]}]},{\"@type\":\"WebPage\",\"@id\":\"https:\/\/www.article-marketing.eu\/comunicati\/ambiente\/energia-e-ambiente-enel-guarda-al-futuro\/\",\"url\":\"https:\/\/www.article-marketing.eu\/comunicati\/ambiente\/energia-e-ambiente-enel-guarda-al-futuro\/\",\"name\":\"Energia e ambiente: Enel guarda al futuro - Article Marketing\",\"isPartOf\":{\"@id\":\"https:\/\/www.article-marketing.eu\/comunicati\/#website\"},\"datePublished\":\"2010-01-25T17:30:13+00:00\",\"author\":{\"@id\":\"https:\/\/www.article-marketing.eu\/comunicati\/#\/schema\/person\/44372e4d4d0fa797b18e03ed1ace9017\"},\"breadcrumb\":{\"@id\":\"https:\/\/www.article-marketing.eu\/comunicati\/ambiente\/energia-e-ambiente-enel-guarda-al-futuro\/#breadcrumb\"},\"inLanguage\":\"it-IT\",\"potentialAction\":[{\"@type\":\"ReadAction\",\"target\":[\"https:\/\/www.article-marketing.eu\/comunicati\/ambiente\/energia-e-ambiente-enel-guarda-al-futuro\/\"]}]},{\"@type\":\"BreadcrumbList\",\"@id\":\"https:\/\/www.article-marketing.eu\/comunicati\/ambiente\/energia-e-ambiente-enel-guarda-al-futuro\/#breadcrumb\",\"itemListElement\":[{\"@type\":\"ListItem\",\"position\":1,\"name\":\"Home\",\"item\":\"https:\/\/www.article-marketing.eu\/comunicati\/\"},{\"@type\":\"ListItem\",\"position\":2,\"name\":\"Energia e ambiente: Enel guarda al futuro\"}]},{\"@type\":\"WebSite\",\"@id\":\"https:\/\/www.article-marketing.eu\/comunicati\/#website\",\"url\":\"https:\/\/www.article-marketing.eu\/comunicati\/\",\"name\":\"Article Marketing\",\"description\":\"article marketing &amp; press release\",\"potentialAction\":[{\"@type\":\"SearchAction\",\"target\":{\"@type\":\"EntryPoint\",\"urlTemplate\":\"https:\/\/www.article-marketing.eu\/comunicati\/?s={search_term_string}\"},\"query-input\":{\"@type\":\"PropertyValueSpecification\",\"valueRequired\":true,\"valueName\":\"search_term_string\"}}],\"inLanguage\":\"it-IT\"},{\"@type\":\"Person\",\"@id\":\"https:\/\/www.article-marketing.eu\/comunicati\/#\/schema\/person\/44372e4d4d0fa797b18e03ed1ace9017\",\"name\":\"Redazione Comunicati Stampa\",\"image\":{\"@type\":\"ImageObject\",\"inLanguage\":\"it-IT\",\"@id\":\"https:\/\/www.article-marketing.eu\/comunicati\/#\/schema\/person\/image\/\",\"url\":\"https:\/\/secure.gravatar.com\/avatar\/50e5c6421d3072f42e7ace803501602c60d75233d34e29fd05feb91c8760b792?s=96&d=mm&r=g\",\"contentUrl\":\"https:\/\/secure.gravatar.com\/avatar\/50e5c6421d3072f42e7ace803501602c60d75233d34e29fd05feb91c8760b792?s=96&d=mm&r=g\",\"caption\":\"Redazione Comunicati Stampa\"},\"url\":\"https:\/\/www.article-marketing.eu\/comunicati\/author\/redazione-comunicati-stampa\/\"}]}<\/script>\n<!-- \/ Yoast SEO plugin. -->","yoast_head_json":{"title":"Energia e ambiente: Enel guarda al futuro - Article Marketing","robots":{"index":"index","follow":"follow","max-snippet":"max-snippet:-1","max-image-preview":"max-image-preview:large","max-video-preview":"max-video-preview:-1"},"canonical":"https:\/\/www.article-marketing.eu\/comunicati\/ambiente\/energia-e-ambiente-enel-guarda-al-futuro\/","og_locale":"it_IT","og_type":"article","og_title":"Energia e ambiente: Enel guarda al futuro - Article Marketing","og_description":"Con il nuovo sito \"The future will follow\" Enel rinnova il proprio impegno verso l\u2019ambiente e illustra le migliori innovazioni proposte nel campo, dalla CCS alle reti intelligenti.","og_url":"https:\/\/www.article-marketing.eu\/comunicati\/ambiente\/energia-e-ambiente-enel-guarda-al-futuro\/","og_site_name":"Article Marketing","article_published_time":"2010-01-25T17:30:13+00:00","author":"Redazione Comunicati Stampa","twitter_card":"summary_large_image","twitter_misc":{"Scritto da":"Redazione Comunicati Stampa","Tempo di lettura stimato":"3 minuti"},"schema":{"@context":"https:\/\/schema.org","@graph":[{"@type":"Article","@id":"https:\/\/www.article-marketing.eu\/comunicati\/ambiente\/energia-e-ambiente-enel-guarda-al-futuro\/#article","isPartOf":{"@id":"https:\/\/www.article-marketing.eu\/comunicati\/ambiente\/energia-e-ambiente-enel-guarda-al-futuro\/"},"author":{"name":"Redazione Comunicati Stampa","@id":"https:\/\/www.article-marketing.eu\/comunicati\/#\/schema\/person\/44372e4d4d0fa797b18e03ed1ace9017"},"headline":"Energia e ambiente: Enel guarda al futuro","datePublished":"2010-01-25T17:30:13+00:00","mainEntityOfPage":{"@id":"https:\/\/www.article-marketing.eu\/comunicati\/ambiente\/energia-e-ambiente-enel-guarda-al-futuro\/"},"wordCount":693,"commentCount":0,"keywords":["ambiente","ccs","e-mobility","enel","energia","nucleare","smart grid","solare termodinamico"],"articleSection":["Ambiente"],"inLanguage":"it-IT","potentialAction":[{"@type":"CommentAction","name":"Comment","target":["https:\/\/www.article-marketing.eu\/comunicati\/ambiente\/energia-e-ambiente-enel-guarda-al-futuro\/#respond"]}]},{"@type":"WebPage","@id":"https:\/\/www.article-marketing.eu\/comunicati\/ambiente\/energia-e-ambiente-enel-guarda-al-futuro\/","url":"https:\/\/www.article-marketing.eu\/comunicati\/ambiente\/energia-e-ambiente-enel-guarda-al-futuro\/","name":"Energia e ambiente: Enel guarda al futuro - Article Marketing","isPartOf":{"@id":"https:\/\/www.article-marketing.eu\/comunicati\/#website"},"datePublished":"2010-01-25T17:30:13+00:00","author":{"@id":"https:\/\/www.article-marketing.eu\/comunicati\/#\/schema\/person\/44372e4d4d0fa797b18e03ed1ace9017"},"breadcrumb":{"@id":"https:\/\/www.article-marketing.eu\/comunicati\/ambiente\/energia-e-ambiente-enel-guarda-al-futuro\/#breadcrumb"},"inLanguage":"it-IT","potentialAction":[{"@type":"ReadAction","target":["https:\/\/www.article-marketing.eu\/comunicati\/ambiente\/energia-e-ambiente-enel-guarda-al-futuro\/"]}]},{"@type":"BreadcrumbList","@id":"https:\/\/www.article-marketing.eu\/comunicati\/ambiente\/energia-e-ambiente-enel-guarda-al-futuro\/#breadcrumb","itemListElement":[{"@type":"ListItem","position":1,"name":"Home","item":"https:\/\/www.article-marketing.eu\/comunicati\/"},{"@type":"ListItem","position":2,"name":"Energia e ambiente: Enel guarda al futuro"}]},{"@type":"WebSite","@id":"https:\/\/www.article-marketing.eu\/comunicati\/#website","url":"https:\/\/www.article-marketing.eu\/comunicati\/","name":"Article Marketing","description":"article marketing &amp; press release","potentialAction":[{"@type":"SearchAction","target":{"@type":"EntryPoint","urlTemplate":"https:\/\/www.article-marketing.eu\/comunicati\/?s={search_term_string}"},"query-input":{"@type":"PropertyValueSpecification","valueRequired":true,"valueName":"search_term_string"}}],"inLanguage":"it-IT"},{"@type":"Person","@id":"https:\/\/www.article-marketing.eu\/comunicati\/#\/schema\/person\/44372e4d4d0fa797b18e03ed1ace9017","name":"Redazione Comunicati Stampa","image":{"@type":"ImageObject","inLanguage":"it-IT","@id":"https:\/\/www.article-marketing.eu\/comunicati\/#\/schema\/person\/image\/","url":"https:\/\/secure.gravatar.com\/avatar\/50e5c6421d3072f42e7ace803501602c60d75233d34e29fd05feb91c8760b792?s=96&d=mm&r=g","contentUrl":"https:\/\/secure.gravatar.com\/avatar\/50e5c6421d3072f42e7ace803501602c60d75233d34e29fd05feb91c8760b792?s=96&d=mm&r=g","caption":"Redazione Comunicati Stampa"},"url":"https:\/\/www.article-marketing.eu\/comunicati\/author\/redazione-comunicati-stampa\/"}]}},"_links":{"self":[{"href":"https:\/\/www.article-marketing.eu\/comunicati\/wp-json\/wp\/v2\/posts\/3935","targetHints":{"allow":["GET"]}}],"collection":[{"href":"https:\/\/www.article-marketing.eu\/comunicati\/wp-json\/wp\/v2\/posts"}],"about":[{"href":"https:\/\/www.article-marketing.eu\/comunicati\/wp-json\/wp\/v2\/types\/post"}],"author":[{"embeddable":true,"href":"https:\/\/www.article-marketing.eu\/comunicati\/wp-json\/wp\/v2\/users\/10"}],"replies":[{"embeddable":true,"href":"https:\/\/www.article-marketing.eu\/comunicati\/wp-json\/wp\/v2\/comments?post=3935"}],"version-history":[{"count":0,"href":"https:\/\/www.article-marketing.eu\/comunicati\/wp-json\/wp\/v2\/posts\/3935\/revisions"}],"wp:attachment":[{"href":"https:\/\/www.article-marketing.eu\/comunicati\/wp-json\/wp\/v2\/media?parent=3935"}],"wp:term":[{"taxonomy":"category","embeddable":true,"href":"https:\/\/www.article-marketing.eu\/comunicati\/wp-json\/wp\/v2\/categories?post=3935"},{"taxonomy":"post_tag","embeddable":true,"href":"https:\/\/www.article-marketing.eu\/comunicati\/wp-json\/wp\/v2\/tags?post=3935"}],"curies":[{"name":"wp","href":"https:\/\/api.w.org\/{rel}","templated":true}]}}