{"id":39459,"date":"2014-03-06T14:03:26","date_gmt":"2014-03-06T13:03:26","guid":{"rendered":"http:\/\/www.article-marketing.eu\/comunicati\/senza-categoria\/dal-15-al-22-marzo-a-palazzo-margutta-una%80%99antologica-rende-omaggio-a-dino-piazza-esponente-di-spicco-della-a%80cscuola-romanaa%80%9d-2\/"},"modified":"2018-10-25T22:21:39","modified_gmt":"2018-10-25T20:21:39","slug":"dal-15-al-22-marzo-a-palazzo-margutta-una%80%99antologica-rende-omaggio-a-dino-piazza-esponente-di-spicco-della-a%80cscuola-romanaa%80%9d-2","status":"publish","type":"post","link":"https:\/\/www.article-marketing.eu\/comunicati\/arte-e-cultura\/dal-15-al-22-marzo-a-palazzo-margutta-una%80%99antologica-rende-omaggio-a-dino-piazza-esponente-di-spicco-della-a%80cscuola-romanaa%80%9d-2\/","title":{"rendered":"Dal 15 al 22 marzo, a Palazzo Margutta, un\u2019antologica rende omaggio a Dino Piazza, esponente di spicco della \u201cScuola romana\u201d"},"content":{"rendered":"<p><em style=\"mso-bidi-font-style: normal;\">Roma, 6 marzo 2014 &#8211;<\/em> Dal 15 al 22 marzo, la Galleria &ldquo;Il Mondo dell&rsquo;Arte&rdquo; ospita a Palazzo Margutta (Via Margutta, 55) una mostra <strong style=\"mso-bidi-font-weight: normal;\">antologica dal titolo &ldquo;Disegni e pitture di Dino Piazza. 1940 &ndash; 1953&rdquo; dedicata a Dino Piazza (1899-1953), personalit&agrave; artistica tanto eccezionale quanto affascinante, dotata di una straordinaria capacit&agrave; tecnica<\/strong>, ma soprattutto <em style=\"mso-bidi-font-style: normal;\">&ldquo;narratore dal temperamento avventuroso, curioso e, allo stesso tempo, incontentabile&rdquo;<\/em>, come ricorda Ugo Moretti, che di lui dice <em style=\"mso-bidi-font-style: normal;\">&ldquo;&egrave; il pi&ugrave; stupefacente risultato di una serie di incroci, innesti e contaminazioni, il pi&ugrave; curioso prodotto di una selezione eclettica che si possa trovare nei dintorni di Villa Strohl-Fern&rdquo;<\/em>. <br \/>Capace di avvicinarsi alle cose e alle persone con la partecipazione affettuosa della loro realt&agrave; e, allo stesso tempo, con la lucidit&agrave; fatale di un clinico, Piazza &egrave; <strong style=\"mso-bidi-font-weight: normal;\">dotato di una curiosit&agrave; intellettuale e di un&rsquo;autentica vocazione pittorica sulla quale lasciano traccia l&rsquo;arte di Matisse, Van Gogh ma anche Picasso, Morandi, Cacciagrossi e il Monachesi del periodo pi&ugrave; fauve e che va oltre la tela, trovando sfogo nell&rsquo;apertura verso linguaggi diversi<\/strong>: nelle tempere, che riverberano il mondo perduto di Cezanne e di Proust, come nell&rsquo;acquarello; nel disegno a china come nella fotografia. <br \/>Artista estremamente eclettico, questo <strong style=\"mso-bidi-font-weight: normal;\">pittore geniale e sensibile sembra trarre spunto da un&#8217;infinita variet&agrave; di tematiche per arrivare alla creazione di uno stile personale<\/strong> e originale che esce dagli schemi tradizionali. Capace di scandagliare senza remore n&eacute; timori l&rsquo;animo umano, che diventa protagonista assoluto del suo percorso, Dino Piazza realizza <strong style=\"mso-bidi-font-weight: normal;\">una pittura che &egrave;<\/strong>, allo stesso tempo, <strong style=\"mso-bidi-font-weight: normal;\">narrazione di un&rsquo;indagine paziente ed elaborata e risultato di una ricerca artistica millimetrata e ricca di sperimentazioni<\/strong> <strong style=\"mso-bidi-font-weight: normal;\">che parte dallo schizzo e dal disegno per arrivare all&rsquo;acquerello, al ritratto, al paesaggio, alle forme astratte.<\/strong><br \/>Ora decorativo, ora lirico, ora viaggiatore nel mondo delle sensazioni, ora ironico, egli <strong style=\"mso-bidi-font-weight: normal;\">anatomizza la realt&agrave; travalicandone i limiti oggettivi<\/strong>: non si limita, infatti, a fissare materialmente sulla tela l&rsquo;attimo compositivo, ma lo fa diventare testimonianza di come la vita possa assumere significati essenziali se misurata e valutata nei suoi contenuti interiori. <\/p>\n<p><strong style=\"mso-bidi-font-weight: normal;\">A curare l&rsquo;esposizione<\/strong>, che ripercorre i tre periodi pittorici dell&rsquo;artista, cos&igrave; come le tre fasi significative della sua vita e della sua opera, <strong style=\"mso-bidi-font-weight: normal;\">il Maestro Elvino Echeoni e Remo Panacchia, soci fondatori de &ldquo;Il Mondo dell&rsquo;Arte&rdquo;<\/strong>,<strong style=\"mso-bidi-font-weight: normal;\"> <\/strong>che da anni propone, nella sede espositiva di Via Margutta, Maestri che hanno portato l&rsquo;arte italiana nel mondo. <strong style=\"mso-bidi-font-weight: normal;\">L&rsquo;allestimento della mostra &egrave; stato, invece, curato dal gallerista Adriano Chiusuri. <\/strong><br \/>L&rsquo;appuntamento per il <strong style=\"mso-bidi-font-weight: normal;\">vernissage &egrave; fissato per sabato 15 marzo 2014 dalle 18.30 alle 21.30.<\/strong><\/p>\n<p>Nell&rsquo;esposizione con la quale la famiglia ha scelto di rendergli omaggio un&rsquo;<strong style=\"mso-bidi-font-weight: normal;\">ampia raccolta di opere pittoriche<\/strong> <strong style=\"mso-bidi-font-weight: normal;\">caratterizzate dal senso del colore, reso ancora pi&ugrave; acuto dai toni discreti della sua tavolozza, da un&rsquo;originale ed elegante immaginazione della forma, dal potere di evocare e aprire nel piano dello spazio trasparenze e profondit&agrave;.<\/strong> Tutti elementi, questi, che contribuiscono a rendere oggi l&rsquo;opera di Piazza ancora viva, fremente e capace di conservare il proprio slancio e la propria intenzione. Realizzati con <strong style=\"mso-bidi-font-weight: normal;\">tecniche diverse e spesso miste, compresi oli su tela, disegni a china, bozzetti e acquerelli che ritraggono composizioni figurative e floreali, ritratti o semplici figure isolate, che siano mendicanti, zingari, baiadere o arlecchini<\/strong>, questi lavori offrono al pubblico la possibilit&agrave; di ammirare uno spaccato importante della vasta e ricca attivit&agrave; di quest&rsquo;esponente di spicco della scuola romana generando un percorso che dagli esordi arriva fino alla piena maturit&agrave; artistica e testimonia la crescita stilistica del pittore.<\/p>\n<p>Figlio di famiglia mista, padre ebreo e madre cattolica, <strong style=\"mso-bidi-font-weight: normal;\">David Italo Piazza nasce a Roma nel 1899<\/strong>. Le possibilit&agrave; economiche dei genitori gli consentono di studiare e di laurearsi, dopo la conclusione degli eventi bellici, in ingegneria edile. <strong style=\"mso-bidi-font-weight: normal;\">Nella guerra del 1915-1918 milita nell&rsquo;arma degli Alpini<\/strong>: <strong style=\"mso-bidi-font-weight: normal;\">dell&rsquo;esperienza riporter&agrave; toccante testimonianza in un esteso diario di guerra, sua unica opera letteraria, che ne preannuncia la personalit&agrave; pittorica. Dopo la laurea<\/strong> e il matrimonio con Natalina Luzi, da cui nasce la figlia Elena, <strong style=\"mso-bidi-font-weight: normal;\">si trasferisce a Milano<\/strong> e l&igrave; esercita fino al 1924 la professione di ingegnere edile. <strong style=\"mso-bidi-font-weight: normal;\">Rientra nella Roma neorealista dell&rsquo;immediato dopoguerra e la sua casa diventa meta di molti artisti e intellettuali: i pittori Savelli, Avenali, Minei e Guttuso, gli scultori Daini, Petrone, Peikof, i letterati Moravia, Flaiano, Moretti, Silvana Giorgetti, il poeta Lorenzo Ercole Lanza di Trabia, la critica d&rsquo;arte Lorenza Trucchi, i giornalisti Jolena Baldini (Berenice), Antonio Bonavita, i cineasti Roberto Rossellini, l<\/strong><strong style=\"mso-bidi-font-weight: normal;\">&rsquo;<\/strong><strong style=\"mso-bidi-font-weight: normal;\">attrice Ione Salinas e il marito Antonio Musu, produttore.<\/strong> Intanto, a partire <strong style=\"mso-bidi-font-weight: normal;\">dagli anni &rsquo;30, si dedica alla fotografia<\/strong>, che gli permette una ricerca appassionata e indagatrice della realt&agrave;. Questi scatti, quadri gi&agrave; di per s&eacute;, colpiranno l&rsquo;amico pittore Marino Mazzacurati, che, intuendone le grandi capacit&agrave; e la sottile sensibilit&agrave;, incoragger&agrave; Piazza, assieme ad altri artisti amici, tra cui lo scultore ungherese Amerigo Tot, a dedicarsi alla pittura. Pur sopperendo al padre nell&#8217;attivit&agrave; di famiglia, <strong style=\"mso-bidi-font-weight: normal;\">Piazza inizia a dipingere assiduamente e segue con attenzione la pittura italiana e straniera contemporanea, lasciandosi ispirare, fra gli altri, da Van Gogh, di cui lo attrae la forza del colore, Matisse, che influenza soprattutto i suoi ritratti a olio, Gauguin, C&eacute;zanne, Modigliani, Klee, Kandisky e Marc.<\/strong> A segnare simbolicamente il debutto pittorico sar&agrave; un suo autoritratto del 1939 a cui seguiranno altri ritratti: in questi l&rsquo;espressione interna della personalit&agrave; viene delineata attraverso varie sperimentazioni stilistiche e tecniche ed &egrave; forte l&rsquo;influsso e la fascinazione di grandi maestri del passato. <strong style=\"mso-bidi-font-weight: normal;\">Nel 1941 Dino Piazza partecipa a una collettiva a Viareggio. In questa fase la ricerca &egrave; indirizzata alla rappresentazione di figure, spesso donne, o interni in cui spicca l&rsquo;influenza cezanniana. <\/strong>Immediatamente dopo iniziano lo studio e la rappresentazione del nudo femminile. Emerge cos&igrave; la figura della &ldquo;donna-fiore&rdquo; o della &ldquo;baiadera&rdquo; a cui dar&agrave; evoluzione nel corso della sua pittura, mentre oggetti e forme perdono peso rimanendo sospesi in uno spazio etereo. <strong style=\"mso-bidi-font-weight: normal;\">La svolta astratta, verso il 1948, l&rsquo;artista la compie come necessit&agrave; di proseguimento e continuazione rispetto al suo cammino stilistico. L&rsquo;uso dei toni freddi, dei colori &ldquo;lunari&rdquo; accentuano il carattere metafisico, irreale dei soggetti presenti nelle sue tele<\/strong>, e la narrazione prosegue su un terreno che reinventa la realt&agrave; ma che non ne &egrave; via di fuga. <strong style=\"mso-bidi-font-weight: normal;\">Tra il 1948 e il 1953<\/strong>, anno della sua morte, Piazza partecipa a poche esposizioni pubbliche (la personale alla galleria <em style=\"mso-bidi-font-style: normal;\">La Margherita<\/em> del 1948 e due quadriennali, quella del<em style=\"mso-bidi-font-style: normal;\"> <\/em>1948 e quella del 1951), ma <strong style=\"mso-bidi-font-weight: normal;\">lavora intensamente e verifica i sistemi espressivi tradizionali e d&rsquo;avanguardia saggiati in funzione del rapporto con la cruda realt&agrave; con cui aveva dovuto confrontarsi all&rsquo;indomani del secondo conflitto mondiale.<\/strong> Incoraggiate dai giudizi espressi a seguito di una personale postuma, moglie e figlia decidono di far conoscere meglio la sua arte. Nel 1969 la giuria della <em style=\"mso-bidi-font-style: normal;\">Quinta Biennale dell&#8217;Umorismo nell&#8217;Arte<\/em>, al termine di una mostra rievocativa, assegna all&rsquo;artista un diploma d&#8217;onore e una medaglia d&#8217;oro alla memoria evidenziando, come aveva gi&agrave; notato anche Mario Rivosecchi, la presenza nella sua pittura di una forte vena umoristica che gli consentiva di relazionarsi con gli altri e con le vicende che lo circondavano e lo rendeva libero di esprimere quello che sentiva o ironizzare su sistemi borghesi troppo rigidi. <br \/>Dell&rsquo;artista rimangono fra le 250 e le 300 opere, alcune delle quali conservate in collezioni pubbliche.<\/p>\n<p>Di lui hanno detto: <em style=\"mso-bidi-font-style: normal;\">&ldquo;Sulle tele di quest&#8217;uomo &egrave; passata, lasciando tracce evidenti e non taciute, anzi coraggiosamente denunciate, l&#8217;arte rivoluzionaria di Matisse e di Van Gogh: ma i risultati si avvicinano piuttosto (volendo scegliere tra i nostri pittori) ai quadri di Monachesi del periodo pi&ugrave; &#8220;fauve&#8221; e di questi hanno la violenza coloristica, il distacco dalla preoccupazione formale, la pennellata intera, e decisa; ma insieme si differenziano da quella maniera per una certa ironia mondana che lo spinge a far sorridere le sue modelle emerse dalle matasse dei colori puri come indicazioni allusive e caricaturali. Anche i rari paesaggi, tracciati con voluto fare sprezzante, sembrano frammenti d&#8217;un mondo goduto in fretta, portati via dalla velocit&agrave; della vita moderna. Mondo non ancora risolto in un gusto personale, nella preoccupazione di aggiornarsi troppo rapidamente lasciando indietro, senza avvedersene, una propria visione&rdquo;. <\/em>(Valerio Mariani)<br \/><em style=\"mso-bidi-font-style: normal;\"> <\/em><br \/><em style=\"mso-bidi-font-style: normal;\">&ldquo;Figuratevi un personaggio di Strindberg che sia stato a scuola da un fachiro, ambientatelo in un grattacielo di vetro, nutritelo di Heine e di Voltaire, laureatelo in ingegneria e fatelo soffrire perennemente di ulcera duodenale. Avete nella sua complessit&agrave; il pittore Dino Piazza. Che &egrave; il pi&ugrave; stupefacente risultato di una serie di incroci, innesti e contaminazioni, il pi&ugrave; curioso prodotto di una selezione eclettica che si possa trovare nei dintorni di Villa Strohl-Fern. Alto, magro, astenico, con un volto da protagonista segnato da migliaia di pensieri, sorrisi ed amarezze. Elegante nel gestire clownesco, col passo pesante di Atlante che regge il mondo sul groppone. Si diverte a vedersi vivere, a veder vivere gli altri, ma nessuno conosce la sua vita, quella che &egrave; sotto le rughe, dietro i suoi piccoli occhi di elefante in sofferenza. Forse i suoi quadri lo conoscono meglio, le sue tempere che riverberano il mondo perduto di Cezanne e di Proust, il mondo della sua infanzia. Forse Piazza &egrave; morto da bambino, ma nessuno se ne &egrave; accorto e lui ha continuato a camminare, a dipingere, a sorridere. Il sorriso di Piazza &egrave; una cosa crudele, iperborea. Con quel sorriso egli domina la giungla dei fatti e dei drammi umani come un pachiderma ironico, un Tab&ugrave;. E i suoi quadri sorridono nella stessa maniera.&rdquo; <\/em>(Ugo Moretti)<em style=\"mso-bidi-font-style: normal;\"> <\/em><br \/><em style=\"mso-bidi-font-style: normal;\"> <\/em><br \/><em style=\"mso-bidi-font-style: normal;\">&ldquo;Il travaglio creativo di Dino Piazza non si limita a fissare materialmente sulla tela l&#8217;occasione di un attimo meramente compositivo, ma va oltre, sino a diventare testimonianza di come la vita possa assumere essenziale significato se misurata e valutata nei suoi contenuti interiori. E l&#8217;arte &egrave; tale quando travalica i limiti crudamente oggettivi, quando scandaglia, anatomizza la realt&agrave; per tradursi in una nuova realt&agrave; o meglio in una realt&agrave; riscoperta. Proprio in questo senso ha operato Dino Piazza: scoprendo, attraverso i suoi registri cromatici, l&#8217;illeggibilit&agrave; di una consistenza oggettiva e ricavando da un&#8217;apparente squallida rappresentazione i motivi di un&#8217;elevata poeticit&agrave; e gli elementi di un dramma consumato nel pi&ugrave; frenato dolore. E se qualche volta egli &egrave; sceso all&#8217;ironia, ha lasciato sempre affiorare le sottili venature della tristezza quasi a conservare una sua spirituale e sofferta partecipazione alla vita. Negli impasti regolati dai toni discreti della sua tavolozza (dove peraltro le accensioni bruciano pur sempre in una controllata castigatezza), Dino Piazza &egrave; riuscito a materializzare la profondit&agrave; dei sentimenti umani in un&#8217;orchestrazione vibrata e conclusiva, mirando al valore assoluto della forma nella quale il gesto pittorico si &egrave; mantenuto vivo e durevole anche per quel contenuto di illimitata essenziale disperata umanit&agrave;. Nell&#8217;operare di Dino Piazza non esistono, direi, fratture n&eacute; contrasti perch&eacute; gli sviluppi ascendono per gradi e arrivano pienamente a una salda coerenza stilistica. Gli assunti formali si orientano decisamente verso un&#8217;estetica espressionistica, ma ridimensionata in vibrazioni pi&ugrave; pensate, controllate &ndash; non marcate e angosciose, quindi &ndash; miranti comunque a risolvere una condizione spirituale secondo stabilite intenzioni e concetti lungamente maturati. Sugli esempi anche della cultura francese tardo-impressionistica, Dino Piazza affina il suo temperamento, tenendo presente la &laquo;purificata e essenziale poetica di Matisse&raquo;, ma non disdegna di guardare a Modigliani: questi continui ripensamenti, curati in un clima di calibrata osservazione, corroborano la sua sensibilit&agrave;. La sua singolarit&agrave; creativa, ricca di emozioni fin troppo spontanee che pare nascano da un suggerimento naif, esce invece da un rigore mentale, oltre che dal cuore, si fa sostanza pittorica e vive naturalmente, senza supporti tecnicistici; e la ricerca &egrave; millimetrata, quasi inavvertibile; il respiro, sempre ampio. Cos&igrave; &egrave; nata la pittura di Dino Piazza; nei fermenti pi&ugrave; vitali di una civilt&agrave; pittorica particolarmente europea, coi propositi di un linguaggio soprattutto aderente agli stimoli urgenti di una ricerca non soltanto legata ai valori della pittura.&rdquo; <\/em>(Carlo Giacomozzi)<em style=\"mso-bidi-font-style: normal;\"><\/em><\/p>\n<p>Galleria Il Mondo dell&rsquo;Arte &ldquo;Palazzo Margutta&rdquo; (www.ilmondodellarte.com) &#8211; Via Margutta, 55 Roma<br \/>Mostra personale: <strong style=\"mso-bidi-font-weight: normal;\">Mostra antologica di Dino Piazza<\/strong> <br \/>Vernissage cocktail <strong style=\"mso-bidi-font-weight: normal;\">sabato 15 marzo 2014, ore 18.30 &#8211; 21.30<\/strong>.<br \/>La mostra si protrarr&agrave; <strong style=\"mso-bidi-font-weight: normal;\">fino al 22 marzo 2014<\/strong>: dal marted&igrave; alla domenica dalle 10.30 alle 13.00 e dalle 16.00 alle 20.00 (aperto domenica pomeriggio &ndash; chiuso luned&igrave; mattina). <br \/> <em style=\"mso-bidi-font-style: normal;\"><\/em><\/p>\n","protected":false},"excerpt":{"rendered":"<p>In esposizione al civico 55 Via Margutta, un\u2019ampia raccolta di opere che rappresenta un interessante spaccato della sua feconda attivit\u00e0 pittorica. Grazie alla mostra il pubblico potr\u00e0 conoscere a pieno un eclettico e appassionato artista dotato di una curiosit\u00e0 intellettuale e di un\u2019autentica vocazione pittorica<\/p>\n","protected":false},"author":10,"featured_media":0,"comment_status":"open","ping_status":"open","sticky":false,"template":"","format":"standard","meta":{"cybocfi_hide_featured_image":"","footnotes":""},"categories":[27],"tags":[171,46366,33315,33313,1001,3383],"class_list":["post-39459","post","type-post","status-publish","format-standard","hentry","category-arte-e-cultura","tag-arte","tag-dino-piazza","tag-il-mondo-dellarte","tag-palazzo-margutta","tag-pittura","tag-via-margutta"],"yoast_head":"<!-- This site is optimized with the Yoast SEO plugin v27.0 - https:\/\/yoast.com\/product\/yoast-seo-wordpress\/ -->\n<title>Dal 15 al 22 marzo, a Palazzo Margutta, un\u2019antologica rende omaggio a Dino Piazza, esponente di spicco della \u201cScuola romana\u201d - Article Marketing<\/title>\n<meta name=\"robots\" content=\"index, follow, max-snippet:-1, max-image-preview:large, max-video-preview:-1\" \/>\n<link rel=\"canonical\" href=\"https:\/\/www.article-marketing.eu\/comunicati\/arte-e-cultura\/dal-15-al-22-marzo-a-palazzo-margutta-una??antologica-rende-omaggio-a-dino-piazza-esponente-di-spicco-della-a?cscuola-romanaa??-2\/\" \/>\n<meta property=\"og:locale\" content=\"it_IT\" \/>\n<meta property=\"og:type\" content=\"article\" \/>\n<meta property=\"og:title\" content=\"Dal 15 al 22 marzo, a Palazzo Margutta, un\u2019antologica rende omaggio a Dino Piazza, esponente di spicco della \u201cScuola romana\u201d - Article Marketing\" \/>\n<meta property=\"og:description\" content=\"In esposizione al civico 55 Via Margutta, un\u2019ampia raccolta di opere che rappresenta un interessante spaccato della sua feconda attivit\u00e0 pittorica. Grazie alla mostra il pubblico potr\u00e0 conoscere a pieno un eclettico e appassionato artista dotato di una curiosit\u00e0 intellettuale e di un\u2019autentica vocazione pittorica\" \/>\n<meta property=\"og:url\" content=\"\" \/>\n<meta property=\"og:site_name\" content=\"Article Marketing\" \/>\n<meta property=\"article:published_time\" content=\"2014-03-06T13:03:26+00:00\" \/>\n<meta property=\"article:modified_time\" content=\"2018-10-25T20:21:39+00:00\" \/>\n<meta name=\"author\" content=\"Redazione Comunicati Stampa\" \/>\n<meta name=\"twitter:card\" content=\"summary_large_image\" \/>\n<meta name=\"twitter:label1\" content=\"Scritto da\" \/>\n\t<meta name=\"twitter:data1\" content=\"Redazione Comunicati Stampa\" \/>\n\t<meta name=\"twitter:label2\" content=\"Tempo di lettura stimato\" \/>\n\t<meta name=\"twitter:data2\" content=\"11 minuti\" \/>\n<script type=\"application\/ld+json\" class=\"yoast-schema-graph\">{\"@context\":\"https:\/\/schema.org\",\"@graph\":[{\"@type\":\"Article\",\"@id\":\"https:\/\/www.article-marketing.eu\/comunicati\/arte-e-cultura\/dal-15-al-22-marzo-a-palazzo-margutta-una%80%99antologica-rende-omaggio-a-dino-piazza-esponente-di-spicco-della-a%80cscuola-romanaa%80%9d-2\/#article\",\"isPartOf\":{\"@id\":\"https:\/\/www.article-marketing.eu\/comunicati\/arte-e-cultura\/dal-15-al-22-marzo-a-palazzo-margutta-una%80%99antologica-rende-omaggio-a-dino-piazza-esponente-di-spicco-della-a%80cscuola-romanaa%80%9d-2\/\"},\"author\":{\"name\":\"Redazione Comunicati Stampa\",\"@id\":\"https:\/\/www.article-marketing.eu\/comunicati\/#\/schema\/person\/44372e4d4d0fa797b18e03ed1ace9017\"},\"headline\":\"Dal 15 al 22 marzo, a Palazzo Margutta, un\u2019antologica rende omaggio a Dino Piazza, esponente di spicco della \u201cScuola romana\u201d\",\"datePublished\":\"2014-03-06T13:03:26+00:00\",\"dateModified\":\"2018-10-25T20:21:39+00:00\",\"mainEntityOfPage\":{\"@id\":\"https:\/\/www.article-marketing.eu\/comunicati\/arte-e-cultura\/dal-15-al-22-marzo-a-palazzo-margutta-una%80%99antologica-rende-omaggio-a-dino-piazza-esponente-di-spicco-della-a%80cscuola-romanaa%80%9d-2\/\"},\"wordCount\":2156,\"commentCount\":0,\"keywords\":[\"arte\",\"Dino Piazza\",\"Il Mondo dell'Arte\",\"Palazzo Margutta\",\"pittura\",\"Via Margutta\"],\"articleSection\":[\"Arte e cultura\"],\"inLanguage\":\"it-IT\",\"potentialAction\":[{\"@type\":\"CommentAction\",\"name\":\"Comment\",\"target\":[\"https:\/\/www.article-marketing.eu\/comunicati\/arte-e-cultura\/dal-15-al-22-marzo-a-palazzo-margutta-una%80%99antologica-rende-omaggio-a-dino-piazza-esponente-di-spicco-della-a%80cscuola-romanaa%80%9d-2\/#respond\"]}]},{\"@type\":\"WebPage\",\"@id\":\"https:\/\/www.article-marketing.eu\/comunicati\/arte-e-cultura\/dal-15-al-22-marzo-a-palazzo-margutta-una%80%99antologica-rende-omaggio-a-dino-piazza-esponente-di-spicco-della-a%80cscuola-romanaa%80%9d-2\/\",\"url\":\"https:\/\/www.article-marketing.eu\/comunicati\/arte-e-cultura\/dal-15-al-22-marzo-a-palazzo-margutta-una%80%99antologica-rende-omaggio-a-dino-piazza-esponente-di-spicco-della-a%80cscuola-romanaa%80%9d-2\/\",\"name\":\"Dal 15 al 22 marzo, a Palazzo Margutta, un\u2019antologica rende omaggio a Dino Piazza, esponente di spicco della \u201cScuola romana\u201d - Article Marketing\",\"isPartOf\":{\"@id\":\"https:\/\/www.article-marketing.eu\/comunicati\/#website\"},\"datePublished\":\"2014-03-06T13:03:26+00:00\",\"dateModified\":\"2018-10-25T20:21:39+00:00\",\"author\":{\"@id\":\"https:\/\/www.article-marketing.eu\/comunicati\/#\/schema\/person\/44372e4d4d0fa797b18e03ed1ace9017\"},\"breadcrumb\":{\"@id\":\"https:\/\/www.article-marketing.eu\/comunicati\/arte-e-cultura\/dal-15-al-22-marzo-a-palazzo-margutta-una%80%99antologica-rende-omaggio-a-dino-piazza-esponente-di-spicco-della-a%80cscuola-romanaa%80%9d-2\/#breadcrumb\"},\"inLanguage\":\"it-IT\",\"potentialAction\":[{\"@type\":\"ReadAction\",\"target\":[\"https:\/\/www.article-marketing.eu\/comunicati\/arte-e-cultura\/dal-15-al-22-marzo-a-palazzo-margutta-una%80%99antologica-rende-omaggio-a-dino-piazza-esponente-di-spicco-della-a%80cscuola-romanaa%80%9d-2\/\"]}]},{\"@type\":\"BreadcrumbList\",\"@id\":\"https:\/\/www.article-marketing.eu\/comunicati\/arte-e-cultura\/dal-15-al-22-marzo-a-palazzo-margutta-una%80%99antologica-rende-omaggio-a-dino-piazza-esponente-di-spicco-della-a%80cscuola-romanaa%80%9d-2\/#breadcrumb\",\"itemListElement\":[{\"@type\":\"ListItem\",\"position\":1,\"name\":\"Home\",\"item\":\"https:\/\/www.article-marketing.eu\/comunicati\/\"},{\"@type\":\"ListItem\",\"position\":2,\"name\":\"Dal 15 al 22 marzo, a Palazzo Margutta, un\u2019antologica rende omaggio a Dino Piazza, esponente di spicco della \u201cScuola romana\u201d\"}]},{\"@type\":\"WebSite\",\"@id\":\"https:\/\/www.article-marketing.eu\/comunicati\/#website\",\"url\":\"https:\/\/www.article-marketing.eu\/comunicati\/\",\"name\":\"Article Marketing\",\"description\":\"article marketing &amp; press release\",\"potentialAction\":[{\"@type\":\"SearchAction\",\"target\":{\"@type\":\"EntryPoint\",\"urlTemplate\":\"https:\/\/www.article-marketing.eu\/comunicati\/?s={search_term_string}\"},\"query-input\":{\"@type\":\"PropertyValueSpecification\",\"valueRequired\":true,\"valueName\":\"search_term_string\"}}],\"inLanguage\":\"it-IT\"},{\"@type\":\"Person\",\"@id\":\"https:\/\/www.article-marketing.eu\/comunicati\/#\/schema\/person\/44372e4d4d0fa797b18e03ed1ace9017\",\"name\":\"Redazione Comunicati Stampa\",\"image\":{\"@type\":\"ImageObject\",\"inLanguage\":\"it-IT\",\"@id\":\"https:\/\/www.article-marketing.eu\/comunicati\/#\/schema\/person\/image\/\",\"url\":\"https:\/\/secure.gravatar.com\/avatar\/50e5c6421d3072f42e7ace803501602c60d75233d34e29fd05feb91c8760b792?s=96&d=mm&r=g\",\"contentUrl\":\"https:\/\/secure.gravatar.com\/avatar\/50e5c6421d3072f42e7ace803501602c60d75233d34e29fd05feb91c8760b792?s=96&d=mm&r=g\",\"caption\":\"Redazione Comunicati Stampa\"},\"url\":\"https:\/\/www.article-marketing.eu\/comunicati\/author\/redazione-comunicati-stampa\/\"}]}<\/script>\n<!-- \/ Yoast SEO plugin. -->","yoast_head_json":{"title":"Dal 15 al 22 marzo, a Palazzo Margutta, un\u2019antologica rende omaggio a Dino Piazza, esponente di spicco della \u201cScuola romana\u201d - Article Marketing","robots":{"index":"index","follow":"follow","max-snippet":"max-snippet:-1","max-image-preview":"max-image-preview:large","max-video-preview":"max-video-preview:-1"},"canonical":"https:\/\/www.article-marketing.eu\/comunicati\/arte-e-cultura\/dal-15-al-22-marzo-a-palazzo-margutta-una??antologica-rende-omaggio-a-dino-piazza-esponente-di-spicco-della-a?cscuola-romanaa??-2\/","og_locale":"it_IT","og_type":"article","og_title":"Dal 15 al 22 marzo, a Palazzo Margutta, un\u2019antologica rende omaggio a Dino Piazza, esponente di spicco della \u201cScuola romana\u201d - Article Marketing","og_description":"In esposizione al civico 55 Via Margutta, un\u2019ampia raccolta di opere che rappresenta un interessante spaccato della sua feconda attivit\u00e0 pittorica. Grazie alla mostra il pubblico potr\u00e0 conoscere a pieno un eclettico e appassionato artista dotato di una curiosit\u00e0 intellettuale e di un\u2019autentica vocazione pittorica","og_url":"https:\/\/www.article-marketing.eu\/comunicati\/arte-e-cultura\/dal-15-al-22-marzo-a-palazzo-margutta-una??antologica-rende-omaggio-a-dino-piazza-esponente-di-spicco-della-a?cscuola-romanaa??-2\/","og_site_name":"Article Marketing","article_published_time":"2014-03-06T13:03:26+00:00","article_modified_time":"2018-10-25T20:21:39+00:00","author":"Redazione Comunicati Stampa","twitter_card":"summary_large_image","twitter_misc":{"Scritto da":"Redazione Comunicati Stampa","Tempo di lettura stimato":"11 minuti"},"schema":{"@context":"https:\/\/schema.org","@graph":[{"@type":"Article","@id":"https:\/\/www.article-marketing.eu\/comunicati\/arte-e-cultura\/dal-15-al-22-marzo-a-palazzo-margutta-una%80%99antologica-rende-omaggio-a-dino-piazza-esponente-di-spicco-della-a%80cscuola-romanaa%80%9d-2\/#article","isPartOf":{"@id":"https:\/\/www.article-marketing.eu\/comunicati\/arte-e-cultura\/dal-15-al-22-marzo-a-palazzo-margutta-una%80%99antologica-rende-omaggio-a-dino-piazza-esponente-di-spicco-della-a%80cscuola-romanaa%80%9d-2\/"},"author":{"name":"Redazione Comunicati Stampa","@id":"https:\/\/www.article-marketing.eu\/comunicati\/#\/schema\/person\/44372e4d4d0fa797b18e03ed1ace9017"},"headline":"Dal 15 al 22 marzo, a Palazzo Margutta, un\u2019antologica rende omaggio a Dino Piazza, esponente di spicco della \u201cScuola romana\u201d","datePublished":"2014-03-06T13:03:26+00:00","dateModified":"2018-10-25T20:21:39+00:00","mainEntityOfPage":{"@id":"https:\/\/www.article-marketing.eu\/comunicati\/arte-e-cultura\/dal-15-al-22-marzo-a-palazzo-margutta-una%80%99antologica-rende-omaggio-a-dino-piazza-esponente-di-spicco-della-a%80cscuola-romanaa%80%9d-2\/"},"wordCount":2156,"commentCount":0,"keywords":["arte","Dino Piazza","Il Mondo dell'Arte","Palazzo Margutta","pittura","Via Margutta"],"articleSection":["Arte e cultura"],"inLanguage":"it-IT","potentialAction":[{"@type":"CommentAction","name":"Comment","target":["https:\/\/www.article-marketing.eu\/comunicati\/arte-e-cultura\/dal-15-al-22-marzo-a-palazzo-margutta-una%80%99antologica-rende-omaggio-a-dino-piazza-esponente-di-spicco-della-a%80cscuola-romanaa%80%9d-2\/#respond"]}]},{"@type":"WebPage","@id":"https:\/\/www.article-marketing.eu\/comunicati\/arte-e-cultura\/dal-15-al-22-marzo-a-palazzo-margutta-una%80%99antologica-rende-omaggio-a-dino-piazza-esponente-di-spicco-della-a%80cscuola-romanaa%80%9d-2\/","url":"https:\/\/www.article-marketing.eu\/comunicati\/arte-e-cultura\/dal-15-al-22-marzo-a-palazzo-margutta-una%80%99antologica-rende-omaggio-a-dino-piazza-esponente-di-spicco-della-a%80cscuola-romanaa%80%9d-2\/","name":"Dal 15 al 22 marzo, a Palazzo Margutta, un\u2019antologica rende omaggio a Dino Piazza, esponente di spicco della \u201cScuola romana\u201d - Article Marketing","isPartOf":{"@id":"https:\/\/www.article-marketing.eu\/comunicati\/#website"},"datePublished":"2014-03-06T13:03:26+00:00","dateModified":"2018-10-25T20:21:39+00:00","author":{"@id":"https:\/\/www.article-marketing.eu\/comunicati\/#\/schema\/person\/44372e4d4d0fa797b18e03ed1ace9017"},"breadcrumb":{"@id":"https:\/\/www.article-marketing.eu\/comunicati\/arte-e-cultura\/dal-15-al-22-marzo-a-palazzo-margutta-una%80%99antologica-rende-omaggio-a-dino-piazza-esponente-di-spicco-della-a%80cscuola-romanaa%80%9d-2\/#breadcrumb"},"inLanguage":"it-IT","potentialAction":[{"@type":"ReadAction","target":["https:\/\/www.article-marketing.eu\/comunicati\/arte-e-cultura\/dal-15-al-22-marzo-a-palazzo-margutta-una%80%99antologica-rende-omaggio-a-dino-piazza-esponente-di-spicco-della-a%80cscuola-romanaa%80%9d-2\/"]}]},{"@type":"BreadcrumbList","@id":"https:\/\/www.article-marketing.eu\/comunicati\/arte-e-cultura\/dal-15-al-22-marzo-a-palazzo-margutta-una%80%99antologica-rende-omaggio-a-dino-piazza-esponente-di-spicco-della-a%80cscuola-romanaa%80%9d-2\/#breadcrumb","itemListElement":[{"@type":"ListItem","position":1,"name":"Home","item":"https:\/\/www.article-marketing.eu\/comunicati\/"},{"@type":"ListItem","position":2,"name":"Dal 15 al 22 marzo, a Palazzo Margutta, un\u2019antologica rende omaggio a Dino Piazza, esponente di spicco della \u201cScuola romana\u201d"}]},{"@type":"WebSite","@id":"https:\/\/www.article-marketing.eu\/comunicati\/#website","url":"https:\/\/www.article-marketing.eu\/comunicati\/","name":"Article Marketing","description":"article marketing &amp; press release","potentialAction":[{"@type":"SearchAction","target":{"@type":"EntryPoint","urlTemplate":"https:\/\/www.article-marketing.eu\/comunicati\/?s={search_term_string}"},"query-input":{"@type":"PropertyValueSpecification","valueRequired":true,"valueName":"search_term_string"}}],"inLanguage":"it-IT"},{"@type":"Person","@id":"https:\/\/www.article-marketing.eu\/comunicati\/#\/schema\/person\/44372e4d4d0fa797b18e03ed1ace9017","name":"Redazione Comunicati Stampa","image":{"@type":"ImageObject","inLanguage":"it-IT","@id":"https:\/\/www.article-marketing.eu\/comunicati\/#\/schema\/person\/image\/","url":"https:\/\/secure.gravatar.com\/avatar\/50e5c6421d3072f42e7ace803501602c60d75233d34e29fd05feb91c8760b792?s=96&d=mm&r=g","contentUrl":"https:\/\/secure.gravatar.com\/avatar\/50e5c6421d3072f42e7ace803501602c60d75233d34e29fd05feb91c8760b792?s=96&d=mm&r=g","caption":"Redazione Comunicati Stampa"},"url":"https:\/\/www.article-marketing.eu\/comunicati\/author\/redazione-comunicati-stampa\/"}]}},"_links":{"self":[{"href":"https:\/\/www.article-marketing.eu\/comunicati\/wp-json\/wp\/v2\/posts\/39459","targetHints":{"allow":["GET"]}}],"collection":[{"href":"https:\/\/www.article-marketing.eu\/comunicati\/wp-json\/wp\/v2\/posts"}],"about":[{"href":"https:\/\/www.article-marketing.eu\/comunicati\/wp-json\/wp\/v2\/types\/post"}],"author":[{"embeddable":true,"href":"https:\/\/www.article-marketing.eu\/comunicati\/wp-json\/wp\/v2\/users\/10"}],"replies":[{"embeddable":true,"href":"https:\/\/www.article-marketing.eu\/comunicati\/wp-json\/wp\/v2\/comments?post=39459"}],"version-history":[{"count":1,"href":"https:\/\/www.article-marketing.eu\/comunicati\/wp-json\/wp\/v2\/posts\/39459\/revisions"}],"predecessor-version":[{"id":63837,"href":"https:\/\/www.article-marketing.eu\/comunicati\/wp-json\/wp\/v2\/posts\/39459\/revisions\/63837"}],"wp:attachment":[{"href":"https:\/\/www.article-marketing.eu\/comunicati\/wp-json\/wp\/v2\/media?parent=39459"}],"wp:term":[{"taxonomy":"category","embeddable":true,"href":"https:\/\/www.article-marketing.eu\/comunicati\/wp-json\/wp\/v2\/categories?post=39459"},{"taxonomy":"post_tag","embeddable":true,"href":"https:\/\/www.article-marketing.eu\/comunicati\/wp-json\/wp\/v2\/tags?post=39459"}],"curies":[{"name":"wp","href":"https:\/\/api.w.org\/{rel}","templated":true}]}}