{"id":39464,"date":"2014-03-13T19:27:39","date_gmt":"2014-03-13T18:27:39","guid":{"rendered":"http:\/\/www.article-marketing.eu\/comunicati\/senza-categoria\/mamme-e-lavoro-la-difficolt%25c3%25a0-del-post-parto\/"},"modified":"2014-03-13T19:27:39","modified_gmt":"2014-03-13T18:27:39","slug":"mamme-e-lavoro-la-difficolt%25c3%25a0-del-post-parto","status":"publish","type":"post","link":"https:\/\/www.article-marketing.eu\/comunicati\/societa\/news-e-attualita\/mamme-e-lavoro-la-difficolt%25c3%25a0-del-post-parto\/","title":{"rendered":"Mamme e lavoro: la difficolt\u00e0 del post-parto"},"content":{"rendered":"<p>Secondo una recente indagine condotta da<strong> Ispo (Istituto per gli studi per la pubblica opinione)<\/strong> su un campione di 505 donne diventate madre tra il 2000 e il 2013, il 72% delle intervistate &egrave; tornato al lavoro dopo la gravidanza, il 56% nello stesso posto di lavoro, il 16% in un luogo di lavoro differente da quello in possesso prima della gravidanza.<br \/>\n<br \/> Entrando nello specifico delle posizioni e tipologie contrattuali, si assiste ad una buona parte delle donne intervistate con contratti di durata indeterminata (65%), il 30% con contratti atipici o precari, il 58% come lavoratrici autonome. <strong>Chi esce dal mondo del lavoro <\/strong>e possiede un contratto atipico, lo fa il pi&ugrave; delle volte per motivi di natura aziendale, come <strong>crisi o ristrutturazioni (47%)<\/strong>, con una fascia molto cospicua di mamme lavoratrici, <strong>circa il 31% che lascia il lavoro per impossibilit&agrave; di conciliare figli e lavoro.<\/strong><br \/>\n<strong><\/strong><br \/> <strong>Non dimentichiamo che il tessuto sociale <\/strong>italiano consente alle neomamme di poter contare sull&rsquo;assistenza di altri familiari, nonni in primis con il 43% dei casi, ed in caso negativo su strutture dedicate quali nidi pubblici o privati. Molto auspicabile da parte delle donne che desiderano avere bambini &egrave; la presenza di asili all&rsquo;interno dell&rsquo;azienda in cui si lavoro, anche se questa prospettiva sembra ancora una chimera o una rarit&agrave; per poche elette.<br \/>\nStrumenti di conciliazione validi per consentire alle neomamme un ritorno agevole sul posto di lavoro e prendersi cura dei figli sono la <strong>flessibilit&agrave; dell&rsquo;orario di lavoro in entrata ed uscita<\/strong>; altri hanno proposto di potenziare, sulla base delle esperienze mutuate dai Paesi del Nord Europa, dove &egrave; molto praticato, <strong>il part-time orizzontale e verticale,<\/strong> con la conseguenza di una riduzione del reddito percepito; altri ancora il <strong>congedo di paternit&agrave;<\/strong>, che al momento risulta il pi&ugrave; utilizzato dai pap&agrave; per la cura dei neonati.<br \/>\n<br \/> <strong>Sempre pi&ugrave; incisiva si fa la richiesta del telelavoro per neomamme<\/strong>, che consenta la gestione domestica delle attivit&agrave; professionali e la comodit&agrave; di assistere ai figli. Nonostante se ne parli da troppo tempo, tutto questo evidenzia in modo chiaro, da una parte, la necessit&agrave; di trovare formule in grado di <a href=\"http:\/\/expomamma.it\/\">conciliare maternit&agrave; e lavoro<\/a>; dall&rsquo;altra, di superare l&rsquo;idea che la maternit&agrave; possa comportare un rischio per il proprio lavoro.<br \/> Molte sono le realt&agrave; associative e aziendali in grado di supportare le neomamme nel periodo di transizione dal post-parto al ritorno al lavoro attraverso <strong>attivit&agrave; di counseling<\/strong>, ovvero di orientare sia dal punto di vista psicologico le scelte delle neomamme, sia dal punto di vista della gestione delle attivit&agrave; familiari, che per la loro natura in non pochi casi scoraggiano il ritorno al lavoro delle donne nel periodo post-parto.<\/p>\n","protected":false},"excerpt":{"rendered":"<p>In questo articolo, potrai trovare alcuni spunti interessanti per le neomamme che si trovano ad affrontare il post-parto ed il ritorno al lavoro.<\/p>\n","protected":false},"author":10,"featured_media":0,"comment_status":"open","ping_status":"open","sticky":false,"template":"","format":"standard","meta":{"cybocfi_hide_featured_image":"","footnotes":""},"categories":[81],"tags":[46371,46372,46370,46374,46373],"class_list":["post-39464","post","type-post","status-publish","format-standard","hentry","category-news-e-attualita","tag-diritti-delle-donne-in-maternita","tag-diritti-lavorativi-per-neomamme","tag-lavoro-e-maternita","tag-mamme-e-lavoro","tag-telelavoro-per-madri-lavoratici"],"yoast_head":"<!-- This site is optimized with the Yoast SEO plugin v27.0 - https:\/\/yoast.com\/product\/yoast-seo-wordpress\/ -->\n<title>Mamme e lavoro: la difficolt\u00e0 del post-parto - Article Marketing<\/title>\n<meta name=\"robots\" content=\"index, follow, max-snippet:-1, max-image-preview:large, max-video-preview:-1\" \/>\n<link rel=\"canonical\" href=\"https:\/\/www.article-marketing.eu\/comunicati\/societa\/news-e-attualita\/mamme-e-lavoro-la-difficolt%c3%a0-del-post-parto\/\" \/>\n<meta property=\"og:locale\" content=\"it_IT\" \/>\n<meta property=\"og:type\" content=\"article\" \/>\n<meta property=\"og:title\" content=\"Mamme e lavoro: la difficolt\u00e0 del post-parto - Article Marketing\" \/>\n<meta property=\"og:description\" content=\"In questo articolo, potrai trovare alcuni spunti interessanti per le neomamme che si trovano ad affrontare il post-parto ed il ritorno al lavoro.\" \/>\n<meta property=\"og:url\" content=\"https:\/\/www.article-marketing.eu\/comunicati\/societa\/news-e-attualita\/mamme-e-lavoro-la-difficolt%c3%a0-del-post-parto\/\" \/>\n<meta property=\"og:site_name\" content=\"Article Marketing\" \/>\n<meta property=\"article:published_time\" content=\"2014-03-13T18:27:39+00:00\" \/>\n<meta name=\"author\" content=\"Redazione Comunicati Stampa\" \/>\n<meta name=\"twitter:card\" content=\"summary_large_image\" \/>\n<meta name=\"twitter:label1\" content=\"Scritto da\" \/>\n\t<meta name=\"twitter:data1\" content=\"Redazione Comunicati Stampa\" \/>\n\t<meta name=\"twitter:label2\" content=\"Tempo di lettura stimato\" \/>\n\t<meta name=\"twitter:data2\" content=\"2 minuti\" \/>\n<script type=\"application\/ld+json\" class=\"yoast-schema-graph\">{\"@context\":\"https:\/\/schema.org\",\"@graph\":[{\"@type\":\"Article\",\"@id\":\"https:\/\/www.article-marketing.eu\/comunicati\/societa\/news-e-attualita\/mamme-e-lavoro-la-difficolt%25c3%25a0-del-post-parto\/#article\",\"isPartOf\":{\"@id\":\"https:\/\/www.article-marketing.eu\/comunicati\/societa\/news-e-attualita\/mamme-e-lavoro-la-difficolt%25c3%25a0-del-post-parto\/\"},\"author\":{\"name\":\"Redazione Comunicati Stampa\",\"@id\":\"https:\/\/www.article-marketing.eu\/comunicati\/#\/schema\/person\/44372e4d4d0fa797b18e03ed1ace9017\"},\"headline\":\"Mamme e lavoro: la difficolt\u00e0 del post-parto\",\"datePublished\":\"2014-03-13T18:27:39+00:00\",\"mainEntityOfPage\":{\"@id\":\"https:\/\/www.article-marketing.eu\/comunicati\/societa\/news-e-attualita\/mamme-e-lavoro-la-difficolt%25c3%25a0-del-post-parto\/\"},\"wordCount\":462,\"commentCount\":0,\"keywords\":[\"diritti delle donne in maternit\u00e0\",\"diritti lavorativi per neomamme\",\"lavoro e maternit\u00e0\",\"mamme e lavoro\",\"telelavoro per madri lavoratici\"],\"articleSection\":[\"News e Attualit\u00e0\"],\"inLanguage\":\"it-IT\",\"potentialAction\":[{\"@type\":\"CommentAction\",\"name\":\"Comment\",\"target\":[\"https:\/\/www.article-marketing.eu\/comunicati\/societa\/news-e-attualita\/mamme-e-lavoro-la-difficolt%25c3%25a0-del-post-parto\/#respond\"]}]},{\"@type\":\"WebPage\",\"@id\":\"https:\/\/www.article-marketing.eu\/comunicati\/societa\/news-e-attualita\/mamme-e-lavoro-la-difficolt%25c3%25a0-del-post-parto\/\",\"url\":\"https:\/\/www.article-marketing.eu\/comunicati\/societa\/news-e-attualita\/mamme-e-lavoro-la-difficolt%25c3%25a0-del-post-parto\/\",\"name\":\"Mamme e lavoro: la difficolt\u00e0 del post-parto - Article Marketing\",\"isPartOf\":{\"@id\":\"https:\/\/www.article-marketing.eu\/comunicati\/#website\"},\"datePublished\":\"2014-03-13T18:27:39+00:00\",\"author\":{\"@id\":\"https:\/\/www.article-marketing.eu\/comunicati\/#\/schema\/person\/44372e4d4d0fa797b18e03ed1ace9017\"},\"breadcrumb\":{\"@id\":\"https:\/\/www.article-marketing.eu\/comunicati\/societa\/news-e-attualita\/mamme-e-lavoro-la-difficolt%25c3%25a0-del-post-parto\/#breadcrumb\"},\"inLanguage\":\"it-IT\",\"potentialAction\":[{\"@type\":\"ReadAction\",\"target\":[\"https:\/\/www.article-marketing.eu\/comunicati\/societa\/news-e-attualita\/mamme-e-lavoro-la-difficolt%25c3%25a0-del-post-parto\/\"]}]},{\"@type\":\"BreadcrumbList\",\"@id\":\"https:\/\/www.article-marketing.eu\/comunicati\/societa\/news-e-attualita\/mamme-e-lavoro-la-difficolt%25c3%25a0-del-post-parto\/#breadcrumb\",\"itemListElement\":[{\"@type\":\"ListItem\",\"position\":1,\"name\":\"Home\",\"item\":\"https:\/\/www.article-marketing.eu\/comunicati\/\"},{\"@type\":\"ListItem\",\"position\":2,\"name\":\"Mamme e lavoro: la difficolt\u00e0 del post-parto\"}]},{\"@type\":\"WebSite\",\"@id\":\"https:\/\/www.article-marketing.eu\/comunicati\/#website\",\"url\":\"https:\/\/www.article-marketing.eu\/comunicati\/\",\"name\":\"Article Marketing\",\"description\":\"article marketing &amp; press release\",\"potentialAction\":[{\"@type\":\"SearchAction\",\"target\":{\"@type\":\"EntryPoint\",\"urlTemplate\":\"https:\/\/www.article-marketing.eu\/comunicati\/?s={search_term_string}\"},\"query-input\":{\"@type\":\"PropertyValueSpecification\",\"valueRequired\":true,\"valueName\":\"search_term_string\"}}],\"inLanguage\":\"it-IT\"},{\"@type\":\"Person\",\"@id\":\"https:\/\/www.article-marketing.eu\/comunicati\/#\/schema\/person\/44372e4d4d0fa797b18e03ed1ace9017\",\"name\":\"Redazione Comunicati Stampa\",\"image\":{\"@type\":\"ImageObject\",\"inLanguage\":\"it-IT\",\"@id\":\"https:\/\/www.article-marketing.eu\/comunicati\/#\/schema\/person\/image\/\",\"url\":\"https:\/\/secure.gravatar.com\/avatar\/50e5c6421d3072f42e7ace803501602c60d75233d34e29fd05feb91c8760b792?s=96&d=mm&r=g\",\"contentUrl\":\"https:\/\/secure.gravatar.com\/avatar\/50e5c6421d3072f42e7ace803501602c60d75233d34e29fd05feb91c8760b792?s=96&d=mm&r=g\",\"caption\":\"Redazione Comunicati Stampa\"},\"url\":\"https:\/\/www.article-marketing.eu\/comunicati\/author\/redazione-comunicati-stampa\/\"}]}<\/script>\n<!-- \/ Yoast SEO plugin. -->","yoast_head_json":{"title":"Mamme e lavoro: la difficolt\u00e0 del post-parto - Article Marketing","robots":{"index":"index","follow":"follow","max-snippet":"max-snippet:-1","max-image-preview":"max-image-preview:large","max-video-preview":"max-video-preview:-1"},"canonical":"https:\/\/www.article-marketing.eu\/comunicati\/societa\/news-e-attualita\/mamme-e-lavoro-la-difficolt%c3%a0-del-post-parto\/","og_locale":"it_IT","og_type":"article","og_title":"Mamme e lavoro: la difficolt\u00e0 del post-parto - Article Marketing","og_description":"In questo articolo, potrai trovare alcuni spunti interessanti per le neomamme che si trovano ad affrontare il post-parto ed il ritorno al lavoro.","og_url":"https:\/\/www.article-marketing.eu\/comunicati\/societa\/news-e-attualita\/mamme-e-lavoro-la-difficolt%c3%a0-del-post-parto\/","og_site_name":"Article Marketing","article_published_time":"2014-03-13T18:27:39+00:00","author":"Redazione Comunicati Stampa","twitter_card":"summary_large_image","twitter_misc":{"Scritto da":"Redazione Comunicati Stampa","Tempo di lettura stimato":"2 minuti"},"schema":{"@context":"https:\/\/schema.org","@graph":[{"@type":"Article","@id":"https:\/\/www.article-marketing.eu\/comunicati\/societa\/news-e-attualita\/mamme-e-lavoro-la-difficolt%25c3%25a0-del-post-parto\/#article","isPartOf":{"@id":"https:\/\/www.article-marketing.eu\/comunicati\/societa\/news-e-attualita\/mamme-e-lavoro-la-difficolt%25c3%25a0-del-post-parto\/"},"author":{"name":"Redazione Comunicati Stampa","@id":"https:\/\/www.article-marketing.eu\/comunicati\/#\/schema\/person\/44372e4d4d0fa797b18e03ed1ace9017"},"headline":"Mamme e lavoro: la difficolt\u00e0 del post-parto","datePublished":"2014-03-13T18:27:39+00:00","mainEntityOfPage":{"@id":"https:\/\/www.article-marketing.eu\/comunicati\/societa\/news-e-attualita\/mamme-e-lavoro-la-difficolt%25c3%25a0-del-post-parto\/"},"wordCount":462,"commentCount":0,"keywords":["diritti delle donne in maternit\u00e0","diritti lavorativi per neomamme","lavoro e maternit\u00e0","mamme e lavoro","telelavoro per madri lavoratici"],"articleSection":["News e Attualit\u00e0"],"inLanguage":"it-IT","potentialAction":[{"@type":"CommentAction","name":"Comment","target":["https:\/\/www.article-marketing.eu\/comunicati\/societa\/news-e-attualita\/mamme-e-lavoro-la-difficolt%25c3%25a0-del-post-parto\/#respond"]}]},{"@type":"WebPage","@id":"https:\/\/www.article-marketing.eu\/comunicati\/societa\/news-e-attualita\/mamme-e-lavoro-la-difficolt%25c3%25a0-del-post-parto\/","url":"https:\/\/www.article-marketing.eu\/comunicati\/societa\/news-e-attualita\/mamme-e-lavoro-la-difficolt%25c3%25a0-del-post-parto\/","name":"Mamme e lavoro: la difficolt\u00e0 del post-parto - Article Marketing","isPartOf":{"@id":"https:\/\/www.article-marketing.eu\/comunicati\/#website"},"datePublished":"2014-03-13T18:27:39+00:00","author":{"@id":"https:\/\/www.article-marketing.eu\/comunicati\/#\/schema\/person\/44372e4d4d0fa797b18e03ed1ace9017"},"breadcrumb":{"@id":"https:\/\/www.article-marketing.eu\/comunicati\/societa\/news-e-attualita\/mamme-e-lavoro-la-difficolt%25c3%25a0-del-post-parto\/#breadcrumb"},"inLanguage":"it-IT","potentialAction":[{"@type":"ReadAction","target":["https:\/\/www.article-marketing.eu\/comunicati\/societa\/news-e-attualita\/mamme-e-lavoro-la-difficolt%25c3%25a0-del-post-parto\/"]}]},{"@type":"BreadcrumbList","@id":"https:\/\/www.article-marketing.eu\/comunicati\/societa\/news-e-attualita\/mamme-e-lavoro-la-difficolt%25c3%25a0-del-post-parto\/#breadcrumb","itemListElement":[{"@type":"ListItem","position":1,"name":"Home","item":"https:\/\/www.article-marketing.eu\/comunicati\/"},{"@type":"ListItem","position":2,"name":"Mamme e lavoro: la difficolt\u00e0 del post-parto"}]},{"@type":"WebSite","@id":"https:\/\/www.article-marketing.eu\/comunicati\/#website","url":"https:\/\/www.article-marketing.eu\/comunicati\/","name":"Article Marketing","description":"article marketing &amp; press release","potentialAction":[{"@type":"SearchAction","target":{"@type":"EntryPoint","urlTemplate":"https:\/\/www.article-marketing.eu\/comunicati\/?s={search_term_string}"},"query-input":{"@type":"PropertyValueSpecification","valueRequired":true,"valueName":"search_term_string"}}],"inLanguage":"it-IT"},{"@type":"Person","@id":"https:\/\/www.article-marketing.eu\/comunicati\/#\/schema\/person\/44372e4d4d0fa797b18e03ed1ace9017","name":"Redazione Comunicati Stampa","image":{"@type":"ImageObject","inLanguage":"it-IT","@id":"https:\/\/www.article-marketing.eu\/comunicati\/#\/schema\/person\/image\/","url":"https:\/\/secure.gravatar.com\/avatar\/50e5c6421d3072f42e7ace803501602c60d75233d34e29fd05feb91c8760b792?s=96&d=mm&r=g","contentUrl":"https:\/\/secure.gravatar.com\/avatar\/50e5c6421d3072f42e7ace803501602c60d75233d34e29fd05feb91c8760b792?s=96&d=mm&r=g","caption":"Redazione Comunicati Stampa"},"url":"https:\/\/www.article-marketing.eu\/comunicati\/author\/redazione-comunicati-stampa\/"}]}},"_links":{"self":[{"href":"https:\/\/www.article-marketing.eu\/comunicati\/wp-json\/wp\/v2\/posts\/39464","targetHints":{"allow":["GET"]}}],"collection":[{"href":"https:\/\/www.article-marketing.eu\/comunicati\/wp-json\/wp\/v2\/posts"}],"about":[{"href":"https:\/\/www.article-marketing.eu\/comunicati\/wp-json\/wp\/v2\/types\/post"}],"author":[{"embeddable":true,"href":"https:\/\/www.article-marketing.eu\/comunicati\/wp-json\/wp\/v2\/users\/10"}],"replies":[{"embeddable":true,"href":"https:\/\/www.article-marketing.eu\/comunicati\/wp-json\/wp\/v2\/comments?post=39464"}],"version-history":[{"count":0,"href":"https:\/\/www.article-marketing.eu\/comunicati\/wp-json\/wp\/v2\/posts\/39464\/revisions"}],"wp:attachment":[{"href":"https:\/\/www.article-marketing.eu\/comunicati\/wp-json\/wp\/v2\/media?parent=39464"}],"wp:term":[{"taxonomy":"category","embeddable":true,"href":"https:\/\/www.article-marketing.eu\/comunicati\/wp-json\/wp\/v2\/categories?post=39464"},{"taxonomy":"post_tag","embeddable":true,"href":"https:\/\/www.article-marketing.eu\/comunicati\/wp-json\/wp\/v2\/tags?post=39464"}],"curies":[{"name":"wp","href":"https:\/\/api.w.org\/{rel}","templated":true}]}}