{"id":39468,"date":"2014-03-06T15:10:56","date_gmt":"2014-03-06T14:10:56","guid":{"rendered":"http:\/\/www.article-marketing.eu\/comunicati\/senza-categoria\/nuovo-programma-dei-corsi-ecm-fad-2014-di-focus-fad-scopri-le-novit%c3%a0\/"},"modified":"2014-03-06T15:10:56","modified_gmt":"2014-03-06T14:10:56","slug":"nuovo-programma-dei-corsi-ecm-fad-2014-di-focus-fad-scopri-le-novit%c3%a0","status":"publish","type":"post","link":"https:\/\/www.article-marketing.eu\/comunicati\/comunicati-stampa\/nuovo-programma-dei-corsi-ecm-fad-2014-di-focus-fad-scopri-le-novit%c3%a0\/","title":{"rendered":"Nuovo programma dei corsi ecm FAD 2014 di Focus Fad: scopri le novit\u00e0!"},"content":{"rendered":"<p>Provider Accreditato ecm dal 2011 Focus Fad si impegna a pianificare corsi di formazione a distanza in una logica di qualit&agrave;, monitorando e delineando procedure specifiche inerenti la progettazione di percorsi fomativi e la programmazione di attivit&agrave; di orientamento.<br \/>\nInfatti, tutti i corsi ecm di Focus Fad sono dotati di crediti ecm.<br \/>Focus Fad si occupa dell&#8217;attivazione e della gestione di corsi ecm FAD e di percorsi di formazione su campo FSC, volti a migliorare le competenze teoriche e pratiche e ad avvalorare l&rsquo;iter professionale con un know-how di alto livello.<br \/>In riferimento al programma dei corsi ecm FAD 2014, Focus Fad presenta percorsi ecm FAD orientati al servizio alla persona e all&rsquo;ambito socio-sanitario rivolti a fisioterapisti, psicologi, medici fisiatri, infermieri, medici ortopedici e operatori sanitari.<br \/>Nel <a href=\"http:\/\/www.focusfad.it\/\" target=\"_blank\" title=\"programma dei corsi ecm 2014\">programma dei corsi ecm 2014<\/a> Focus Fad presenta due interessanti novit&agrave; RES (corsi FAD residenziali) per fisioterapisti dedicati alla riabilitazione. <br \/>Dal 29 al 30 marzo 2014 si svolger&agrave; a Milano il corso ecm FAD &ldquo;La riabilitazione nella cooperazione internazionale&rdquo;, organizzato da Focus Fad in collaborazione con Fisioterapisti Senza Frontiere.<br \/>Nel corso per fisioterapista di Focus Fad verr&agrave; presentata l&rsquo;attivit&agrave; svolta da Fisioterapisti Senza Frontiere con aggiornamenti sulle capacit&agrave; operative e approfondimenti sull&rsquo;attivit&agrave; riabilitativa e sul ruolo del fisioterapista nei paesi in via di sviluppo. <br \/>In collaborazione con il Centro di Riabilitazione AXIA, a Bologna dal 5 al 6 aprile 2014, si terr&agrave; il corso base per fisioterapista &ldquo;Fasciature elastiche propriocettive&rdquo; (F.El.P.), incentrato sull&#8217;aggiornamento delle nuove tecniche di riabilitazione.<br \/>Per il programma dei corsi ecm 2014 Focus Fad ha inoltre attivato nuovi moduli con crediti ecm per la formazione a distanza dedicati alla riabilitazione della persona a domicilio e della persona in et&agrave; evolutiva.<br \/>Il terzo modulo del corso FAD &ldquo;I saperi derivanti dall&rsquo;esperienza. Valutazione e trattamento dei disturbi di memoria ed attenzione&rdquo;, attivato il 5 marzo 2014, prevede un percorso formativo di 5 ore inerente la gestione della cartella clinica e la programmazione tramite software opensource. <br \/>La partnership con con la web agency DMlogica e con il Centro di Riabilitazione AXIA di Bologna aggiunge valore alle attivit&agrave; di formazione a distanza svolte da Focus Fad, assicurando rispettivamente un supporto informatico e tecnico-manuale essenziale per il piano dell&rsquo;offerta formativa.<br \/>\nFocus Fad dal 2011 si impegna a pianificare corsi di formazione ecm in una logica di qualit&agrave;, delineando e monitorando specifiche procedure inerenti la progettazione dei percorsi fomativi, attivit&agrave; di orientamento, programmazione e gestione dei corsi fad, percorsi di formazione su campo volti a migliorare le competenze pratiche e avvalorare l&rsquo;esperienza professionale con un know-how specifico e di alto livello.<br \/><\/p>\n","protected":false},"excerpt":{"rendered":"<p>Tra le proposte pi\u00f9 interessanti Focus Fad presenta due novit\u00e0 RES (corsi fad residenziali) dedicati alla riabilitazione fisioterapica.<\/p>\n","protected":false},"author":10,"featured_media":0,"comment_status":"open","ping_status":"open","sticky":false,"template":"","format":"standard","meta":{"cybocfi_hide_featured_image":"","footnotes":""},"categories":[190],"tags":[45857,35273,45858],"class_list":["post-39468","post","type-post","status-publish","format-standard","hentry","category-comunicati-stampa","tag-corsi-ecm","tag-ecm-fad","tag-focus-fad"],"yoast_head":"<!-- This site is optimized with the Yoast SEO plugin v27.0 - https:\/\/yoast.com\/product\/yoast-seo-wordpress\/ -->\n<title>Nuovo programma dei corsi ecm FAD 2014 di Focus Fad: scopri le novit\u00e0! - Article Marketing<\/title>\n<meta name=\"robots\" content=\"index, follow, max-snippet:-1, max-image-preview:large, max-video-preview:-1\" \/>\n<link rel=\"canonical\" href=\"https:\/\/www.article-marketing.eu\/comunicati\/comunicati-stampa\/nuovo-programma-dei-corsi-ecm-fad-2014-di-focus-fad-scopri-le-novit\u00e0\/\" \/>\n<meta property=\"og:locale\" content=\"it_IT\" \/>\n<meta property=\"og:type\" content=\"article\" \/>\n<meta property=\"og:title\" content=\"Nuovo programma dei corsi ecm FAD 2014 di Focus Fad: scopri le novit\u00e0! - Article Marketing\" \/>\n<meta property=\"og:description\" content=\"Tra le proposte pi\u00f9 interessanti Focus Fad presenta due novit\u00e0 RES (corsi fad residenziali) dedicati alla riabilitazione fisioterapica.\" \/>\n<meta property=\"og:url\" content=\"https:\/\/www.article-marketing.eu\/comunicati\/comunicati-stampa\/nuovo-programma-dei-corsi-ecm-fad-2014-di-focus-fad-scopri-le-novit\u00e0\/\" \/>\n<meta property=\"og:site_name\" content=\"Article Marketing\" \/>\n<meta property=\"article:published_time\" content=\"2014-03-06T14:10:56+00:00\" \/>\n<meta name=\"author\" content=\"Redazione Comunicati Stampa\" \/>\n<meta name=\"twitter:card\" content=\"summary_large_image\" \/>\n<meta name=\"twitter:label1\" content=\"Scritto da\" \/>\n\t<meta name=\"twitter:data1\" content=\"Redazione Comunicati Stampa\" \/>\n\t<meta name=\"twitter:label2\" content=\"Tempo di lettura stimato\" \/>\n\t<meta name=\"twitter:data2\" content=\"2 minuti\" \/>\n<script type=\"application\/ld+json\" class=\"yoast-schema-graph\">{\"@context\":\"https:\/\/schema.org\",\"@graph\":[{\"@type\":\"Article\",\"@id\":\"https:\/\/www.article-marketing.eu\/comunicati\/comunicati-stampa\/nuovo-programma-dei-corsi-ecm-fad-2014-di-focus-fad-scopri-le-novit%c3%a0\/#article\",\"isPartOf\":{\"@id\":\"https:\/\/www.article-marketing.eu\/comunicati\/comunicati-stampa\/nuovo-programma-dei-corsi-ecm-fad-2014-di-focus-fad-scopri-le-novit%c3%a0\/\"},\"author\":{\"name\":\"Redazione Comunicati Stampa\",\"@id\":\"https:\/\/www.article-marketing.eu\/comunicati\/#\/schema\/person\/44372e4d4d0fa797b18e03ed1ace9017\"},\"headline\":\"Nuovo programma dei corsi ecm FAD 2014 di Focus Fad: scopri le novit\u00e0!\",\"datePublished\":\"2014-03-06T14:10:56+00:00\",\"mainEntityOfPage\":{\"@id\":\"https:\/\/www.article-marketing.eu\/comunicati\/comunicati-stampa\/nuovo-programma-dei-corsi-ecm-fad-2014-di-focus-fad-scopri-le-novit%c3%a0\/\"},\"wordCount\":458,\"commentCount\":0,\"keywords\":[\"corsi ecm\",\"ecm fad\",\"focus fad\"],\"articleSection\":[\"Comunicati stampa\"],\"inLanguage\":\"it-IT\",\"potentialAction\":[{\"@type\":\"CommentAction\",\"name\":\"Comment\",\"target\":[\"https:\/\/www.article-marketing.eu\/comunicati\/comunicati-stampa\/nuovo-programma-dei-corsi-ecm-fad-2014-di-focus-fad-scopri-le-novit%c3%a0\/#respond\"]}]},{\"@type\":\"WebPage\",\"@id\":\"https:\/\/www.article-marketing.eu\/comunicati\/comunicati-stampa\/nuovo-programma-dei-corsi-ecm-fad-2014-di-focus-fad-scopri-le-novit%c3%a0\/\",\"url\":\"https:\/\/www.article-marketing.eu\/comunicati\/comunicati-stampa\/nuovo-programma-dei-corsi-ecm-fad-2014-di-focus-fad-scopri-le-novit%c3%a0\/\",\"name\":\"Nuovo programma dei corsi ecm FAD 2014 di Focus Fad: scopri le novit\u00e0! - Article Marketing\",\"isPartOf\":{\"@id\":\"https:\/\/www.article-marketing.eu\/comunicati\/#website\"},\"datePublished\":\"2014-03-06T14:10:56+00:00\",\"author\":{\"@id\":\"https:\/\/www.article-marketing.eu\/comunicati\/#\/schema\/person\/44372e4d4d0fa797b18e03ed1ace9017\"},\"breadcrumb\":{\"@id\":\"https:\/\/www.article-marketing.eu\/comunicati\/comunicati-stampa\/nuovo-programma-dei-corsi-ecm-fad-2014-di-focus-fad-scopri-le-novit%c3%a0\/#breadcrumb\"},\"inLanguage\":\"it-IT\",\"potentialAction\":[{\"@type\":\"ReadAction\",\"target\":[\"https:\/\/www.article-marketing.eu\/comunicati\/comunicati-stampa\/nuovo-programma-dei-corsi-ecm-fad-2014-di-focus-fad-scopri-le-novit%c3%a0\/\"]}]},{\"@type\":\"BreadcrumbList\",\"@id\":\"https:\/\/www.article-marketing.eu\/comunicati\/comunicati-stampa\/nuovo-programma-dei-corsi-ecm-fad-2014-di-focus-fad-scopri-le-novit%c3%a0\/#breadcrumb\",\"itemListElement\":[{\"@type\":\"ListItem\",\"position\":1,\"name\":\"Home\",\"item\":\"https:\/\/www.article-marketing.eu\/comunicati\/\"},{\"@type\":\"ListItem\",\"position\":2,\"name\":\"Nuovo programma dei corsi ecm FAD 2014 di Focus Fad: scopri le novit\u00e0!\"}]},{\"@type\":\"WebSite\",\"@id\":\"https:\/\/www.article-marketing.eu\/comunicati\/#website\",\"url\":\"https:\/\/www.article-marketing.eu\/comunicati\/\",\"name\":\"Article Marketing\",\"description\":\"article marketing &amp; press release\",\"potentialAction\":[{\"@type\":\"SearchAction\",\"target\":{\"@type\":\"EntryPoint\",\"urlTemplate\":\"https:\/\/www.article-marketing.eu\/comunicati\/?s={search_term_string}\"},\"query-input\":{\"@type\":\"PropertyValueSpecification\",\"valueRequired\":true,\"valueName\":\"search_term_string\"}}],\"inLanguage\":\"it-IT\"},{\"@type\":\"Person\",\"@id\":\"https:\/\/www.article-marketing.eu\/comunicati\/#\/schema\/person\/44372e4d4d0fa797b18e03ed1ace9017\",\"name\":\"Redazione Comunicati Stampa\",\"image\":{\"@type\":\"ImageObject\",\"inLanguage\":\"it-IT\",\"@id\":\"https:\/\/www.article-marketing.eu\/comunicati\/#\/schema\/person\/image\/\",\"url\":\"https:\/\/secure.gravatar.com\/avatar\/50e5c6421d3072f42e7ace803501602c60d75233d34e29fd05feb91c8760b792?s=96&d=mm&r=g\",\"contentUrl\":\"https:\/\/secure.gravatar.com\/avatar\/50e5c6421d3072f42e7ace803501602c60d75233d34e29fd05feb91c8760b792?s=96&d=mm&r=g\",\"caption\":\"Redazione Comunicati Stampa\"},\"url\":\"https:\/\/www.article-marketing.eu\/comunicati\/author\/redazione-comunicati-stampa\/\"}]}<\/script>\n<!-- \/ Yoast SEO plugin. -->","yoast_head_json":{"title":"Nuovo programma dei corsi ecm FAD 2014 di Focus Fad: scopri le novit\u00e0! - Article Marketing","robots":{"index":"index","follow":"follow","max-snippet":"max-snippet:-1","max-image-preview":"max-image-preview:large","max-video-preview":"max-video-preview:-1"},"canonical":"https:\/\/www.article-marketing.eu\/comunicati\/comunicati-stampa\/nuovo-programma-dei-corsi-ecm-fad-2014-di-focus-fad-scopri-le-novit\u00e0\/","og_locale":"it_IT","og_type":"article","og_title":"Nuovo programma dei corsi ecm FAD 2014 di Focus Fad: scopri le novit\u00e0! - Article Marketing","og_description":"Tra le proposte pi\u00f9 interessanti Focus Fad presenta due novit\u00e0 RES (corsi fad residenziali) dedicati alla riabilitazione fisioterapica.","og_url":"https:\/\/www.article-marketing.eu\/comunicati\/comunicati-stampa\/nuovo-programma-dei-corsi-ecm-fad-2014-di-focus-fad-scopri-le-novit\u00e0\/","og_site_name":"Article Marketing","article_published_time":"2014-03-06T14:10:56+00:00","author":"Redazione Comunicati Stampa","twitter_card":"summary_large_image","twitter_misc":{"Scritto da":"Redazione Comunicati Stampa","Tempo di lettura stimato":"2 minuti"},"schema":{"@context":"https:\/\/schema.org","@graph":[{"@type":"Article","@id":"https:\/\/www.article-marketing.eu\/comunicati\/comunicati-stampa\/nuovo-programma-dei-corsi-ecm-fad-2014-di-focus-fad-scopri-le-novit%c3%a0\/#article","isPartOf":{"@id":"https:\/\/www.article-marketing.eu\/comunicati\/comunicati-stampa\/nuovo-programma-dei-corsi-ecm-fad-2014-di-focus-fad-scopri-le-novit%c3%a0\/"},"author":{"name":"Redazione Comunicati Stampa","@id":"https:\/\/www.article-marketing.eu\/comunicati\/#\/schema\/person\/44372e4d4d0fa797b18e03ed1ace9017"},"headline":"Nuovo programma dei corsi ecm FAD 2014 di Focus Fad: scopri le novit\u00e0!","datePublished":"2014-03-06T14:10:56+00:00","mainEntityOfPage":{"@id":"https:\/\/www.article-marketing.eu\/comunicati\/comunicati-stampa\/nuovo-programma-dei-corsi-ecm-fad-2014-di-focus-fad-scopri-le-novit%c3%a0\/"},"wordCount":458,"commentCount":0,"keywords":["corsi ecm","ecm fad","focus fad"],"articleSection":["Comunicati stampa"],"inLanguage":"it-IT","potentialAction":[{"@type":"CommentAction","name":"Comment","target":["https:\/\/www.article-marketing.eu\/comunicati\/comunicati-stampa\/nuovo-programma-dei-corsi-ecm-fad-2014-di-focus-fad-scopri-le-novit%c3%a0\/#respond"]}]},{"@type":"WebPage","@id":"https:\/\/www.article-marketing.eu\/comunicati\/comunicati-stampa\/nuovo-programma-dei-corsi-ecm-fad-2014-di-focus-fad-scopri-le-novit%c3%a0\/","url":"https:\/\/www.article-marketing.eu\/comunicati\/comunicati-stampa\/nuovo-programma-dei-corsi-ecm-fad-2014-di-focus-fad-scopri-le-novit%c3%a0\/","name":"Nuovo programma dei corsi ecm FAD 2014 di Focus Fad: scopri le novit\u00e0! - Article Marketing","isPartOf":{"@id":"https:\/\/www.article-marketing.eu\/comunicati\/#website"},"datePublished":"2014-03-06T14:10:56+00:00","author":{"@id":"https:\/\/www.article-marketing.eu\/comunicati\/#\/schema\/person\/44372e4d4d0fa797b18e03ed1ace9017"},"breadcrumb":{"@id":"https:\/\/www.article-marketing.eu\/comunicati\/comunicati-stampa\/nuovo-programma-dei-corsi-ecm-fad-2014-di-focus-fad-scopri-le-novit%c3%a0\/#breadcrumb"},"inLanguage":"it-IT","potentialAction":[{"@type":"ReadAction","target":["https:\/\/www.article-marketing.eu\/comunicati\/comunicati-stampa\/nuovo-programma-dei-corsi-ecm-fad-2014-di-focus-fad-scopri-le-novit%c3%a0\/"]}]},{"@type":"BreadcrumbList","@id":"https:\/\/www.article-marketing.eu\/comunicati\/comunicati-stampa\/nuovo-programma-dei-corsi-ecm-fad-2014-di-focus-fad-scopri-le-novit%c3%a0\/#breadcrumb","itemListElement":[{"@type":"ListItem","position":1,"name":"Home","item":"https:\/\/www.article-marketing.eu\/comunicati\/"},{"@type":"ListItem","position":2,"name":"Nuovo programma dei corsi ecm FAD 2014 di Focus Fad: scopri le novit\u00e0!"}]},{"@type":"WebSite","@id":"https:\/\/www.article-marketing.eu\/comunicati\/#website","url":"https:\/\/www.article-marketing.eu\/comunicati\/","name":"Article Marketing","description":"article marketing &amp; press release","potentialAction":[{"@type":"SearchAction","target":{"@type":"EntryPoint","urlTemplate":"https:\/\/www.article-marketing.eu\/comunicati\/?s={search_term_string}"},"query-input":{"@type":"PropertyValueSpecification","valueRequired":true,"valueName":"search_term_string"}}],"inLanguage":"it-IT"},{"@type":"Person","@id":"https:\/\/www.article-marketing.eu\/comunicati\/#\/schema\/person\/44372e4d4d0fa797b18e03ed1ace9017","name":"Redazione Comunicati Stampa","image":{"@type":"ImageObject","inLanguage":"it-IT","@id":"https:\/\/www.article-marketing.eu\/comunicati\/#\/schema\/person\/image\/","url":"https:\/\/secure.gravatar.com\/avatar\/50e5c6421d3072f42e7ace803501602c60d75233d34e29fd05feb91c8760b792?s=96&d=mm&r=g","contentUrl":"https:\/\/secure.gravatar.com\/avatar\/50e5c6421d3072f42e7ace803501602c60d75233d34e29fd05feb91c8760b792?s=96&d=mm&r=g","caption":"Redazione Comunicati Stampa"},"url":"https:\/\/www.article-marketing.eu\/comunicati\/author\/redazione-comunicati-stampa\/"}]}},"_links":{"self":[{"href":"https:\/\/www.article-marketing.eu\/comunicati\/wp-json\/wp\/v2\/posts\/39468","targetHints":{"allow":["GET"]}}],"collection":[{"href":"https:\/\/www.article-marketing.eu\/comunicati\/wp-json\/wp\/v2\/posts"}],"about":[{"href":"https:\/\/www.article-marketing.eu\/comunicati\/wp-json\/wp\/v2\/types\/post"}],"author":[{"embeddable":true,"href":"https:\/\/www.article-marketing.eu\/comunicati\/wp-json\/wp\/v2\/users\/10"}],"replies":[{"embeddable":true,"href":"https:\/\/www.article-marketing.eu\/comunicati\/wp-json\/wp\/v2\/comments?post=39468"}],"version-history":[{"count":0,"href":"https:\/\/www.article-marketing.eu\/comunicati\/wp-json\/wp\/v2\/posts\/39468\/revisions"}],"wp:attachment":[{"href":"https:\/\/www.article-marketing.eu\/comunicati\/wp-json\/wp\/v2\/media?parent=39468"}],"wp:term":[{"taxonomy":"category","embeddable":true,"href":"https:\/\/www.article-marketing.eu\/comunicati\/wp-json\/wp\/v2\/categories?post=39468"},{"taxonomy":"post_tag","embeddable":true,"href":"https:\/\/www.article-marketing.eu\/comunicati\/wp-json\/wp\/v2\/tags?post=39468"}],"curies":[{"name":"wp","href":"https:\/\/api.w.org\/{rel}","templated":true}]}}