{"id":3981,"date":"2010-01-29T09:21:51","date_gmt":"2010-01-29T08:21:51","guid":{"rendered":"http:\/\/www.article-marketing.eu\/comunicati\/senza-categoria\/fluminimaggiore-iglesias-e-buggerru-la-vacanza-dellavventura\/"},"modified":"2010-01-29T09:21:51","modified_gmt":"2010-01-29T08:21:51","slug":"fluminimaggiore-iglesias-e-buggerru-la-vacanza-dellavventura","status":"publish","type":"post","link":"https:\/\/www.article-marketing.eu\/comunicati\/viaggi-e-vacanze\/destinazioni\/fluminimaggiore-iglesias-e-buggerru-la-vacanza-dellavventura\/","title":{"rendered":"Fluminimaggiore, Iglesias e Buggerru: la vacanza dell&#8217;avventura"},"content":{"rendered":"<p>Quando la <strong>Sardegna<\/strong> ha approvato il passaggio alle 8 province tra le polemiche molti si sono domandati dell&#8217;utilit\u00e0. Lo spreco \u00e8 sembrato evidente ai pi\u00f9. Per\u00f2 questo passaggio ha contribuito a mettere in risalto delle zone storiche della Sardegna, che la vecchia delimitazione a 4 province nascondeva. Una delle &quot;regioni&quot; storiche \u00e8 quella del <strong>Sulcis-Iglesiente<\/strong>, universalmente nota per le miniere di carbone, oggi accorpata in una provincia con doppia sede a <strong>Carbonia<\/strong> e Iglesias, i due centri pi\u00f9 importanti del Sud Sardegna, dopo Cagliari e Quartu Sant&#8217;Elena.<\/p>\n<p>In termini turistici il Sulcis-Iglesiente vale il prezzo della riscoperta, per chi ancora non lo conoscesse. L&#8217;unicit\u00e0 di questo territorio \u00e8 dovuta al fatto che coniuga alla perfezione l&#8217;ambiente marino (e il turismo balneare) con le suggestioni della montagna (e il corollario di grotte, anfratti e lingue di pianure che intersecano i grandi costoni),<\/p>\n<p>Carbonia, come suggerisce il nome, \u00e8 il centro storico dell&#8217;estrazione mineraria ed \u00e8 la base di partenza per muoversi all&#8217;interno del parco geominerario, che conserva l&#8217;architettura industriale delle <em>miniere di Serbariu<\/em>, delle quali sono ancora visibili i castelli dei pozzi. Il centro minerario pi\u00f9 accattivante per\u00f2 \u00e8 nella zona di Iglesias, a Monteponi, i cui resti, rimessi a nuovo, sono stati consegnati alla locale universit\u00e0 che occupa tre corsi di laurea dedicati al territorio (come scienza dei materiali).<\/p>\n<p>Il turismo balneare \u00e8 meno sviluppato che in altre zone della Sardegna e questo non pu\u00f2 essere che un bene, considerando il volume dell&#8217;impatto umano in zone ad alta densit\u00e0 turistica. <strong>Buggerru<\/strong> \u00e8 la localit\u00e0 pi\u00f9 evocativa: gi\u00e0 sbocco minerario, offre in dono le famose spiagge, incastonate tra grandi costoni: Cala Domestica, Portixeddu, Porto Paglia e Funtanamare. Amati dai surfisti e dagli spericolati turisti dell&#8217;avventura. Le escursioni &#8211; infatti &#8211; sono un tratto dominante di tutto il territorio, che ha i suoi picchi pi\u00f9 alti nella catena del Monte Linas, a nord di <strong>Iglesias<\/strong>, che in inverno \u00e8 sempre avvolto da nebbie, neve e fresca vegetazione e valgono il prezzo di una gita.<\/p>\n<p>Un&#8217;ideale punto di partenza, economico e ricco di spunti, pu\u00f2 essere rappresentato dal pernottare in un <a href=\"http:\/\/www.bebdaanita.it\" target=\"_blank\" title=\"bed and breakfast iglesias\">bed and breakfast a Iglesias<\/a>, o nelle sue vicinanze, come il centro di Fluminimaggiore e da l\u00ec dirigersi a raggiera verso l&#8217;interno e la Riserva Natruale di Monte Arcosu, verso Carbonia, spingendosi a Narcao, sede di un festival musicale, oppure ancora pi\u00f9 gi\u00f9 e verso Occidente, nelle spiagge prospicienti al famoso Pan di Zucchero, una formazione rocciosa a sud di Buggerru, particolarmente apprezzata dai turisti.<\/p>\n<p>Il triangolo Iglesias &#8211; Fluminimaggiore &#8211; Iglesias \u00e8 quello che raccoglie in pochi chilometri l\u2019essenza di tutto il sulcis &#8211; Iglesiente, bench\u00e9 non si possa non fare menzione di <strong>Carloforte<\/strong> e delle isole di <strong>San Pietro<\/strong> e Sant\u2019Antioco. Carloforte \u00e8 famoso per la pesca del tonno e per essere una isola linguistica all\u2019interno del vasto panorama culturale sardo: i suoi abitanti &#8211; i tabarchini &#8211; parlano infatti una derivazione del dialetto genovese. <strong>Fluminimaggiore<\/strong> pu\u00f2 essere considerata il ricovero, Buggerru e le spiagge intorno, fino a Nebida, la meta.<\/p>\n<p>Iglesias \u00e8 il centro storicamente pi\u00f9 rilevante: citt\u00e0 prettamente medievale e poi spagnola, conserva tradizioni secolari come i Riti della Settimana Santa, tra i pi\u00f9 suggestivi dell&#8217;intera Sardegna, per la loro spericolate miscela di elementi sacri e profani.<\/p>\n","protected":false},"excerpt":{"rendered":"<p>La provincia del Sulcis Iglesiente, in Sardegna, racconta una storia e offre notevoli spunti per una vacanza all&#8217;insegna dell&#8217;avventura.<\/p>\n","protected":false},"author":10,"featured_media":0,"comment_status":"open","ping_status":"open","sticky":false,"template":"","format":"standard","meta":{"cybocfi_hide_featured_image":"","footnotes":""},"categories":[143],"tags":[595,11995],"class_list":["post-3981","post","type-post","status-publish","format-standard","hentry","category-destinazioni","tag-bed-and-breakfast","tag-iglesias"],"yoast_head":"<!-- This site is optimized with the Yoast SEO plugin v27.0 - https:\/\/yoast.com\/product\/yoast-seo-wordpress\/ -->\n<title>Fluminimaggiore, Iglesias e Buggerru: la vacanza dell&#039;avventura - Article Marketing<\/title>\n<meta name=\"robots\" content=\"index, follow, max-snippet:-1, max-image-preview:large, max-video-preview:-1\" \/>\n<link rel=\"canonical\" href=\"https:\/\/www.article-marketing.eu\/comunicati\/viaggi-e-vacanze\/destinazioni\/fluminimaggiore-iglesias-e-buggerru-la-vacanza-dellavventura\/\" \/>\n<meta property=\"og:locale\" content=\"it_IT\" \/>\n<meta property=\"og:type\" content=\"article\" \/>\n<meta property=\"og:title\" content=\"Fluminimaggiore, Iglesias e Buggerru: la vacanza dell&#039;avventura - Article Marketing\" \/>\n<meta property=\"og:description\" content=\"La provincia del Sulcis Iglesiente, in Sardegna, racconta una storia e offre notevoli spunti per una vacanza all&#039;insegna dell&#039;avventura.\" \/>\n<meta property=\"og:url\" content=\"https:\/\/www.article-marketing.eu\/comunicati\/viaggi-e-vacanze\/destinazioni\/fluminimaggiore-iglesias-e-buggerru-la-vacanza-dellavventura\/\" \/>\n<meta property=\"og:site_name\" content=\"Article Marketing\" \/>\n<meta property=\"article:published_time\" content=\"2010-01-29T08:21:51+00:00\" \/>\n<meta name=\"author\" content=\"Redazione Comunicati Stampa\" \/>\n<meta name=\"twitter:card\" content=\"summary_large_image\" \/>\n<meta name=\"twitter:label1\" content=\"Scritto da\" \/>\n\t<meta name=\"twitter:data1\" content=\"Redazione Comunicati Stampa\" \/>\n\t<meta name=\"twitter:label2\" content=\"Tempo di lettura stimato\" \/>\n\t<meta name=\"twitter:data2\" content=\"3 minuti\" \/>\n<script type=\"application\/ld+json\" class=\"yoast-schema-graph\">{\"@context\":\"https:\/\/schema.org\",\"@graph\":[{\"@type\":\"Article\",\"@id\":\"https:\/\/www.article-marketing.eu\/comunicati\/viaggi-e-vacanze\/destinazioni\/fluminimaggiore-iglesias-e-buggerru-la-vacanza-dellavventura\/#article\",\"isPartOf\":{\"@id\":\"https:\/\/www.article-marketing.eu\/comunicati\/viaggi-e-vacanze\/destinazioni\/fluminimaggiore-iglesias-e-buggerru-la-vacanza-dellavventura\/\"},\"author\":{\"name\":\"Redazione Comunicati Stampa\",\"@id\":\"https:\/\/www.article-marketing.eu\/comunicati\/#\/schema\/person\/44372e4d4d0fa797b18e03ed1ace9017\"},\"headline\":\"Fluminimaggiore, Iglesias e Buggerru: la vacanza dell&#8217;avventura\",\"datePublished\":\"2010-01-29T08:21:51+00:00\",\"mainEntityOfPage\":{\"@id\":\"https:\/\/www.article-marketing.eu\/comunicati\/viaggi-e-vacanze\/destinazioni\/fluminimaggiore-iglesias-e-buggerru-la-vacanza-dellavventura\/\"},\"wordCount\":537,\"commentCount\":0,\"keywords\":[\"Bed and Breakfast\",\"iglesias\"],\"articleSection\":[\"Destinazioni\"],\"inLanguage\":\"it-IT\",\"potentialAction\":[{\"@type\":\"CommentAction\",\"name\":\"Comment\",\"target\":[\"https:\/\/www.article-marketing.eu\/comunicati\/viaggi-e-vacanze\/destinazioni\/fluminimaggiore-iglesias-e-buggerru-la-vacanza-dellavventura\/#respond\"]}]},{\"@type\":\"WebPage\",\"@id\":\"https:\/\/www.article-marketing.eu\/comunicati\/viaggi-e-vacanze\/destinazioni\/fluminimaggiore-iglesias-e-buggerru-la-vacanza-dellavventura\/\",\"url\":\"https:\/\/www.article-marketing.eu\/comunicati\/viaggi-e-vacanze\/destinazioni\/fluminimaggiore-iglesias-e-buggerru-la-vacanza-dellavventura\/\",\"name\":\"Fluminimaggiore, Iglesias e Buggerru: la vacanza dell'avventura - Article Marketing\",\"isPartOf\":{\"@id\":\"https:\/\/www.article-marketing.eu\/comunicati\/#website\"},\"datePublished\":\"2010-01-29T08:21:51+00:00\",\"author\":{\"@id\":\"https:\/\/www.article-marketing.eu\/comunicati\/#\/schema\/person\/44372e4d4d0fa797b18e03ed1ace9017\"},\"breadcrumb\":{\"@id\":\"https:\/\/www.article-marketing.eu\/comunicati\/viaggi-e-vacanze\/destinazioni\/fluminimaggiore-iglesias-e-buggerru-la-vacanza-dellavventura\/#breadcrumb\"},\"inLanguage\":\"it-IT\",\"potentialAction\":[{\"@type\":\"ReadAction\",\"target\":[\"https:\/\/www.article-marketing.eu\/comunicati\/viaggi-e-vacanze\/destinazioni\/fluminimaggiore-iglesias-e-buggerru-la-vacanza-dellavventura\/\"]}]},{\"@type\":\"BreadcrumbList\",\"@id\":\"https:\/\/www.article-marketing.eu\/comunicati\/viaggi-e-vacanze\/destinazioni\/fluminimaggiore-iglesias-e-buggerru-la-vacanza-dellavventura\/#breadcrumb\",\"itemListElement\":[{\"@type\":\"ListItem\",\"position\":1,\"name\":\"Home\",\"item\":\"https:\/\/www.article-marketing.eu\/comunicati\/\"},{\"@type\":\"ListItem\",\"position\":2,\"name\":\"Fluminimaggiore, Iglesias e Buggerru: la vacanza dell&#8217;avventura\"}]},{\"@type\":\"WebSite\",\"@id\":\"https:\/\/www.article-marketing.eu\/comunicati\/#website\",\"url\":\"https:\/\/www.article-marketing.eu\/comunicati\/\",\"name\":\"Article Marketing\",\"description\":\"article marketing &amp; press release\",\"potentialAction\":[{\"@type\":\"SearchAction\",\"target\":{\"@type\":\"EntryPoint\",\"urlTemplate\":\"https:\/\/www.article-marketing.eu\/comunicati\/?s={search_term_string}\"},\"query-input\":{\"@type\":\"PropertyValueSpecification\",\"valueRequired\":true,\"valueName\":\"search_term_string\"}}],\"inLanguage\":\"it-IT\"},{\"@type\":\"Person\",\"@id\":\"https:\/\/www.article-marketing.eu\/comunicati\/#\/schema\/person\/44372e4d4d0fa797b18e03ed1ace9017\",\"name\":\"Redazione Comunicati Stampa\",\"image\":{\"@type\":\"ImageObject\",\"inLanguage\":\"it-IT\",\"@id\":\"https:\/\/www.article-marketing.eu\/comunicati\/#\/schema\/person\/image\/\",\"url\":\"https:\/\/secure.gravatar.com\/avatar\/50e5c6421d3072f42e7ace803501602c60d75233d34e29fd05feb91c8760b792?s=96&d=mm&r=g\",\"contentUrl\":\"https:\/\/secure.gravatar.com\/avatar\/50e5c6421d3072f42e7ace803501602c60d75233d34e29fd05feb91c8760b792?s=96&d=mm&r=g\",\"caption\":\"Redazione Comunicati Stampa\"},\"url\":\"https:\/\/www.article-marketing.eu\/comunicati\/author\/redazione-comunicati-stampa\/\"}]}<\/script>\n<!-- \/ Yoast SEO plugin. -->","yoast_head_json":{"title":"Fluminimaggiore, Iglesias e Buggerru: la vacanza dell'avventura - Article Marketing","robots":{"index":"index","follow":"follow","max-snippet":"max-snippet:-1","max-image-preview":"max-image-preview:large","max-video-preview":"max-video-preview:-1"},"canonical":"https:\/\/www.article-marketing.eu\/comunicati\/viaggi-e-vacanze\/destinazioni\/fluminimaggiore-iglesias-e-buggerru-la-vacanza-dellavventura\/","og_locale":"it_IT","og_type":"article","og_title":"Fluminimaggiore, Iglesias e Buggerru: la vacanza dell'avventura - Article Marketing","og_description":"La provincia del Sulcis Iglesiente, in Sardegna, racconta una storia e offre notevoli spunti per una vacanza all'insegna dell'avventura.","og_url":"https:\/\/www.article-marketing.eu\/comunicati\/viaggi-e-vacanze\/destinazioni\/fluminimaggiore-iglesias-e-buggerru-la-vacanza-dellavventura\/","og_site_name":"Article Marketing","article_published_time":"2010-01-29T08:21:51+00:00","author":"Redazione Comunicati Stampa","twitter_card":"summary_large_image","twitter_misc":{"Scritto da":"Redazione Comunicati Stampa","Tempo di lettura stimato":"3 minuti"},"schema":{"@context":"https:\/\/schema.org","@graph":[{"@type":"Article","@id":"https:\/\/www.article-marketing.eu\/comunicati\/viaggi-e-vacanze\/destinazioni\/fluminimaggiore-iglesias-e-buggerru-la-vacanza-dellavventura\/#article","isPartOf":{"@id":"https:\/\/www.article-marketing.eu\/comunicati\/viaggi-e-vacanze\/destinazioni\/fluminimaggiore-iglesias-e-buggerru-la-vacanza-dellavventura\/"},"author":{"name":"Redazione Comunicati Stampa","@id":"https:\/\/www.article-marketing.eu\/comunicati\/#\/schema\/person\/44372e4d4d0fa797b18e03ed1ace9017"},"headline":"Fluminimaggiore, Iglesias e Buggerru: la vacanza dell&#8217;avventura","datePublished":"2010-01-29T08:21:51+00:00","mainEntityOfPage":{"@id":"https:\/\/www.article-marketing.eu\/comunicati\/viaggi-e-vacanze\/destinazioni\/fluminimaggiore-iglesias-e-buggerru-la-vacanza-dellavventura\/"},"wordCount":537,"commentCount":0,"keywords":["Bed and Breakfast","iglesias"],"articleSection":["Destinazioni"],"inLanguage":"it-IT","potentialAction":[{"@type":"CommentAction","name":"Comment","target":["https:\/\/www.article-marketing.eu\/comunicati\/viaggi-e-vacanze\/destinazioni\/fluminimaggiore-iglesias-e-buggerru-la-vacanza-dellavventura\/#respond"]}]},{"@type":"WebPage","@id":"https:\/\/www.article-marketing.eu\/comunicati\/viaggi-e-vacanze\/destinazioni\/fluminimaggiore-iglesias-e-buggerru-la-vacanza-dellavventura\/","url":"https:\/\/www.article-marketing.eu\/comunicati\/viaggi-e-vacanze\/destinazioni\/fluminimaggiore-iglesias-e-buggerru-la-vacanza-dellavventura\/","name":"Fluminimaggiore, Iglesias e Buggerru: la vacanza dell'avventura - Article Marketing","isPartOf":{"@id":"https:\/\/www.article-marketing.eu\/comunicati\/#website"},"datePublished":"2010-01-29T08:21:51+00:00","author":{"@id":"https:\/\/www.article-marketing.eu\/comunicati\/#\/schema\/person\/44372e4d4d0fa797b18e03ed1ace9017"},"breadcrumb":{"@id":"https:\/\/www.article-marketing.eu\/comunicati\/viaggi-e-vacanze\/destinazioni\/fluminimaggiore-iglesias-e-buggerru-la-vacanza-dellavventura\/#breadcrumb"},"inLanguage":"it-IT","potentialAction":[{"@type":"ReadAction","target":["https:\/\/www.article-marketing.eu\/comunicati\/viaggi-e-vacanze\/destinazioni\/fluminimaggiore-iglesias-e-buggerru-la-vacanza-dellavventura\/"]}]},{"@type":"BreadcrumbList","@id":"https:\/\/www.article-marketing.eu\/comunicati\/viaggi-e-vacanze\/destinazioni\/fluminimaggiore-iglesias-e-buggerru-la-vacanza-dellavventura\/#breadcrumb","itemListElement":[{"@type":"ListItem","position":1,"name":"Home","item":"https:\/\/www.article-marketing.eu\/comunicati\/"},{"@type":"ListItem","position":2,"name":"Fluminimaggiore, Iglesias e Buggerru: la vacanza dell&#8217;avventura"}]},{"@type":"WebSite","@id":"https:\/\/www.article-marketing.eu\/comunicati\/#website","url":"https:\/\/www.article-marketing.eu\/comunicati\/","name":"Article Marketing","description":"article marketing &amp; press release","potentialAction":[{"@type":"SearchAction","target":{"@type":"EntryPoint","urlTemplate":"https:\/\/www.article-marketing.eu\/comunicati\/?s={search_term_string}"},"query-input":{"@type":"PropertyValueSpecification","valueRequired":true,"valueName":"search_term_string"}}],"inLanguage":"it-IT"},{"@type":"Person","@id":"https:\/\/www.article-marketing.eu\/comunicati\/#\/schema\/person\/44372e4d4d0fa797b18e03ed1ace9017","name":"Redazione Comunicati Stampa","image":{"@type":"ImageObject","inLanguage":"it-IT","@id":"https:\/\/www.article-marketing.eu\/comunicati\/#\/schema\/person\/image\/","url":"https:\/\/secure.gravatar.com\/avatar\/50e5c6421d3072f42e7ace803501602c60d75233d34e29fd05feb91c8760b792?s=96&d=mm&r=g","contentUrl":"https:\/\/secure.gravatar.com\/avatar\/50e5c6421d3072f42e7ace803501602c60d75233d34e29fd05feb91c8760b792?s=96&d=mm&r=g","caption":"Redazione Comunicati Stampa"},"url":"https:\/\/www.article-marketing.eu\/comunicati\/author\/redazione-comunicati-stampa\/"}]}},"_links":{"self":[{"href":"https:\/\/www.article-marketing.eu\/comunicati\/wp-json\/wp\/v2\/posts\/3981","targetHints":{"allow":["GET"]}}],"collection":[{"href":"https:\/\/www.article-marketing.eu\/comunicati\/wp-json\/wp\/v2\/posts"}],"about":[{"href":"https:\/\/www.article-marketing.eu\/comunicati\/wp-json\/wp\/v2\/types\/post"}],"author":[{"embeddable":true,"href":"https:\/\/www.article-marketing.eu\/comunicati\/wp-json\/wp\/v2\/users\/10"}],"replies":[{"embeddable":true,"href":"https:\/\/www.article-marketing.eu\/comunicati\/wp-json\/wp\/v2\/comments?post=3981"}],"version-history":[{"count":0,"href":"https:\/\/www.article-marketing.eu\/comunicati\/wp-json\/wp\/v2\/posts\/3981\/revisions"}],"wp:attachment":[{"href":"https:\/\/www.article-marketing.eu\/comunicati\/wp-json\/wp\/v2\/media?parent=3981"}],"wp:term":[{"taxonomy":"category","embeddable":true,"href":"https:\/\/www.article-marketing.eu\/comunicati\/wp-json\/wp\/v2\/categories?post=3981"},{"taxonomy":"post_tag","embeddable":true,"href":"https:\/\/www.article-marketing.eu\/comunicati\/wp-json\/wp\/v2\/tags?post=3981"}],"curies":[{"name":"wp","href":"https:\/\/api.w.org\/{rel}","templated":true}]}}