{"id":3991,"date":"2010-01-29T21:51:52","date_gmt":"2010-01-29T20:51:52","guid":{"rendered":"http:\/\/www.article-marketing.eu\/comunicati\/senza-categoria\/banche-tedesche-al-guinzaglio\/"},"modified":"2018-07-10T05:38:29","modified_gmt":"2018-07-10T03:38:29","slug":"banche-tedesche-al-guinzaglio","status":"publish","type":"post","link":"https:\/\/www.article-marketing.eu\/comunicati\/arte-e-cultura\/giornalismo\/banche-tedesche-al-guinzaglio\/","title":{"rendered":"Banche tedesche al guinzaglio."},"content":{"rendered":"<p> Il governo<br \/>\ntedesco ha scelto la linea della prudenza nel presentare ieri a Berlino<br \/>\nil rap\u00adporto economico 2010. Una cre\u00adscita che, comunque, ci sar\u00e0 e<br \/>\nan\u00adche superiore alle ultime previ\u00adsioni dello scorso autunno.<br \/>Rivisto<br \/>\nal rialzo con un altro 0,2% dopo gli ultimi sviluppi positivi<br \/>\nsoprattutto nel settore delle esportazioni, l&#8217;incremento del Prodotto<br \/>\ninterno lordo tedesco (PIL) arriver\u00e0 quest&#8217;anno secon\u00addo le ultime<br \/>\nprevisioni governati\u00adve fino all&#8217;1,4%, dopo che nel 2009 la Germania a<br \/>\ncausa della crisi finanziaria mondiale aveva accusato un tracollo del<br \/>\n5% del PIL, una caduta mai registrata do\u00adpo la fine della seconda<br \/>\nguerra mondiale. Alcuni esperti sono ad\u00addirittura ancora pi\u00f9 ottimismi<br \/>\ne tra questi anche il Fondo mone\u00adtario internazionale (FMI) che ar\u00adriva<br \/>\na prevedere una crescita del\u00adl&#8217;economia tedesca fino al due per cento<br \/>\nnell&#8217;ambito di una cre\u00adscita mondiale del 4,3 per cento.<br \/>\nOttimismi a parte, il governo te\u00addesco fa bene a essere prudente e a<br \/>\nparlare di una \u00abancora fragile ripresa economica\u00bb che potreb\u00adbe<br \/>\ndimostrarsi ancora tutt&#8217;altro che duratura. Il peggio \u00e8 ormai alle<br \/>\nspalle, ha detto il ministro dell&#8217;Economia Br\u00fcderle, ma la ri\u00adpresa<br \/>\nsar\u00e0 lunga e difficile.<br \/>Le imprese stanno in questo mo\u00admento ancora<br \/>\nriducendo le loro capacit\u00e0 produttive e decidono investimenti con molta<br \/>\noculatez\u00adza nel timore che la ripresa, dro\u00adgata dai molti pacchetti<br \/>\ncongiun\u00adturali statali, possa rivelarsi pog\u00adgiare sulla sabbia.<br \/>\nComunque sa\u00adr\u00e0, la ripresa congiunturale non andr\u00e0 a beneficio n\u00e9 dei<br \/>\ndipen\u00addenti, i quali dovranno preparar\u00adsi a bassi aumenti salariali, n\u00e9<br \/>\ndei disoccupati che nel corso dell&#8217;an\u00adno saliranno a una media di 3,7<br \/>\nmilioni di unit\u00e0.<br \/>Il ministro dell&#8217;Economia Rai\u00adner Br\u00fcderle ha confermato la volont\u00e0 del governo di ridurre la pressione fiscale al fine di assi\u00adcurare<br \/>\nun ulteriore sostegno al\u00adla crescita e anche di voler tener fede<br \/>\nall&#8217;impegno programmati\u00adco di una maggiore disciplina di bilancio a<br \/>\npartire dal 2011. Mol\u00adte imprese temono che il gover\u00adno federale possa<br \/>\nintervenire con maggiore decisione nei vari processi economici e<br \/>\nfinanziari. Indubbiamente il 2010 sar\u00e0 l&#8217;an\u00adno di una riforma del<br \/>\nsettore fi\u00adnanziario con una pi\u00f9 netta se\u00adparazione delle attivit\u00e0<br \/>\ncommer\u00adciali delle banche dalle loro at\u00adtivit\u00e0 speculative.<br \/>Dopo che<br \/>\nil presidente della Ban\u00adca centrale europea (BCE), Jean-Claude Trichet,<br \/>\nha assicurato il governo USA tutto l&#8217;aiuto possi\u00adbile nel compito di<br \/>\nporre un freno all&#8217;ingordigia delle banche, an\u00adche il presidente della<br \/>\nBunde\u00adsbank, Axel Weber, ha criticato le banche tedesche che<br \/>\ntendereb\u00adbero ancora a utilizzare i loro uti\u00adli per pagare cospicui<br \/>\nbonus ai lo\u00adro manager, invece di devolverli al rafforzamento del loro<br \/>\ncapitale di base necessario per essere all&#8217;al\u00adtezza delle difficolt\u00e0 in<br \/>\ncaso di una nuova crisi.<br \/>Il timore del cancelliere Angela Merkel e dell&#8217;intero governo te\u00addesco  \u00e8 che l&#8217;amministrazione americana prenda troppo presto<br \/>\nle sue decisioni per costringere le banche a concentrarsi su quel\u00adlo<br \/>\nche dovrebbe essere il loro compito principale, vale a dire il<br \/>\nfinanziamento della reale eco\u00adnomia, senza attendere il coor\u00addinamento<br \/>\ndelle varie misure a livello internazionale. I casi del\u00adla WestLB di<br \/>\nD\u00fcsseldorf, della Hypo Real Estate (HRE) di Mo\u00adnaco e della Commerzbank<br \/>\ndi\u00admostrano che il governo di Berli\u00adno non ha lo stesso grado di<br \/>\nde\u00adcisione di cui il presidente ame\u00adricano Obama sta dando prova nel<br \/>\nsuo obiettivo di costringere le banche a decidersi se voglio\u00adno essere<br \/>\ndegli enti al servizio delle imprese, del singolo citta\u00addino e anche<br \/>\ndello Stato o se in\u00advece vogliono essere degli inve\u00adstitori di rischio<br \/>\ncome lo sono i fondi Hedge.<br \/>Da quel poco che si \u00e8 sentito di\u00adre dal<br \/>\ncancelliere tedesco riguar\u00addo al problema di una tassa sul\u00adle<br \/>\ntransazioni finanziarie &#8211; con\u00adsiderata molto problematica per\u00adch\u00e9 oltre<br \/>\nche colpire i complica\u00adti prodotti derivati, che sono al\u00adla base delle<br \/>\ndifficolt\u00e0 delle ban\u00adche, essa si ripercuoterebbe an\u00adche sul commercio<br \/>\ndelle azioni e delle obbligazioni -, sembre\u00adrebbe di capire che il<br \/>\ngoverno te\u00addesco miri a una riforma del<br \/>\nsi\u00adstema finanziario che costringa le banche a versare una regolare<br \/>\nimposta sugli utili in un fondo di salvataggio al quale fare ricorso<br \/>\nnell&#8217;eventualit\u00e0 di una nuova cri\u00adsi finanziaria. La tendenza tede\u00adsca<br \/>\nsembra essere di porre pi\u00f9 l&#8217;accento sulla prevenzione che non sulla<br \/>\nrichiesta alle banche di una partecipazione al paga\u00admento dei danni<br \/>\ncausati.<br \/>Questo dovrebbe restare un pro\u00adblema tra gli azionisti di<br \/>\nuna banca e i manager sui quali ca\u00adde la responsabilit\u00e0 della crisi, i<br \/>\ncui termini di prescrizione an\u00addrebbero opportunamente al\u00adlungati, come<br \/>\nha chiesto il mini\u00adstro federale tedesco della Giu\u00adstizia. Resterebbe<br \/>\nancora il pro\u00adblema della grandezza di una banca, che quando ha la<br \/>\ndimen\u00adsione di una J.P. Morgan o di una Deutsche Bank non pu\u00f2 essere<br \/>\nlasciata fallire pena il crollo del\u00adl&#8217;intero sistema finanziario. Una<br \/>\nsoluzione potrebbe essere l&#8217;ob\u00adbligo di una maggior base di ca\u00adpitale<br \/>\ndi garanzia, la qual cosa potrebbe anche avere l&#8217;effetto di limitare<br \/>\nun&#8217;eccessiva espansio\u00adne di una banca.<strong><br \/>Luciano Barile<\/strong> <br \/>Foto :Rainer Bruderle<\/p>\n","protected":false},"excerpt":{"rendered":"<p>L&#8217;economia sembra intanto uscita dalla fase pi\u00f9 delicata.Rivisto al rialzo con un altro 0,2% dopo gli ultimi svilup\u00adpi positivi soprattutto nel settore delle esportazioni, l&#8217;in\u00adcremento del Prodotto interno lordo tedesco arriver\u00e0 quest&#8217;anno secondo le ultime previsioni fino all&#8217;1,4%.<\/p>\n","protected":false},"author":10,"featured_media":0,"comment_status":"open","ping_status":"open","sticky":false,"template":"","format":"standard","meta":{"cybocfi_hide_featured_image":"","footnotes":""},"categories":[218],"tags":[],"class_list":["post-3991","post","type-post","status-publish","format-standard","hentry","category-giornalismo"],"yoast_head":"<!-- This site is optimized with the Yoast SEO plugin v27.0 - https:\/\/yoast.com\/product\/yoast-seo-wordpress\/ -->\n<title>Banche tedesche al guinzaglio. - Article Marketing<\/title>\n<meta name=\"robots\" content=\"index, follow, max-snippet:-1, max-image-preview:large, max-video-preview:-1\" \/>\n<link rel=\"canonical\" href=\"https:\/\/www.article-marketing.eu\/comunicati\/arte-e-cultura\/giornalismo\/banche-tedesche-al-guinzaglio\/\" \/>\n<meta property=\"og:locale\" content=\"it_IT\" \/>\n<meta property=\"og:type\" content=\"article\" \/>\n<meta property=\"og:title\" content=\"Banche tedesche al guinzaglio. - Article Marketing\" \/>\n<meta property=\"og:description\" content=\"L&#039;economia sembra intanto uscita dalla fase pi\u00f9 delicata.Rivisto al rialzo con un altro 0,2% dopo gli ultimi svilup\u00adpi positivi soprattutto nel settore delle esportazioni, l&#039;in\u00adcremento del Prodotto interno lordo tedesco arriver\u00e0 quest&#039;anno secondo le ultime previsioni fino all&#039;1,4%.\" \/>\n<meta property=\"og:url\" content=\"https:\/\/www.article-marketing.eu\/comunicati\/arte-e-cultura\/giornalismo\/banche-tedesche-al-guinzaglio\/\" \/>\n<meta property=\"og:site_name\" content=\"Article Marketing\" \/>\n<meta property=\"article:published_time\" content=\"2010-01-29T20:51:52+00:00\" \/>\n<meta property=\"article:modified_time\" content=\"2018-07-10T03:38:29+00:00\" \/>\n<meta name=\"author\" content=\"Redazione Comunicati Stampa\" \/>\n<meta name=\"twitter:card\" content=\"summary_large_image\" \/>\n<meta name=\"twitter:label1\" content=\"Scritto da\" \/>\n\t<meta name=\"twitter:data1\" content=\"Redazione Comunicati Stampa\" \/>\n\t<meta name=\"twitter:label2\" content=\"Tempo di lettura stimato\" \/>\n\t<meta name=\"twitter:data2\" content=\"4 minuti\" \/>\n<script type=\"application\/ld+json\" class=\"yoast-schema-graph\">{\"@context\":\"https:\/\/schema.org\",\"@graph\":[{\"@type\":\"Article\",\"@id\":\"https:\/\/www.article-marketing.eu\/comunicati\/arte-e-cultura\/giornalismo\/banche-tedesche-al-guinzaglio\/#article\",\"isPartOf\":{\"@id\":\"https:\/\/www.article-marketing.eu\/comunicati\/arte-e-cultura\/giornalismo\/banche-tedesche-al-guinzaglio\/\"},\"author\":{\"name\":\"Redazione Comunicati Stampa\",\"@id\":\"https:\/\/www.article-marketing.eu\/comunicati\/#\/schema\/person\/44372e4d4d0fa797b18e03ed1ace9017\"},\"headline\":\"Banche tedesche al guinzaglio.\",\"datePublished\":\"2010-01-29T20:51:52+00:00\",\"dateModified\":\"2018-07-10T03:38:29+00:00\",\"mainEntityOfPage\":{\"@id\":\"https:\/\/www.article-marketing.eu\/comunicati\/arte-e-cultura\/giornalismo\/banche-tedesche-al-guinzaglio\/\"},\"wordCount\":847,\"commentCount\":0,\"articleSection\":[\"Giornalismo\"],\"inLanguage\":\"it-IT\",\"potentialAction\":[{\"@type\":\"CommentAction\",\"name\":\"Comment\",\"target\":[\"https:\/\/www.article-marketing.eu\/comunicati\/arte-e-cultura\/giornalismo\/banche-tedesche-al-guinzaglio\/#respond\"]}]},{\"@type\":\"WebPage\",\"@id\":\"https:\/\/www.article-marketing.eu\/comunicati\/arte-e-cultura\/giornalismo\/banche-tedesche-al-guinzaglio\/\",\"url\":\"https:\/\/www.article-marketing.eu\/comunicati\/arte-e-cultura\/giornalismo\/banche-tedesche-al-guinzaglio\/\",\"name\":\"Banche tedesche al guinzaglio. - Article Marketing\",\"isPartOf\":{\"@id\":\"https:\/\/www.article-marketing.eu\/comunicati\/#website\"},\"datePublished\":\"2010-01-29T20:51:52+00:00\",\"dateModified\":\"2018-07-10T03:38:29+00:00\",\"author\":{\"@id\":\"https:\/\/www.article-marketing.eu\/comunicati\/#\/schema\/person\/44372e4d4d0fa797b18e03ed1ace9017\"},\"breadcrumb\":{\"@id\":\"https:\/\/www.article-marketing.eu\/comunicati\/arte-e-cultura\/giornalismo\/banche-tedesche-al-guinzaglio\/#breadcrumb\"},\"inLanguage\":\"it-IT\",\"potentialAction\":[{\"@type\":\"ReadAction\",\"target\":[\"https:\/\/www.article-marketing.eu\/comunicati\/arte-e-cultura\/giornalismo\/banche-tedesche-al-guinzaglio\/\"]}]},{\"@type\":\"BreadcrumbList\",\"@id\":\"https:\/\/www.article-marketing.eu\/comunicati\/arte-e-cultura\/giornalismo\/banche-tedesche-al-guinzaglio\/#breadcrumb\",\"itemListElement\":[{\"@type\":\"ListItem\",\"position\":1,\"name\":\"Home\",\"item\":\"https:\/\/www.article-marketing.eu\/comunicati\/\"},{\"@type\":\"ListItem\",\"position\":2,\"name\":\"Banche tedesche al guinzaglio.\"}]},{\"@type\":\"WebSite\",\"@id\":\"https:\/\/www.article-marketing.eu\/comunicati\/#website\",\"url\":\"https:\/\/www.article-marketing.eu\/comunicati\/\",\"name\":\"Article Marketing\",\"description\":\"article marketing &amp; press release\",\"potentialAction\":[{\"@type\":\"SearchAction\",\"target\":{\"@type\":\"EntryPoint\",\"urlTemplate\":\"https:\/\/www.article-marketing.eu\/comunicati\/?s={search_term_string}\"},\"query-input\":{\"@type\":\"PropertyValueSpecification\",\"valueRequired\":true,\"valueName\":\"search_term_string\"}}],\"inLanguage\":\"it-IT\"},{\"@type\":\"Person\",\"@id\":\"https:\/\/www.article-marketing.eu\/comunicati\/#\/schema\/person\/44372e4d4d0fa797b18e03ed1ace9017\",\"name\":\"Redazione Comunicati Stampa\",\"image\":{\"@type\":\"ImageObject\",\"inLanguage\":\"it-IT\",\"@id\":\"https:\/\/www.article-marketing.eu\/comunicati\/#\/schema\/person\/image\/\",\"url\":\"https:\/\/secure.gravatar.com\/avatar\/50e5c6421d3072f42e7ace803501602c60d75233d34e29fd05feb91c8760b792?s=96&d=mm&r=g\",\"contentUrl\":\"https:\/\/secure.gravatar.com\/avatar\/50e5c6421d3072f42e7ace803501602c60d75233d34e29fd05feb91c8760b792?s=96&d=mm&r=g\",\"caption\":\"Redazione Comunicati Stampa\"},\"url\":\"https:\/\/www.article-marketing.eu\/comunicati\/author\/redazione-comunicati-stampa\/\"}]}<\/script>\n<!-- \/ Yoast SEO plugin. -->","yoast_head_json":{"title":"Banche tedesche al guinzaglio. - Article Marketing","robots":{"index":"index","follow":"follow","max-snippet":"max-snippet:-1","max-image-preview":"max-image-preview:large","max-video-preview":"max-video-preview:-1"},"canonical":"https:\/\/www.article-marketing.eu\/comunicati\/arte-e-cultura\/giornalismo\/banche-tedesche-al-guinzaglio\/","og_locale":"it_IT","og_type":"article","og_title":"Banche tedesche al guinzaglio. - Article Marketing","og_description":"L'economia sembra intanto uscita dalla fase pi\u00f9 delicata.Rivisto al rialzo con un altro 0,2% dopo gli ultimi svilup\u00adpi positivi soprattutto nel settore delle esportazioni, l'in\u00adcremento del Prodotto interno lordo tedesco arriver\u00e0 quest'anno secondo le ultime previsioni fino all'1,4%.","og_url":"https:\/\/www.article-marketing.eu\/comunicati\/arte-e-cultura\/giornalismo\/banche-tedesche-al-guinzaglio\/","og_site_name":"Article Marketing","article_published_time":"2010-01-29T20:51:52+00:00","article_modified_time":"2018-07-10T03:38:29+00:00","author":"Redazione Comunicati Stampa","twitter_card":"summary_large_image","twitter_misc":{"Scritto da":"Redazione Comunicati Stampa","Tempo di lettura stimato":"4 minuti"},"schema":{"@context":"https:\/\/schema.org","@graph":[{"@type":"Article","@id":"https:\/\/www.article-marketing.eu\/comunicati\/arte-e-cultura\/giornalismo\/banche-tedesche-al-guinzaglio\/#article","isPartOf":{"@id":"https:\/\/www.article-marketing.eu\/comunicati\/arte-e-cultura\/giornalismo\/banche-tedesche-al-guinzaglio\/"},"author":{"name":"Redazione Comunicati Stampa","@id":"https:\/\/www.article-marketing.eu\/comunicati\/#\/schema\/person\/44372e4d4d0fa797b18e03ed1ace9017"},"headline":"Banche tedesche al guinzaglio.","datePublished":"2010-01-29T20:51:52+00:00","dateModified":"2018-07-10T03:38:29+00:00","mainEntityOfPage":{"@id":"https:\/\/www.article-marketing.eu\/comunicati\/arte-e-cultura\/giornalismo\/banche-tedesche-al-guinzaglio\/"},"wordCount":847,"commentCount":0,"articleSection":["Giornalismo"],"inLanguage":"it-IT","potentialAction":[{"@type":"CommentAction","name":"Comment","target":["https:\/\/www.article-marketing.eu\/comunicati\/arte-e-cultura\/giornalismo\/banche-tedesche-al-guinzaglio\/#respond"]}]},{"@type":"WebPage","@id":"https:\/\/www.article-marketing.eu\/comunicati\/arte-e-cultura\/giornalismo\/banche-tedesche-al-guinzaglio\/","url":"https:\/\/www.article-marketing.eu\/comunicati\/arte-e-cultura\/giornalismo\/banche-tedesche-al-guinzaglio\/","name":"Banche tedesche al guinzaglio. - Article Marketing","isPartOf":{"@id":"https:\/\/www.article-marketing.eu\/comunicati\/#website"},"datePublished":"2010-01-29T20:51:52+00:00","dateModified":"2018-07-10T03:38:29+00:00","author":{"@id":"https:\/\/www.article-marketing.eu\/comunicati\/#\/schema\/person\/44372e4d4d0fa797b18e03ed1ace9017"},"breadcrumb":{"@id":"https:\/\/www.article-marketing.eu\/comunicati\/arte-e-cultura\/giornalismo\/banche-tedesche-al-guinzaglio\/#breadcrumb"},"inLanguage":"it-IT","potentialAction":[{"@type":"ReadAction","target":["https:\/\/www.article-marketing.eu\/comunicati\/arte-e-cultura\/giornalismo\/banche-tedesche-al-guinzaglio\/"]}]},{"@type":"BreadcrumbList","@id":"https:\/\/www.article-marketing.eu\/comunicati\/arte-e-cultura\/giornalismo\/banche-tedesche-al-guinzaglio\/#breadcrumb","itemListElement":[{"@type":"ListItem","position":1,"name":"Home","item":"https:\/\/www.article-marketing.eu\/comunicati\/"},{"@type":"ListItem","position":2,"name":"Banche tedesche al guinzaglio."}]},{"@type":"WebSite","@id":"https:\/\/www.article-marketing.eu\/comunicati\/#website","url":"https:\/\/www.article-marketing.eu\/comunicati\/","name":"Article Marketing","description":"article marketing &amp; press release","potentialAction":[{"@type":"SearchAction","target":{"@type":"EntryPoint","urlTemplate":"https:\/\/www.article-marketing.eu\/comunicati\/?s={search_term_string}"},"query-input":{"@type":"PropertyValueSpecification","valueRequired":true,"valueName":"search_term_string"}}],"inLanguage":"it-IT"},{"@type":"Person","@id":"https:\/\/www.article-marketing.eu\/comunicati\/#\/schema\/person\/44372e4d4d0fa797b18e03ed1ace9017","name":"Redazione Comunicati Stampa","image":{"@type":"ImageObject","inLanguage":"it-IT","@id":"https:\/\/www.article-marketing.eu\/comunicati\/#\/schema\/person\/image\/","url":"https:\/\/secure.gravatar.com\/avatar\/50e5c6421d3072f42e7ace803501602c60d75233d34e29fd05feb91c8760b792?s=96&d=mm&r=g","contentUrl":"https:\/\/secure.gravatar.com\/avatar\/50e5c6421d3072f42e7ace803501602c60d75233d34e29fd05feb91c8760b792?s=96&d=mm&r=g","caption":"Redazione Comunicati Stampa"},"url":"https:\/\/www.article-marketing.eu\/comunicati\/author\/redazione-comunicati-stampa\/"}]}},"_links":{"self":[{"href":"https:\/\/www.article-marketing.eu\/comunicati\/wp-json\/wp\/v2\/posts\/3991","targetHints":{"allow":["GET"]}}],"collection":[{"href":"https:\/\/www.article-marketing.eu\/comunicati\/wp-json\/wp\/v2\/posts"}],"about":[{"href":"https:\/\/www.article-marketing.eu\/comunicati\/wp-json\/wp\/v2\/types\/post"}],"author":[{"embeddable":true,"href":"https:\/\/www.article-marketing.eu\/comunicati\/wp-json\/wp\/v2\/users\/10"}],"replies":[{"embeddable":true,"href":"https:\/\/www.article-marketing.eu\/comunicati\/wp-json\/wp\/v2\/comments?post=3991"}],"version-history":[{"count":2,"href":"https:\/\/www.article-marketing.eu\/comunicati\/wp-json\/wp\/v2\/posts\/3991\/revisions"}],"predecessor-version":[{"id":61987,"href":"https:\/\/www.article-marketing.eu\/comunicati\/wp-json\/wp\/v2\/posts\/3991\/revisions\/61987"}],"wp:attachment":[{"href":"https:\/\/www.article-marketing.eu\/comunicati\/wp-json\/wp\/v2\/media?parent=3991"}],"wp:term":[{"taxonomy":"category","embeddable":true,"href":"https:\/\/www.article-marketing.eu\/comunicati\/wp-json\/wp\/v2\/categories?post=3991"},{"taxonomy":"post_tag","embeddable":true,"href":"https:\/\/www.article-marketing.eu\/comunicati\/wp-json\/wp\/v2\/tags?post=3991"}],"curies":[{"name":"wp","href":"https:\/\/api.w.org\/{rel}","templated":true}]}}