{"id":4005,"date":"2010-02-01T15:25:01","date_gmt":"2010-02-01T14:25:01","guid":{"rendered":"http:\/\/www.article-marketing.eu\/comunicati\/senza-categoria\/la-ripresa-ce-ed-e-anche-forte\/"},"modified":"2018-07-10T05:48:06","modified_gmt":"2018-07-10T03:48:06","slug":"la-ripresa-ce-ed-e-anche-forte","status":"publish","type":"post","link":"https:\/\/www.article-marketing.eu\/comunicati\/arte-e-cultura\/giornalismo\/la-ripresa-ce-ed-e-anche-forte\/","title":{"rendered":"La ripresa c&#8217;\u00e8 ed \u00e8 anche forte."},"content":{"rendered":"<p> \u00abLa ripresa<br \/>\nc&#8217;\u00e8 ed \u00e8 forte, ma \u00e8 finanziata dagli Stati che si stan\u00adno indebitando<br \/>\nin modo insoste\u00adnibile. Per le borse il 2010 sar\u00e0 un anno difficile.<br \/>\nOccore quindi in\u00advestire basandosi sui dati fonda\u00admentali e non sulle<br \/>\nsperanze\u00bb. \u00c8 quanto hanno sostenuto ieri a Lu\u00adgano gli economisti della<br \/>\nBanca Sarasin. Secondo Jan Amrit Po\u00adser, capoeconomista dell&#8217;istitu\u00adto,<br \/>\nla ripresa \u00e8 forte, ma non \u00e8 cer\u00adto come continuer\u00e0. La crescita<br \/>\ndipende infatti interamente da\u00adgli aiuti degli Stati. Ma<br \/>\nl&#8217;indebi\u00adtamento pubblico \u00e8 salito a livel\u00adli che appaiono<br \/>\ndifficilmente so\u00adstenibili. La previsione della Ban\u00adca Sarasin \u00e8 dunque<br \/>\nche la cre\u00adscita economica continuer\u00e0 nel primo semestre, ma nel<br \/>\nsecondo semestre comincer\u00e0 a rallentare e riemergeranno i problemi.<br \/>\nSe\u00adcondo Jan Poser, quest&#8217;anno le politiche monetarie non cambie\u00adranno.<br \/>\nQuindi, non vi sar\u00e0 alcu\u00adna exit strategy e nessun aumen\u00adto dei tassi<br \/>\ndi interesse. Il perico\u00adlo di inflazione \u00e8<br \/>\ninesistente, poi\u00adch\u00e9 le famiglie continueranno a ridurre il loro<br \/>\nindebitamento e poich\u00e9 il settore finanziario do\u00advr\u00e0 continuare a<br \/>\nleccarsi le ferite e quindi erogher\u00e0 pochi crediti. Per Poser \u00e8<br \/>\npreoccupante il livel\u00adlo di indebitamento pubblico rag\u00adgiunto da alcuni<br \/>\nPaesi. Quelli a maggior rischio sono Stati Uniti, Gran Bretagna,<br \/>\nGiappone, Islan\u00adda e Spagna. L&#8217;evenienza di un&#8217;in\u00adsolvenza appare<br \/>\ncomunque re\u00admota. Secondo gli economisti della Sarasin, l&#8217;esperienza<br \/>\nstori\u00adca dimostra che \u00e8 possibile un ri\u00adsanamento delle finanze<br \/>\npubbli\u00adche anche partendo da questi al\u00adti livelli di indebitamento.<br \/>Secondo<br \/>\nJan Poser, non si pu\u00f2 tuttavia escludere il rischio di una ricaduta<br \/>\ndell&#8217;economia in reces\u00adsione, anche se le autorit\u00e0 politi\u00adche e<br \/>\nmonetarie faranno di tutto per evitare questa eventualit\u00e0 che farebbe<br \/>\ncadere l&#8217;economia mon\u00addiale in una pericolosa deflazio\u00adne. Il rischio<br \/>\ncomunque esiste ed \u00e8 causato, da un canto,<br \/>\nda un si\u00adstema bancario, ancora appesan\u00adtito da un notevole volume di<br \/>\nper\u00addite e dalla necessit\u00e0 di operare aumenti di capitale per<br \/>\ncomples\u00adsivi 1.000 miliardi di dollari e, dal\u00adl&#8217;altro, dall&#8217;aumento<br \/>\ndella propen\u00adsione al risparmio delle famiglie. Gli esperti della Banca<br \/>\nSarasin, prevedono che la ripresa del dol\u00adlaro continuer\u00e0, poich\u00e9 la<br \/>\nmone\u00adta americana \u00e8 sottovalutata, e ritengono che il biglietto verde<br \/>\nraggiunger\u00e0 quota 1,15 nei con\u00adfronti del franco svizzero e 1,35 nei<br \/>\nconfronti dell&#8217;euro. Prevedo\u00adno pure che i cinesi non rivalu\u00adteranno la<br \/>\nloro moneta. Gli esperti della Sarasin sostengono pure che mancano<br \/>\nvalide alter\u00adnative all&#8217;investimento aziona\u00adrio. Ritengono comunque che<br \/>\nla seconda parte dell&#8217;anno sar\u00e0 dif\u00adficile per le borse e consigliano<br \/>\ndi scommettere sulle azioni di migliore qualit\u00e0 che offrono an\u00adche alti<br \/>\ndividendi; di privilegia\u00adre i mercati azionari europei e di non<br \/>\ninvestire direttamente nei mercati emergenti, poich\u00e9 la stretta<br \/>\nmonetaria che la Cina ha cominciato ad attuare peser\u00e0 ne\u00adgativamente<br \/>\nsull&#8217;andamento dei listini azionari dei mercati emer\u00adgenti.<strong><br \/>Alfonso Tuor<\/strong><\/p>\n","protected":false},"excerpt":{"rendered":"<p>Per Banca Sarasin, il 2010 sar\u00e0 un anno difficile per le borse.<br \/>\nGli economisti della Banca Sarasin, ieri a Lugano, non escludono la possibilit\u00e0 di una ricaduta in recessione dell&#8217;economia mondiale che aprirebbe un pericoloso pe\u00adriodo deflazionistico<\/p>\n","protected":false},"author":10,"featured_media":0,"comment_status":"open","ping_status":"open","sticky":false,"template":"","format":"standard","meta":{"cybocfi_hide_featured_image":"","footnotes":""},"categories":[218],"tags":[],"class_list":["post-4005","post","type-post","status-publish","format-standard","hentry","category-giornalismo"],"yoast_head":"<!-- This site is optimized with the Yoast SEO plugin v27.0 - https:\/\/yoast.com\/product\/yoast-seo-wordpress\/ -->\n<title>La ripresa c&#039;\u00e8 ed \u00e8 anche forte. - Article Marketing<\/title>\n<meta name=\"robots\" content=\"index, follow, max-snippet:-1, max-image-preview:large, max-video-preview:-1\" \/>\n<link rel=\"canonical\" href=\"https:\/\/www.article-marketing.eu\/comunicati\/arte-e-cultura\/giornalismo\/la-ripresa-ce-ed-e-anche-forte\/\" \/>\n<meta property=\"og:locale\" content=\"it_IT\" \/>\n<meta property=\"og:type\" content=\"article\" \/>\n<meta property=\"og:title\" content=\"La ripresa c&#039;\u00e8 ed \u00e8 anche forte. - Article Marketing\" \/>\n<meta property=\"og:description\" content=\"Per Banca Sarasin, il 2010 sar\u00e0 un anno difficile per le borse. Gli economisti della Banca Sarasin, ieri a Lugano, non escludono la possibilit\u00e0 di una ricaduta in recessione dell&#039;economia mondiale che aprirebbe un pericoloso pe\u00adriodo deflazionistico\" \/>\n<meta property=\"og:url\" content=\"https:\/\/www.article-marketing.eu\/comunicati\/arte-e-cultura\/giornalismo\/la-ripresa-ce-ed-e-anche-forte\/\" \/>\n<meta property=\"og:site_name\" content=\"Article Marketing\" \/>\n<meta property=\"article:published_time\" content=\"2010-02-01T14:25:01+00:00\" \/>\n<meta property=\"article:modified_time\" content=\"2018-07-10T03:48:06+00:00\" \/>\n<meta name=\"author\" content=\"Redazione Comunicati Stampa\" \/>\n<meta name=\"twitter:card\" content=\"summary_large_image\" \/>\n<meta name=\"twitter:label1\" content=\"Scritto da\" \/>\n\t<meta name=\"twitter:data1\" content=\"Redazione Comunicati Stampa\" \/>\n\t<meta name=\"twitter:label2\" content=\"Tempo di lettura stimato\" \/>\n\t<meta name=\"twitter:data2\" content=\"2 minuti\" \/>\n<script type=\"application\/ld+json\" class=\"yoast-schema-graph\">{\"@context\":\"https:\/\/schema.org\",\"@graph\":[{\"@type\":\"Article\",\"@id\":\"https:\/\/www.article-marketing.eu\/comunicati\/arte-e-cultura\/giornalismo\/la-ripresa-ce-ed-e-anche-forte\/#article\",\"isPartOf\":{\"@id\":\"https:\/\/www.article-marketing.eu\/comunicati\/arte-e-cultura\/giornalismo\/la-ripresa-ce-ed-e-anche-forte\/\"},\"author\":{\"name\":\"Redazione Comunicati Stampa\",\"@id\":\"https:\/\/www.article-marketing.eu\/comunicati\/#\/schema\/person\/44372e4d4d0fa797b18e03ed1ace9017\"},\"headline\":\"La ripresa c&#8217;\u00e8 ed \u00e8 anche forte.\",\"datePublished\":\"2010-02-01T14:25:01+00:00\",\"dateModified\":\"2018-07-10T03:48:06+00:00\",\"mainEntityOfPage\":{\"@id\":\"https:\/\/www.article-marketing.eu\/comunicati\/arte-e-cultura\/giornalismo\/la-ripresa-ce-ed-e-anche-forte\/\"},\"wordCount\":469,\"commentCount\":0,\"articleSection\":[\"Giornalismo\"],\"inLanguage\":\"it-IT\",\"potentialAction\":[{\"@type\":\"CommentAction\",\"name\":\"Comment\",\"target\":[\"https:\/\/www.article-marketing.eu\/comunicati\/arte-e-cultura\/giornalismo\/la-ripresa-ce-ed-e-anche-forte\/#respond\"]}]},{\"@type\":\"WebPage\",\"@id\":\"https:\/\/www.article-marketing.eu\/comunicati\/arte-e-cultura\/giornalismo\/la-ripresa-ce-ed-e-anche-forte\/\",\"url\":\"https:\/\/www.article-marketing.eu\/comunicati\/arte-e-cultura\/giornalismo\/la-ripresa-ce-ed-e-anche-forte\/\",\"name\":\"La ripresa c'\u00e8 ed \u00e8 anche forte. - Article Marketing\",\"isPartOf\":{\"@id\":\"https:\/\/www.article-marketing.eu\/comunicati\/#website\"},\"datePublished\":\"2010-02-01T14:25:01+00:00\",\"dateModified\":\"2018-07-10T03:48:06+00:00\",\"author\":{\"@id\":\"https:\/\/www.article-marketing.eu\/comunicati\/#\/schema\/person\/44372e4d4d0fa797b18e03ed1ace9017\"},\"breadcrumb\":{\"@id\":\"https:\/\/www.article-marketing.eu\/comunicati\/arte-e-cultura\/giornalismo\/la-ripresa-ce-ed-e-anche-forte\/#breadcrumb\"},\"inLanguage\":\"it-IT\",\"potentialAction\":[{\"@type\":\"ReadAction\",\"target\":[\"https:\/\/www.article-marketing.eu\/comunicati\/arte-e-cultura\/giornalismo\/la-ripresa-ce-ed-e-anche-forte\/\"]}]},{\"@type\":\"BreadcrumbList\",\"@id\":\"https:\/\/www.article-marketing.eu\/comunicati\/arte-e-cultura\/giornalismo\/la-ripresa-ce-ed-e-anche-forte\/#breadcrumb\",\"itemListElement\":[{\"@type\":\"ListItem\",\"position\":1,\"name\":\"Home\",\"item\":\"https:\/\/www.article-marketing.eu\/comunicati\/\"},{\"@type\":\"ListItem\",\"position\":2,\"name\":\"La ripresa c&#8217;\u00e8 ed \u00e8 anche forte.\"}]},{\"@type\":\"WebSite\",\"@id\":\"https:\/\/www.article-marketing.eu\/comunicati\/#website\",\"url\":\"https:\/\/www.article-marketing.eu\/comunicati\/\",\"name\":\"Article Marketing\",\"description\":\"article marketing &amp; press release\",\"potentialAction\":[{\"@type\":\"SearchAction\",\"target\":{\"@type\":\"EntryPoint\",\"urlTemplate\":\"https:\/\/www.article-marketing.eu\/comunicati\/?s={search_term_string}\"},\"query-input\":{\"@type\":\"PropertyValueSpecification\",\"valueRequired\":true,\"valueName\":\"search_term_string\"}}],\"inLanguage\":\"it-IT\"},{\"@type\":\"Person\",\"@id\":\"https:\/\/www.article-marketing.eu\/comunicati\/#\/schema\/person\/44372e4d4d0fa797b18e03ed1ace9017\",\"name\":\"Redazione Comunicati Stampa\",\"image\":{\"@type\":\"ImageObject\",\"inLanguage\":\"it-IT\",\"@id\":\"https:\/\/www.article-marketing.eu\/comunicati\/#\/schema\/person\/image\/\",\"url\":\"https:\/\/secure.gravatar.com\/avatar\/50e5c6421d3072f42e7ace803501602c60d75233d34e29fd05feb91c8760b792?s=96&d=mm&r=g\",\"contentUrl\":\"https:\/\/secure.gravatar.com\/avatar\/50e5c6421d3072f42e7ace803501602c60d75233d34e29fd05feb91c8760b792?s=96&d=mm&r=g\",\"caption\":\"Redazione Comunicati Stampa\"},\"url\":\"https:\/\/www.article-marketing.eu\/comunicati\/author\/redazione-comunicati-stampa\/\"}]}<\/script>\n<!-- \/ Yoast SEO plugin. -->","yoast_head_json":{"title":"La ripresa c'\u00e8 ed \u00e8 anche forte. - Article Marketing","robots":{"index":"index","follow":"follow","max-snippet":"max-snippet:-1","max-image-preview":"max-image-preview:large","max-video-preview":"max-video-preview:-1"},"canonical":"https:\/\/www.article-marketing.eu\/comunicati\/arte-e-cultura\/giornalismo\/la-ripresa-ce-ed-e-anche-forte\/","og_locale":"it_IT","og_type":"article","og_title":"La ripresa c'\u00e8 ed \u00e8 anche forte. - Article Marketing","og_description":"Per Banca Sarasin, il 2010 sar\u00e0 un anno difficile per le borse. Gli economisti della Banca Sarasin, ieri a Lugano, non escludono la possibilit\u00e0 di una ricaduta in recessione dell'economia mondiale che aprirebbe un pericoloso pe\u00adriodo deflazionistico","og_url":"https:\/\/www.article-marketing.eu\/comunicati\/arte-e-cultura\/giornalismo\/la-ripresa-ce-ed-e-anche-forte\/","og_site_name":"Article Marketing","article_published_time":"2010-02-01T14:25:01+00:00","article_modified_time":"2018-07-10T03:48:06+00:00","author":"Redazione Comunicati Stampa","twitter_card":"summary_large_image","twitter_misc":{"Scritto da":"Redazione Comunicati Stampa","Tempo di lettura stimato":"2 minuti"},"schema":{"@context":"https:\/\/schema.org","@graph":[{"@type":"Article","@id":"https:\/\/www.article-marketing.eu\/comunicati\/arte-e-cultura\/giornalismo\/la-ripresa-ce-ed-e-anche-forte\/#article","isPartOf":{"@id":"https:\/\/www.article-marketing.eu\/comunicati\/arte-e-cultura\/giornalismo\/la-ripresa-ce-ed-e-anche-forte\/"},"author":{"name":"Redazione Comunicati Stampa","@id":"https:\/\/www.article-marketing.eu\/comunicati\/#\/schema\/person\/44372e4d4d0fa797b18e03ed1ace9017"},"headline":"La ripresa c&#8217;\u00e8 ed \u00e8 anche forte.","datePublished":"2010-02-01T14:25:01+00:00","dateModified":"2018-07-10T03:48:06+00:00","mainEntityOfPage":{"@id":"https:\/\/www.article-marketing.eu\/comunicati\/arte-e-cultura\/giornalismo\/la-ripresa-ce-ed-e-anche-forte\/"},"wordCount":469,"commentCount":0,"articleSection":["Giornalismo"],"inLanguage":"it-IT","potentialAction":[{"@type":"CommentAction","name":"Comment","target":["https:\/\/www.article-marketing.eu\/comunicati\/arte-e-cultura\/giornalismo\/la-ripresa-ce-ed-e-anche-forte\/#respond"]}]},{"@type":"WebPage","@id":"https:\/\/www.article-marketing.eu\/comunicati\/arte-e-cultura\/giornalismo\/la-ripresa-ce-ed-e-anche-forte\/","url":"https:\/\/www.article-marketing.eu\/comunicati\/arte-e-cultura\/giornalismo\/la-ripresa-ce-ed-e-anche-forte\/","name":"La ripresa c'\u00e8 ed \u00e8 anche forte. - Article Marketing","isPartOf":{"@id":"https:\/\/www.article-marketing.eu\/comunicati\/#website"},"datePublished":"2010-02-01T14:25:01+00:00","dateModified":"2018-07-10T03:48:06+00:00","author":{"@id":"https:\/\/www.article-marketing.eu\/comunicati\/#\/schema\/person\/44372e4d4d0fa797b18e03ed1ace9017"},"breadcrumb":{"@id":"https:\/\/www.article-marketing.eu\/comunicati\/arte-e-cultura\/giornalismo\/la-ripresa-ce-ed-e-anche-forte\/#breadcrumb"},"inLanguage":"it-IT","potentialAction":[{"@type":"ReadAction","target":["https:\/\/www.article-marketing.eu\/comunicati\/arte-e-cultura\/giornalismo\/la-ripresa-ce-ed-e-anche-forte\/"]}]},{"@type":"BreadcrumbList","@id":"https:\/\/www.article-marketing.eu\/comunicati\/arte-e-cultura\/giornalismo\/la-ripresa-ce-ed-e-anche-forte\/#breadcrumb","itemListElement":[{"@type":"ListItem","position":1,"name":"Home","item":"https:\/\/www.article-marketing.eu\/comunicati\/"},{"@type":"ListItem","position":2,"name":"La ripresa c&#8217;\u00e8 ed \u00e8 anche forte."}]},{"@type":"WebSite","@id":"https:\/\/www.article-marketing.eu\/comunicati\/#website","url":"https:\/\/www.article-marketing.eu\/comunicati\/","name":"Article Marketing","description":"article marketing &amp; press release","potentialAction":[{"@type":"SearchAction","target":{"@type":"EntryPoint","urlTemplate":"https:\/\/www.article-marketing.eu\/comunicati\/?s={search_term_string}"},"query-input":{"@type":"PropertyValueSpecification","valueRequired":true,"valueName":"search_term_string"}}],"inLanguage":"it-IT"},{"@type":"Person","@id":"https:\/\/www.article-marketing.eu\/comunicati\/#\/schema\/person\/44372e4d4d0fa797b18e03ed1ace9017","name":"Redazione Comunicati Stampa","image":{"@type":"ImageObject","inLanguage":"it-IT","@id":"https:\/\/www.article-marketing.eu\/comunicati\/#\/schema\/person\/image\/","url":"https:\/\/secure.gravatar.com\/avatar\/50e5c6421d3072f42e7ace803501602c60d75233d34e29fd05feb91c8760b792?s=96&d=mm&r=g","contentUrl":"https:\/\/secure.gravatar.com\/avatar\/50e5c6421d3072f42e7ace803501602c60d75233d34e29fd05feb91c8760b792?s=96&d=mm&r=g","caption":"Redazione Comunicati Stampa"},"url":"https:\/\/www.article-marketing.eu\/comunicati\/author\/redazione-comunicati-stampa\/"}]}},"_links":{"self":[{"href":"https:\/\/www.article-marketing.eu\/comunicati\/wp-json\/wp\/v2\/posts\/4005","targetHints":{"allow":["GET"]}}],"collection":[{"href":"https:\/\/www.article-marketing.eu\/comunicati\/wp-json\/wp\/v2\/posts"}],"about":[{"href":"https:\/\/www.article-marketing.eu\/comunicati\/wp-json\/wp\/v2\/types\/post"}],"author":[{"embeddable":true,"href":"https:\/\/www.article-marketing.eu\/comunicati\/wp-json\/wp\/v2\/users\/10"}],"replies":[{"embeddable":true,"href":"https:\/\/www.article-marketing.eu\/comunicati\/wp-json\/wp\/v2\/comments?post=4005"}],"version-history":[{"count":2,"href":"https:\/\/www.article-marketing.eu\/comunicati\/wp-json\/wp\/v2\/posts\/4005\/revisions"}],"predecessor-version":[{"id":62344,"href":"https:\/\/www.article-marketing.eu\/comunicati\/wp-json\/wp\/v2\/posts\/4005\/revisions\/62344"}],"wp:attachment":[{"href":"https:\/\/www.article-marketing.eu\/comunicati\/wp-json\/wp\/v2\/media?parent=4005"}],"wp:term":[{"taxonomy":"category","embeddable":true,"href":"https:\/\/www.article-marketing.eu\/comunicati\/wp-json\/wp\/v2\/categories?post=4005"},{"taxonomy":"post_tag","embeddable":true,"href":"https:\/\/www.article-marketing.eu\/comunicati\/wp-json\/wp\/v2\/tags?post=4005"}],"curies":[{"name":"wp","href":"https:\/\/api.w.org\/{rel}","templated":true}]}}