{"id":401,"date":"2008-05-21T16:40:51","date_gmt":"2008-05-21T14:40:51","guid":{"rendered":"http:\/\/www.article-marketing.eu\/comunicati\/senza-categoria\/laboratori-di-libert%e0-al-festival-narrazioni-2008\/"},"modified":"2008-05-21T16:40:51","modified_gmt":"2008-05-21T14:40:51","slug":"laboratori-di-libert%e0-al-festival-narrazioni-2008","status":"publish","type":"post","link":"https:\/\/www.article-marketing.eu\/comunicati\/comunicati-stampa\/eventi\/laboratori-di-libert%e0-al-festival-narrazioni-2008\/","title":{"rendered":"Laboratori di libert\u00e0 al Festival Narrazioni 2008"},"content":{"rendered":"<p>Nell&#8217;ambito del festival Narrazioni 2008 \u2013 libera tutti- sono in programma quattro Laboratori di libert\u00e0 condotti da intellettuali e personaggi di spicco del mondo della cultura del panorama nazionale. I laboratori, completamente gratuiti, ma con l&#8217;obbligo di prenotazione (0575 380468 e info@narrazioni.it), affrontano il 1\u00b0 giugno i rapporti tra letteratura e libert\u00e0 con Giulio Leoni e il rapporto tra libert\u00e0 e storia con Simone Duranti, mentre il 2<br \/>\ngiugno Antonio Prete conduce il laboratorio sulle regole e la libert\u00e0 nella stesura di un racconto breve e l&#8217;associazione Raccontidicitt\u00e0 affronta la tematica del racconto di luoghi e spazi cittadini. Tutti i laboratori si svolgono presso il Cassero della Fortezza Medicea di Poggibonsi (Si) con orario 11-13 e 14-17.<br \/>\nGiulio Leoni: scrittore italiano nato nel 1951. Laureato in linguaggi della poesia visiva, si occupa per un breve periodo di organizzazione aziendale. Appassionato di illusionismo, di letteratura del Duecento, e di varie altre cose, fonda la rivista Symbola, che si occupa di poesia e di letteratura sperimentale. Collabora inoltre con Il Falcone Maltese, rivista dedicata al noir, dove cura la rubrica dedicata alla storia di questo genere. Nel 2000 ha vinto il Premio Tedeschi per il romanzo Dante Alighieri e i delitti della Medusa. In seguito ha pubblicato La donna sulla Luna<br \/>\ne E trentuno con la morte. Nel 2004 riprende il cicloo con Dante Alighieri protagonista e pubblica I Delitti del Mosaico, un\u2019altra avventura in cui il poeta scoprir\u00e0, in un\u2019insospettata citt\u00e0 del male nascosta sotto Firenze, le tracce di un segreto sconvolgente. Esce poi Il Trionfo della volont\u00e0&#8217; e nel 2005 I Delitti della luce, romanzo che chiude la trilogia delle avventure fiorentine del Poeta, seguito da una storia scritta per i lettori pi\u00f9 giovani, Il<br \/>\ndeserto degli spettri. A ottobre 2007 \u00e8 uscito La crociata delle tenebre. Il laboratorio si occuper\u00e0 del rapporto tra libert\u00e0 e letteratura in tutti i suoi molteplici aspetti.<br \/>\nSimone Duranti: dottore di ricerca in Storia Contemporanea, \u00e8 assegnista presso la Scuola Superiore Sant\u2019Anna di Pisa e titolare di un progetto di ricerca sulla politica antisocietaria del fascismo presso la Scuola Superiore di Studi di Storia Contemporanea dell\u2019Istituto nazionale per la storia del movimento di liberazione in Italia. Si occupa in particolare di storia dei fascismi ed ha pubblicato studi e articoli sull\u2019antisemitismo fascista. Coautore di due volumi bibliografici sulle stragi nazifasciste in Toscana e sul campo di concentramento di Fossoli di Carpi. Ha recentemente pubblicato per Donzelli un volume sulla politica propagandistica dei Gruppi Universitari Fascisti: Lo spirito gregario. I gruppi universitari fascisti tra politica e propaganda (1930-1940).<br \/>\nIl laboratorio dal titolo: \u201cGiovani intellettuali italiani fra fascismo e post fascismo. Esempi di percorsi di libert\u00e0&#8221;, affronta, attraverso alcuni esempi di giovani provenienti dalle avanguardie politiche del fascismo, i percorsi di maturazione antifascista fra la seconda met\u00e0 degli anni Trenta e il 1945, e analizza i miti e le ideologie diffuse dal fascismo per la giovent\u00f9 negli anni Trenta descrivendo la rottura compiuta da studenti universitari che passano all&#8217;antifacismo fra guerra di Spagna, leggi razziali e partecipazione alla guerra mondiale.<br \/>\nAntonio Prete: \u00e8 professore ordinario di Letterature Comparate all\u2019Universit\u00e0 di Siena, dove dirige la Scuola dottorale \u201cL\u2019interpretazione\u201d. E\u2019 nato a Copertino, nel Salento. Ha partecipato all\u2019ideazione e redazione di alcune<br \/>\nriviste letterarie e filosofiche e ad altre ha collaborato attivamente: \u201cPer la critica\u201d, \u201caut aut\u201d, \u201cil piccolo Hans\u201d,<br \/>\n\u201cAlfabeta\u201d, \u201cD\u00e9gr\u00e8s\u201d, \u201cil gallo silvestre\u201d. Ha tenuto corsi e seminari in molte Universit\u00e0 straniere. E\u2019 stato \u201cprofesseur invit\u00e9\u201d al Coll\u00e8ge de France di Parigi nel marzo del 2006 e all\u2019Ecole Normale di Lyon nel mese di maggio 2008. All\u2019attivit\u00e0 di saggista e critico ha sempre unito quella di narratore, di poeta e di traduttore (ha tradotto testi poetici, narrativi, teorici di Baudelaire, Mallarm\u00e9, Val\u00e9ry, Rilke, Jab\u00e8s, Machado, Celan, ecc.).<br \/>\nHa curato edizioni di classici (Leopardi, Baudelaire, Gide) e ha pubblicato numerosi saggi di critica e teoria letteraria, in gran parte usciti presso l\u2019editore Feltrinelli, a Milano. A due grandi autori, Leopardi e Baudelaire, ha dedicato numerosi studi, tradotti anche in altre lingue. Ha collaborato con artisti per la realizzazione di libri d\u2019arte e di plaquettes (con Bernard No\u00ebl, Jean Paul Philippe, , Helmut Dirnaichner, Leonardo Rosa, Valerie Mejer). Dirige tuttora i \u201cquaderni del gallo silvestre\u201d presso l\u2019editore Manni (testi di poesia e teoria del linguaggio<br \/>\npoetico). Suoi scritti sono tradotti in francese, in spagnolo, in inglese, in tedesco. Una scelta delle sue poesie da Menhir sono uscite nel gennaio 2008, in traduzione francese, sulla \u201cNouvelle Revue Fran\u00e7aise\u201d e una scelta di sue prose, tradotte in tedesco, sulla rivista tedesca \u201cArzente\u201d (aprile 2008).<br \/>\nAntonio Prete condurr\u00e0 un laboratorio attorno all&#8217;esperienza del racconto breve: ideazione, composizione, tensione, scioglimento, rapporto con il lettore e tempi narrativi sono alcuni degli argomenti che tratter\u00e0.I testi che veranno utilizzati sono i seguenti: L&#8217; imperfezione della luna, Feltrinelli 2000, Trenta gradi all&#8217;ombra, Nottetempo 2004, Menhir, Donzelli, e L&#8217;ordine animale delle cose, Nottetempo, di imminente uscita.<br \/>\nAssociazione Raccontidicitt\u00e0: \u00e8 un progetto sull\u2019arte di scrivere (e leggere) un racconto. Un laboratorio di scrittura focalizzato sul genere del racconto breve, perch\u00e9 la frenetica vita di oggi non ci lascia tanto tempo da dedicare alla nostra passione, anche se non ci ha ancora tolto la voglia di raccontare. \u00c8 un piccolo ma<br \/>\nsignificativo slancio di progettualit\u00e0 politica e sociale. La scrittura \u00e8 infatti finalizzata a un progetto in comune fra<br \/>\ntutti i partecipanti: de-scrivere la propria citt\u00e0, fornirne un ritratto vivo e attuale da molteplici punti di vista. Il laboratorio \u00e8 rivolto a tutti quanti abbiano passione per la scrittura, senza limiti di et\u00e0 o professione. I docenti<br \/>\nsono: Claudio Storani, Luca Soverini e Silvia Seracini.<br \/>\nLa partecipazione ai Laboratori di libert\u00e0 \u00e8 gratuita ma necessita di prenotazione.<br \/>\nPer informazioni e prenotazioni: 0575 380468 e info@narrazioni.it.<br \/>\nAssociazione NausiKa \u2013 Scuola di Narrazioni \u00abArturo Bandini\u00bb<br \/>\npiazza Risorgimento 8, 52100 Arezzo<br \/>\ntel. 0575 380468 \u2013 fax 0575 355966<br \/>\ninfo@narrazioni.it \u2013 www.narrazioni.it<\/p>\n","protected":false},"excerpt":{"rendered":"<p>Nell&#8217;ambito del festival Narrazioni 2008 \u2013 libera tutti- sono in programma quattro Laboratori di libert\u00e0 condotti da intellettuali e personaggi di spicco del mondo della cultura del panorama nazionale.<\/p>\n","protected":false},"author":10,"featured_media":0,"comment_status":"open","ping_status":"open","sticky":false,"template":"","format":"standard","meta":{"cybocfi_hide_featured_image":"","footnotes":""},"categories":[388],"tags":[1374,1373,1376,1375],"class_list":["post-401","post","type-post","status-publish","format-standard","hentry","category-eventi","tag-festival-narrazioni-08","tag-laboratori-di-liberta","tag-nausika","tag-poggibonsi"],"yoast_head":"<!-- This site is optimized with the Yoast SEO plugin v27.0 - https:\/\/yoast.com\/product\/yoast-seo-wordpress\/ -->\n<title>Laboratori di libert\u00e0 al Festival Narrazioni 2008 - Article Marketing<\/title>\n<meta name=\"robots\" content=\"index, follow, max-snippet:-1, max-image-preview:large, max-video-preview:-1\" \/>\n<link rel=\"canonical\" href=\"https:\/\/www.article-marketing.eu\/comunicati\/comunicati-stampa\/eventi\/laboratori-di-libert?-al-festival-narrazioni-2008\/\" \/>\n<meta property=\"og:locale\" content=\"it_IT\" \/>\n<meta property=\"og:type\" content=\"article\" \/>\n<meta property=\"og:title\" content=\"Laboratori di libert\u00e0 al Festival Narrazioni 2008 - Article Marketing\" \/>\n<meta property=\"og:description\" content=\"Nell&#039;ambito del festival Narrazioni 2008 \u2013 libera tutti- sono in programma quattro Laboratori di libert\u00e0 condotti da intellettuali e personaggi di spicco del mondo della cultura del panorama nazionale.\" \/>\n<meta property=\"og:url\" content=\"\" \/>\n<meta property=\"og:site_name\" content=\"Article Marketing\" \/>\n<meta property=\"article:published_time\" content=\"2008-05-21T14:40:51+00:00\" \/>\n<meta name=\"author\" content=\"Redazione Comunicati Stampa\" \/>\n<meta name=\"twitter:card\" content=\"summary_large_image\" \/>\n<meta name=\"twitter:label1\" content=\"Scritto da\" \/>\n\t<meta name=\"twitter:data1\" content=\"Redazione Comunicati Stampa\" \/>\n\t<meta name=\"twitter:label2\" content=\"Tempo di lettura stimato\" \/>\n\t<meta name=\"twitter:data2\" content=\"5 minuti\" \/>\n<script type=\"application\/ld+json\" class=\"yoast-schema-graph\">{\"@context\":\"https:\/\/schema.org\",\"@graph\":[{\"@type\":\"Article\",\"@id\":\"https:\/\/www.article-marketing.eu\/comunicati\/comunicati-stampa\/eventi\/laboratori-di-libert%e0-al-festival-narrazioni-2008\/#article\",\"isPartOf\":{\"@id\":\"https:\/\/www.article-marketing.eu\/comunicati\/comunicati-stampa\/eventi\/laboratori-di-libert%e0-al-festival-narrazioni-2008\/\"},\"author\":{\"name\":\"Redazione Comunicati Stampa\",\"@id\":\"https:\/\/www.article-marketing.eu\/comunicati\/#\/schema\/person\/44372e4d4d0fa797b18e03ed1ace9017\"},\"headline\":\"Laboratori di libert\u00e0 al Festival Narrazioni 2008\",\"datePublished\":\"2008-05-21T14:40:51+00:00\",\"mainEntityOfPage\":{\"@id\":\"https:\/\/www.article-marketing.eu\/comunicati\/comunicati-stampa\/eventi\/laboratori-di-libert%e0-al-festival-narrazioni-2008\/\"},\"wordCount\":969,\"commentCount\":0,\"keywords\":[\"festival Narrazioni 08\",\"laboratori di libert\u00e0\",\"Nausika\",\"poggibonsi\"],\"articleSection\":[\"Eventi\"],\"inLanguage\":\"it-IT\",\"potentialAction\":[{\"@type\":\"CommentAction\",\"name\":\"Comment\",\"target\":[\"https:\/\/www.article-marketing.eu\/comunicati\/comunicati-stampa\/eventi\/laboratori-di-libert%e0-al-festival-narrazioni-2008\/#respond\"]}]},{\"@type\":\"WebPage\",\"@id\":\"https:\/\/www.article-marketing.eu\/comunicati\/comunicati-stampa\/eventi\/laboratori-di-libert%e0-al-festival-narrazioni-2008\/\",\"url\":\"https:\/\/www.article-marketing.eu\/comunicati\/comunicati-stampa\/eventi\/laboratori-di-libert%e0-al-festival-narrazioni-2008\/\",\"name\":\"Laboratori di libert\u00e0 al Festival Narrazioni 2008 - Article Marketing\",\"isPartOf\":{\"@id\":\"https:\/\/www.article-marketing.eu\/comunicati\/#website\"},\"datePublished\":\"2008-05-21T14:40:51+00:00\",\"author\":{\"@id\":\"https:\/\/www.article-marketing.eu\/comunicati\/#\/schema\/person\/44372e4d4d0fa797b18e03ed1ace9017\"},\"breadcrumb\":{\"@id\":\"https:\/\/www.article-marketing.eu\/comunicati\/comunicati-stampa\/eventi\/laboratori-di-libert%e0-al-festival-narrazioni-2008\/#breadcrumb\"},\"inLanguage\":\"it-IT\",\"potentialAction\":[{\"@type\":\"ReadAction\",\"target\":[\"https:\/\/www.article-marketing.eu\/comunicati\/comunicati-stampa\/eventi\/laboratori-di-libert%e0-al-festival-narrazioni-2008\/\"]}]},{\"@type\":\"BreadcrumbList\",\"@id\":\"https:\/\/www.article-marketing.eu\/comunicati\/comunicati-stampa\/eventi\/laboratori-di-libert%e0-al-festival-narrazioni-2008\/#breadcrumb\",\"itemListElement\":[{\"@type\":\"ListItem\",\"position\":1,\"name\":\"Home\",\"item\":\"https:\/\/www.article-marketing.eu\/comunicati\/\"},{\"@type\":\"ListItem\",\"position\":2,\"name\":\"Laboratori di libert\u00e0 al Festival Narrazioni 2008\"}]},{\"@type\":\"WebSite\",\"@id\":\"https:\/\/www.article-marketing.eu\/comunicati\/#website\",\"url\":\"https:\/\/www.article-marketing.eu\/comunicati\/\",\"name\":\"Article Marketing\",\"description\":\"article marketing &amp; press release\",\"potentialAction\":[{\"@type\":\"SearchAction\",\"target\":{\"@type\":\"EntryPoint\",\"urlTemplate\":\"https:\/\/www.article-marketing.eu\/comunicati\/?s={search_term_string}\"},\"query-input\":{\"@type\":\"PropertyValueSpecification\",\"valueRequired\":true,\"valueName\":\"search_term_string\"}}],\"inLanguage\":\"it-IT\"},{\"@type\":\"Person\",\"@id\":\"https:\/\/www.article-marketing.eu\/comunicati\/#\/schema\/person\/44372e4d4d0fa797b18e03ed1ace9017\",\"name\":\"Redazione Comunicati Stampa\",\"image\":{\"@type\":\"ImageObject\",\"inLanguage\":\"it-IT\",\"@id\":\"https:\/\/www.article-marketing.eu\/comunicati\/#\/schema\/person\/image\/\",\"url\":\"https:\/\/secure.gravatar.com\/avatar\/50e5c6421d3072f42e7ace803501602c60d75233d34e29fd05feb91c8760b792?s=96&d=mm&r=g\",\"contentUrl\":\"https:\/\/secure.gravatar.com\/avatar\/50e5c6421d3072f42e7ace803501602c60d75233d34e29fd05feb91c8760b792?s=96&d=mm&r=g\",\"caption\":\"Redazione Comunicati Stampa\"},\"url\":\"https:\/\/www.article-marketing.eu\/comunicati\/author\/redazione-comunicati-stampa\/\"}]}<\/script>\n<!-- \/ Yoast SEO plugin. -->","yoast_head_json":{"title":"Laboratori di libert\u00e0 al Festival Narrazioni 2008 - Article Marketing","robots":{"index":"index","follow":"follow","max-snippet":"max-snippet:-1","max-image-preview":"max-image-preview:large","max-video-preview":"max-video-preview:-1"},"canonical":"https:\/\/www.article-marketing.eu\/comunicati\/comunicati-stampa\/eventi\/laboratori-di-libert?-al-festival-narrazioni-2008\/","og_locale":"it_IT","og_type":"article","og_title":"Laboratori di libert\u00e0 al Festival Narrazioni 2008 - Article Marketing","og_description":"Nell'ambito del festival Narrazioni 2008 \u2013 libera tutti- sono in programma quattro Laboratori di libert\u00e0 condotti da intellettuali e personaggi di spicco del mondo della cultura del panorama nazionale.","og_url":"https:\/\/www.article-marketing.eu\/comunicati\/comunicati-stampa\/eventi\/laboratori-di-libert?-al-festival-narrazioni-2008\/","og_site_name":"Article Marketing","article_published_time":"2008-05-21T14:40:51+00:00","author":"Redazione Comunicati Stampa","twitter_card":"summary_large_image","twitter_misc":{"Scritto da":"Redazione Comunicati Stampa","Tempo di lettura stimato":"5 minuti"},"schema":{"@context":"https:\/\/schema.org","@graph":[{"@type":"Article","@id":"https:\/\/www.article-marketing.eu\/comunicati\/comunicati-stampa\/eventi\/laboratori-di-libert%e0-al-festival-narrazioni-2008\/#article","isPartOf":{"@id":"https:\/\/www.article-marketing.eu\/comunicati\/comunicati-stampa\/eventi\/laboratori-di-libert%e0-al-festival-narrazioni-2008\/"},"author":{"name":"Redazione Comunicati Stampa","@id":"https:\/\/www.article-marketing.eu\/comunicati\/#\/schema\/person\/44372e4d4d0fa797b18e03ed1ace9017"},"headline":"Laboratori di libert\u00e0 al Festival Narrazioni 2008","datePublished":"2008-05-21T14:40:51+00:00","mainEntityOfPage":{"@id":"https:\/\/www.article-marketing.eu\/comunicati\/comunicati-stampa\/eventi\/laboratori-di-libert%e0-al-festival-narrazioni-2008\/"},"wordCount":969,"commentCount":0,"keywords":["festival Narrazioni 08","laboratori di libert\u00e0","Nausika","poggibonsi"],"articleSection":["Eventi"],"inLanguage":"it-IT","potentialAction":[{"@type":"CommentAction","name":"Comment","target":["https:\/\/www.article-marketing.eu\/comunicati\/comunicati-stampa\/eventi\/laboratori-di-libert%e0-al-festival-narrazioni-2008\/#respond"]}]},{"@type":"WebPage","@id":"https:\/\/www.article-marketing.eu\/comunicati\/comunicati-stampa\/eventi\/laboratori-di-libert%e0-al-festival-narrazioni-2008\/","url":"https:\/\/www.article-marketing.eu\/comunicati\/comunicati-stampa\/eventi\/laboratori-di-libert%e0-al-festival-narrazioni-2008\/","name":"Laboratori di libert\u00e0 al Festival Narrazioni 2008 - Article Marketing","isPartOf":{"@id":"https:\/\/www.article-marketing.eu\/comunicati\/#website"},"datePublished":"2008-05-21T14:40:51+00:00","author":{"@id":"https:\/\/www.article-marketing.eu\/comunicati\/#\/schema\/person\/44372e4d4d0fa797b18e03ed1ace9017"},"breadcrumb":{"@id":"https:\/\/www.article-marketing.eu\/comunicati\/comunicati-stampa\/eventi\/laboratori-di-libert%e0-al-festival-narrazioni-2008\/#breadcrumb"},"inLanguage":"it-IT","potentialAction":[{"@type":"ReadAction","target":["https:\/\/www.article-marketing.eu\/comunicati\/comunicati-stampa\/eventi\/laboratori-di-libert%e0-al-festival-narrazioni-2008\/"]}]},{"@type":"BreadcrumbList","@id":"https:\/\/www.article-marketing.eu\/comunicati\/comunicati-stampa\/eventi\/laboratori-di-libert%e0-al-festival-narrazioni-2008\/#breadcrumb","itemListElement":[{"@type":"ListItem","position":1,"name":"Home","item":"https:\/\/www.article-marketing.eu\/comunicati\/"},{"@type":"ListItem","position":2,"name":"Laboratori di libert\u00e0 al Festival Narrazioni 2008"}]},{"@type":"WebSite","@id":"https:\/\/www.article-marketing.eu\/comunicati\/#website","url":"https:\/\/www.article-marketing.eu\/comunicati\/","name":"Article Marketing","description":"article marketing &amp; press release","potentialAction":[{"@type":"SearchAction","target":{"@type":"EntryPoint","urlTemplate":"https:\/\/www.article-marketing.eu\/comunicati\/?s={search_term_string}"},"query-input":{"@type":"PropertyValueSpecification","valueRequired":true,"valueName":"search_term_string"}}],"inLanguage":"it-IT"},{"@type":"Person","@id":"https:\/\/www.article-marketing.eu\/comunicati\/#\/schema\/person\/44372e4d4d0fa797b18e03ed1ace9017","name":"Redazione Comunicati Stampa","image":{"@type":"ImageObject","inLanguage":"it-IT","@id":"https:\/\/www.article-marketing.eu\/comunicati\/#\/schema\/person\/image\/","url":"https:\/\/secure.gravatar.com\/avatar\/50e5c6421d3072f42e7ace803501602c60d75233d34e29fd05feb91c8760b792?s=96&d=mm&r=g","contentUrl":"https:\/\/secure.gravatar.com\/avatar\/50e5c6421d3072f42e7ace803501602c60d75233d34e29fd05feb91c8760b792?s=96&d=mm&r=g","caption":"Redazione Comunicati Stampa"},"url":"https:\/\/www.article-marketing.eu\/comunicati\/author\/redazione-comunicati-stampa\/"}]}},"_links":{"self":[{"href":"https:\/\/www.article-marketing.eu\/comunicati\/wp-json\/wp\/v2\/posts\/401","targetHints":{"allow":["GET"]}}],"collection":[{"href":"https:\/\/www.article-marketing.eu\/comunicati\/wp-json\/wp\/v2\/posts"}],"about":[{"href":"https:\/\/www.article-marketing.eu\/comunicati\/wp-json\/wp\/v2\/types\/post"}],"author":[{"embeddable":true,"href":"https:\/\/www.article-marketing.eu\/comunicati\/wp-json\/wp\/v2\/users\/10"}],"replies":[{"embeddable":true,"href":"https:\/\/www.article-marketing.eu\/comunicati\/wp-json\/wp\/v2\/comments?post=401"}],"version-history":[{"count":0,"href":"https:\/\/www.article-marketing.eu\/comunicati\/wp-json\/wp\/v2\/posts\/401\/revisions"}],"wp:attachment":[{"href":"https:\/\/www.article-marketing.eu\/comunicati\/wp-json\/wp\/v2\/media?parent=401"}],"wp:term":[{"taxonomy":"category","embeddable":true,"href":"https:\/\/www.article-marketing.eu\/comunicati\/wp-json\/wp\/v2\/categories?post=401"},{"taxonomy":"post_tag","embeddable":true,"href":"https:\/\/www.article-marketing.eu\/comunicati\/wp-json\/wp\/v2\/tags?post=401"}],"curies":[{"name":"wp","href":"https:\/\/api.w.org\/{rel}","templated":true}]}}