{"id":402,"date":"2008-05-21T17:10:14","date_gmt":"2008-05-21T15:10:14","guid":{"rendered":"http:\/\/www.article-marketing.eu\/comunicati\/senza-categoria\/laboratori-del-festival-arezzopoesia08\/"},"modified":"2008-05-21T17:10:14","modified_gmt":"2008-05-21T15:10:14","slug":"laboratori-del-festival-arezzopoesia08","status":"publish","type":"post","link":"https:\/\/www.article-marketing.eu\/comunicati\/comunicati-stampa\/eventi\/laboratori-del-festival-arezzopoesia08\/","title":{"rendered":"Laboratori del Festival  ArezzoPoesia08"},"content":{"rendered":"<p>Il Festival ArezzoPoesia apre le porte alle iscrizioni ai laboratori di poesia VEDERSI VIVERE SULLE SPONDE DEL NULLA, tenuto da Simone Giusti, e SCELTE E SCORIE: LA COSTRUZIONE DI UNA RACCOLTA DI POESIA, tenuto da Gabriel del Sarto e Marini Baldi. I laboratori  permettono l&#8217;avvicinarsi al mondo della poesia. La partecipazione \u00e8 totalmente gratuita ma occorre prenotarsi obbligatoriamente o via fax 0575-355966 o tramite e-mail a info@narrazioni.it scaricando il modulo d&#8217;iscrizione direttamente dal sito www.narrazioni.it. Non mancate!<\/p>\n<p>VEDERSI VIVERE SULLE SPONDE DEL NULLA<br \/>\nSimone Giusti terr\u00e0 un laboratorio di lettura della poesia del primo &#8216;900 a partire da una poesia di Camillo Sbarbaro ed alcuni versi di Charles Baudelaire.<br \/>\nIl tema del distacco da s\u00e9, sintomo della divisione del soggetto e della sua frantumazione, \u00e8 una delle grandi novit\u00e0 della poesia moderna. Il poeta si separa da s\u00e9 stesso e dagli altri, abbandona il mondo e si sente abbandonato. E ne trae il grande vantaggio di potersi finalmente vedere da fuori, con distacco, come se fosse un fantoccio, un manichino.<br \/>\nSimone Giusti persegue la ricerca letteraria in vari campi da oltre vent&#8217;anni. Saggista, progettista e educatore, ha sviluppato una modalit\u00e0 di lavoro letterario aperto a tutti gli influssi e contaminazioni, fondato sull&#8217;idea che la letteratura sia soprattutto una scelta relazionale, l&#8217;unico modo di abitare consapevolmente e ragionevolmente il mondo, ovvero le lingue. Ha fondato, negli anni 90, il Sud Write System. Ha fondato la rivista &#8220;\/Per leggere\/&#8221;, semestrale di letture, commenti e edizioni. Tra le sue principali pubblicazioni: \/Sulla formazione dei &#8220;Trucioli&#8221; di Camillo Sbarbaro\/ (Le Lettere 1997), \/L&#8217;instaurazione del poemetto in prosa\/ (Pensa Multimedia 1999),\/ La congiura stabilita. Dialoghi e comparazioni tra 800 e 900\/ (Franco Angeli 2005), \/Linea meridiana\/ (Unicopli 2005), \/Narrazione e invenzione. Manuale di lettura e scrittura creativa\/ (con F. Batini e G. Del Sarto, Erickson 2007). E&#8217; stato regista di molte edizioni di poesia, cataloghi e eventi narrativi. Ha insegnato Letterature Comparate all&#8217;Universit\u00e0 di Cassino e insegna alla SSIS Toscana didattica della letteratura. <\/p>\n<p>SCELTE E SCORIE: LA COSTRUZIONE DI UNA RACCOLTA DI POESIA<br \/>\nGabriel Del Sarto, nato a Ronchi (Massa) nel 1972, ha pubblicato la raccolta poetica I viali (2003, Ed. Atelier), ed \u00e8 presente in diverse antologie fra cui L\u2019opera comune (Atelier, 1999) e Nuovissima poesia italiana (Mondadori, 2004). \u00c8 autore di diversi saggi sull\u2019uso e il senso della narrazione nelle pratiche di consulenza e formazione, fra cui Raccontare storie (con F. Batini, 2007, Carocci), e il Manuale di scrittura creativa Narrazione e invenzione (con S. Giusti e F. Batini, 2007, Erickson). Recentemente ha pubblicato il poemetto Meridiano Ovest con Transeuropa Edizioni, la storica casa editrice di Pier Vittorio Tondelli. <\/p>\n<p>Martino Baldi (1970) \u00e8 nato e vive a Pistoia. Ha pubblicato le plaquette Morte improvvisa di un portiere di notte (2001) e Trentadue lattine (2002), entrambe per Ass Cult Press. &#8220;Capitoli della Commedia&#8221;, la sua prima raccolta, \u00e8 uscita per Atelier (2005). Altri suoi interventi critici, prose e poesie sono stati dispersi o raccolti su libretti, riviste, e-magazine, blog e antologie in Italia, Albania e Macedonia.<\/p>\n","protected":false},"excerpt":{"rendered":"<p>ArezzoPoesia \u00e8 un festival internazionale giunto alla sua seconda edizione. Si svolger\u00e0 il 14 e 15 Giugno 2008<br \/>\nLa sua principale caratteristica \u00e8 quella di avvicinare pubblici di ogni et\u00e0, compresi i pubblici giovanili, alla poesia, si candida a diventare, in breve tempo, uno dei principali festival di poesia italiani.<br \/>\nArezzoPoesia \u00e8 un festival che sin dalla sua nascita ha identificato nel legame territoriale con la citt\u00e0, sin dalla denominazione della manifestazione e nell\u2019accoppiamento del nome alla tematizzazione, il proprio punto di forza risultando dunque immediatamente intelligibile e chiaramente identificabile.<\/p>\n","protected":false},"author":10,"featured_media":0,"comment_status":"open","ping_status":"open","sticky":false,"template":"","format":"standard","meta":{"cybocfi_hide_featured_image":"","footnotes":""},"categories":[388],"tags":[1380,1378,1379,1377,1305],"class_list":["post-402","post","type-post","status-publish","format-standard","hentry","category-eventi","tag-arezzo","tag-arezzopoesia","tag-festival","tag-laboratori","tag-poesia"],"yoast_head":"<!-- This site is optimized with the Yoast SEO plugin v27.0 - https:\/\/yoast.com\/product\/yoast-seo-wordpress\/ -->\n<title>Laboratori del Festival ArezzoPoesia08 - Article Marketing<\/title>\n<meta name=\"robots\" content=\"index, follow, max-snippet:-1, max-image-preview:large, max-video-preview:-1\" \/>\n<link rel=\"canonical\" href=\"https:\/\/www.article-marketing.eu\/comunicati\/comunicati-stampa\/eventi\/laboratori-del-festival-arezzopoesia08\/\" \/>\n<meta property=\"og:locale\" content=\"it_IT\" \/>\n<meta property=\"og:type\" content=\"article\" \/>\n<meta property=\"og:title\" content=\"Laboratori del Festival ArezzoPoesia08 - Article Marketing\" \/>\n<meta property=\"og:description\" content=\"ArezzoPoesia \u00e8 un festival internazionale giunto alla sua seconda edizione. Si svolger\u00e0 il 14 e 15 Giugno 2008 La sua principale caratteristica \u00e8 quella di avvicinare pubblici di ogni et\u00e0, compresi i pubblici giovanili, alla poesia, si candida a diventare, in breve tempo, uno dei principali festival di poesia italiani. ArezzoPoesia \u00e8 un festival che sin dalla sua nascita ha identificato nel legame territoriale con la citt\u00e0, sin dalla denominazione della manifestazione e nell\u2019accoppiamento del nome alla tematizzazione, il proprio punto di forza risultando dunque immediatamente intelligibile e chiaramente identificabile.\" \/>\n<meta property=\"og:url\" content=\"https:\/\/www.article-marketing.eu\/comunicati\/comunicati-stampa\/eventi\/laboratori-del-festival-arezzopoesia08\/\" \/>\n<meta property=\"og:site_name\" content=\"Article Marketing\" \/>\n<meta property=\"article:published_time\" content=\"2008-05-21T15:10:14+00:00\" \/>\n<meta name=\"author\" content=\"Redazione Comunicati Stampa\" \/>\n<meta name=\"twitter:card\" content=\"summary_large_image\" \/>\n<meta name=\"twitter:label1\" content=\"Scritto da\" \/>\n\t<meta name=\"twitter:data1\" content=\"Redazione Comunicati Stampa\" \/>\n\t<meta name=\"twitter:label2\" content=\"Tempo di lettura stimato\" \/>\n\t<meta name=\"twitter:data2\" content=\"2 minuti\" \/>\n<script type=\"application\/ld+json\" class=\"yoast-schema-graph\">{\"@context\":\"https:\/\/schema.org\",\"@graph\":[{\"@type\":\"Article\",\"@id\":\"https:\/\/www.article-marketing.eu\/comunicati\/comunicati-stampa\/eventi\/laboratori-del-festival-arezzopoesia08\/#article\",\"isPartOf\":{\"@id\":\"https:\/\/www.article-marketing.eu\/comunicati\/comunicati-stampa\/eventi\/laboratori-del-festival-arezzopoesia08\/\"},\"author\":{\"name\":\"Redazione Comunicati Stampa\",\"@id\":\"https:\/\/www.article-marketing.eu\/comunicati\/#\/schema\/person\/44372e4d4d0fa797b18e03ed1ace9017\"},\"headline\":\"Laboratori del Festival ArezzoPoesia08\",\"datePublished\":\"2008-05-21T15:10:14+00:00\",\"mainEntityOfPage\":{\"@id\":\"https:\/\/www.article-marketing.eu\/comunicati\/comunicati-stampa\/eventi\/laboratori-del-festival-arezzopoesia08\/\"},\"wordCount\":488,\"commentCount\":0,\"keywords\":[\"Arezzo\",\"ArezzoPoesia\",\"festival\",\"Laboratori\",\"poesia\"],\"articleSection\":[\"Eventi\"],\"inLanguage\":\"it-IT\",\"potentialAction\":[{\"@type\":\"CommentAction\",\"name\":\"Comment\",\"target\":[\"https:\/\/www.article-marketing.eu\/comunicati\/comunicati-stampa\/eventi\/laboratori-del-festival-arezzopoesia08\/#respond\"]}]},{\"@type\":\"WebPage\",\"@id\":\"https:\/\/www.article-marketing.eu\/comunicati\/comunicati-stampa\/eventi\/laboratori-del-festival-arezzopoesia08\/\",\"url\":\"https:\/\/www.article-marketing.eu\/comunicati\/comunicati-stampa\/eventi\/laboratori-del-festival-arezzopoesia08\/\",\"name\":\"Laboratori del Festival ArezzoPoesia08 - Article Marketing\",\"isPartOf\":{\"@id\":\"https:\/\/www.article-marketing.eu\/comunicati\/#website\"},\"datePublished\":\"2008-05-21T15:10:14+00:00\",\"author\":{\"@id\":\"https:\/\/www.article-marketing.eu\/comunicati\/#\/schema\/person\/44372e4d4d0fa797b18e03ed1ace9017\"},\"breadcrumb\":{\"@id\":\"https:\/\/www.article-marketing.eu\/comunicati\/comunicati-stampa\/eventi\/laboratori-del-festival-arezzopoesia08\/#breadcrumb\"},\"inLanguage\":\"it-IT\",\"potentialAction\":[{\"@type\":\"ReadAction\",\"target\":[\"https:\/\/www.article-marketing.eu\/comunicati\/comunicati-stampa\/eventi\/laboratori-del-festival-arezzopoesia08\/\"]}]},{\"@type\":\"BreadcrumbList\",\"@id\":\"https:\/\/www.article-marketing.eu\/comunicati\/comunicati-stampa\/eventi\/laboratori-del-festival-arezzopoesia08\/#breadcrumb\",\"itemListElement\":[{\"@type\":\"ListItem\",\"position\":1,\"name\":\"Home\",\"item\":\"https:\/\/www.article-marketing.eu\/comunicati\/\"},{\"@type\":\"ListItem\",\"position\":2,\"name\":\"Laboratori del Festival ArezzoPoesia08\"}]},{\"@type\":\"WebSite\",\"@id\":\"https:\/\/www.article-marketing.eu\/comunicati\/#website\",\"url\":\"https:\/\/www.article-marketing.eu\/comunicati\/\",\"name\":\"Article Marketing\",\"description\":\"article marketing &amp; press release\",\"potentialAction\":[{\"@type\":\"SearchAction\",\"target\":{\"@type\":\"EntryPoint\",\"urlTemplate\":\"https:\/\/www.article-marketing.eu\/comunicati\/?s={search_term_string}\"},\"query-input\":{\"@type\":\"PropertyValueSpecification\",\"valueRequired\":true,\"valueName\":\"search_term_string\"}}],\"inLanguage\":\"it-IT\"},{\"@type\":\"Person\",\"@id\":\"https:\/\/www.article-marketing.eu\/comunicati\/#\/schema\/person\/44372e4d4d0fa797b18e03ed1ace9017\",\"name\":\"Redazione Comunicati Stampa\",\"image\":{\"@type\":\"ImageObject\",\"inLanguage\":\"it-IT\",\"@id\":\"https:\/\/www.article-marketing.eu\/comunicati\/#\/schema\/person\/image\/\",\"url\":\"https:\/\/secure.gravatar.com\/avatar\/50e5c6421d3072f42e7ace803501602c60d75233d34e29fd05feb91c8760b792?s=96&d=mm&r=g\",\"contentUrl\":\"https:\/\/secure.gravatar.com\/avatar\/50e5c6421d3072f42e7ace803501602c60d75233d34e29fd05feb91c8760b792?s=96&d=mm&r=g\",\"caption\":\"Redazione Comunicati Stampa\"},\"url\":\"https:\/\/www.article-marketing.eu\/comunicati\/author\/redazione-comunicati-stampa\/\"}]}<\/script>\n<!-- \/ Yoast SEO plugin. -->","yoast_head_json":{"title":"Laboratori del Festival ArezzoPoesia08 - Article Marketing","robots":{"index":"index","follow":"follow","max-snippet":"max-snippet:-1","max-image-preview":"max-image-preview:large","max-video-preview":"max-video-preview:-1"},"canonical":"https:\/\/www.article-marketing.eu\/comunicati\/comunicati-stampa\/eventi\/laboratori-del-festival-arezzopoesia08\/","og_locale":"it_IT","og_type":"article","og_title":"Laboratori del Festival ArezzoPoesia08 - Article Marketing","og_description":"ArezzoPoesia \u00e8 un festival internazionale giunto alla sua seconda edizione. Si svolger\u00e0 il 14 e 15 Giugno 2008 La sua principale caratteristica \u00e8 quella di avvicinare pubblici di ogni et\u00e0, compresi i pubblici giovanili, alla poesia, si candida a diventare, in breve tempo, uno dei principali festival di poesia italiani. ArezzoPoesia \u00e8 un festival che sin dalla sua nascita ha identificato nel legame territoriale con la citt\u00e0, sin dalla denominazione della manifestazione e nell\u2019accoppiamento del nome alla tematizzazione, il proprio punto di forza risultando dunque immediatamente intelligibile e chiaramente identificabile.","og_url":"https:\/\/www.article-marketing.eu\/comunicati\/comunicati-stampa\/eventi\/laboratori-del-festival-arezzopoesia08\/","og_site_name":"Article Marketing","article_published_time":"2008-05-21T15:10:14+00:00","author":"Redazione Comunicati Stampa","twitter_card":"summary_large_image","twitter_misc":{"Scritto da":"Redazione Comunicati Stampa","Tempo di lettura stimato":"2 minuti"},"schema":{"@context":"https:\/\/schema.org","@graph":[{"@type":"Article","@id":"https:\/\/www.article-marketing.eu\/comunicati\/comunicati-stampa\/eventi\/laboratori-del-festival-arezzopoesia08\/#article","isPartOf":{"@id":"https:\/\/www.article-marketing.eu\/comunicati\/comunicati-stampa\/eventi\/laboratori-del-festival-arezzopoesia08\/"},"author":{"name":"Redazione Comunicati Stampa","@id":"https:\/\/www.article-marketing.eu\/comunicati\/#\/schema\/person\/44372e4d4d0fa797b18e03ed1ace9017"},"headline":"Laboratori del Festival ArezzoPoesia08","datePublished":"2008-05-21T15:10:14+00:00","mainEntityOfPage":{"@id":"https:\/\/www.article-marketing.eu\/comunicati\/comunicati-stampa\/eventi\/laboratori-del-festival-arezzopoesia08\/"},"wordCount":488,"commentCount":0,"keywords":["Arezzo","ArezzoPoesia","festival","Laboratori","poesia"],"articleSection":["Eventi"],"inLanguage":"it-IT","potentialAction":[{"@type":"CommentAction","name":"Comment","target":["https:\/\/www.article-marketing.eu\/comunicati\/comunicati-stampa\/eventi\/laboratori-del-festival-arezzopoesia08\/#respond"]}]},{"@type":"WebPage","@id":"https:\/\/www.article-marketing.eu\/comunicati\/comunicati-stampa\/eventi\/laboratori-del-festival-arezzopoesia08\/","url":"https:\/\/www.article-marketing.eu\/comunicati\/comunicati-stampa\/eventi\/laboratori-del-festival-arezzopoesia08\/","name":"Laboratori del Festival ArezzoPoesia08 - Article Marketing","isPartOf":{"@id":"https:\/\/www.article-marketing.eu\/comunicati\/#website"},"datePublished":"2008-05-21T15:10:14+00:00","author":{"@id":"https:\/\/www.article-marketing.eu\/comunicati\/#\/schema\/person\/44372e4d4d0fa797b18e03ed1ace9017"},"breadcrumb":{"@id":"https:\/\/www.article-marketing.eu\/comunicati\/comunicati-stampa\/eventi\/laboratori-del-festival-arezzopoesia08\/#breadcrumb"},"inLanguage":"it-IT","potentialAction":[{"@type":"ReadAction","target":["https:\/\/www.article-marketing.eu\/comunicati\/comunicati-stampa\/eventi\/laboratori-del-festival-arezzopoesia08\/"]}]},{"@type":"BreadcrumbList","@id":"https:\/\/www.article-marketing.eu\/comunicati\/comunicati-stampa\/eventi\/laboratori-del-festival-arezzopoesia08\/#breadcrumb","itemListElement":[{"@type":"ListItem","position":1,"name":"Home","item":"https:\/\/www.article-marketing.eu\/comunicati\/"},{"@type":"ListItem","position":2,"name":"Laboratori del Festival ArezzoPoesia08"}]},{"@type":"WebSite","@id":"https:\/\/www.article-marketing.eu\/comunicati\/#website","url":"https:\/\/www.article-marketing.eu\/comunicati\/","name":"Article Marketing","description":"article marketing &amp; press release","potentialAction":[{"@type":"SearchAction","target":{"@type":"EntryPoint","urlTemplate":"https:\/\/www.article-marketing.eu\/comunicati\/?s={search_term_string}"},"query-input":{"@type":"PropertyValueSpecification","valueRequired":true,"valueName":"search_term_string"}}],"inLanguage":"it-IT"},{"@type":"Person","@id":"https:\/\/www.article-marketing.eu\/comunicati\/#\/schema\/person\/44372e4d4d0fa797b18e03ed1ace9017","name":"Redazione Comunicati Stampa","image":{"@type":"ImageObject","inLanguage":"it-IT","@id":"https:\/\/www.article-marketing.eu\/comunicati\/#\/schema\/person\/image\/","url":"https:\/\/secure.gravatar.com\/avatar\/50e5c6421d3072f42e7ace803501602c60d75233d34e29fd05feb91c8760b792?s=96&d=mm&r=g","contentUrl":"https:\/\/secure.gravatar.com\/avatar\/50e5c6421d3072f42e7ace803501602c60d75233d34e29fd05feb91c8760b792?s=96&d=mm&r=g","caption":"Redazione Comunicati Stampa"},"url":"https:\/\/www.article-marketing.eu\/comunicati\/author\/redazione-comunicati-stampa\/"}]}},"_links":{"self":[{"href":"https:\/\/www.article-marketing.eu\/comunicati\/wp-json\/wp\/v2\/posts\/402","targetHints":{"allow":["GET"]}}],"collection":[{"href":"https:\/\/www.article-marketing.eu\/comunicati\/wp-json\/wp\/v2\/posts"}],"about":[{"href":"https:\/\/www.article-marketing.eu\/comunicati\/wp-json\/wp\/v2\/types\/post"}],"author":[{"embeddable":true,"href":"https:\/\/www.article-marketing.eu\/comunicati\/wp-json\/wp\/v2\/users\/10"}],"replies":[{"embeddable":true,"href":"https:\/\/www.article-marketing.eu\/comunicati\/wp-json\/wp\/v2\/comments?post=402"}],"version-history":[{"count":0,"href":"https:\/\/www.article-marketing.eu\/comunicati\/wp-json\/wp\/v2\/posts\/402\/revisions"}],"wp:attachment":[{"href":"https:\/\/www.article-marketing.eu\/comunicati\/wp-json\/wp\/v2\/media?parent=402"}],"wp:term":[{"taxonomy":"category","embeddable":true,"href":"https:\/\/www.article-marketing.eu\/comunicati\/wp-json\/wp\/v2\/categories?post=402"},{"taxonomy":"post_tag","embeddable":true,"href":"https:\/\/www.article-marketing.eu\/comunicati\/wp-json\/wp\/v2\/tags?post=402"}],"curies":[{"name":"wp","href":"https:\/\/api.w.org\/{rel}","templated":true}]}}