{"id":4030,"date":"2010-02-03T17:14:30","date_gmt":"2010-02-03T16:14:30","guid":{"rendered":"http:\/\/www.article-marketing.eu\/comunicati\/senza-categoria\/festeggia-un-san-valentino-solidale\/"},"modified":"2018-07-10T05:44:24","modified_gmt":"2018-07-10T03:44:24","slug":"festeggia-un-san-valentino-solidale","status":"publish","type":"post","link":"https:\/\/www.article-marketing.eu\/comunicati\/societa\/festeggia-un-san-valentino-solidale\/","title":{"rendered":"Festeggia un San Valentino solidale"},"content":{"rendered":"<p><strong>Con Gioielleria Belloni l\u2019amore diventa etico!<\/strong><\/p>\n<p>L\u2019amore non ha et\u00e0. Non ne ha mai avuta e mai l\u2019avr\u00e0. Eppure il suo festeggiamento \u201cufficiale\u201d ha una data ben precisa: III sec. d.C. Siamo nella Roma imperiale, periodo in cui visse Valentino da Interamna, antico nome dell\u2019attuale citt\u00e0 di Terni. Divenuto famoso per la santit\u00e0 della sua vita, per la carit\u00e0 e umilt\u00e0 e per i suoi miracoli, San Valentino fu ucciso per aver unito in matrimonio, primo nella storia, la giovane cristiana Serapia, gravemente malata, e il centurione romano Sabino. Divenne cos\u00ec l\u2019emblema dell\u2019amore e a lui fu dedicata la festa degli innamorati del 14 febbraio. Da tempo immemore, quindi, nel giorno di San Valentino, spesso immersi nell\u2019atmosfera di una cenetta romantica, ragazzi e ragazzi dichiarano il proprio amore alla dolce met\u00e0. Oggi, c\u2019\u00e8 un motivo in pi\u00f9 per parlare d\u2019amore il 14 febbraio: grazie al diamante etico della Gioielleria Belloni, l\u2019unico estratto e commercializzato nel pieno rispetto dei diritti delle persone e dell\u2019ambiente, adesso si pu\u00f2 dare un valore in pi\u00f9 al <strong>regalo per San Valentino<\/strong>.<\/p>\n<p><strong>Che cosa rappresenta per te la festa di San Valentino?<\/strong><br \/>Pi\u00f9 che la festa in s\u00e9, per me \u00e8 importante il sentimento che rappresenta. Un sentimento che secondo me va al di l\u00e0 del rapporto d\u2019amore fra due persone. L\u2019amore comprende altri concetti fondamentali come il rispetto, la solidariet\u00e0, la condivisione.<\/p>\n<p><strong>Proprio il rispetto \u00e8 alla base dello slogan del diamante etico: \u201cIl bene pi\u00f9 prezioso \u00e8 la dignit\u00e0\u201d\u2026<\/strong><br \/>Non \u00e8 certo un caso che negli ultimi anni abbia dedicato grande impegno all\u2019introduzione in Italia del diamante etico, estratto in Canada senza che anche il pi\u00f9 piccolo diritto di un essere umano sia violato. Rispettare il prossimo e agire ogni giorno, ognuno nel proprio piccolo, affinch\u00e9 esso sia garantito \u00e8 esattamente il senso che assegno al concetto di amore.<\/p>\n<p><strong>In questo senso allora anche la festa di San Valentino pu\u00f2 diventare un\u2019occasione unica per dare il proprio contributo?<\/strong><br \/>Dimostrare il proprio amore alla persone a cui si vuole bene \u00e8 un gesto nobile gi\u00e0 di per s\u00e9. Ma se a ci\u00f2 si aggiunge anche la volont\u00e0 di contribuire alla tutela dei diritti altrui, il valore del gesto aumenta in modo esponenziale.<\/p>\n<p><strong>Ma cosa si pu\u00f2 regalare alla propria dolce met\u00e0 per rendere davvero solidale la festa di San Valentino?<\/strong><br \/>Il classico regalo per eccellenza della Gioielleria Belloni \u00e8 indubbiamente il solitario, l\u2019anello con diamante etico. Ma non solo. Il diamante etico arricchisce anche il girocollo punto luce o gli orecchini. Infine, se si sceglie l\u2019idea di suggellare l\u2019unione d\u2019amore con qualcosa di meno prezioso ma molto simbolico, \u00e8 possibile comprare le fedi etiche, interamente realizzato con oro etico, anch\u2019esso estratto nel pieno rispetto dei diritti delle persone e dell\u2019ambiente.\n <\/p>\n","protected":false},"excerpt":{"rendered":"<p>Un anello con diamante etico per festeggiare davvero con il cuore la festa degli innamorati. Con Gioielleria Belloni la festa di San Valentino diventa solidale e ti permette di dire ti amo con un gesto unico: contribuire a tutelare il rispetto della dignit\u00e0 delle persone e dell\u2019ambiente.<\/p>\n","protected":false},"author":10,"featured_media":0,"comment_status":"open","ping_status":"open","sticky":false,"template":"","format":"standard","meta":{"cybocfi_hide_featured_image":"","footnotes":""},"categories":[51],"tags":[2279,11005,12099,11011,599],"class_list":["post-4030","post","type-post","status-publish","format-standard","hentry","category-societa","tag-amore","tag-diamanti-etici","tag-innamorati","tag-oro-etico","tag-san-valentino"],"yoast_head":"<!-- This site is optimized with the Yoast SEO plugin v27.0 - https:\/\/yoast.com\/product\/yoast-seo-wordpress\/ -->\n<title>Festeggia un San Valentino solidale - Article Marketing<\/title>\n<meta name=\"robots\" content=\"index, follow, max-snippet:-1, max-image-preview:large, max-video-preview:-1\" \/>\n<link rel=\"canonical\" href=\"https:\/\/www.article-marketing.eu\/comunicati\/societa\/festeggia-un-san-valentino-solidale\/\" \/>\n<meta property=\"og:locale\" content=\"it_IT\" \/>\n<meta property=\"og:type\" content=\"article\" \/>\n<meta property=\"og:title\" content=\"Festeggia un San Valentino solidale - Article Marketing\" \/>\n<meta property=\"og:description\" content=\"Un anello con diamante etico per festeggiare davvero con il cuore la festa degli innamorati. Con Gioielleria Belloni la festa di San Valentino diventa solidale e ti permette di dire ti amo con un gesto unico: contribuire a tutelare il rispetto della dignit\u00e0 delle persone e dell\u2019ambiente.\" \/>\n<meta property=\"og:url\" content=\"https:\/\/www.article-marketing.eu\/comunicati\/societa\/festeggia-un-san-valentino-solidale\/\" \/>\n<meta property=\"og:site_name\" content=\"Article Marketing\" \/>\n<meta property=\"article:published_time\" content=\"2010-02-03T16:14:30+00:00\" \/>\n<meta property=\"article:modified_time\" content=\"2018-07-10T03:44:24+00:00\" \/>\n<meta name=\"author\" content=\"Redazione Comunicati Stampa\" \/>\n<meta name=\"twitter:card\" content=\"summary_large_image\" \/>\n<meta name=\"twitter:label1\" content=\"Scritto da\" \/>\n\t<meta name=\"twitter:data1\" content=\"Redazione Comunicati Stampa\" \/>\n\t<meta name=\"twitter:label2\" content=\"Tempo di lettura stimato\" \/>\n\t<meta name=\"twitter:data2\" content=\"2 minuti\" \/>\n<script type=\"application\/ld+json\" class=\"yoast-schema-graph\">{\"@context\":\"https:\/\/schema.org\",\"@graph\":[{\"@type\":\"Article\",\"@id\":\"https:\/\/www.article-marketing.eu\/comunicati\/societa\/festeggia-un-san-valentino-solidale\/#article\",\"isPartOf\":{\"@id\":\"https:\/\/www.article-marketing.eu\/comunicati\/societa\/festeggia-un-san-valentino-solidale\/\"},\"author\":{\"name\":\"Redazione Comunicati Stampa\",\"@id\":\"https:\/\/www.article-marketing.eu\/comunicati\/#\/schema\/person\/44372e4d4d0fa797b18e03ed1ace9017\"},\"headline\":\"Festeggia un San Valentino solidale\",\"datePublished\":\"2010-02-03T16:14:30+00:00\",\"dateModified\":\"2018-07-10T03:44:24+00:00\",\"mainEntityOfPage\":{\"@id\":\"https:\/\/www.article-marketing.eu\/comunicati\/societa\/festeggia-un-san-valentino-solidale\/\"},\"wordCount\":471,\"commentCount\":0,\"keywords\":[\"amore\",\"diamanti etici\",\"innamorati\",\"oro etico\",\"San Valentino\"],\"articleSection\":[\"Societ\u00e0\"],\"inLanguage\":\"it-IT\",\"potentialAction\":[{\"@type\":\"CommentAction\",\"name\":\"Comment\",\"target\":[\"https:\/\/www.article-marketing.eu\/comunicati\/societa\/festeggia-un-san-valentino-solidale\/#respond\"]}]},{\"@type\":\"WebPage\",\"@id\":\"https:\/\/www.article-marketing.eu\/comunicati\/societa\/festeggia-un-san-valentino-solidale\/\",\"url\":\"https:\/\/www.article-marketing.eu\/comunicati\/societa\/festeggia-un-san-valentino-solidale\/\",\"name\":\"Festeggia un San Valentino solidale - Article Marketing\",\"isPartOf\":{\"@id\":\"https:\/\/www.article-marketing.eu\/comunicati\/#website\"},\"datePublished\":\"2010-02-03T16:14:30+00:00\",\"dateModified\":\"2018-07-10T03:44:24+00:00\",\"author\":{\"@id\":\"https:\/\/www.article-marketing.eu\/comunicati\/#\/schema\/person\/44372e4d4d0fa797b18e03ed1ace9017\"},\"breadcrumb\":{\"@id\":\"https:\/\/www.article-marketing.eu\/comunicati\/societa\/festeggia-un-san-valentino-solidale\/#breadcrumb\"},\"inLanguage\":\"it-IT\",\"potentialAction\":[{\"@type\":\"ReadAction\",\"target\":[\"https:\/\/www.article-marketing.eu\/comunicati\/societa\/festeggia-un-san-valentino-solidale\/\"]}]},{\"@type\":\"BreadcrumbList\",\"@id\":\"https:\/\/www.article-marketing.eu\/comunicati\/societa\/festeggia-un-san-valentino-solidale\/#breadcrumb\",\"itemListElement\":[{\"@type\":\"ListItem\",\"position\":1,\"name\":\"Home\",\"item\":\"https:\/\/www.article-marketing.eu\/comunicati\/\"},{\"@type\":\"ListItem\",\"position\":2,\"name\":\"Festeggia un San Valentino solidale\"}]},{\"@type\":\"WebSite\",\"@id\":\"https:\/\/www.article-marketing.eu\/comunicati\/#website\",\"url\":\"https:\/\/www.article-marketing.eu\/comunicati\/\",\"name\":\"Article Marketing\",\"description\":\"article marketing &amp; press release\",\"potentialAction\":[{\"@type\":\"SearchAction\",\"target\":{\"@type\":\"EntryPoint\",\"urlTemplate\":\"https:\/\/www.article-marketing.eu\/comunicati\/?s={search_term_string}\"},\"query-input\":{\"@type\":\"PropertyValueSpecification\",\"valueRequired\":true,\"valueName\":\"search_term_string\"}}],\"inLanguage\":\"it-IT\"},{\"@type\":\"Person\",\"@id\":\"https:\/\/www.article-marketing.eu\/comunicati\/#\/schema\/person\/44372e4d4d0fa797b18e03ed1ace9017\",\"name\":\"Redazione Comunicati Stampa\",\"image\":{\"@type\":\"ImageObject\",\"inLanguage\":\"it-IT\",\"@id\":\"https:\/\/www.article-marketing.eu\/comunicati\/#\/schema\/person\/image\/\",\"url\":\"https:\/\/secure.gravatar.com\/avatar\/50e5c6421d3072f42e7ace803501602c60d75233d34e29fd05feb91c8760b792?s=96&d=mm&r=g\",\"contentUrl\":\"https:\/\/secure.gravatar.com\/avatar\/50e5c6421d3072f42e7ace803501602c60d75233d34e29fd05feb91c8760b792?s=96&d=mm&r=g\",\"caption\":\"Redazione Comunicati Stampa\"},\"url\":\"https:\/\/www.article-marketing.eu\/comunicati\/author\/redazione-comunicati-stampa\/\"}]}<\/script>\n<!-- \/ Yoast SEO plugin. -->","yoast_head_json":{"title":"Festeggia un San Valentino solidale - Article Marketing","robots":{"index":"index","follow":"follow","max-snippet":"max-snippet:-1","max-image-preview":"max-image-preview:large","max-video-preview":"max-video-preview:-1"},"canonical":"https:\/\/www.article-marketing.eu\/comunicati\/societa\/festeggia-un-san-valentino-solidale\/","og_locale":"it_IT","og_type":"article","og_title":"Festeggia un San Valentino solidale - Article Marketing","og_description":"Un anello con diamante etico per festeggiare davvero con il cuore la festa degli innamorati. Con Gioielleria Belloni la festa di San Valentino diventa solidale e ti permette di dire ti amo con un gesto unico: contribuire a tutelare il rispetto della dignit\u00e0 delle persone e dell\u2019ambiente.","og_url":"https:\/\/www.article-marketing.eu\/comunicati\/societa\/festeggia-un-san-valentino-solidale\/","og_site_name":"Article Marketing","article_published_time":"2010-02-03T16:14:30+00:00","article_modified_time":"2018-07-10T03:44:24+00:00","author":"Redazione Comunicati Stampa","twitter_card":"summary_large_image","twitter_misc":{"Scritto da":"Redazione Comunicati Stampa","Tempo di lettura stimato":"2 minuti"},"schema":{"@context":"https:\/\/schema.org","@graph":[{"@type":"Article","@id":"https:\/\/www.article-marketing.eu\/comunicati\/societa\/festeggia-un-san-valentino-solidale\/#article","isPartOf":{"@id":"https:\/\/www.article-marketing.eu\/comunicati\/societa\/festeggia-un-san-valentino-solidale\/"},"author":{"name":"Redazione Comunicati Stampa","@id":"https:\/\/www.article-marketing.eu\/comunicati\/#\/schema\/person\/44372e4d4d0fa797b18e03ed1ace9017"},"headline":"Festeggia un San Valentino solidale","datePublished":"2010-02-03T16:14:30+00:00","dateModified":"2018-07-10T03:44:24+00:00","mainEntityOfPage":{"@id":"https:\/\/www.article-marketing.eu\/comunicati\/societa\/festeggia-un-san-valentino-solidale\/"},"wordCount":471,"commentCount":0,"keywords":["amore","diamanti etici","innamorati","oro etico","San Valentino"],"articleSection":["Societ\u00e0"],"inLanguage":"it-IT","potentialAction":[{"@type":"CommentAction","name":"Comment","target":["https:\/\/www.article-marketing.eu\/comunicati\/societa\/festeggia-un-san-valentino-solidale\/#respond"]}]},{"@type":"WebPage","@id":"https:\/\/www.article-marketing.eu\/comunicati\/societa\/festeggia-un-san-valentino-solidale\/","url":"https:\/\/www.article-marketing.eu\/comunicati\/societa\/festeggia-un-san-valentino-solidale\/","name":"Festeggia un San Valentino solidale - Article Marketing","isPartOf":{"@id":"https:\/\/www.article-marketing.eu\/comunicati\/#website"},"datePublished":"2010-02-03T16:14:30+00:00","dateModified":"2018-07-10T03:44:24+00:00","author":{"@id":"https:\/\/www.article-marketing.eu\/comunicati\/#\/schema\/person\/44372e4d4d0fa797b18e03ed1ace9017"},"breadcrumb":{"@id":"https:\/\/www.article-marketing.eu\/comunicati\/societa\/festeggia-un-san-valentino-solidale\/#breadcrumb"},"inLanguage":"it-IT","potentialAction":[{"@type":"ReadAction","target":["https:\/\/www.article-marketing.eu\/comunicati\/societa\/festeggia-un-san-valentino-solidale\/"]}]},{"@type":"BreadcrumbList","@id":"https:\/\/www.article-marketing.eu\/comunicati\/societa\/festeggia-un-san-valentino-solidale\/#breadcrumb","itemListElement":[{"@type":"ListItem","position":1,"name":"Home","item":"https:\/\/www.article-marketing.eu\/comunicati\/"},{"@type":"ListItem","position":2,"name":"Festeggia un San Valentino solidale"}]},{"@type":"WebSite","@id":"https:\/\/www.article-marketing.eu\/comunicati\/#website","url":"https:\/\/www.article-marketing.eu\/comunicati\/","name":"Article Marketing","description":"article marketing &amp; press release","potentialAction":[{"@type":"SearchAction","target":{"@type":"EntryPoint","urlTemplate":"https:\/\/www.article-marketing.eu\/comunicati\/?s={search_term_string}"},"query-input":{"@type":"PropertyValueSpecification","valueRequired":true,"valueName":"search_term_string"}}],"inLanguage":"it-IT"},{"@type":"Person","@id":"https:\/\/www.article-marketing.eu\/comunicati\/#\/schema\/person\/44372e4d4d0fa797b18e03ed1ace9017","name":"Redazione Comunicati Stampa","image":{"@type":"ImageObject","inLanguage":"it-IT","@id":"https:\/\/www.article-marketing.eu\/comunicati\/#\/schema\/person\/image\/","url":"https:\/\/secure.gravatar.com\/avatar\/50e5c6421d3072f42e7ace803501602c60d75233d34e29fd05feb91c8760b792?s=96&d=mm&r=g","contentUrl":"https:\/\/secure.gravatar.com\/avatar\/50e5c6421d3072f42e7ace803501602c60d75233d34e29fd05feb91c8760b792?s=96&d=mm&r=g","caption":"Redazione Comunicati Stampa"},"url":"https:\/\/www.article-marketing.eu\/comunicati\/author\/redazione-comunicati-stampa\/"}]}},"_links":{"self":[{"href":"https:\/\/www.article-marketing.eu\/comunicati\/wp-json\/wp\/v2\/posts\/4030","targetHints":{"allow":["GET"]}}],"collection":[{"href":"https:\/\/www.article-marketing.eu\/comunicati\/wp-json\/wp\/v2\/posts"}],"about":[{"href":"https:\/\/www.article-marketing.eu\/comunicati\/wp-json\/wp\/v2\/types\/post"}],"author":[{"embeddable":true,"href":"https:\/\/www.article-marketing.eu\/comunicati\/wp-json\/wp\/v2\/users\/10"}],"replies":[{"embeddable":true,"href":"https:\/\/www.article-marketing.eu\/comunicati\/wp-json\/wp\/v2\/comments?post=4030"}],"version-history":[{"count":2,"href":"https:\/\/www.article-marketing.eu\/comunicati\/wp-json\/wp\/v2\/posts\/4030\/revisions"}],"predecessor-version":[{"id":62201,"href":"https:\/\/www.article-marketing.eu\/comunicati\/wp-json\/wp\/v2\/posts\/4030\/revisions\/62201"}],"wp:attachment":[{"href":"https:\/\/www.article-marketing.eu\/comunicati\/wp-json\/wp\/v2\/media?parent=4030"}],"wp:term":[{"taxonomy":"category","embeddable":true,"href":"https:\/\/www.article-marketing.eu\/comunicati\/wp-json\/wp\/v2\/categories?post=4030"},{"taxonomy":"post_tag","embeddable":true,"href":"https:\/\/www.article-marketing.eu\/comunicati\/wp-json\/wp\/v2\/tags?post=4030"}],"curies":[{"name":"wp","href":"https:\/\/api.w.org\/{rel}","templated":true}]}}