{"id":40397,"date":"2014-04-17T17:46:37","date_gmt":"2014-04-17T15:46:37","guid":{"rendered":"http:\/\/www.article-marketing.eu\/comunicati\/senza-categoria\/pordenone-lo-sviluppo-delledilizia-negli-ultimi-anni\/"},"modified":"2014-04-17T17:46:37","modified_gmt":"2014-04-17T15:46:37","slug":"pordenone-lo-sviluppo-delledilizia-negli-ultimi-anni","status":"publish","type":"post","link":"https:\/\/www.article-marketing.eu\/comunicati\/casa\/pordenone-lo-sviluppo-delledilizia-negli-ultimi-anni\/","title":{"rendered":"Pordenone, lo sviluppo dell&#8217;edilizia negli ultimi anni"},"content":{"rendered":"<p>Lo sviluppo dell&#8217;edilizia della citt&agrave; di Pordenone, nel corso degli ultimi anni, &egrave; stato un continuo alternarsi di alti e bassi, con fase costellate da maggiore produttivit&agrave; e fasi invece dove questa era molto bassa: si pu&ograve; quindi sostenere che non si &egrave; avuto un andamento standard, ma bens&igrave; diverse fasi dove la situazione &egrave; mutata radicalmente.<br \/>Purtroppo per&ograve;, pare che la situazione peggiore sia arrivata con la crisi economica: dal 2012 infatti, i settori maggiormente colpiti sono proprio quello dell&#8217;edilizia, seguito poi da quello del commercio, e questo non &egrave; di certo un buon segnale per gli imprenditori edili che operano nella citt&agrave;, dato che le richieste di nuovi lavori, sia di ristrutturazione che di costruzione di nuovi edifici, continuano a calare in maniera costante.<br \/>Questa situazione poco facile e sopratutto bella da vivere ha inizio circa sei anni fa, ovvero nel 2008, quando il Presidente dell&#8217;Ance, Walter Lorenzon, ha deciso di descrivere la situazione del settore dell&#8217;edilizia, sottolineando che questo sta affrontando un grosso periodi di crisi, sopratutto nella citt&agrave; di Pordenone.<br \/>Purtroppo per&ograve;, pare che le sue parole siano servite a ben poco, e che anzi, la situazione, invece che migliorare, &egrave; peggiorata tantissimo: dopo soli quattro anni infatti, la citt&agrave; di Pordenone ha visto una drastica riduzione dei lavoratori nel settore dell&#8217;edilizia, che sono passati dall&#8217;esser circa duemilacinquecento a circa duemilatrecento, con una dipartita di ben duecento lavoratori circa.<br \/>Questa diminuzione &egrave; avvenuta in tempi brevissimi: da dicembre 2012 a febbraio 2013 il numero di operai ha subito la riduzione, e fortunatamente, pare che non ci siano stati ulteriori cali di lavoratori causata dalla crisi, che comunque ha continuato a colpire il settore dell&#8217;edilizia nella citt&agrave; di Pordenone.<br \/>Se i lavoratori non sono diminuiti nel 2013, ad aver subito una piccola ma significativa riduzione sono state le aziende che operano proprio nel settore edilizio: sono quindici le aziende che, a causa della riduzione del lavoro, sono state travolte dalla crisi e che quindi, loro malgrado, si sono ritrovate a dover chiudere i battenti ed a licenziare ulteriori lavoratori.<br \/>Se invece si vuole fare un esame molto pi&ugrave; vasto, partendo dal 2008, il settore, contando anche quello di Pordenone, ha visto una perdita complessiva di mille unit&agrave; lavorative, con circa cento settanta imprese costrette a chiudere.<br \/>Ancora ad oggi, pare che la grave nube della crisi non si voglia affatto rimuovere dalla citt&agrave; di Pordenone: seppur vi &egrave; stata una piccola ripresa, con un leggerissimo e quasi impercettibile aumento dei lavori, lo stesso Lorenzon ha dichiarato che la ripresa definitiva del settore &egrave; ancora molto lontana, non facendo presagire quindi nulla di buono per la citt&agrave;.<br \/>Per porre rimedio alla situazione, il presidente dell&#8217;Ance ha chiesto al Comune di render meno lente le varie procedure burocratiche, che di fatto rallentano il lavoro, chiedendo anche che vengano richieste maggiori opere di restaurazione ed una drastica me efficace riduzione delle tasse che gravano sulle varie imprese edili, in maniera tale che esse possano sopravvivere e tornare ad essere operative nella citt&agrave; di Pordenone.<br \/>\n<a href=\"http:\/\/www.casepordenone.com\" target=\"_blank\">www.casepordenone.com<\/a><\/p>\n","protected":false},"excerpt":{"rendered":"<p>Lo sviluppo dell&#8217;edilizia della citt\u00e0 di Pordenone, nel corso degli ultimi anni, \u00e8 stato un continuo alternarsi di alti e bassi, con fasi costellate da maggiore produttivit\u00e0 e fasi invece dove questa era molto bassa: si pu\u00f2 quindi sostenere che non si \u00e8 avuto un andamento standard, ma bens\u00ec diverse fasi dove la situazione \u00e8 mutata radicalmente.<\/p>\n","protected":false},"author":10,"featured_media":0,"comment_status":"open","ping_status":"open","sticky":false,"template":"","format":"standard","meta":{"cybocfi_hide_featured_image":"","footnotes":""},"categories":[390],"tags":[1734,3356,1157,3307,748,46888,2647,266],"class_list":["post-40397","post","type-post","status-publish","format-standard","hentry","category-casa","tag-affitto","tag-appartamento","tag-casa","tag-edilizia","tag-immobili","tag-pn","tag-pordenone","tag-vendita"],"yoast_head":"<!-- This site is optimized with the Yoast SEO plugin v27.0 - https:\/\/yoast.com\/product\/yoast-seo-wordpress\/ -->\n<title>Pordenone, lo sviluppo dell&#039;edilizia negli ultimi anni - Article Marketing<\/title>\n<meta name=\"robots\" content=\"index, follow, max-snippet:-1, max-image-preview:large, max-video-preview:-1\" \/>\n<link rel=\"canonical\" href=\"https:\/\/www.article-marketing.eu\/comunicati\/casa\/pordenone-lo-sviluppo-delledilizia-negli-ultimi-anni\/\" \/>\n<meta property=\"og:locale\" content=\"it_IT\" \/>\n<meta property=\"og:type\" content=\"article\" \/>\n<meta property=\"og:title\" content=\"Pordenone, lo sviluppo dell&#039;edilizia negli ultimi anni - Article Marketing\" \/>\n<meta property=\"og:description\" content=\"Lo sviluppo dell&#039;edilizia della citt\u00e0 di Pordenone, nel corso degli ultimi anni, \u00e8 stato un continuo alternarsi di alti e bassi, con fasi costellate da maggiore produttivit\u00e0 e fasi invece dove questa era molto bassa: si pu\u00f2 quindi sostenere che non si \u00e8 avuto un andamento standard, ma bens\u00ec diverse fasi dove la situazione \u00e8 mutata radicalmente.\" \/>\n<meta property=\"og:url\" content=\"https:\/\/www.article-marketing.eu\/comunicati\/casa\/pordenone-lo-sviluppo-delledilizia-negli-ultimi-anni\/\" \/>\n<meta property=\"og:site_name\" content=\"Article Marketing\" \/>\n<meta property=\"article:published_time\" content=\"2014-04-17T15:46:37+00:00\" \/>\n<meta name=\"author\" content=\"Redazione Comunicati Stampa\" \/>\n<meta name=\"twitter:card\" content=\"summary_large_image\" \/>\n<meta name=\"twitter:label1\" content=\"Scritto da\" \/>\n\t<meta name=\"twitter:data1\" content=\"Redazione Comunicati Stampa\" \/>\n\t<meta name=\"twitter:label2\" content=\"Tempo di lettura stimato\" \/>\n\t<meta name=\"twitter:data2\" content=\"3 minuti\" \/>\n<script type=\"application\/ld+json\" class=\"yoast-schema-graph\">{\"@context\":\"https:\/\/schema.org\",\"@graph\":[{\"@type\":\"Article\",\"@id\":\"https:\/\/www.article-marketing.eu\/comunicati\/casa\/pordenone-lo-sviluppo-delledilizia-negli-ultimi-anni\/#article\",\"isPartOf\":{\"@id\":\"https:\/\/www.article-marketing.eu\/comunicati\/casa\/pordenone-lo-sviluppo-delledilizia-negli-ultimi-anni\/\"},\"author\":{\"name\":\"Redazione Comunicati Stampa\",\"@id\":\"https:\/\/www.article-marketing.eu\/comunicati\/#\/schema\/person\/44372e4d4d0fa797b18e03ed1ace9017\"},\"headline\":\"Pordenone, lo sviluppo dell&#8217;edilizia negli ultimi anni\",\"datePublished\":\"2014-04-17T15:46:37+00:00\",\"mainEntityOfPage\":{\"@id\":\"https:\/\/www.article-marketing.eu\/comunicati\/casa\/pordenone-lo-sviluppo-delledilizia-negli-ultimi-anni\/\"},\"wordCount\":523,\"commentCount\":0,\"keywords\":[\"affitto\",\"appartamento\",\"casa\",\"edilizia\",\"immobili\",\"PN\",\"pordenone\",\"vendita\"],\"articleSection\":[\"Casa\"],\"inLanguage\":\"it-IT\",\"potentialAction\":[{\"@type\":\"CommentAction\",\"name\":\"Comment\",\"target\":[\"https:\/\/www.article-marketing.eu\/comunicati\/casa\/pordenone-lo-sviluppo-delledilizia-negli-ultimi-anni\/#respond\"]}]},{\"@type\":\"WebPage\",\"@id\":\"https:\/\/www.article-marketing.eu\/comunicati\/casa\/pordenone-lo-sviluppo-delledilizia-negli-ultimi-anni\/\",\"url\":\"https:\/\/www.article-marketing.eu\/comunicati\/casa\/pordenone-lo-sviluppo-delledilizia-negli-ultimi-anni\/\",\"name\":\"Pordenone, lo sviluppo dell'edilizia negli ultimi anni - Article Marketing\",\"isPartOf\":{\"@id\":\"https:\/\/www.article-marketing.eu\/comunicati\/#website\"},\"datePublished\":\"2014-04-17T15:46:37+00:00\",\"author\":{\"@id\":\"https:\/\/www.article-marketing.eu\/comunicati\/#\/schema\/person\/44372e4d4d0fa797b18e03ed1ace9017\"},\"breadcrumb\":{\"@id\":\"https:\/\/www.article-marketing.eu\/comunicati\/casa\/pordenone-lo-sviluppo-delledilizia-negli-ultimi-anni\/#breadcrumb\"},\"inLanguage\":\"it-IT\",\"potentialAction\":[{\"@type\":\"ReadAction\",\"target\":[\"https:\/\/www.article-marketing.eu\/comunicati\/casa\/pordenone-lo-sviluppo-delledilizia-negli-ultimi-anni\/\"]}]},{\"@type\":\"BreadcrumbList\",\"@id\":\"https:\/\/www.article-marketing.eu\/comunicati\/casa\/pordenone-lo-sviluppo-delledilizia-negli-ultimi-anni\/#breadcrumb\",\"itemListElement\":[{\"@type\":\"ListItem\",\"position\":1,\"name\":\"Home\",\"item\":\"https:\/\/www.article-marketing.eu\/comunicati\/\"},{\"@type\":\"ListItem\",\"position\":2,\"name\":\"Pordenone, lo sviluppo dell&#8217;edilizia negli ultimi anni\"}]},{\"@type\":\"WebSite\",\"@id\":\"https:\/\/www.article-marketing.eu\/comunicati\/#website\",\"url\":\"https:\/\/www.article-marketing.eu\/comunicati\/\",\"name\":\"Article Marketing\",\"description\":\"article marketing &amp; press release\",\"potentialAction\":[{\"@type\":\"SearchAction\",\"target\":{\"@type\":\"EntryPoint\",\"urlTemplate\":\"https:\/\/www.article-marketing.eu\/comunicati\/?s={search_term_string}\"},\"query-input\":{\"@type\":\"PropertyValueSpecification\",\"valueRequired\":true,\"valueName\":\"search_term_string\"}}],\"inLanguage\":\"it-IT\"},{\"@type\":\"Person\",\"@id\":\"https:\/\/www.article-marketing.eu\/comunicati\/#\/schema\/person\/44372e4d4d0fa797b18e03ed1ace9017\",\"name\":\"Redazione Comunicati Stampa\",\"image\":{\"@type\":\"ImageObject\",\"inLanguage\":\"it-IT\",\"@id\":\"https:\/\/www.article-marketing.eu\/comunicati\/#\/schema\/person\/image\/\",\"url\":\"https:\/\/secure.gravatar.com\/avatar\/50e5c6421d3072f42e7ace803501602c60d75233d34e29fd05feb91c8760b792?s=96&d=mm&r=g\",\"contentUrl\":\"https:\/\/secure.gravatar.com\/avatar\/50e5c6421d3072f42e7ace803501602c60d75233d34e29fd05feb91c8760b792?s=96&d=mm&r=g\",\"caption\":\"Redazione Comunicati Stampa\"},\"url\":\"https:\/\/www.article-marketing.eu\/comunicati\/author\/redazione-comunicati-stampa\/\"}]}<\/script>\n<!-- \/ Yoast SEO plugin. -->","yoast_head_json":{"title":"Pordenone, lo sviluppo dell'edilizia negli ultimi anni - Article Marketing","robots":{"index":"index","follow":"follow","max-snippet":"max-snippet:-1","max-image-preview":"max-image-preview:large","max-video-preview":"max-video-preview:-1"},"canonical":"https:\/\/www.article-marketing.eu\/comunicati\/casa\/pordenone-lo-sviluppo-delledilizia-negli-ultimi-anni\/","og_locale":"it_IT","og_type":"article","og_title":"Pordenone, lo sviluppo dell'edilizia negli ultimi anni - Article Marketing","og_description":"Lo sviluppo dell'edilizia della citt\u00e0 di Pordenone, nel corso degli ultimi anni, \u00e8 stato un continuo alternarsi di alti e bassi, con fasi costellate da maggiore produttivit\u00e0 e fasi invece dove questa era molto bassa: si pu\u00f2 quindi sostenere che non si \u00e8 avuto un andamento standard, ma bens\u00ec diverse fasi dove la situazione \u00e8 mutata radicalmente.","og_url":"https:\/\/www.article-marketing.eu\/comunicati\/casa\/pordenone-lo-sviluppo-delledilizia-negli-ultimi-anni\/","og_site_name":"Article Marketing","article_published_time":"2014-04-17T15:46:37+00:00","author":"Redazione Comunicati Stampa","twitter_card":"summary_large_image","twitter_misc":{"Scritto da":"Redazione Comunicati Stampa","Tempo di lettura stimato":"3 minuti"},"schema":{"@context":"https:\/\/schema.org","@graph":[{"@type":"Article","@id":"https:\/\/www.article-marketing.eu\/comunicati\/casa\/pordenone-lo-sviluppo-delledilizia-negli-ultimi-anni\/#article","isPartOf":{"@id":"https:\/\/www.article-marketing.eu\/comunicati\/casa\/pordenone-lo-sviluppo-delledilizia-negli-ultimi-anni\/"},"author":{"name":"Redazione Comunicati Stampa","@id":"https:\/\/www.article-marketing.eu\/comunicati\/#\/schema\/person\/44372e4d4d0fa797b18e03ed1ace9017"},"headline":"Pordenone, lo sviluppo dell&#8217;edilizia negli ultimi anni","datePublished":"2014-04-17T15:46:37+00:00","mainEntityOfPage":{"@id":"https:\/\/www.article-marketing.eu\/comunicati\/casa\/pordenone-lo-sviluppo-delledilizia-negli-ultimi-anni\/"},"wordCount":523,"commentCount":0,"keywords":["affitto","appartamento","casa","edilizia","immobili","PN","pordenone","vendita"],"articleSection":["Casa"],"inLanguage":"it-IT","potentialAction":[{"@type":"CommentAction","name":"Comment","target":["https:\/\/www.article-marketing.eu\/comunicati\/casa\/pordenone-lo-sviluppo-delledilizia-negli-ultimi-anni\/#respond"]}]},{"@type":"WebPage","@id":"https:\/\/www.article-marketing.eu\/comunicati\/casa\/pordenone-lo-sviluppo-delledilizia-negli-ultimi-anni\/","url":"https:\/\/www.article-marketing.eu\/comunicati\/casa\/pordenone-lo-sviluppo-delledilizia-negli-ultimi-anni\/","name":"Pordenone, lo sviluppo dell'edilizia negli ultimi anni - Article Marketing","isPartOf":{"@id":"https:\/\/www.article-marketing.eu\/comunicati\/#website"},"datePublished":"2014-04-17T15:46:37+00:00","author":{"@id":"https:\/\/www.article-marketing.eu\/comunicati\/#\/schema\/person\/44372e4d4d0fa797b18e03ed1ace9017"},"breadcrumb":{"@id":"https:\/\/www.article-marketing.eu\/comunicati\/casa\/pordenone-lo-sviluppo-delledilizia-negli-ultimi-anni\/#breadcrumb"},"inLanguage":"it-IT","potentialAction":[{"@type":"ReadAction","target":["https:\/\/www.article-marketing.eu\/comunicati\/casa\/pordenone-lo-sviluppo-delledilizia-negli-ultimi-anni\/"]}]},{"@type":"BreadcrumbList","@id":"https:\/\/www.article-marketing.eu\/comunicati\/casa\/pordenone-lo-sviluppo-delledilizia-negli-ultimi-anni\/#breadcrumb","itemListElement":[{"@type":"ListItem","position":1,"name":"Home","item":"https:\/\/www.article-marketing.eu\/comunicati\/"},{"@type":"ListItem","position":2,"name":"Pordenone, lo sviluppo dell&#8217;edilizia negli ultimi anni"}]},{"@type":"WebSite","@id":"https:\/\/www.article-marketing.eu\/comunicati\/#website","url":"https:\/\/www.article-marketing.eu\/comunicati\/","name":"Article Marketing","description":"article marketing &amp; press release","potentialAction":[{"@type":"SearchAction","target":{"@type":"EntryPoint","urlTemplate":"https:\/\/www.article-marketing.eu\/comunicati\/?s={search_term_string}"},"query-input":{"@type":"PropertyValueSpecification","valueRequired":true,"valueName":"search_term_string"}}],"inLanguage":"it-IT"},{"@type":"Person","@id":"https:\/\/www.article-marketing.eu\/comunicati\/#\/schema\/person\/44372e4d4d0fa797b18e03ed1ace9017","name":"Redazione Comunicati Stampa","image":{"@type":"ImageObject","inLanguage":"it-IT","@id":"https:\/\/www.article-marketing.eu\/comunicati\/#\/schema\/person\/image\/","url":"https:\/\/secure.gravatar.com\/avatar\/50e5c6421d3072f42e7ace803501602c60d75233d34e29fd05feb91c8760b792?s=96&d=mm&r=g","contentUrl":"https:\/\/secure.gravatar.com\/avatar\/50e5c6421d3072f42e7ace803501602c60d75233d34e29fd05feb91c8760b792?s=96&d=mm&r=g","caption":"Redazione Comunicati Stampa"},"url":"https:\/\/www.article-marketing.eu\/comunicati\/author\/redazione-comunicati-stampa\/"}]}},"_links":{"self":[{"href":"https:\/\/www.article-marketing.eu\/comunicati\/wp-json\/wp\/v2\/posts\/40397","targetHints":{"allow":["GET"]}}],"collection":[{"href":"https:\/\/www.article-marketing.eu\/comunicati\/wp-json\/wp\/v2\/posts"}],"about":[{"href":"https:\/\/www.article-marketing.eu\/comunicati\/wp-json\/wp\/v2\/types\/post"}],"author":[{"embeddable":true,"href":"https:\/\/www.article-marketing.eu\/comunicati\/wp-json\/wp\/v2\/users\/10"}],"replies":[{"embeddable":true,"href":"https:\/\/www.article-marketing.eu\/comunicati\/wp-json\/wp\/v2\/comments?post=40397"}],"version-history":[{"count":0,"href":"https:\/\/www.article-marketing.eu\/comunicati\/wp-json\/wp\/v2\/posts\/40397\/revisions"}],"wp:attachment":[{"href":"https:\/\/www.article-marketing.eu\/comunicati\/wp-json\/wp\/v2\/media?parent=40397"}],"wp:term":[{"taxonomy":"category","embeddable":true,"href":"https:\/\/www.article-marketing.eu\/comunicati\/wp-json\/wp\/v2\/categories?post=40397"},{"taxonomy":"post_tag","embeddable":true,"href":"https:\/\/www.article-marketing.eu\/comunicati\/wp-json\/wp\/v2\/tags?post=40397"}],"curies":[{"name":"wp","href":"https:\/\/api.w.org\/{rel}","templated":true}]}}