{"id":4042,"date":"2010-02-04T17:31:50","date_gmt":"2010-02-04T16:31:50","guid":{"rendered":"http:\/\/www.article-marketing.eu\/comunicati\/senza-categoria\/offerta-hotel-per-il-carnevale-di-fano\/"},"modified":"2018-07-10T05:44:34","modified_gmt":"2018-07-10T03:44:34","slug":"offerta-hotel-per-il-carnevale-di-fano","status":"publish","type":"post","link":"https:\/\/www.article-marketing.eu\/comunicati\/viaggi-e-vacanze\/hotels-ed-alberghi\/offerta-hotel-per-il-carnevale-di-fano\/","title":{"rendered":"Offerta Hotel per il Carnevale di Fano"},"content":{"rendered":"<p>&nbsp;<\/p>\n<p><strong>Il Carnevale di Fano<\/strong> \u00e8 considerato il pi\u00f9 antico carnevale di Italia. Anche quest&#8217;anno la citt\u00e0 marchigiana ospiter\u00e0 questo fantastico e divertentissimo evento, dove sfileranno carri allegorici dai quali verranno lanciati quintali di dolciumi di ogni genere.<\/p>\n<p>I carri saranno inoltre accompagnati da gruppi musicali che si esibiranno suonando musica tipica del luogo e per concludere la sfilata, si potra&#8217; assistere ad uno spettacolo di fuochi d&#8217;artificio e giochi pirotecnici senza pari.<\/p>\n<p>Il meraviglioso Carnevale \u00e8 una manifestazione adatta sia per grandi che per i pi\u00f9 piccoli&nbsp;<\/p>\n<p>L&#8217;evento si svolgera&#8217; a Fano nelle giornate del 7,14,24 Febbraio&nbsp;<\/p>\n<p>Il <strong>Siri Hotel 4 stelle di Fano<\/strong> per questa occasione propone la sua <a href=\"http:\/\/www.sirihotelfano.it\/Offerte\/tabid\/77\/xmmid\/453\/xmid\/38\/xmview\/2\/Default.aspx?Offerta=CARNIVAL%20DREAM\" target=\"_blank\" title=\"Carneval Dream\"><strong>offerta Carnevale di Fano<\/strong><\/a>, omaggiando chi soggiorner\u00e0 durante la manifestazione di:<\/p>\n<p><strong>1) Ingresso alla sfilata dei Carri<\/strong><\/p>\n<p>&nbsp;<\/p>\n<p><strong>2) Camera matrimoniale elegante e dotata di ogni comfort<\/strong><\/p>\n<p>&nbsp;<\/p>\n<p><strong>3) Cena di Gala in maschera noleggiata, scelta dai clienti, presso il teatro Fortuna di Fano&nbsp;<\/strong><\/p>\n<p>&nbsp;<\/p>\n<p>L&#8217;Albergo \u00e8 una nuovissima struttura di classe e raffinata, dotato di ogni comfort e situato in posizione strategica, vicino al luogo dove si svolger\u00e0 la manifestazione.<\/p>\n<p> Inoltre l&#8217;hotel \u00e8 l&#8217;ideale per le vacanze sia nei periodi estivi, in quanto situato vicino al mare, che nei periodi invernali per vacanze enogastronomiche, o visite culturali all&#8217;antica citt\u00e0 romanica di Fano.<\/p>\n<p>La struttura dispone anche di una antica sala del XVI sec. di Palazzo Alavolini, idonea ad ospitare cene di lavoro, convention, matrimoni, banchetti nuziali, meeting aziendali, e convention.&nbsp;<\/p>\n<p><strong>&nbsp;Storia della Citt\u00e0&nbsp;<\/strong><\/p>\n<p>Fano venne chiamata Fano Fortunae dai romani poich\u00e8 proprio a Fano fu sconfitto l&#8217;esercito di Asdrubale che sceso dalle Alpi con il suo esercito di elefanti, stava per ricongiungersi con Annibale. <\/p>\n<p>A seguito della battaglia venne cosi creato un insediamento romano ed eretto il famoso Tempio della Fortuna, che ancora oggi&nbsp;sono ancora parzialmente visibili.<\/p>\n<p>Nel XII secolo divenne dominio del Malatesta che costruirono nelle sue vicinanze una rocca maltestina, andata per\u00f2 sfortunatamente distrutta durante la seconda guerra mondiale.<\/p>\n","protected":false},"excerpt":{"rendered":"<p>Fantastica Offerta per vivere l&#8217;emozionante Carnevale di Fano 2010. Vivete a Fano l&#8217;emozione del pi\u00f9 antico Carnevale d&#8217;Italia.<\/p>\n","protected":false},"author":10,"featured_media":0,"comment_status":"open","ping_status":"open","sticky":false,"template":"","format":"standard","meta":{"cybocfi_hide_featured_image":"","footnotes":""},"categories":[151],"tags":[12114,12112,12110,12111,12113,12115],"class_list":["post-4042","post","type-post","status-publish","format-standard","hentry","category-hotels-ed-alberghi","tag-albergo-4-stelle-fano","tag-albergo-fano","tag-carnevale-fano","tag-hotel-4-stelle-fano","tag-hotel-fano","tag-offerta-hotel-carnevale-fano"],"yoast_head":"<!-- This site is optimized with the Yoast SEO plugin v27.0 - https:\/\/yoast.com\/product\/yoast-seo-wordpress\/ -->\n<title>Offerta Hotel per il Carnevale di Fano - Article Marketing<\/title>\n<meta name=\"robots\" content=\"index, follow, max-snippet:-1, max-image-preview:large, max-video-preview:-1\" \/>\n<link rel=\"canonical\" href=\"https:\/\/www.article-marketing.eu\/comunicati\/viaggi-e-vacanze\/hotels-ed-alberghi\/offerta-hotel-per-il-carnevale-di-fano\/\" \/>\n<meta property=\"og:locale\" content=\"it_IT\" \/>\n<meta property=\"og:type\" content=\"article\" \/>\n<meta property=\"og:title\" content=\"Offerta Hotel per il Carnevale di Fano - Article Marketing\" \/>\n<meta property=\"og:description\" content=\"Fantastica Offerta per vivere l&#039;emozionante Carnevale di Fano 2010. Vivete a Fano l&#039;emozione del pi\u00f9 antico Carnevale d&#039;Italia.\" \/>\n<meta property=\"og:url\" content=\"https:\/\/www.article-marketing.eu\/comunicati\/viaggi-e-vacanze\/hotels-ed-alberghi\/offerta-hotel-per-il-carnevale-di-fano\/\" \/>\n<meta property=\"og:site_name\" content=\"Article Marketing\" \/>\n<meta property=\"article:published_time\" content=\"2010-02-04T16:31:50+00:00\" \/>\n<meta property=\"article:modified_time\" content=\"2018-07-10T03:44:34+00:00\" \/>\n<meta name=\"author\" content=\"Redazione Comunicati Stampa\" \/>\n<meta name=\"twitter:card\" content=\"summary_large_image\" \/>\n<meta name=\"twitter:label1\" content=\"Scritto da\" \/>\n\t<meta name=\"twitter:data1\" content=\"Redazione Comunicati Stampa\" \/>\n\t<meta name=\"twitter:label2\" content=\"Tempo di lettura stimato\" \/>\n\t<meta name=\"twitter:data2\" content=\"2 minuti\" \/>\n<script type=\"application\/ld+json\" class=\"yoast-schema-graph\">{\"@context\":\"https:\/\/schema.org\",\"@graph\":[{\"@type\":\"Article\",\"@id\":\"https:\/\/www.article-marketing.eu\/comunicati\/viaggi-e-vacanze\/hotels-ed-alberghi\/offerta-hotel-per-il-carnevale-di-fano\/#article\",\"isPartOf\":{\"@id\":\"https:\/\/www.article-marketing.eu\/comunicati\/viaggi-e-vacanze\/hotels-ed-alberghi\/offerta-hotel-per-il-carnevale-di-fano\/\"},\"author\":{\"name\":\"Redazione Comunicati Stampa\",\"@id\":\"https:\/\/www.article-marketing.eu\/comunicati\/#\/schema\/person\/44372e4d4d0fa797b18e03ed1ace9017\"},\"headline\":\"Offerta Hotel per il Carnevale di Fano\",\"datePublished\":\"2010-02-04T16:31:50+00:00\",\"dateModified\":\"2018-07-10T03:44:34+00:00\",\"mainEntityOfPage\":{\"@id\":\"https:\/\/www.article-marketing.eu\/comunicati\/viaggi-e-vacanze\/hotels-ed-alberghi\/offerta-hotel-per-il-carnevale-di-fano\/\"},\"wordCount\":329,\"commentCount\":0,\"keywords\":[\"albergo 4 stelle fano\",\"albergo fano\",\"carnevale fano\",\"hotel 4 stelle fano\",\"hotel fano\",\"offerta hotel carnevale fano\"],\"articleSection\":[\"Hotels ed alberghi\"],\"inLanguage\":\"it-IT\",\"potentialAction\":[{\"@type\":\"CommentAction\",\"name\":\"Comment\",\"target\":[\"https:\/\/www.article-marketing.eu\/comunicati\/viaggi-e-vacanze\/hotels-ed-alberghi\/offerta-hotel-per-il-carnevale-di-fano\/#respond\"]}]},{\"@type\":\"WebPage\",\"@id\":\"https:\/\/www.article-marketing.eu\/comunicati\/viaggi-e-vacanze\/hotels-ed-alberghi\/offerta-hotel-per-il-carnevale-di-fano\/\",\"url\":\"https:\/\/www.article-marketing.eu\/comunicati\/viaggi-e-vacanze\/hotels-ed-alberghi\/offerta-hotel-per-il-carnevale-di-fano\/\",\"name\":\"Offerta Hotel per il Carnevale di Fano - Article Marketing\",\"isPartOf\":{\"@id\":\"https:\/\/www.article-marketing.eu\/comunicati\/#website\"},\"datePublished\":\"2010-02-04T16:31:50+00:00\",\"dateModified\":\"2018-07-10T03:44:34+00:00\",\"author\":{\"@id\":\"https:\/\/www.article-marketing.eu\/comunicati\/#\/schema\/person\/44372e4d4d0fa797b18e03ed1ace9017\"},\"breadcrumb\":{\"@id\":\"https:\/\/www.article-marketing.eu\/comunicati\/viaggi-e-vacanze\/hotels-ed-alberghi\/offerta-hotel-per-il-carnevale-di-fano\/#breadcrumb\"},\"inLanguage\":\"it-IT\",\"potentialAction\":[{\"@type\":\"ReadAction\",\"target\":[\"https:\/\/www.article-marketing.eu\/comunicati\/viaggi-e-vacanze\/hotels-ed-alberghi\/offerta-hotel-per-il-carnevale-di-fano\/\"]}]},{\"@type\":\"BreadcrumbList\",\"@id\":\"https:\/\/www.article-marketing.eu\/comunicati\/viaggi-e-vacanze\/hotels-ed-alberghi\/offerta-hotel-per-il-carnevale-di-fano\/#breadcrumb\",\"itemListElement\":[{\"@type\":\"ListItem\",\"position\":1,\"name\":\"Home\",\"item\":\"https:\/\/www.article-marketing.eu\/comunicati\/\"},{\"@type\":\"ListItem\",\"position\":2,\"name\":\"Offerta Hotel per il Carnevale di Fano\"}]},{\"@type\":\"WebSite\",\"@id\":\"https:\/\/www.article-marketing.eu\/comunicati\/#website\",\"url\":\"https:\/\/www.article-marketing.eu\/comunicati\/\",\"name\":\"Article Marketing\",\"description\":\"article marketing &amp; press release\",\"potentialAction\":[{\"@type\":\"SearchAction\",\"target\":{\"@type\":\"EntryPoint\",\"urlTemplate\":\"https:\/\/www.article-marketing.eu\/comunicati\/?s={search_term_string}\"},\"query-input\":{\"@type\":\"PropertyValueSpecification\",\"valueRequired\":true,\"valueName\":\"search_term_string\"}}],\"inLanguage\":\"it-IT\"},{\"@type\":\"Person\",\"@id\":\"https:\/\/www.article-marketing.eu\/comunicati\/#\/schema\/person\/44372e4d4d0fa797b18e03ed1ace9017\",\"name\":\"Redazione Comunicati Stampa\",\"image\":{\"@type\":\"ImageObject\",\"inLanguage\":\"it-IT\",\"@id\":\"https:\/\/www.article-marketing.eu\/comunicati\/#\/schema\/person\/image\/\",\"url\":\"https:\/\/secure.gravatar.com\/avatar\/50e5c6421d3072f42e7ace803501602c60d75233d34e29fd05feb91c8760b792?s=96&d=mm&r=g\",\"contentUrl\":\"https:\/\/secure.gravatar.com\/avatar\/50e5c6421d3072f42e7ace803501602c60d75233d34e29fd05feb91c8760b792?s=96&d=mm&r=g\",\"caption\":\"Redazione Comunicati Stampa\"},\"url\":\"https:\/\/www.article-marketing.eu\/comunicati\/author\/redazione-comunicati-stampa\/\"}]}<\/script>\n<!-- \/ Yoast SEO plugin. -->","yoast_head_json":{"title":"Offerta Hotel per il Carnevale di Fano - Article Marketing","robots":{"index":"index","follow":"follow","max-snippet":"max-snippet:-1","max-image-preview":"max-image-preview:large","max-video-preview":"max-video-preview:-1"},"canonical":"https:\/\/www.article-marketing.eu\/comunicati\/viaggi-e-vacanze\/hotels-ed-alberghi\/offerta-hotel-per-il-carnevale-di-fano\/","og_locale":"it_IT","og_type":"article","og_title":"Offerta Hotel per il Carnevale di Fano - Article Marketing","og_description":"Fantastica Offerta per vivere l'emozionante Carnevale di Fano 2010. Vivete a Fano l'emozione del pi\u00f9 antico Carnevale d'Italia.","og_url":"https:\/\/www.article-marketing.eu\/comunicati\/viaggi-e-vacanze\/hotels-ed-alberghi\/offerta-hotel-per-il-carnevale-di-fano\/","og_site_name":"Article Marketing","article_published_time":"2010-02-04T16:31:50+00:00","article_modified_time":"2018-07-10T03:44:34+00:00","author":"Redazione Comunicati Stampa","twitter_card":"summary_large_image","twitter_misc":{"Scritto da":"Redazione Comunicati Stampa","Tempo di lettura stimato":"2 minuti"},"schema":{"@context":"https:\/\/schema.org","@graph":[{"@type":"Article","@id":"https:\/\/www.article-marketing.eu\/comunicati\/viaggi-e-vacanze\/hotels-ed-alberghi\/offerta-hotel-per-il-carnevale-di-fano\/#article","isPartOf":{"@id":"https:\/\/www.article-marketing.eu\/comunicati\/viaggi-e-vacanze\/hotels-ed-alberghi\/offerta-hotel-per-il-carnevale-di-fano\/"},"author":{"name":"Redazione Comunicati Stampa","@id":"https:\/\/www.article-marketing.eu\/comunicati\/#\/schema\/person\/44372e4d4d0fa797b18e03ed1ace9017"},"headline":"Offerta Hotel per il Carnevale di Fano","datePublished":"2010-02-04T16:31:50+00:00","dateModified":"2018-07-10T03:44:34+00:00","mainEntityOfPage":{"@id":"https:\/\/www.article-marketing.eu\/comunicati\/viaggi-e-vacanze\/hotels-ed-alberghi\/offerta-hotel-per-il-carnevale-di-fano\/"},"wordCount":329,"commentCount":0,"keywords":["albergo 4 stelle fano","albergo fano","carnevale fano","hotel 4 stelle fano","hotel fano","offerta hotel carnevale fano"],"articleSection":["Hotels ed alberghi"],"inLanguage":"it-IT","potentialAction":[{"@type":"CommentAction","name":"Comment","target":["https:\/\/www.article-marketing.eu\/comunicati\/viaggi-e-vacanze\/hotels-ed-alberghi\/offerta-hotel-per-il-carnevale-di-fano\/#respond"]}]},{"@type":"WebPage","@id":"https:\/\/www.article-marketing.eu\/comunicati\/viaggi-e-vacanze\/hotels-ed-alberghi\/offerta-hotel-per-il-carnevale-di-fano\/","url":"https:\/\/www.article-marketing.eu\/comunicati\/viaggi-e-vacanze\/hotels-ed-alberghi\/offerta-hotel-per-il-carnevale-di-fano\/","name":"Offerta Hotel per il Carnevale di Fano - Article Marketing","isPartOf":{"@id":"https:\/\/www.article-marketing.eu\/comunicati\/#website"},"datePublished":"2010-02-04T16:31:50+00:00","dateModified":"2018-07-10T03:44:34+00:00","author":{"@id":"https:\/\/www.article-marketing.eu\/comunicati\/#\/schema\/person\/44372e4d4d0fa797b18e03ed1ace9017"},"breadcrumb":{"@id":"https:\/\/www.article-marketing.eu\/comunicati\/viaggi-e-vacanze\/hotels-ed-alberghi\/offerta-hotel-per-il-carnevale-di-fano\/#breadcrumb"},"inLanguage":"it-IT","potentialAction":[{"@type":"ReadAction","target":["https:\/\/www.article-marketing.eu\/comunicati\/viaggi-e-vacanze\/hotels-ed-alberghi\/offerta-hotel-per-il-carnevale-di-fano\/"]}]},{"@type":"BreadcrumbList","@id":"https:\/\/www.article-marketing.eu\/comunicati\/viaggi-e-vacanze\/hotels-ed-alberghi\/offerta-hotel-per-il-carnevale-di-fano\/#breadcrumb","itemListElement":[{"@type":"ListItem","position":1,"name":"Home","item":"https:\/\/www.article-marketing.eu\/comunicati\/"},{"@type":"ListItem","position":2,"name":"Offerta Hotel per il Carnevale di Fano"}]},{"@type":"WebSite","@id":"https:\/\/www.article-marketing.eu\/comunicati\/#website","url":"https:\/\/www.article-marketing.eu\/comunicati\/","name":"Article Marketing","description":"article marketing &amp; press release","potentialAction":[{"@type":"SearchAction","target":{"@type":"EntryPoint","urlTemplate":"https:\/\/www.article-marketing.eu\/comunicati\/?s={search_term_string}"},"query-input":{"@type":"PropertyValueSpecification","valueRequired":true,"valueName":"search_term_string"}}],"inLanguage":"it-IT"},{"@type":"Person","@id":"https:\/\/www.article-marketing.eu\/comunicati\/#\/schema\/person\/44372e4d4d0fa797b18e03ed1ace9017","name":"Redazione Comunicati Stampa","image":{"@type":"ImageObject","inLanguage":"it-IT","@id":"https:\/\/www.article-marketing.eu\/comunicati\/#\/schema\/person\/image\/","url":"https:\/\/secure.gravatar.com\/avatar\/50e5c6421d3072f42e7ace803501602c60d75233d34e29fd05feb91c8760b792?s=96&d=mm&r=g","contentUrl":"https:\/\/secure.gravatar.com\/avatar\/50e5c6421d3072f42e7ace803501602c60d75233d34e29fd05feb91c8760b792?s=96&d=mm&r=g","caption":"Redazione Comunicati Stampa"},"url":"https:\/\/www.article-marketing.eu\/comunicati\/author\/redazione-comunicati-stampa\/"}]}},"_links":{"self":[{"href":"https:\/\/www.article-marketing.eu\/comunicati\/wp-json\/wp\/v2\/posts\/4042","targetHints":{"allow":["GET"]}}],"collection":[{"href":"https:\/\/www.article-marketing.eu\/comunicati\/wp-json\/wp\/v2\/posts"}],"about":[{"href":"https:\/\/www.article-marketing.eu\/comunicati\/wp-json\/wp\/v2\/types\/post"}],"author":[{"embeddable":true,"href":"https:\/\/www.article-marketing.eu\/comunicati\/wp-json\/wp\/v2\/users\/10"}],"replies":[{"embeddable":true,"href":"https:\/\/www.article-marketing.eu\/comunicati\/wp-json\/wp\/v2\/comments?post=4042"}],"version-history":[{"count":5,"href":"https:\/\/www.article-marketing.eu\/comunicati\/wp-json\/wp\/v2\/posts\/4042\/revisions"}],"predecessor-version":[{"id":62215,"href":"https:\/\/www.article-marketing.eu\/comunicati\/wp-json\/wp\/v2\/posts\/4042\/revisions\/62215"}],"wp:attachment":[{"href":"https:\/\/www.article-marketing.eu\/comunicati\/wp-json\/wp\/v2\/media?parent=4042"}],"wp:term":[{"taxonomy":"category","embeddable":true,"href":"https:\/\/www.article-marketing.eu\/comunicati\/wp-json\/wp\/v2\/categories?post=4042"},{"taxonomy":"post_tag","embeddable":true,"href":"https:\/\/www.article-marketing.eu\/comunicati\/wp-json\/wp\/v2\/tags?post=4042"}],"curies":[{"name":"wp","href":"https:\/\/api.w.org\/{rel}","templated":true}]}}