{"id":4050,"date":"2010-02-05T11:40:36","date_gmt":"2010-02-05T10:40:36","guid":{"rendered":"http:\/\/www.article-marketing.eu\/comunicati\/senza-categoria\/dialogo-mediterraneo-al-via\/"},"modified":"2010-02-05T11:40:36","modified_gmt":"2010-02-05T10:40:36","slug":"dialogo-mediterraneo-al-via","status":"publish","type":"post","link":"https:\/\/www.article-marketing.eu\/comunicati\/internet\/blog\/dialogo-mediterraneo-al-via\/","title":{"rendered":"Dialogo  Mediterraneo   al via"},"content":{"rendered":"<p>Da un po\u2019 ho scelto di abbandonare un po\u2019 di pesi.<br \/>Da oggi, dall\u2019isola<a href=\"http:\/\/www.comunicaremediterraneo.it\/\"> www.comunicaremediterraneo.it<\/a>, si tuffano nel mare di internet i primi pensieri del dialogo mediterraneo. Trasportati dai flutti quotidiani, cercheranno di infrangersi sulle tue rive per raccogliere i tuoi pensieri e ravvivare cos\u00ec il potere delle umane, sensibili e costruttive conversazioni mediterranee. <\/p>\n<p><em>Da un po\u2019 ho scelto di abbandonare un po\u2019 di pesi.<br \/>Erano optional per correre pi\u00f9 veloci in una corsa che non mi \u00e8 mai interessata davvero e che ora so quanto sia infelice e stupida. Ora non sono pi\u00f9 optional ma solo pesi, pesi per la mia passeggiata nella vita che ho.<br \/>Sono ricco, troppo ricco di cose. In tanti lo siamo senza un briciolo di felicit\u00e0. Circondati di paura e sospetto. Invidia di che?<\/em><\/p>\n<p><em><\/p>\n<p>Voglio alleggerirmi dei pesi della falsa ricchezza e tuffarmi nel tempo che ho, nell\u2019amore che mi circonda, negli odori che mi salvano ancora.<br \/>Apro gli occhi ora, apro il cuore e so. So che esser leggeri, vuoti di quei pesi, ha un prezzo che diventa incomprensione e veleno. Ma i miei piedi tornano nella terra e le mie mani tornano a fare per pensare meglio. Per riprendere la libert\u00e0. E quei veleni si dileguano.<\/p>\n<p>Da un po\u2019 ho scelto di vivere piuttosto che accelerare la girandola dei criceti ora vincenti e per sempre perdenti.<\/p>\n<p>Scrivo, scrivo di pi\u00f9 infilando le mie perle, scoperte nel mare dei saggi, nel filo del \u201ccomunicare mediterraneo\u201d. Non \u00e8 solo un libro. Non \u00e8 un\u2019appendice lavorativa della mia giornata. E\u2019 ci\u00f2 che guida le mi scelte di oggi e ispira i passi di domani. Il libro che cresce di parole e pagine, spiega il mio giorno e la mia notte. E\u2019 un compagno che mi sta cambiando perch\u00e9 io lo assecondo con felicit\u00e0, con entusiasmo, con passione, rabbia e speranza.<br \/>Parole e pensieri resi intelligenti dal tornare a fare. Ho tagliato la testa al mio tempo lavorativo e l\u2019ho restituita al tempo del sogno e del fare. Scrivo e torno alla terra, imparando di agricoltura e plasmando la creta. <\/p>\n<p>Non so se finir\u00f2 mai di considerare finito il mio libro, spero di no. Intanto per\u00f2, sottraendoli a caso alle pagine, vorrei affidare alcuni pensieri ai flutti del mare che sulla rete ci unisce. Ogni giorno un flutto sul blog www.comunicaremediterraneo.it. Cullati sulla cresta delle onde celano a mezz\u2019acqua il pensiero che manca per essere completi: il tuo.<\/p>\n<p>Terra e mare in me, fuori il resto che non sia amore e speranza in te.<br \/>Il Sud \u00e8 la mia culla e l\u00ec devo tornare per offrirti quel poco di buono che c\u2019\u00e8 in me.<br \/>Ti aspetto per scambiarci i frutti del dialogo mediterraneo anche su facebook e pure ci potete trovare su twitter: http:\/\/twitter.com\/GRUPPOLTRELINEA&nbsp;&nbsp;&nbsp;&nbsp;&nbsp;&nbsp;&nbsp;&nbsp;&nbsp;&nbsp;&nbsp;&nbsp;&nbsp;&nbsp;&nbsp;&nbsp;&nbsp;&nbsp;&nbsp;&nbsp;&nbsp;&nbsp;&nbsp;&nbsp;&nbsp;&nbsp;&nbsp;&nbsp;&nbsp;&nbsp;&nbsp;&nbsp;&nbsp;&nbsp;&nbsp;&nbsp;&nbsp;&nbsp;&nbsp;&nbsp;&nbsp;&nbsp;&nbsp;&nbsp;&nbsp;&nbsp;&nbsp;&nbsp;&nbsp;&nbsp;&nbsp;&nbsp;&nbsp;&nbsp;&nbsp;&nbsp;&nbsp;&nbsp;&nbsp;&nbsp;&nbsp;&nbsp;&nbsp;&nbsp;&nbsp;&nbsp;&nbsp;&nbsp;&nbsp;&nbsp;&nbsp;&nbsp;&nbsp;&nbsp;&nbsp;&nbsp;&nbsp;&nbsp;&nbsp;&nbsp;&nbsp;&nbsp;&nbsp;&nbsp;&nbsp;&nbsp;&nbsp;&nbsp;&nbsp;&nbsp;&nbsp;&nbsp;&nbsp;&nbsp;&nbsp;&nbsp;&nbsp;&nbsp; <\/p>\n<p>&nbsp;<\/p>\n<p>&nbsp;<\/p>\n<p>&nbsp;<\/p>\n<p>&nbsp;<\/p>\n<p><\/em><\/p>\n","protected":false},"excerpt":{"rendered":"<p>Le parole che da questo luogo si tuffano nel web, sono frammenti di un manoscritto che diventer\u00e0 libro. Nel gioco del dialogo mediterraneo la tua voce \u00e8 la benvenuta. Se poi avrai voglia di condividere alcuni di questi frammenti ne sar\u00f2 onorato, ma, se lo farai, ti prego solo di citare la fonte riportando la dicitura &#8220;tratto da www.comunicaremediterraneo.it di S.P.&#8221;<\/p>\n","protected":false},"author":10,"featured_media":0,"comment_status":"open","ping_status":"open","sticky":false,"template":"","format":"standard","meta":{"cybocfi_hide_featured_image":"","footnotes":""},"categories":[978],"tags":[6829,1851,2641,596,12125,2248,4898,12127,799,6503,12124,7027,12126],"class_list":["post-4050","post","type-post","status-publish","format-standard","hentry","category-blog","tag-ascolto","tag-bellezza","tag-comunicare","tag-cultura","tag-empatia","tag-famiglia","tag-felicita","tag-lecce-oltrelinea","tag-mare","tag-mediterraneo","tag-sud","tag-terra","tag-valori"],"yoast_head":"<!-- This site is optimized with the Yoast SEO plugin v27.0 - https:\/\/yoast.com\/product\/yoast-seo-wordpress\/ -->\n<title>Dialogo Mediterraneo  al via - Article Marketing<\/title>\n<meta name=\"robots\" content=\"index, follow, max-snippet:-1, max-image-preview:large, max-video-preview:-1\" \/>\n<link rel=\"canonical\" href=\"https:\/\/www.article-marketing.eu\/comunicati\/internet\/blog\/dialogo-mediterraneo-al-via\/\" \/>\n<meta property=\"og:locale\" content=\"it_IT\" \/>\n<meta property=\"og:type\" content=\"article\" \/>\n<meta property=\"og:title\" content=\"Dialogo Mediterraneo  al via - Article Marketing\" \/>\n<meta property=\"og:description\" content=\"Le parole che da questo luogo si tuffano nel web, sono frammenti di un manoscritto che diventer\u00e0 libro. Nel gioco del dialogo mediterraneo la tua voce \u00e8 la benvenuta. Se poi avrai voglia di condividere alcuni di questi frammenti ne sar\u00f2 onorato, ma, se lo farai, ti prego solo di citare la fonte riportando la dicitura &quot;tratto da www.comunicaremediterraneo.it di S.P.&quot;\" \/>\n<meta property=\"og:url\" content=\"https:\/\/www.article-marketing.eu\/comunicati\/internet\/blog\/dialogo-mediterraneo-al-via\/\" \/>\n<meta property=\"og:site_name\" content=\"Article Marketing\" \/>\n<meta property=\"article:published_time\" content=\"2010-02-05T10:40:36+00:00\" \/>\n<meta name=\"author\" content=\"Redazione Comunicati Stampa\" \/>\n<meta name=\"twitter:card\" content=\"summary_large_image\" \/>\n<meta name=\"twitter:label1\" content=\"Scritto da\" \/>\n\t<meta name=\"twitter:data1\" content=\"Redazione Comunicati Stampa\" \/>\n\t<meta name=\"twitter:label2\" content=\"Tempo di lettura stimato\" \/>\n\t<meta name=\"twitter:data2\" content=\"3 minuti\" \/>\n<script type=\"application\/ld+json\" class=\"yoast-schema-graph\">{\"@context\":\"https:\/\/schema.org\",\"@graph\":[{\"@type\":\"Article\",\"@id\":\"https:\/\/www.article-marketing.eu\/comunicati\/internet\/blog\/dialogo-mediterraneo-al-via\/#article\",\"isPartOf\":{\"@id\":\"https:\/\/www.article-marketing.eu\/comunicati\/internet\/blog\/dialogo-mediterraneo-al-via\/\"},\"author\":{\"name\":\"Redazione Comunicati Stampa\",\"@id\":\"https:\/\/www.article-marketing.eu\/comunicati\/#\/schema\/person\/44372e4d4d0fa797b18e03ed1ace9017\"},\"headline\":\"Dialogo Mediterraneo al via\",\"datePublished\":\"2010-02-05T10:40:36+00:00\",\"mainEntityOfPage\":{\"@id\":\"https:\/\/www.article-marketing.eu\/comunicati\/internet\/blog\/dialogo-mediterraneo-al-via\/\"},\"wordCount\":572,\"commentCount\":0,\"keywords\":[\"ascolto\",\"bellezza\",\"comunicare\",\"cultura\",\"empatia\",\"famiglia\",\"felicit\u00e0\",\"lecce. oltrelinea\",\"mare\",\"mediterraneo\",\"sud\",\"terra\",\"valori\"],\"articleSection\":[\"Blog\"],\"inLanguage\":\"it-IT\",\"potentialAction\":[{\"@type\":\"CommentAction\",\"name\":\"Comment\",\"target\":[\"https:\/\/www.article-marketing.eu\/comunicati\/internet\/blog\/dialogo-mediterraneo-al-via\/#respond\"]}]},{\"@type\":\"WebPage\",\"@id\":\"https:\/\/www.article-marketing.eu\/comunicati\/internet\/blog\/dialogo-mediterraneo-al-via\/\",\"url\":\"https:\/\/www.article-marketing.eu\/comunicati\/internet\/blog\/dialogo-mediterraneo-al-via\/\",\"name\":\"Dialogo Mediterraneo al via - Article Marketing\",\"isPartOf\":{\"@id\":\"https:\/\/www.article-marketing.eu\/comunicati\/#website\"},\"datePublished\":\"2010-02-05T10:40:36+00:00\",\"author\":{\"@id\":\"https:\/\/www.article-marketing.eu\/comunicati\/#\/schema\/person\/44372e4d4d0fa797b18e03ed1ace9017\"},\"breadcrumb\":{\"@id\":\"https:\/\/www.article-marketing.eu\/comunicati\/internet\/blog\/dialogo-mediterraneo-al-via\/#breadcrumb\"},\"inLanguage\":\"it-IT\",\"potentialAction\":[{\"@type\":\"ReadAction\",\"target\":[\"https:\/\/www.article-marketing.eu\/comunicati\/internet\/blog\/dialogo-mediterraneo-al-via\/\"]}]},{\"@type\":\"BreadcrumbList\",\"@id\":\"https:\/\/www.article-marketing.eu\/comunicati\/internet\/blog\/dialogo-mediterraneo-al-via\/#breadcrumb\",\"itemListElement\":[{\"@type\":\"ListItem\",\"position\":1,\"name\":\"Home\",\"item\":\"https:\/\/www.article-marketing.eu\/comunicati\/\"},{\"@type\":\"ListItem\",\"position\":2,\"name\":\"Dialogo Mediterraneo al via\"}]},{\"@type\":\"WebSite\",\"@id\":\"https:\/\/www.article-marketing.eu\/comunicati\/#website\",\"url\":\"https:\/\/www.article-marketing.eu\/comunicati\/\",\"name\":\"Article Marketing\",\"description\":\"article marketing &amp; press release\",\"potentialAction\":[{\"@type\":\"SearchAction\",\"target\":{\"@type\":\"EntryPoint\",\"urlTemplate\":\"https:\/\/www.article-marketing.eu\/comunicati\/?s={search_term_string}\"},\"query-input\":{\"@type\":\"PropertyValueSpecification\",\"valueRequired\":true,\"valueName\":\"search_term_string\"}}],\"inLanguage\":\"it-IT\"},{\"@type\":\"Person\",\"@id\":\"https:\/\/www.article-marketing.eu\/comunicati\/#\/schema\/person\/44372e4d4d0fa797b18e03ed1ace9017\",\"name\":\"Redazione Comunicati Stampa\",\"image\":{\"@type\":\"ImageObject\",\"inLanguage\":\"it-IT\",\"@id\":\"https:\/\/www.article-marketing.eu\/comunicati\/#\/schema\/person\/image\/\",\"url\":\"https:\/\/secure.gravatar.com\/avatar\/50e5c6421d3072f42e7ace803501602c60d75233d34e29fd05feb91c8760b792?s=96&d=mm&r=g\",\"contentUrl\":\"https:\/\/secure.gravatar.com\/avatar\/50e5c6421d3072f42e7ace803501602c60d75233d34e29fd05feb91c8760b792?s=96&d=mm&r=g\",\"caption\":\"Redazione Comunicati Stampa\"},\"url\":\"https:\/\/www.article-marketing.eu\/comunicati\/author\/redazione-comunicati-stampa\/\"}]}<\/script>\n<!-- \/ Yoast SEO plugin. -->","yoast_head_json":{"title":"Dialogo Mediterraneo  al via - Article Marketing","robots":{"index":"index","follow":"follow","max-snippet":"max-snippet:-1","max-image-preview":"max-image-preview:large","max-video-preview":"max-video-preview:-1"},"canonical":"https:\/\/www.article-marketing.eu\/comunicati\/internet\/blog\/dialogo-mediterraneo-al-via\/","og_locale":"it_IT","og_type":"article","og_title":"Dialogo Mediterraneo  al via - Article Marketing","og_description":"Le parole che da questo luogo si tuffano nel web, sono frammenti di un manoscritto che diventer\u00e0 libro. Nel gioco del dialogo mediterraneo la tua voce \u00e8 la benvenuta. Se poi avrai voglia di condividere alcuni di questi frammenti ne sar\u00f2 onorato, ma, se lo farai, ti prego solo di citare la fonte riportando la dicitura \"tratto da www.comunicaremediterraneo.it di S.P.\"","og_url":"https:\/\/www.article-marketing.eu\/comunicati\/internet\/blog\/dialogo-mediterraneo-al-via\/","og_site_name":"Article Marketing","article_published_time":"2010-02-05T10:40:36+00:00","author":"Redazione Comunicati Stampa","twitter_card":"summary_large_image","twitter_misc":{"Scritto da":"Redazione Comunicati Stampa","Tempo di lettura stimato":"3 minuti"},"schema":{"@context":"https:\/\/schema.org","@graph":[{"@type":"Article","@id":"https:\/\/www.article-marketing.eu\/comunicati\/internet\/blog\/dialogo-mediterraneo-al-via\/#article","isPartOf":{"@id":"https:\/\/www.article-marketing.eu\/comunicati\/internet\/blog\/dialogo-mediterraneo-al-via\/"},"author":{"name":"Redazione Comunicati Stampa","@id":"https:\/\/www.article-marketing.eu\/comunicati\/#\/schema\/person\/44372e4d4d0fa797b18e03ed1ace9017"},"headline":"Dialogo Mediterraneo al via","datePublished":"2010-02-05T10:40:36+00:00","mainEntityOfPage":{"@id":"https:\/\/www.article-marketing.eu\/comunicati\/internet\/blog\/dialogo-mediterraneo-al-via\/"},"wordCount":572,"commentCount":0,"keywords":["ascolto","bellezza","comunicare","cultura","empatia","famiglia","felicit\u00e0","lecce. oltrelinea","mare","mediterraneo","sud","terra","valori"],"articleSection":["Blog"],"inLanguage":"it-IT","potentialAction":[{"@type":"CommentAction","name":"Comment","target":["https:\/\/www.article-marketing.eu\/comunicati\/internet\/blog\/dialogo-mediterraneo-al-via\/#respond"]}]},{"@type":"WebPage","@id":"https:\/\/www.article-marketing.eu\/comunicati\/internet\/blog\/dialogo-mediterraneo-al-via\/","url":"https:\/\/www.article-marketing.eu\/comunicati\/internet\/blog\/dialogo-mediterraneo-al-via\/","name":"Dialogo Mediterraneo al via - Article Marketing","isPartOf":{"@id":"https:\/\/www.article-marketing.eu\/comunicati\/#website"},"datePublished":"2010-02-05T10:40:36+00:00","author":{"@id":"https:\/\/www.article-marketing.eu\/comunicati\/#\/schema\/person\/44372e4d4d0fa797b18e03ed1ace9017"},"breadcrumb":{"@id":"https:\/\/www.article-marketing.eu\/comunicati\/internet\/blog\/dialogo-mediterraneo-al-via\/#breadcrumb"},"inLanguage":"it-IT","potentialAction":[{"@type":"ReadAction","target":["https:\/\/www.article-marketing.eu\/comunicati\/internet\/blog\/dialogo-mediterraneo-al-via\/"]}]},{"@type":"BreadcrumbList","@id":"https:\/\/www.article-marketing.eu\/comunicati\/internet\/blog\/dialogo-mediterraneo-al-via\/#breadcrumb","itemListElement":[{"@type":"ListItem","position":1,"name":"Home","item":"https:\/\/www.article-marketing.eu\/comunicati\/"},{"@type":"ListItem","position":2,"name":"Dialogo Mediterraneo al via"}]},{"@type":"WebSite","@id":"https:\/\/www.article-marketing.eu\/comunicati\/#website","url":"https:\/\/www.article-marketing.eu\/comunicati\/","name":"Article Marketing","description":"article marketing &amp; press release","potentialAction":[{"@type":"SearchAction","target":{"@type":"EntryPoint","urlTemplate":"https:\/\/www.article-marketing.eu\/comunicati\/?s={search_term_string}"},"query-input":{"@type":"PropertyValueSpecification","valueRequired":true,"valueName":"search_term_string"}}],"inLanguage":"it-IT"},{"@type":"Person","@id":"https:\/\/www.article-marketing.eu\/comunicati\/#\/schema\/person\/44372e4d4d0fa797b18e03ed1ace9017","name":"Redazione Comunicati Stampa","image":{"@type":"ImageObject","inLanguage":"it-IT","@id":"https:\/\/www.article-marketing.eu\/comunicati\/#\/schema\/person\/image\/","url":"https:\/\/secure.gravatar.com\/avatar\/50e5c6421d3072f42e7ace803501602c60d75233d34e29fd05feb91c8760b792?s=96&d=mm&r=g","contentUrl":"https:\/\/secure.gravatar.com\/avatar\/50e5c6421d3072f42e7ace803501602c60d75233d34e29fd05feb91c8760b792?s=96&d=mm&r=g","caption":"Redazione Comunicati Stampa"},"url":"https:\/\/www.article-marketing.eu\/comunicati\/author\/redazione-comunicati-stampa\/"}]}},"_links":{"self":[{"href":"https:\/\/www.article-marketing.eu\/comunicati\/wp-json\/wp\/v2\/posts\/4050","targetHints":{"allow":["GET"]}}],"collection":[{"href":"https:\/\/www.article-marketing.eu\/comunicati\/wp-json\/wp\/v2\/posts"}],"about":[{"href":"https:\/\/www.article-marketing.eu\/comunicati\/wp-json\/wp\/v2\/types\/post"}],"author":[{"embeddable":true,"href":"https:\/\/www.article-marketing.eu\/comunicati\/wp-json\/wp\/v2\/users\/10"}],"replies":[{"embeddable":true,"href":"https:\/\/www.article-marketing.eu\/comunicati\/wp-json\/wp\/v2\/comments?post=4050"}],"version-history":[{"count":0,"href":"https:\/\/www.article-marketing.eu\/comunicati\/wp-json\/wp\/v2\/posts\/4050\/revisions"}],"wp:attachment":[{"href":"https:\/\/www.article-marketing.eu\/comunicati\/wp-json\/wp\/v2\/media?parent=4050"}],"wp:term":[{"taxonomy":"category","embeddable":true,"href":"https:\/\/www.article-marketing.eu\/comunicati\/wp-json\/wp\/v2\/categories?post=4050"},{"taxonomy":"post_tag","embeddable":true,"href":"https:\/\/www.article-marketing.eu\/comunicati\/wp-json\/wp\/v2\/tags?post=4050"}],"curies":[{"name":"wp","href":"https:\/\/api.w.org\/{rel}","templated":true}]}}