{"id":4056,"date":"2010-02-05T15:57:25","date_gmt":"2010-02-05T14:57:25","guid":{"rendered":"http:\/\/www.article-marketing.eu\/comunicati\/senza-categoria\/la-moda-come-mezzo-di-espressione-personale\/"},"modified":"2010-02-05T15:57:25","modified_gmt":"2010-02-05T14:57:25","slug":"la-moda-come-mezzo-di-espressione-personale","status":"publish","type":"post","link":"https:\/\/www.article-marketing.eu\/comunicati\/societa\/abbigliamento\/la-moda-come-mezzo-di-espressione-personale\/","title":{"rendered":"La moda come mezzo di espressione personale"},"content":{"rendered":"<p>Molto spesso per\u00f2 gli <a href=\"http:\/\/www.menesello.it\/accessori-fibbie.htm\">accessori moda<\/a>, soprattutto quelli ad un prezzo non troppo elevato, e che sono quindi accessibili alla maggior parte delle persone, peccano in originalit\u00e0, e propongono dei modelli standard che rischiano di farci apparire tutti uguali. Il fatto poi che i capi prodotti da catene di abbigliamento economiche siano i pi\u00f9 acquistati, proprio perch\u00e9 non hanno prezzi esorbitanti, fa s\u00ec che lo stesso abitino, la stessa giacca o gli stessi stivali si vedano addosso a moltissime persone. L\u2019effetto omologante non colpisce per\u00f2 solo le catene pi\u00f9 economiche, ma anche le marche pi\u00f9 prestigiose: basti pensare alle borse, il maggiore oggetto del desiderio di ogni donna, insieme alle scarpe, ovviamente. Ci sono modelli di borse che si vedono al braccio di qualunque donna, sia essa una velina o una commessa, una grande attrice o un\u2019operaia: non importa quanto costi (in molti casi chi non pu\u00f2 permettersi il modello originale si accontenta di uno taroccato), sembra che per poter andare in giro bisogna per forza avere quella borsa. D\u2019altra parte seguire la moda significa anche adottare un particolare stile, vestirsi in un certo modo, conformarsi ai dettami imposti da un certo trend. In questo modo, per\u00f2, la funzione espressiva della moda si esaurisce, e la moda cessa di essere sinonimo di originalit\u00e0.<\/p>\n<p>Ma la moda ha mille risorse per coloro che vogliono creare il proprio stile rendendolo il pi\u00f9 possibile personale: basta puntare sugli accessori e sui dettagli, e anche il capo pi\u00f9 standard che ci sia pu\u00f2 diventare originalissimo. L\u2019attenzione ai dettagli \u00e8 un punto di forza anche di molte aziende e case di moda, che aggiungendo ai propri modelli bottoni particolarmente elaborati, spille bigiotteria, borchie, strass o altri particolari riescono a rendere i propri capi unici. Per avere uno stile unico si pu\u00f2 dunque mettersi di buona volont\u00e0 e andare alla ricerca di vestiti originali in determinati negozi, ma anche nei mercatini, oppure, se si ha una certa manualit\u00e0 e molta fantasia, si pu\u00f2 provare a personalizzare il proprio guardaroba. <\/p>\n<p>Se avete un vecchio giubbino di pelle, per esempio, potete provare ad applicarci delle borchie o delle spille da balia, e otterrete un capo attuale e alla moda (gli stili anni Ottanta, punk e dark sono particolarmente quotati quest\u2019anno), ma uguale a nessun altro e solo vostro. Se invece volete dare un tocco di colore alla vostra borsa nera, potete agganciare dei gadget portachiavi colorati (in commercio ce ne sono di diverse forme e colori, alcune ditte ne producono addirittura di profumati!), o delle spille particolari. Anche una cintura pu\u00f2 dare un tocco in pi\u00f9 al vostro abbigliamento: sceglietene una in pelle lavorata, oppure, se volete osare, optate per dei colori sgargianti, o ancora puntate sulla fibbia: anche la cintura pi\u00f9 classica, con una fibbia personalizzata, pu\u00f2 caratterizzare il vostro stile. <\/p>\n<p>In conclusione, la moda pu\u00f2 essere un mezzo espressivo o di omologazione: sta a voi scegliere da che parte stare!<\/p>\n","protected":false},"excerpt":{"rendered":"<p>Per molte persone i vestiti e gli accessori sono veri e propri mezzi espressivi, capaci di riflettere la personalit\u00e0 di chi li indossa e di comunicare agli altri qualcosa dei loro proprietari. Giocare con la moda significa inoltre potersi sbizzarrire ed esprimere la propria creativit\u00e0 e fantasia, cercando di creare uno stile unico ed originale.<\/p>\n","protected":false},"author":10,"featured_media":0,"comment_status":"open","ping_status":"open","sticky":false,"template":"","format":"standard","meta":{"cybocfi_hide_featured_image":"","footnotes":""},"categories":[3429],"tags":[4023,12133,12134],"class_list":["post-4056","post","type-post","status-publish","format-standard","hentry","category-abbigliamento","tag-accessori-moda","tag-gadget-portachiavi","tag-spille-bigiotteria"],"yoast_head":"<!-- This site is optimized with the Yoast SEO plugin v27.0 - https:\/\/yoast.com\/product\/yoast-seo-wordpress\/ -->\n<title>La moda come mezzo di espressione personale - Article Marketing<\/title>\n<meta name=\"robots\" content=\"index, follow, max-snippet:-1, max-image-preview:large, max-video-preview:-1\" \/>\n<link rel=\"canonical\" href=\"https:\/\/www.article-marketing.eu\/comunicati\/societa\/abbigliamento\/la-moda-come-mezzo-di-espressione-personale\/\" \/>\n<meta property=\"og:locale\" content=\"it_IT\" \/>\n<meta property=\"og:type\" content=\"article\" \/>\n<meta property=\"og:title\" content=\"La moda come mezzo di espressione personale - Article Marketing\" \/>\n<meta property=\"og:description\" content=\"Per molte persone i vestiti e gli accessori sono veri e propri mezzi espressivi, capaci di riflettere la personalit\u00e0 di chi li indossa e di comunicare agli altri qualcosa dei loro proprietari. Giocare con la moda significa inoltre potersi sbizzarrire ed esprimere la propria creativit\u00e0 e fantasia, cercando di creare uno stile unico ed originale.\" \/>\n<meta property=\"og:url\" content=\"https:\/\/www.article-marketing.eu\/comunicati\/societa\/abbigliamento\/la-moda-come-mezzo-di-espressione-personale\/\" \/>\n<meta property=\"og:site_name\" content=\"Article Marketing\" \/>\n<meta property=\"article:published_time\" content=\"2010-02-05T14:57:25+00:00\" \/>\n<meta name=\"author\" content=\"Redazione Comunicati Stampa\" \/>\n<meta name=\"twitter:card\" content=\"summary_large_image\" \/>\n<meta name=\"twitter:label1\" content=\"Scritto da\" \/>\n\t<meta name=\"twitter:data1\" content=\"Redazione Comunicati Stampa\" \/>\n\t<meta name=\"twitter:label2\" content=\"Tempo di lettura stimato\" \/>\n\t<meta name=\"twitter:data2\" content=\"2 minuti\" \/>\n<script type=\"application\/ld+json\" class=\"yoast-schema-graph\">{\"@context\":\"https:\/\/schema.org\",\"@graph\":[{\"@type\":\"Article\",\"@id\":\"https:\/\/www.article-marketing.eu\/comunicati\/societa\/abbigliamento\/la-moda-come-mezzo-di-espressione-personale\/#article\",\"isPartOf\":{\"@id\":\"https:\/\/www.article-marketing.eu\/comunicati\/societa\/abbigliamento\/la-moda-come-mezzo-di-espressione-personale\/\"},\"author\":{\"name\":\"Redazione Comunicati Stampa\",\"@id\":\"https:\/\/www.article-marketing.eu\/comunicati\/#\/schema\/person\/44372e4d4d0fa797b18e03ed1ace9017\"},\"headline\":\"La moda come mezzo di espressione personale\",\"datePublished\":\"2010-02-05T14:57:25+00:00\",\"mainEntityOfPage\":{\"@id\":\"https:\/\/www.article-marketing.eu\/comunicati\/societa\/abbigliamento\/la-moda-come-mezzo-di-espressione-personale\/\"},\"wordCount\":495,\"commentCount\":0,\"keywords\":[\"accessori moda\",\"gadget portachiavi\",\"spille bigiotteria\"],\"articleSection\":[\"Abbigliamento e accessori\"],\"inLanguage\":\"it-IT\",\"potentialAction\":[{\"@type\":\"CommentAction\",\"name\":\"Comment\",\"target\":[\"https:\/\/www.article-marketing.eu\/comunicati\/societa\/abbigliamento\/la-moda-come-mezzo-di-espressione-personale\/#respond\"]}]},{\"@type\":\"WebPage\",\"@id\":\"https:\/\/www.article-marketing.eu\/comunicati\/societa\/abbigliamento\/la-moda-come-mezzo-di-espressione-personale\/\",\"url\":\"https:\/\/www.article-marketing.eu\/comunicati\/societa\/abbigliamento\/la-moda-come-mezzo-di-espressione-personale\/\",\"name\":\"La moda come mezzo di espressione personale - Article Marketing\",\"isPartOf\":{\"@id\":\"https:\/\/www.article-marketing.eu\/comunicati\/#website\"},\"datePublished\":\"2010-02-05T14:57:25+00:00\",\"author\":{\"@id\":\"https:\/\/www.article-marketing.eu\/comunicati\/#\/schema\/person\/44372e4d4d0fa797b18e03ed1ace9017\"},\"breadcrumb\":{\"@id\":\"https:\/\/www.article-marketing.eu\/comunicati\/societa\/abbigliamento\/la-moda-come-mezzo-di-espressione-personale\/#breadcrumb\"},\"inLanguage\":\"it-IT\",\"potentialAction\":[{\"@type\":\"ReadAction\",\"target\":[\"https:\/\/www.article-marketing.eu\/comunicati\/societa\/abbigliamento\/la-moda-come-mezzo-di-espressione-personale\/\"]}]},{\"@type\":\"BreadcrumbList\",\"@id\":\"https:\/\/www.article-marketing.eu\/comunicati\/societa\/abbigliamento\/la-moda-come-mezzo-di-espressione-personale\/#breadcrumb\",\"itemListElement\":[{\"@type\":\"ListItem\",\"position\":1,\"name\":\"Home\",\"item\":\"https:\/\/www.article-marketing.eu\/comunicati\/\"},{\"@type\":\"ListItem\",\"position\":2,\"name\":\"La moda come mezzo di espressione personale\"}]},{\"@type\":\"WebSite\",\"@id\":\"https:\/\/www.article-marketing.eu\/comunicati\/#website\",\"url\":\"https:\/\/www.article-marketing.eu\/comunicati\/\",\"name\":\"Article Marketing\",\"description\":\"article marketing &amp; press release\",\"potentialAction\":[{\"@type\":\"SearchAction\",\"target\":{\"@type\":\"EntryPoint\",\"urlTemplate\":\"https:\/\/www.article-marketing.eu\/comunicati\/?s={search_term_string}\"},\"query-input\":{\"@type\":\"PropertyValueSpecification\",\"valueRequired\":true,\"valueName\":\"search_term_string\"}}],\"inLanguage\":\"it-IT\"},{\"@type\":\"Person\",\"@id\":\"https:\/\/www.article-marketing.eu\/comunicati\/#\/schema\/person\/44372e4d4d0fa797b18e03ed1ace9017\",\"name\":\"Redazione Comunicati Stampa\",\"image\":{\"@type\":\"ImageObject\",\"inLanguage\":\"it-IT\",\"@id\":\"https:\/\/www.article-marketing.eu\/comunicati\/#\/schema\/person\/image\/\",\"url\":\"https:\/\/secure.gravatar.com\/avatar\/50e5c6421d3072f42e7ace803501602c60d75233d34e29fd05feb91c8760b792?s=96&d=mm&r=g\",\"contentUrl\":\"https:\/\/secure.gravatar.com\/avatar\/50e5c6421d3072f42e7ace803501602c60d75233d34e29fd05feb91c8760b792?s=96&d=mm&r=g\",\"caption\":\"Redazione Comunicati Stampa\"},\"url\":\"https:\/\/www.article-marketing.eu\/comunicati\/author\/redazione-comunicati-stampa\/\"}]}<\/script>\n<!-- \/ Yoast SEO plugin. -->","yoast_head_json":{"title":"La moda come mezzo di espressione personale - Article Marketing","robots":{"index":"index","follow":"follow","max-snippet":"max-snippet:-1","max-image-preview":"max-image-preview:large","max-video-preview":"max-video-preview:-1"},"canonical":"https:\/\/www.article-marketing.eu\/comunicati\/societa\/abbigliamento\/la-moda-come-mezzo-di-espressione-personale\/","og_locale":"it_IT","og_type":"article","og_title":"La moda come mezzo di espressione personale - Article Marketing","og_description":"Per molte persone i vestiti e gli accessori sono veri e propri mezzi espressivi, capaci di riflettere la personalit\u00e0 di chi li indossa e di comunicare agli altri qualcosa dei loro proprietari. Giocare con la moda significa inoltre potersi sbizzarrire ed esprimere la propria creativit\u00e0 e fantasia, cercando di creare uno stile unico ed originale.","og_url":"https:\/\/www.article-marketing.eu\/comunicati\/societa\/abbigliamento\/la-moda-come-mezzo-di-espressione-personale\/","og_site_name":"Article Marketing","article_published_time":"2010-02-05T14:57:25+00:00","author":"Redazione Comunicati Stampa","twitter_card":"summary_large_image","twitter_misc":{"Scritto da":"Redazione Comunicati Stampa","Tempo di lettura stimato":"2 minuti"},"schema":{"@context":"https:\/\/schema.org","@graph":[{"@type":"Article","@id":"https:\/\/www.article-marketing.eu\/comunicati\/societa\/abbigliamento\/la-moda-come-mezzo-di-espressione-personale\/#article","isPartOf":{"@id":"https:\/\/www.article-marketing.eu\/comunicati\/societa\/abbigliamento\/la-moda-come-mezzo-di-espressione-personale\/"},"author":{"name":"Redazione Comunicati Stampa","@id":"https:\/\/www.article-marketing.eu\/comunicati\/#\/schema\/person\/44372e4d4d0fa797b18e03ed1ace9017"},"headline":"La moda come mezzo di espressione personale","datePublished":"2010-02-05T14:57:25+00:00","mainEntityOfPage":{"@id":"https:\/\/www.article-marketing.eu\/comunicati\/societa\/abbigliamento\/la-moda-come-mezzo-di-espressione-personale\/"},"wordCount":495,"commentCount":0,"keywords":["accessori moda","gadget portachiavi","spille bigiotteria"],"articleSection":["Abbigliamento e accessori"],"inLanguage":"it-IT","potentialAction":[{"@type":"CommentAction","name":"Comment","target":["https:\/\/www.article-marketing.eu\/comunicati\/societa\/abbigliamento\/la-moda-come-mezzo-di-espressione-personale\/#respond"]}]},{"@type":"WebPage","@id":"https:\/\/www.article-marketing.eu\/comunicati\/societa\/abbigliamento\/la-moda-come-mezzo-di-espressione-personale\/","url":"https:\/\/www.article-marketing.eu\/comunicati\/societa\/abbigliamento\/la-moda-come-mezzo-di-espressione-personale\/","name":"La moda come mezzo di espressione personale - Article Marketing","isPartOf":{"@id":"https:\/\/www.article-marketing.eu\/comunicati\/#website"},"datePublished":"2010-02-05T14:57:25+00:00","author":{"@id":"https:\/\/www.article-marketing.eu\/comunicati\/#\/schema\/person\/44372e4d4d0fa797b18e03ed1ace9017"},"breadcrumb":{"@id":"https:\/\/www.article-marketing.eu\/comunicati\/societa\/abbigliamento\/la-moda-come-mezzo-di-espressione-personale\/#breadcrumb"},"inLanguage":"it-IT","potentialAction":[{"@type":"ReadAction","target":["https:\/\/www.article-marketing.eu\/comunicati\/societa\/abbigliamento\/la-moda-come-mezzo-di-espressione-personale\/"]}]},{"@type":"BreadcrumbList","@id":"https:\/\/www.article-marketing.eu\/comunicati\/societa\/abbigliamento\/la-moda-come-mezzo-di-espressione-personale\/#breadcrumb","itemListElement":[{"@type":"ListItem","position":1,"name":"Home","item":"https:\/\/www.article-marketing.eu\/comunicati\/"},{"@type":"ListItem","position":2,"name":"La moda come mezzo di espressione personale"}]},{"@type":"WebSite","@id":"https:\/\/www.article-marketing.eu\/comunicati\/#website","url":"https:\/\/www.article-marketing.eu\/comunicati\/","name":"Article Marketing","description":"article marketing &amp; press release","potentialAction":[{"@type":"SearchAction","target":{"@type":"EntryPoint","urlTemplate":"https:\/\/www.article-marketing.eu\/comunicati\/?s={search_term_string}"},"query-input":{"@type":"PropertyValueSpecification","valueRequired":true,"valueName":"search_term_string"}}],"inLanguage":"it-IT"},{"@type":"Person","@id":"https:\/\/www.article-marketing.eu\/comunicati\/#\/schema\/person\/44372e4d4d0fa797b18e03ed1ace9017","name":"Redazione Comunicati Stampa","image":{"@type":"ImageObject","inLanguage":"it-IT","@id":"https:\/\/www.article-marketing.eu\/comunicati\/#\/schema\/person\/image\/","url":"https:\/\/secure.gravatar.com\/avatar\/50e5c6421d3072f42e7ace803501602c60d75233d34e29fd05feb91c8760b792?s=96&d=mm&r=g","contentUrl":"https:\/\/secure.gravatar.com\/avatar\/50e5c6421d3072f42e7ace803501602c60d75233d34e29fd05feb91c8760b792?s=96&d=mm&r=g","caption":"Redazione Comunicati Stampa"},"url":"https:\/\/www.article-marketing.eu\/comunicati\/author\/redazione-comunicati-stampa\/"}]}},"_links":{"self":[{"href":"https:\/\/www.article-marketing.eu\/comunicati\/wp-json\/wp\/v2\/posts\/4056","targetHints":{"allow":["GET"]}}],"collection":[{"href":"https:\/\/www.article-marketing.eu\/comunicati\/wp-json\/wp\/v2\/posts"}],"about":[{"href":"https:\/\/www.article-marketing.eu\/comunicati\/wp-json\/wp\/v2\/types\/post"}],"author":[{"embeddable":true,"href":"https:\/\/www.article-marketing.eu\/comunicati\/wp-json\/wp\/v2\/users\/10"}],"replies":[{"embeddable":true,"href":"https:\/\/www.article-marketing.eu\/comunicati\/wp-json\/wp\/v2\/comments?post=4056"}],"version-history":[{"count":0,"href":"https:\/\/www.article-marketing.eu\/comunicati\/wp-json\/wp\/v2\/posts\/4056\/revisions"}],"wp:attachment":[{"href":"https:\/\/www.article-marketing.eu\/comunicati\/wp-json\/wp\/v2\/media?parent=4056"}],"wp:term":[{"taxonomy":"category","embeddable":true,"href":"https:\/\/www.article-marketing.eu\/comunicati\/wp-json\/wp\/v2\/categories?post=4056"},{"taxonomy":"post_tag","embeddable":true,"href":"https:\/\/www.article-marketing.eu\/comunicati\/wp-json\/wp\/v2\/tags?post=4056"}],"curies":[{"name":"wp","href":"https:\/\/api.w.org\/{rel}","templated":true}]}}