{"id":40593,"date":"2014-04-23T16:47:45","date_gmt":"2014-04-23T14:47:45","guid":{"rendered":"http:\/\/www.article-marketing.eu\/comunicati\/senza-categoria\/facolt%c3%a0-di-economia-di-firenze-promofirenze-e-fas-italia-insieme-per-il-progetto-a%80cimpresa-universit%c3%a0-tesi-e-tirocini-in-aziendaa%80%9d-2\/"},"modified":"2018-10-25T22:57:09","modified_gmt":"2018-10-25T20:57:09","slug":"facolt%c3%a0-di-economia-di-firenze-promofirenze-e-fas-italia-insieme-per-il-progetto-a%80cimpresa-universit%c3%a0-tesi-e-tirocini-in-aziendaa%80%9d-2","status":"publish","type":"post","link":"https:\/\/www.article-marketing.eu\/comunicati\/comunicati-stampa\/facolt%c3%a0-di-economia-di-firenze-promofirenze-e-fas-italia-insieme-per-il-progetto-a%80cimpresa-universit%c3%a0-tesi-e-tirocini-in-aziendaa%80%9d-2\/","title":{"rendered":"Facolt\u00e0 di Economia di Firenze, Promofirenze  e Fas Italia insieme per il progetto \u201cImpresa-Universit\u00e0-Tesi e tirocini in azienda\u201d"},"content":{"rendered":"<p>La tesi di laurea &egrave; sicuramente uno dei momenti pi&ugrave; importanti nel percorso formativo di uno studente: &egrave; in questa circostanza che deve essere incanalata la propria capacit&agrave; di offrire un&#8217;analisi attenta e puntuale delle problematiche o dei temi trattati, nonch&eacute; affinare la propria capacit&agrave; di ricerca o mostrare abilit&agrave; nel trovare strade alternative per colmare lacune laddove c&#8217;&egrave; un vuoto bibliografico su determinati argomenti.<\/p>\n<p> Tuttavia, la maggior parte degli studi &egrave; destinata a rimanere confinata in un angolo della propria libreria senza che il frutto di quell&#8217;esperienza possa essere divulgato presso un pubblico pi&ugrave; ampio. Una significativa inversione di tendenza &egrave; stata apportata dal progetto: <em><strong>&ldquo;Impresa &ndash; Universit&agrave; &ndash; Tesi e Tirocini in azienda&rdquo;<\/strong><\/em>.<\/p>\n<p> Il progetto, infatti, prevede l&#8217;attivazione di un percorso di collaborazione tra <strong>Promofirenze<\/strong>, Azienda Speciale della CCIAA di Firenze e la <strong>Facolt&agrave; di Economia di Firenze<\/strong>, per fornire supporto per una tesi di laurea che trattasse come tema il settore alberghiero. All&#8217;iniziativa ha aderito con entusiasmo Fas Italia, azienda specializzata nel settore delle forniture alberghiere, che rappresenta una delle realt&agrave; pi&ugrave; vive e vitali del nostro Paese in questo campo.<\/p>\n<p> Il tema della tesi &egrave; stato scelto dopo diversi incontri con il Relatore Prof. Simone Guercini, la laureanda Alessandra Biggi e la Dottoressa Renata Mastracca di Promofirenze. Lo studio ha preso il via con il tema &ldquo;<em><strong>Il Marketing di acquisto nelle imprese alberghiere. Indagine sulla percezione del fenomeno di outsourcing<\/strong><\/em>&rdquo;. Il lavoro &egrave; terminato l&#8217; 8 aprile c.a. con la presentazione dell&#8217;elaborato e il conseguimento della votazione di 108\/110.<\/p>\n<p> Grazie al materiale analizzato dalla laureanda Alessandra Biggi, Fas Italia preparer&agrave; una pratica <strong>guida<\/strong> che sar&agrave; fornita gratuitamente, come &egrave; consuetudine per l&#8217;azienda fiorentina, che da sempre offre un&#8217;ampia rosa di pubblicazioni, guide e manuali rivolti agli albergatori che ne fanno richiesta. Pertanto questa tesi di laurea non &egrave; destinata a rimanere confinata in ambito accademico, ma potr&agrave; essere un supporto di formazione per i professionisti del settore che desiderano approfondire il tema e avvalersi di un&#8217;analisi accurata e aggiornata.<\/p>\n<p> Stefano Mand&ograve;, AD di Fas Italia, in merito all&#8217;adesione dell&#8217;azienda toscana a questa iniziativa ha dichiarato:<em>&ldquo;Per un&#8217;azienda &egrave; fondamentale partecipare a queste iniziative, non solo perch&eacute; rappresentano un&#8217;occasione stimolante di crescita, ma soprattutto perch&eacute; &egrave; grazie all&#8217;apporto di idee giovani che si pu&ograve; progredire e innovare il proprio business. Inoltre, realizzare un tessuto che leghi fortemente Impresa e Universit&agrave; consentir&agrave; benefici al Paese intero. Infatti, questa iniziativa potr&agrave; apportare vantaggi alle aziende, che avranno la possibilit&agrave; di conoscere delle giovani e meritevoli menti, che possono offrire un valore aggiunto allo sviluppo tramite l&#8217;analisi di tematiche specifiche e grazie alla collaborazione con il corpo docente, che ne seguir&agrave; il workflow. Allo stesso tempo i laureandi, tramite l&#8217;attivazione di tirocini, avranno la possibilit&agrave; di prendere contatto con la realt&agrave; lavorativa e imparare cosa vuol dire far parte di una piccola o grande azienda.&rdquo;<\/em><\/p>\n<p> La costruzione di un legame tra Impresa e Universit&agrave; rappresenta quindi un binomio vincente dal quale si possono ricavare esperienze importanti. Inoltre, la possibilit&agrave; messa a disposizione da questo progetto consente un duplice vantaggio. Le aziende, in questo modo,potranno richiedere delle trattazioni specifiche volte a risolvere e approfondire tematiche legate alla situazione attuale del proprio business. Allo stesso tempo, le Universit&agrave; hanno la possibilit&agrave; di dimostrare che i propri studenti possono fare la differenza e sono in grado di offrire risposte a esigenze reali, non limitando la propria formazione a un livello meramente teorico, ma dimostrando senso pratico e la capacit&agrave; di guardare alle sfide del mercato da una prospettiva innovativa.<br \/>\nFas Italia<br \/>\nIl valore aggiunto alle strutture ricettive<\/p>\n","protected":false},"excerpt":{"rendered":"<p>Fas Italia ha aderito al progetto &#8220;Impresa \u2013 Universit\u00e0 \u2013 Tesi e tirocini in azienda&#8221;. Lo scopo \u00e8 quello di avvicinare il mondo delle imprese alle Universit\u00e0, realizzando un rapporto fattivo che possa apportare notevoli benefici non solo alle aziende ma anche ai laureandi: questi ultimi potranno effettuare un&#8217;esperienza di tirocinio che offrir\u00e0 loro la possibilit\u00e0 di mettere in pratica le proprie conoscenze e testare la propria abilit\u00e0.<\/p>\n","protected":false},"author":10,"featured_media":0,"comment_status":"open","ping_status":"open","sticky":false,"template":"","format":"standard","meta":{"cybocfi_hide_featured_image":"","footnotes":""},"categories":[190],"tags":[],"class_list":["post-40593","post","type-post","status-publish","format-standard","hentry","category-comunicati-stampa"],"yoast_head":"<!-- This site is optimized with the Yoast SEO plugin v27.0 - https:\/\/yoast.com\/product\/yoast-seo-wordpress\/ -->\n<title>Facolt\u00e0 di Economia di Firenze, Promofirenze e Fas Italia insieme per il progetto \u201cImpresa-Universit\u00e0-Tesi e tirocini in azienda\u201d - Article Marketing<\/title>\n<meta name=\"robots\" content=\"index, follow, max-snippet:-1, max-image-preview:large, max-video-preview:-1\" \/>\n<link rel=\"canonical\" href=\"https:\/\/www.article-marketing.eu\/comunicati\/comunicati-stampa\/facolt\u00e0-di-economia-di-firenze-promofirenze-e-fas-italia-insieme-per-il-progetto-a?cimpresa-universit\u00e0-tesi-e-tirocini-in-aziendaa??-2\/\" \/>\n<meta property=\"og:locale\" content=\"it_IT\" \/>\n<meta property=\"og:type\" content=\"article\" \/>\n<meta property=\"og:title\" content=\"Facolt\u00e0 di Economia di Firenze, Promofirenze e Fas Italia insieme per il progetto \u201cImpresa-Universit\u00e0-Tesi e tirocini in azienda\u201d - Article Marketing\" \/>\n<meta property=\"og:description\" content=\"Fas Italia ha aderito al progetto &quot;Impresa \u2013 Universit\u00e0 \u2013 Tesi e tirocini in azienda&quot;. Lo scopo \u00e8 quello di avvicinare il mondo delle imprese alle Universit\u00e0, realizzando un rapporto fattivo che possa apportare notevoli benefici non solo alle aziende ma anche ai laureandi: questi ultimi potranno effettuare un&#039;esperienza di tirocinio che offrir\u00e0 loro la possibilit\u00e0 di mettere in pratica le proprie conoscenze e testare la propria abilit\u00e0.\" \/>\n<meta property=\"og:url\" content=\"\" \/>\n<meta property=\"og:site_name\" content=\"Article Marketing\" \/>\n<meta property=\"article:published_time\" content=\"2014-04-23T14:47:45+00:00\" \/>\n<meta property=\"article:modified_time\" content=\"2018-10-25T20:57:09+00:00\" \/>\n<meta name=\"author\" content=\"Redazione Comunicati Stampa\" \/>\n<meta name=\"twitter:card\" content=\"summary_large_image\" \/>\n<meta name=\"twitter:label1\" content=\"Scritto da\" \/>\n\t<meta name=\"twitter:data1\" content=\"Redazione Comunicati Stampa\" \/>\n\t<meta name=\"twitter:label2\" content=\"Tempo di lettura stimato\" \/>\n\t<meta name=\"twitter:data2\" content=\"3 minuti\" \/>\n<script type=\"application\/ld+json\" class=\"yoast-schema-graph\">{\"@context\":\"https:\/\/schema.org\",\"@graph\":[{\"@type\":\"Article\",\"@id\":\"https:\/\/www.article-marketing.eu\/comunicati\/comunicati-stampa\/facolt%c3%a0-di-economia-di-firenze-promofirenze-e-fas-italia-insieme-per-il-progetto-a%80cimpresa-universit%c3%a0-tesi-e-tirocini-in-aziendaa%80%9d-2\/#article\",\"isPartOf\":{\"@id\":\"https:\/\/www.article-marketing.eu\/comunicati\/comunicati-stampa\/facolt%c3%a0-di-economia-di-firenze-promofirenze-e-fas-italia-insieme-per-il-progetto-a%80cimpresa-universit%c3%a0-tesi-e-tirocini-in-aziendaa%80%9d-2\/\"},\"author\":{\"name\":\"Redazione Comunicati Stampa\",\"@id\":\"https:\/\/www.article-marketing.eu\/comunicati\/#\/schema\/person\/44372e4d4d0fa797b18e03ed1ace9017\"},\"headline\":\"Facolt\u00e0 di Economia di Firenze, Promofirenze e Fas Italia insieme per il progetto \u201cImpresa-Universit\u00e0-Tesi e tirocini in azienda\u201d\",\"datePublished\":\"2014-04-23T14:47:45+00:00\",\"dateModified\":\"2018-10-25T20:57:09+00:00\",\"mainEntityOfPage\":{\"@id\":\"https:\/\/www.article-marketing.eu\/comunicati\/comunicati-stampa\/facolt%c3%a0-di-economia-di-firenze-promofirenze-e-fas-italia-insieme-per-il-progetto-a%80cimpresa-universit%c3%a0-tesi-e-tirocini-in-aziendaa%80%9d-2\/\"},\"wordCount\":649,\"commentCount\":0,\"articleSection\":[\"Comunicati stampa\"],\"inLanguage\":\"it-IT\",\"potentialAction\":[{\"@type\":\"CommentAction\",\"name\":\"Comment\",\"target\":[\"https:\/\/www.article-marketing.eu\/comunicati\/comunicati-stampa\/facolt%c3%a0-di-economia-di-firenze-promofirenze-e-fas-italia-insieme-per-il-progetto-a%80cimpresa-universit%c3%a0-tesi-e-tirocini-in-aziendaa%80%9d-2\/#respond\"]}]},{\"@type\":\"WebPage\",\"@id\":\"https:\/\/www.article-marketing.eu\/comunicati\/comunicati-stampa\/facolt%c3%a0-di-economia-di-firenze-promofirenze-e-fas-italia-insieme-per-il-progetto-a%80cimpresa-universit%c3%a0-tesi-e-tirocini-in-aziendaa%80%9d-2\/\",\"url\":\"https:\/\/www.article-marketing.eu\/comunicati\/comunicati-stampa\/facolt%c3%a0-di-economia-di-firenze-promofirenze-e-fas-italia-insieme-per-il-progetto-a%80cimpresa-universit%c3%a0-tesi-e-tirocini-in-aziendaa%80%9d-2\/\",\"name\":\"Facolt\u00e0 di Economia di Firenze, Promofirenze e Fas Italia insieme per il progetto \u201cImpresa-Universit\u00e0-Tesi e tirocini in azienda\u201d - Article Marketing\",\"isPartOf\":{\"@id\":\"https:\/\/www.article-marketing.eu\/comunicati\/#website\"},\"datePublished\":\"2014-04-23T14:47:45+00:00\",\"dateModified\":\"2018-10-25T20:57:09+00:00\",\"author\":{\"@id\":\"https:\/\/www.article-marketing.eu\/comunicati\/#\/schema\/person\/44372e4d4d0fa797b18e03ed1ace9017\"},\"breadcrumb\":{\"@id\":\"https:\/\/www.article-marketing.eu\/comunicati\/comunicati-stampa\/facolt%c3%a0-di-economia-di-firenze-promofirenze-e-fas-italia-insieme-per-il-progetto-a%80cimpresa-universit%c3%a0-tesi-e-tirocini-in-aziendaa%80%9d-2\/#breadcrumb\"},\"inLanguage\":\"it-IT\",\"potentialAction\":[{\"@type\":\"ReadAction\",\"target\":[\"https:\/\/www.article-marketing.eu\/comunicati\/comunicati-stampa\/facolt%c3%a0-di-economia-di-firenze-promofirenze-e-fas-italia-insieme-per-il-progetto-a%80cimpresa-universit%c3%a0-tesi-e-tirocini-in-aziendaa%80%9d-2\/\"]}]},{\"@type\":\"BreadcrumbList\",\"@id\":\"https:\/\/www.article-marketing.eu\/comunicati\/comunicati-stampa\/facolt%c3%a0-di-economia-di-firenze-promofirenze-e-fas-italia-insieme-per-il-progetto-a%80cimpresa-universit%c3%a0-tesi-e-tirocini-in-aziendaa%80%9d-2\/#breadcrumb\",\"itemListElement\":[{\"@type\":\"ListItem\",\"position\":1,\"name\":\"Home\",\"item\":\"https:\/\/www.article-marketing.eu\/comunicati\/\"},{\"@type\":\"ListItem\",\"position\":2,\"name\":\"Facolt\u00e0 di Economia di Firenze, Promofirenze e Fas Italia insieme per il progetto \u201cImpresa-Universit\u00e0-Tesi e tirocini in azienda\u201d\"}]},{\"@type\":\"WebSite\",\"@id\":\"https:\/\/www.article-marketing.eu\/comunicati\/#website\",\"url\":\"https:\/\/www.article-marketing.eu\/comunicati\/\",\"name\":\"Article Marketing\",\"description\":\"article marketing &amp; press release\",\"potentialAction\":[{\"@type\":\"SearchAction\",\"target\":{\"@type\":\"EntryPoint\",\"urlTemplate\":\"https:\/\/www.article-marketing.eu\/comunicati\/?s={search_term_string}\"},\"query-input\":{\"@type\":\"PropertyValueSpecification\",\"valueRequired\":true,\"valueName\":\"search_term_string\"}}],\"inLanguage\":\"it-IT\"},{\"@type\":\"Person\",\"@id\":\"https:\/\/www.article-marketing.eu\/comunicati\/#\/schema\/person\/44372e4d4d0fa797b18e03ed1ace9017\",\"name\":\"Redazione Comunicati Stampa\",\"image\":{\"@type\":\"ImageObject\",\"inLanguage\":\"it-IT\",\"@id\":\"https:\/\/www.article-marketing.eu\/comunicati\/#\/schema\/person\/image\/\",\"url\":\"https:\/\/secure.gravatar.com\/avatar\/50e5c6421d3072f42e7ace803501602c60d75233d34e29fd05feb91c8760b792?s=96&d=mm&r=g\",\"contentUrl\":\"https:\/\/secure.gravatar.com\/avatar\/50e5c6421d3072f42e7ace803501602c60d75233d34e29fd05feb91c8760b792?s=96&d=mm&r=g\",\"caption\":\"Redazione Comunicati Stampa\"},\"url\":\"https:\/\/www.article-marketing.eu\/comunicati\/author\/redazione-comunicati-stampa\/\"}]}<\/script>\n<!-- \/ Yoast SEO plugin. -->","yoast_head_json":{"title":"Facolt\u00e0 di Economia di Firenze, Promofirenze e Fas Italia insieme per il progetto \u201cImpresa-Universit\u00e0-Tesi e tirocini in azienda\u201d - Article Marketing","robots":{"index":"index","follow":"follow","max-snippet":"max-snippet:-1","max-image-preview":"max-image-preview:large","max-video-preview":"max-video-preview:-1"},"canonical":"https:\/\/www.article-marketing.eu\/comunicati\/comunicati-stampa\/facolt\u00e0-di-economia-di-firenze-promofirenze-e-fas-italia-insieme-per-il-progetto-a?cimpresa-universit\u00e0-tesi-e-tirocini-in-aziendaa??-2\/","og_locale":"it_IT","og_type":"article","og_title":"Facolt\u00e0 di Economia di Firenze, Promofirenze e Fas Italia insieme per il progetto \u201cImpresa-Universit\u00e0-Tesi e tirocini in azienda\u201d - Article Marketing","og_description":"Fas Italia ha aderito al progetto \"Impresa \u2013 Universit\u00e0 \u2013 Tesi e tirocini in azienda\". Lo scopo \u00e8 quello di avvicinare il mondo delle imprese alle Universit\u00e0, realizzando un rapporto fattivo che possa apportare notevoli benefici non solo alle aziende ma anche ai laureandi: questi ultimi potranno effettuare un'esperienza di tirocinio che offrir\u00e0 loro la possibilit\u00e0 di mettere in pratica le proprie conoscenze e testare la propria abilit\u00e0.","og_url":"https:\/\/www.article-marketing.eu\/comunicati\/comunicati-stampa\/facolt\u00e0-di-economia-di-firenze-promofirenze-e-fas-italia-insieme-per-il-progetto-a?cimpresa-universit\u00e0-tesi-e-tirocini-in-aziendaa??-2\/","og_site_name":"Article Marketing","article_published_time":"2014-04-23T14:47:45+00:00","article_modified_time":"2018-10-25T20:57:09+00:00","author":"Redazione Comunicati Stampa","twitter_card":"summary_large_image","twitter_misc":{"Scritto da":"Redazione Comunicati Stampa","Tempo di lettura stimato":"3 minuti"},"schema":{"@context":"https:\/\/schema.org","@graph":[{"@type":"Article","@id":"https:\/\/www.article-marketing.eu\/comunicati\/comunicati-stampa\/facolt%c3%a0-di-economia-di-firenze-promofirenze-e-fas-italia-insieme-per-il-progetto-a%80cimpresa-universit%c3%a0-tesi-e-tirocini-in-aziendaa%80%9d-2\/#article","isPartOf":{"@id":"https:\/\/www.article-marketing.eu\/comunicati\/comunicati-stampa\/facolt%c3%a0-di-economia-di-firenze-promofirenze-e-fas-italia-insieme-per-il-progetto-a%80cimpresa-universit%c3%a0-tesi-e-tirocini-in-aziendaa%80%9d-2\/"},"author":{"name":"Redazione Comunicati Stampa","@id":"https:\/\/www.article-marketing.eu\/comunicati\/#\/schema\/person\/44372e4d4d0fa797b18e03ed1ace9017"},"headline":"Facolt\u00e0 di Economia di Firenze, Promofirenze e Fas Italia insieme per il progetto \u201cImpresa-Universit\u00e0-Tesi e tirocini in azienda\u201d","datePublished":"2014-04-23T14:47:45+00:00","dateModified":"2018-10-25T20:57:09+00:00","mainEntityOfPage":{"@id":"https:\/\/www.article-marketing.eu\/comunicati\/comunicati-stampa\/facolt%c3%a0-di-economia-di-firenze-promofirenze-e-fas-italia-insieme-per-il-progetto-a%80cimpresa-universit%c3%a0-tesi-e-tirocini-in-aziendaa%80%9d-2\/"},"wordCount":649,"commentCount":0,"articleSection":["Comunicati stampa"],"inLanguage":"it-IT","potentialAction":[{"@type":"CommentAction","name":"Comment","target":["https:\/\/www.article-marketing.eu\/comunicati\/comunicati-stampa\/facolt%c3%a0-di-economia-di-firenze-promofirenze-e-fas-italia-insieme-per-il-progetto-a%80cimpresa-universit%c3%a0-tesi-e-tirocini-in-aziendaa%80%9d-2\/#respond"]}]},{"@type":"WebPage","@id":"https:\/\/www.article-marketing.eu\/comunicati\/comunicati-stampa\/facolt%c3%a0-di-economia-di-firenze-promofirenze-e-fas-italia-insieme-per-il-progetto-a%80cimpresa-universit%c3%a0-tesi-e-tirocini-in-aziendaa%80%9d-2\/","url":"https:\/\/www.article-marketing.eu\/comunicati\/comunicati-stampa\/facolt%c3%a0-di-economia-di-firenze-promofirenze-e-fas-italia-insieme-per-il-progetto-a%80cimpresa-universit%c3%a0-tesi-e-tirocini-in-aziendaa%80%9d-2\/","name":"Facolt\u00e0 di Economia di Firenze, Promofirenze e Fas Italia insieme per il progetto \u201cImpresa-Universit\u00e0-Tesi e tirocini in azienda\u201d - Article Marketing","isPartOf":{"@id":"https:\/\/www.article-marketing.eu\/comunicati\/#website"},"datePublished":"2014-04-23T14:47:45+00:00","dateModified":"2018-10-25T20:57:09+00:00","author":{"@id":"https:\/\/www.article-marketing.eu\/comunicati\/#\/schema\/person\/44372e4d4d0fa797b18e03ed1ace9017"},"breadcrumb":{"@id":"https:\/\/www.article-marketing.eu\/comunicati\/comunicati-stampa\/facolt%c3%a0-di-economia-di-firenze-promofirenze-e-fas-italia-insieme-per-il-progetto-a%80cimpresa-universit%c3%a0-tesi-e-tirocini-in-aziendaa%80%9d-2\/#breadcrumb"},"inLanguage":"it-IT","potentialAction":[{"@type":"ReadAction","target":["https:\/\/www.article-marketing.eu\/comunicati\/comunicati-stampa\/facolt%c3%a0-di-economia-di-firenze-promofirenze-e-fas-italia-insieme-per-il-progetto-a%80cimpresa-universit%c3%a0-tesi-e-tirocini-in-aziendaa%80%9d-2\/"]}]},{"@type":"BreadcrumbList","@id":"https:\/\/www.article-marketing.eu\/comunicati\/comunicati-stampa\/facolt%c3%a0-di-economia-di-firenze-promofirenze-e-fas-italia-insieme-per-il-progetto-a%80cimpresa-universit%c3%a0-tesi-e-tirocini-in-aziendaa%80%9d-2\/#breadcrumb","itemListElement":[{"@type":"ListItem","position":1,"name":"Home","item":"https:\/\/www.article-marketing.eu\/comunicati\/"},{"@type":"ListItem","position":2,"name":"Facolt\u00e0 di Economia di Firenze, Promofirenze e Fas Italia insieme per il progetto \u201cImpresa-Universit\u00e0-Tesi e tirocini in azienda\u201d"}]},{"@type":"WebSite","@id":"https:\/\/www.article-marketing.eu\/comunicati\/#website","url":"https:\/\/www.article-marketing.eu\/comunicati\/","name":"Article Marketing","description":"article marketing &amp; press release","potentialAction":[{"@type":"SearchAction","target":{"@type":"EntryPoint","urlTemplate":"https:\/\/www.article-marketing.eu\/comunicati\/?s={search_term_string}"},"query-input":{"@type":"PropertyValueSpecification","valueRequired":true,"valueName":"search_term_string"}}],"inLanguage":"it-IT"},{"@type":"Person","@id":"https:\/\/www.article-marketing.eu\/comunicati\/#\/schema\/person\/44372e4d4d0fa797b18e03ed1ace9017","name":"Redazione Comunicati Stampa","image":{"@type":"ImageObject","inLanguage":"it-IT","@id":"https:\/\/www.article-marketing.eu\/comunicati\/#\/schema\/person\/image\/","url":"https:\/\/secure.gravatar.com\/avatar\/50e5c6421d3072f42e7ace803501602c60d75233d34e29fd05feb91c8760b792?s=96&d=mm&r=g","contentUrl":"https:\/\/secure.gravatar.com\/avatar\/50e5c6421d3072f42e7ace803501602c60d75233d34e29fd05feb91c8760b792?s=96&d=mm&r=g","caption":"Redazione Comunicati Stampa"},"url":"https:\/\/www.article-marketing.eu\/comunicati\/author\/redazione-comunicati-stampa\/"}]}},"_links":{"self":[{"href":"https:\/\/www.article-marketing.eu\/comunicati\/wp-json\/wp\/v2\/posts\/40593","targetHints":{"allow":["GET"]}}],"collection":[{"href":"https:\/\/www.article-marketing.eu\/comunicati\/wp-json\/wp\/v2\/posts"}],"about":[{"href":"https:\/\/www.article-marketing.eu\/comunicati\/wp-json\/wp\/v2\/types\/post"}],"author":[{"embeddable":true,"href":"https:\/\/www.article-marketing.eu\/comunicati\/wp-json\/wp\/v2\/users\/10"}],"replies":[{"embeddable":true,"href":"https:\/\/www.article-marketing.eu\/comunicati\/wp-json\/wp\/v2\/comments?post=40593"}],"version-history":[{"count":1,"href":"https:\/\/www.article-marketing.eu\/comunicati\/wp-json\/wp\/v2\/posts\/40593\/revisions"}],"predecessor-version":[{"id":63973,"href":"https:\/\/www.article-marketing.eu\/comunicati\/wp-json\/wp\/v2\/posts\/40593\/revisions\/63973"}],"wp:attachment":[{"href":"https:\/\/www.article-marketing.eu\/comunicati\/wp-json\/wp\/v2\/media?parent=40593"}],"wp:term":[{"taxonomy":"category","embeddable":true,"href":"https:\/\/www.article-marketing.eu\/comunicati\/wp-json\/wp\/v2\/categories?post=40593"},{"taxonomy":"post_tag","embeddable":true,"href":"https:\/\/www.article-marketing.eu\/comunicati\/wp-json\/wp\/v2\/tags?post=40593"}],"curies":[{"name":"wp","href":"https:\/\/api.w.org\/{rel}","templated":true}]}}