{"id":40598,"date":"2014-04-23T17:21:14","date_gmt":"2014-04-23T15:21:14","guid":{"rendered":"http:\/\/www.article-marketing.eu\/comunicati\/senza-categoria\/social-focus-a-radio-siani-2\/"},"modified":"2014-04-23T17:21:14","modified_gmt":"2014-04-23T15:21:14","slug":"social-focus-a-radio-siani-2","status":"publish","type":"post","link":"https:\/\/www.article-marketing.eu\/comunicati\/comunicati-stampa\/eventi\/social-focus-a-radio-siani-2\/","title":{"rendered":"Social Focus a Radio Siani"},"content":{"rendered":"<p>Ercolano. Dopo il successo della prima edizione, tenutasi lo scorso anno, anche quest&#8217;anno Radio Siani, la web radio della legalit&agrave;, chiede di raccontare storie attraverso la fotografia nella seconda edizione del contest fotografico <a href=\"http:\/\/www.radiosiani.com\/component\/k2\/item\/4769-radio-siani-la-seconda-edizione-del-social-focus.html\">&#8216;Social Focus&#8217;<\/a>.<br \/> Radio Siani vuole raccontare attraverso gli occhi dei partecipanti storie di periferia, di disagio o emarginazione, ma anche esempi di positivit&agrave; e crescita.<br \/>&#8220;La fotografia &egrave; uno dei mezzi migliori per raccontare le storie. Un&#8217;immagine pu&ograve; catturare meglio di molte parole uno stato d&#8217;animo, un&#8217;emozione&#8221;, ha dichiarato Giuseppe Scognamiglio, presidente di Radio Siani. &#8220;L&#8217;esperienza dello scorso anno ne &egrave; la conferma&#8221;, ha aggiunto.<br \/>I partner. L&#8217;iniziativa &egrave; organizzata in collaborazione con Let&#8217;s do it, con il patrocinio morale dell&rsquo;associazione Libera, del Comune di Napoli, del Comune di Ercolano, del Pan, del Mav e dell&rsquo;azienda Image di Ercolano in qualit&agrave; di sponsor.<br \/>La giuria sar&agrave; composta da fotografi professionisti e rappresentanti del mondo della comunicazione, della cultura e della formazione professionale, quali Amalia De Simone, Amedeo Ricucci, Ciro Fusco, Fiorenza Stefani, Massimo Vicinanza, Pino Miraglia e Raffaele Savonardo.<br \/>Il regolamento &egrave; scaricabile dal sito www.radiosiani.com in una sezione dedicata.<\/p>\n<p>Comunicato stampa<\/p>\n","protected":false},"excerpt":{"rendered":"<p>Ercolano. Dopo il successo della prima edizione, tenutasi lo scorso anno, anche quest&#8217;anno Radio Siani, la web radio della legalit\u00e0, chiede di raccontare storie attraverso la fotografia nella seconda edizione del contest fotografico &#8216;Social Focus&#8217;.<br \/> Radio Siani vuole raccontare attraverso gli occhi dei partecipanti storie di periferia, di disagio o emarginazione, ma anche esempi di positivit\u00e0 e crescita.<br \/>&#8220;La fotografia \u00e8 uno dei mezzi migliori per raccontare le storie. Un&#8217;immagine pu\u00f2 catturare meglio di molte parole uno stato d&#8217;animo, un&#8217;emozione&#8221;, ha dichiarato Giuseppe Scognamiglio, presidente di Radio Siani. &#8220;L&#8217;esperienza dello scorso anno ne \u00e8 la conferma&#8221;, ha aggiunto.<br \/>I partner. L&#8217;iniziativa \u00e8 organizzata in collaborazione con Let&#8217;s do it, con il patrocinio morale dell\u2019associazione Libera, del Comune di Napoli, del Comune di Ercolano, del Pan, del Mav e dell\u2019azienda Image di Ercolano in qualit\u00e0 di sponsor.<\/p>\n","protected":false},"author":10,"featured_media":0,"comment_status":"open","ping_status":"open","sticky":false,"template":"","format":"standard","meta":{"cybocfi_hide_featured_image":"","footnotes":""},"categories":[388],"tags":[],"class_list":["post-40598","post","type-post","status-publish","format-standard","hentry","category-eventi"],"yoast_head":"<!-- This site is optimized with the Yoast SEO plugin v27.0 - https:\/\/yoast.com\/product\/yoast-seo-wordpress\/ -->\n<title>Social Focus a Radio Siani - Article Marketing<\/title>\n<meta name=\"robots\" content=\"index, follow, max-snippet:-1, max-image-preview:large, max-video-preview:-1\" \/>\n<link rel=\"canonical\" href=\"https:\/\/www.article-marketing.eu\/comunicati\/comunicati-stampa\/eventi\/social-focus-a-radio-siani-2\/\" \/>\n<meta property=\"og:locale\" content=\"it_IT\" \/>\n<meta property=\"og:type\" content=\"article\" \/>\n<meta property=\"og:title\" content=\"Social Focus a Radio Siani - Article Marketing\" \/>\n<meta property=\"og:description\" content=\"Ercolano. Dopo il successo della prima edizione, tenutasi lo scorso anno, anche quest&#039;anno Radio Siani, la web radio della legalit\u00e0, chiede di raccontare storie attraverso la fotografia nella seconda edizione del contest fotografico &#039;Social Focus&#039;. Radio Siani vuole raccontare attraverso gli occhi dei partecipanti storie di periferia, di disagio o emarginazione, ma anche esempi di positivit\u00e0 e crescita.&quot;La fotografia \u00e8 uno dei mezzi migliori per raccontare le storie. Un&#039;immagine pu\u00f2 catturare meglio di molte parole uno stato d&#039;animo, un&#039;emozione&quot;, ha dichiarato Giuseppe Scognamiglio, presidente di Radio Siani. &quot;L&#039;esperienza dello scorso anno ne \u00e8 la conferma&quot;, ha aggiunto.I partner. L&#039;iniziativa \u00e8 organizzata in collaborazione con Let&#039;s do it, con il patrocinio morale dell\u2019associazione Libera, del Comune di Napoli, del Comune di Ercolano, del Pan, del Mav e dell\u2019azienda Image di Ercolano in qualit\u00e0 di sponsor.\" \/>\n<meta property=\"og:url\" content=\"https:\/\/www.article-marketing.eu\/comunicati\/comunicati-stampa\/eventi\/social-focus-a-radio-siani-2\/\" \/>\n<meta property=\"og:site_name\" content=\"Article Marketing\" \/>\n<meta property=\"article:published_time\" content=\"2014-04-23T15:21:14+00:00\" \/>\n<meta name=\"author\" content=\"Redazione Comunicati Stampa\" \/>\n<meta name=\"twitter:card\" content=\"summary_large_image\" \/>\n<meta name=\"twitter:label1\" content=\"Scritto da\" \/>\n\t<meta name=\"twitter:data1\" content=\"Redazione Comunicati Stampa\" \/>\n\t<meta name=\"twitter:label2\" content=\"Tempo di lettura stimato\" \/>\n\t<meta name=\"twitter:data2\" content=\"1 minuto\" \/>\n<script type=\"application\/ld+json\" class=\"yoast-schema-graph\">{\"@context\":\"https:\/\/schema.org\",\"@graph\":[{\"@type\":\"Article\",\"@id\":\"https:\/\/www.article-marketing.eu\/comunicati\/comunicati-stampa\/eventi\/social-focus-a-radio-siani-2\/#article\",\"isPartOf\":{\"@id\":\"https:\/\/www.article-marketing.eu\/comunicati\/comunicati-stampa\/eventi\/social-focus-a-radio-siani-2\/\"},\"author\":{\"name\":\"Redazione Comunicati Stampa\",\"@id\":\"https:\/\/www.article-marketing.eu\/comunicati\/#\/schema\/person\/44372e4d4d0fa797b18e03ed1ace9017\"},\"headline\":\"Social Focus a Radio Siani\",\"datePublished\":\"2014-04-23T15:21:14+00:00\",\"mainEntityOfPage\":{\"@id\":\"https:\/\/www.article-marketing.eu\/comunicati\/comunicati-stampa\/eventi\/social-focus-a-radio-siani-2\/\"},\"wordCount\":201,\"commentCount\":0,\"articleSection\":[\"Eventi\"],\"inLanguage\":\"it-IT\",\"potentialAction\":[{\"@type\":\"CommentAction\",\"name\":\"Comment\",\"target\":[\"https:\/\/www.article-marketing.eu\/comunicati\/comunicati-stampa\/eventi\/social-focus-a-radio-siani-2\/#respond\"]}]},{\"@type\":\"WebPage\",\"@id\":\"https:\/\/www.article-marketing.eu\/comunicati\/comunicati-stampa\/eventi\/social-focus-a-radio-siani-2\/\",\"url\":\"https:\/\/www.article-marketing.eu\/comunicati\/comunicati-stampa\/eventi\/social-focus-a-radio-siani-2\/\",\"name\":\"Social Focus a Radio Siani - Article Marketing\",\"isPartOf\":{\"@id\":\"https:\/\/www.article-marketing.eu\/comunicati\/#website\"},\"datePublished\":\"2014-04-23T15:21:14+00:00\",\"author\":{\"@id\":\"https:\/\/www.article-marketing.eu\/comunicati\/#\/schema\/person\/44372e4d4d0fa797b18e03ed1ace9017\"},\"breadcrumb\":{\"@id\":\"https:\/\/www.article-marketing.eu\/comunicati\/comunicati-stampa\/eventi\/social-focus-a-radio-siani-2\/#breadcrumb\"},\"inLanguage\":\"it-IT\",\"potentialAction\":[{\"@type\":\"ReadAction\",\"target\":[\"https:\/\/www.article-marketing.eu\/comunicati\/comunicati-stampa\/eventi\/social-focus-a-radio-siani-2\/\"]}]},{\"@type\":\"BreadcrumbList\",\"@id\":\"https:\/\/www.article-marketing.eu\/comunicati\/comunicati-stampa\/eventi\/social-focus-a-radio-siani-2\/#breadcrumb\",\"itemListElement\":[{\"@type\":\"ListItem\",\"position\":1,\"name\":\"Home\",\"item\":\"https:\/\/www.article-marketing.eu\/comunicati\/\"},{\"@type\":\"ListItem\",\"position\":2,\"name\":\"Social Focus a Radio Siani\"}]},{\"@type\":\"WebSite\",\"@id\":\"https:\/\/www.article-marketing.eu\/comunicati\/#website\",\"url\":\"https:\/\/www.article-marketing.eu\/comunicati\/\",\"name\":\"Article Marketing\",\"description\":\"article marketing &amp; press release\",\"potentialAction\":[{\"@type\":\"SearchAction\",\"target\":{\"@type\":\"EntryPoint\",\"urlTemplate\":\"https:\/\/www.article-marketing.eu\/comunicati\/?s={search_term_string}\"},\"query-input\":{\"@type\":\"PropertyValueSpecification\",\"valueRequired\":true,\"valueName\":\"search_term_string\"}}],\"inLanguage\":\"it-IT\"},{\"@type\":\"Person\",\"@id\":\"https:\/\/www.article-marketing.eu\/comunicati\/#\/schema\/person\/44372e4d4d0fa797b18e03ed1ace9017\",\"name\":\"Redazione Comunicati Stampa\",\"image\":{\"@type\":\"ImageObject\",\"inLanguage\":\"it-IT\",\"@id\":\"https:\/\/www.article-marketing.eu\/comunicati\/#\/schema\/person\/image\/\",\"url\":\"https:\/\/secure.gravatar.com\/avatar\/50e5c6421d3072f42e7ace803501602c60d75233d34e29fd05feb91c8760b792?s=96&d=mm&r=g\",\"contentUrl\":\"https:\/\/secure.gravatar.com\/avatar\/50e5c6421d3072f42e7ace803501602c60d75233d34e29fd05feb91c8760b792?s=96&d=mm&r=g\",\"caption\":\"Redazione Comunicati Stampa\"},\"url\":\"https:\/\/www.article-marketing.eu\/comunicati\/author\/redazione-comunicati-stampa\/\"}]}<\/script>\n<!-- \/ Yoast SEO plugin. -->","yoast_head_json":{"title":"Social Focus a Radio Siani - Article Marketing","robots":{"index":"index","follow":"follow","max-snippet":"max-snippet:-1","max-image-preview":"max-image-preview:large","max-video-preview":"max-video-preview:-1"},"canonical":"https:\/\/www.article-marketing.eu\/comunicati\/comunicati-stampa\/eventi\/social-focus-a-radio-siani-2\/","og_locale":"it_IT","og_type":"article","og_title":"Social Focus a Radio Siani - Article Marketing","og_description":"Ercolano. Dopo il successo della prima edizione, tenutasi lo scorso anno, anche quest'anno Radio Siani, la web radio della legalit\u00e0, chiede di raccontare storie attraverso la fotografia nella seconda edizione del contest fotografico 'Social Focus'. Radio Siani vuole raccontare attraverso gli occhi dei partecipanti storie di periferia, di disagio o emarginazione, ma anche esempi di positivit\u00e0 e crescita.\"La fotografia \u00e8 uno dei mezzi migliori per raccontare le storie. Un'immagine pu\u00f2 catturare meglio di molte parole uno stato d'animo, un'emozione\", ha dichiarato Giuseppe Scognamiglio, presidente di Radio Siani. \"L'esperienza dello scorso anno ne \u00e8 la conferma\", ha aggiunto.I partner. L'iniziativa \u00e8 organizzata in collaborazione con Let's do it, con il patrocinio morale dell\u2019associazione Libera, del Comune di Napoli, del Comune di Ercolano, del Pan, del Mav e dell\u2019azienda Image di Ercolano in qualit\u00e0 di sponsor.","og_url":"https:\/\/www.article-marketing.eu\/comunicati\/comunicati-stampa\/eventi\/social-focus-a-radio-siani-2\/","og_site_name":"Article Marketing","article_published_time":"2014-04-23T15:21:14+00:00","author":"Redazione Comunicati Stampa","twitter_card":"summary_large_image","twitter_misc":{"Scritto da":"Redazione Comunicati Stampa","Tempo di lettura stimato":"1 minuto"},"schema":{"@context":"https:\/\/schema.org","@graph":[{"@type":"Article","@id":"https:\/\/www.article-marketing.eu\/comunicati\/comunicati-stampa\/eventi\/social-focus-a-radio-siani-2\/#article","isPartOf":{"@id":"https:\/\/www.article-marketing.eu\/comunicati\/comunicati-stampa\/eventi\/social-focus-a-radio-siani-2\/"},"author":{"name":"Redazione Comunicati Stampa","@id":"https:\/\/www.article-marketing.eu\/comunicati\/#\/schema\/person\/44372e4d4d0fa797b18e03ed1ace9017"},"headline":"Social Focus a Radio Siani","datePublished":"2014-04-23T15:21:14+00:00","mainEntityOfPage":{"@id":"https:\/\/www.article-marketing.eu\/comunicati\/comunicati-stampa\/eventi\/social-focus-a-radio-siani-2\/"},"wordCount":201,"commentCount":0,"articleSection":["Eventi"],"inLanguage":"it-IT","potentialAction":[{"@type":"CommentAction","name":"Comment","target":["https:\/\/www.article-marketing.eu\/comunicati\/comunicati-stampa\/eventi\/social-focus-a-radio-siani-2\/#respond"]}]},{"@type":"WebPage","@id":"https:\/\/www.article-marketing.eu\/comunicati\/comunicati-stampa\/eventi\/social-focus-a-radio-siani-2\/","url":"https:\/\/www.article-marketing.eu\/comunicati\/comunicati-stampa\/eventi\/social-focus-a-radio-siani-2\/","name":"Social Focus a Radio Siani - Article Marketing","isPartOf":{"@id":"https:\/\/www.article-marketing.eu\/comunicati\/#website"},"datePublished":"2014-04-23T15:21:14+00:00","author":{"@id":"https:\/\/www.article-marketing.eu\/comunicati\/#\/schema\/person\/44372e4d4d0fa797b18e03ed1ace9017"},"breadcrumb":{"@id":"https:\/\/www.article-marketing.eu\/comunicati\/comunicati-stampa\/eventi\/social-focus-a-radio-siani-2\/#breadcrumb"},"inLanguage":"it-IT","potentialAction":[{"@type":"ReadAction","target":["https:\/\/www.article-marketing.eu\/comunicati\/comunicati-stampa\/eventi\/social-focus-a-radio-siani-2\/"]}]},{"@type":"BreadcrumbList","@id":"https:\/\/www.article-marketing.eu\/comunicati\/comunicati-stampa\/eventi\/social-focus-a-radio-siani-2\/#breadcrumb","itemListElement":[{"@type":"ListItem","position":1,"name":"Home","item":"https:\/\/www.article-marketing.eu\/comunicati\/"},{"@type":"ListItem","position":2,"name":"Social Focus a Radio Siani"}]},{"@type":"WebSite","@id":"https:\/\/www.article-marketing.eu\/comunicati\/#website","url":"https:\/\/www.article-marketing.eu\/comunicati\/","name":"Article Marketing","description":"article marketing &amp; press release","potentialAction":[{"@type":"SearchAction","target":{"@type":"EntryPoint","urlTemplate":"https:\/\/www.article-marketing.eu\/comunicati\/?s={search_term_string}"},"query-input":{"@type":"PropertyValueSpecification","valueRequired":true,"valueName":"search_term_string"}}],"inLanguage":"it-IT"},{"@type":"Person","@id":"https:\/\/www.article-marketing.eu\/comunicati\/#\/schema\/person\/44372e4d4d0fa797b18e03ed1ace9017","name":"Redazione Comunicati Stampa","image":{"@type":"ImageObject","inLanguage":"it-IT","@id":"https:\/\/www.article-marketing.eu\/comunicati\/#\/schema\/person\/image\/","url":"https:\/\/secure.gravatar.com\/avatar\/50e5c6421d3072f42e7ace803501602c60d75233d34e29fd05feb91c8760b792?s=96&d=mm&r=g","contentUrl":"https:\/\/secure.gravatar.com\/avatar\/50e5c6421d3072f42e7ace803501602c60d75233d34e29fd05feb91c8760b792?s=96&d=mm&r=g","caption":"Redazione Comunicati Stampa"},"url":"https:\/\/www.article-marketing.eu\/comunicati\/author\/redazione-comunicati-stampa\/"}]}},"_links":{"self":[{"href":"https:\/\/www.article-marketing.eu\/comunicati\/wp-json\/wp\/v2\/posts\/40598","targetHints":{"allow":["GET"]}}],"collection":[{"href":"https:\/\/www.article-marketing.eu\/comunicati\/wp-json\/wp\/v2\/posts"}],"about":[{"href":"https:\/\/www.article-marketing.eu\/comunicati\/wp-json\/wp\/v2\/types\/post"}],"author":[{"embeddable":true,"href":"https:\/\/www.article-marketing.eu\/comunicati\/wp-json\/wp\/v2\/users\/10"}],"replies":[{"embeddable":true,"href":"https:\/\/www.article-marketing.eu\/comunicati\/wp-json\/wp\/v2\/comments?post=40598"}],"version-history":[{"count":0,"href":"https:\/\/www.article-marketing.eu\/comunicati\/wp-json\/wp\/v2\/posts\/40598\/revisions"}],"wp:attachment":[{"href":"https:\/\/www.article-marketing.eu\/comunicati\/wp-json\/wp\/v2\/media?parent=40598"}],"wp:term":[{"taxonomy":"category","embeddable":true,"href":"https:\/\/www.article-marketing.eu\/comunicati\/wp-json\/wp\/v2\/categories?post=40598"},{"taxonomy":"post_tag","embeddable":true,"href":"https:\/\/www.article-marketing.eu\/comunicati\/wp-json\/wp\/v2\/tags?post=40598"}],"curies":[{"name":"wp","href":"https:\/\/api.w.org\/{rel}","templated":true}]}}