{"id":40708,"date":"2014-04-30T19:36:14","date_gmt":"2014-04-30T17:36:14","guid":{"rendered":"http:\/\/www.article-marketing.eu\/comunicati\/senza-categoria\/asd-presenta-il-primo-accumulo-guerilla-alla-solarexpo\/"},"modified":"2014-04-30T19:36:14","modified_gmt":"2014-04-30T17:36:14","slug":"asd-presenta-il-primo-accumulo-guerilla-alla-solarexpo","status":"publish","type":"post","link":"https:\/\/www.article-marketing.eu\/comunicati\/ambiente\/fonti-rinnovabili\/asd-presenta-il-primo-accumulo-guerilla-alla-solarexpo\/","title":{"rendered":"ASD presenta il primo accumulo Guerilla alla Solarexpo"},"content":{"rendered":"<p>Friburgo, 30 aprile 2014 &ndash; In Italia, la situazione normativa dei sistemi di accumulo non &egrave; ancora definita. Se e come si potranno utilizzare i sistemi di storage che immettono l&rsquo;energia in pi&ugrave; nella rete pubblica, nelle abitazioni private o nelle attivit&agrave; produttive e commerciali, sar&agrave; deciso solo nel corso dell&rsquo;anno. Il produttore di sistemi di storage ASD Automatic Storage Device di Friburgo (Germania) ha sviluppato il nuovo sistema &ldquo;Guerilla&rdquo;, che pu&ograve; essere installato gi&agrave; oggi in Italia. I primi accumuli Guerilla della ASD sono gi&agrave; stati consegnati in Italia e in Spagna. Durante la Solarexpo a Milano dal 7 al 9 maggio, ASD presenter&agrave; il suo nuovo sistema di storage.<br \/>Fotografie per la stampa possono essere trovate qui:<br \/><a href=\"http:\/\/www.sunbeam-berlin.de\/public-relations\/pressebilder-press-photos\/\">www.sunbeam-berlin.de\/public-relations\/pressebilder-press-photos\/<\/a><br \/>&ldquo;Il nostro sistema &ldquo;Guerilla&rdquo; fa s&igrave; che l&rsquo;impianto fotovoltaico non immette mai nella rete pubblica. Il gestore dell&rsquo;impianto per questo motivo non &egrave; ritenuto un produttore di energia elettrica, e non &egrave; obbligato a informare il distributore di energia elettrica&rdquo; dichiara Wolfram Walter, l&rsquo;amministratore delegato della ASD, inventore e sviluppatore del nuovo sistema di accumulo. &ldquo;Fino ad oggi, sul mercato c&rsquo;erano solo sistemi che immettono la corrente in pi&ugrave; nella rete pubblica, oppure sistemi a isola, che sono completamente isolate dalla rete. Nel nostro caso per&ograve;, quando non c&rsquo;&egrave; abbastanza energia n&eacute; dal solare n&eacute; dalla batteria, il sistema commuta sulla rete pubblica, e l&rsquo;abitazione viene alimentata dalla rete.&rdquo;<br \/>A partire da adesso, l&rsquo;azienda di Friburgo fornisce il sistema Guerilla anche all&rsquo;azienda italiana Alfavolt, la quale finora a causa della situazione normativa non ha ancora offerto sistemi di accumulo sul mercato italiano. &ldquo;Con ASD abbiamo trovato un partner competente che fornisce con il sistema di accumulo Guerilla esattamente ci&ograve; che ci serve per il mercato italiano&rdquo;, dice Dominik Kemmerer, il direttore commerciale della Alfavolt, una delle aziende leader in Italia per soluzioni fotovoltaiche e storage. &ldquo;Vogliamo dare ai nostri clienti la possibilit&agrave; di autoprodurre e autoconsumare la propria corrente elettrica. Ci&ograve; fa particolarmente bene all&rsquo;ambiente e rende molto pi&ugrave; indipendenti: dai costi dell&rsquo;energia, dai produttori di energia, e dalle reti.&rdquo;<br \/>L&rsquo;accumulo ASD Guerilla &egrave; stato sviluppato all&rsquo;inizio dell&rsquo;anno dagli esperti di storage tedeschi. Grazie all&rsquo;elettronica intelligente, il sistema carica la batteria anche con un irraggiamento basso, gi&agrave; da un Watt di produzione fotovoltaica. Per la commutazione tra rete e batteria, occorrono pochi millisecondi, il che rende il sistema notevolmente pi&ugrave; veloce di tutti gli altri sistemi sul mercato. Al contrario di altri accumuli con batteria al litio, il sistema Guerilla si distingue per l&rsquo;altissima sicurezza grazie alla tecnologia al litio-ferro-fosfato: le batterie non si possono n&eacute; incendiare n&eacute; esplodere.<br \/>Il sistema di storage ASD Guerilla viene presentato dal 7 al 9 maggio alla fiera <strong>Solarexpo<\/strong> a Milano, presso lo stand della Alfavolt, padiglione 6, stand H35.<br \/>Stand in fiera: Pad. 6, stand H35<\/p>\n<p><strong>A proposito della ASD<\/strong><br \/>La ASD Automatic Storage Device GmbH ha sede a Friburgo, Germania. L&rsquo;azienda &egrave; stata fondata nel maggio 2013 dagli ingegneri Wolfram Walter e Gerd Knoll. I sistemi di storage solari aumentano al massimo il grado di autarchia dell&rsquo;abitazione o dell&rsquo;attivit&agrave; produttiva o commerciale, grazie alla loro elettronica. Tutti i sistemi di storage ASD si basano sulla tecnologia litio-ferro-fosfato dell&rsquo;accumulo e vengono prodotti in Germania. Nell&rsquo;autunno 2013, la ASD &egrave; stata premiata per la sua tecnologia innovata di storage con il German Renewables Award.<br \/>www.asd-sonnenspeicher.com<br \/><strong>Contatto per la stampa<\/strong><br \/>Thomas Broderick<br \/>Direttore commerciale e marketing<br \/>Tel: +49 7665 9809 4424<br \/>Cell: +49 171 1164964<br \/>T.Broderick@asd-sonnenspeicher.com<\/p>\n","protected":false},"excerpt":{"rendered":"<p>In Italia, la situazione normativa dei sistemi di accumulo non \u00e8 ancora definita. Se e come si potranno utilizzare i sistemi di storage che immettono l\u2019energia in pi\u00f9 nella rete pubblica, nelle abitazioni private o nelle attivit\u00e0 produttive e commerciali, sar\u00e0 deciso solo nel corso dell\u2019anno. Il produttore di sistemi di storage ASD Automatic Storage Device di Friburgo (Germania) ha sviluppato il nuovo sistema \u201cGuerilla\u201d, che pu\u00f2 essere installato gi\u00e0 oggi in Italia. I primi accumuli Guerilla della ASD sono gi\u00e0 stati consegnati in Italia e in Spagna. Durante la Solarexpo a Milano dal 7 al 9 maggio, ASD presenter\u00e0 il suo nuovo sistema di storage.<\/p>\n","protected":false},"author":10,"featured_media":0,"comment_status":"open","ping_status":"open","sticky":false,"template":"","format":"standard","meta":{"cybocfi_hide_featured_image":"","footnotes":""},"categories":[112],"tags":[],"class_list":["post-40708","post","type-post","status-publish","format-standard","hentry","category-fonti-rinnovabili"],"yoast_head":"<!-- This site is optimized with the Yoast SEO plugin v27.0 - https:\/\/yoast.com\/product\/yoast-seo-wordpress\/ -->\n<title>ASD presenta il primo accumulo Guerilla alla Solarexpo - Article Marketing<\/title>\n<meta name=\"robots\" content=\"index, follow, max-snippet:-1, max-image-preview:large, max-video-preview:-1\" \/>\n<link rel=\"canonical\" href=\"https:\/\/www.article-marketing.eu\/comunicati\/ambiente\/fonti-rinnovabili\/asd-presenta-il-primo-accumulo-guerilla-alla-solarexpo\/\" \/>\n<meta property=\"og:locale\" content=\"it_IT\" \/>\n<meta property=\"og:type\" content=\"article\" \/>\n<meta property=\"og:title\" content=\"ASD presenta il primo accumulo Guerilla alla Solarexpo - Article Marketing\" \/>\n<meta property=\"og:description\" content=\"In Italia, la situazione normativa dei sistemi di accumulo non \u00e8 ancora definita. Se e come si potranno utilizzare i sistemi di storage che immettono l\u2019energia in pi\u00f9 nella rete pubblica, nelle abitazioni private o nelle attivit\u00e0 produttive e commerciali, sar\u00e0 deciso solo nel corso dell\u2019anno. Il produttore di sistemi di storage ASD Automatic Storage Device di Friburgo (Germania) ha sviluppato il nuovo sistema \u201cGuerilla\u201d, che pu\u00f2 essere installato gi\u00e0 oggi in Italia. I primi accumuli Guerilla della ASD sono gi\u00e0 stati consegnati in Italia e in Spagna. Durante la Solarexpo a Milano dal 7 al 9 maggio, ASD presenter\u00e0 il suo nuovo sistema di storage.\" \/>\n<meta property=\"og:url\" content=\"https:\/\/www.article-marketing.eu\/comunicati\/ambiente\/fonti-rinnovabili\/asd-presenta-il-primo-accumulo-guerilla-alla-solarexpo\/\" \/>\n<meta property=\"og:site_name\" content=\"Article Marketing\" \/>\n<meta property=\"article:published_time\" content=\"2014-04-30T17:36:14+00:00\" \/>\n<meta name=\"author\" content=\"Redazione Comunicati Stampa\" \/>\n<meta name=\"twitter:card\" content=\"summary_large_image\" \/>\n<meta name=\"twitter:label1\" content=\"Scritto da\" \/>\n\t<meta name=\"twitter:data1\" content=\"Redazione Comunicati Stampa\" \/>\n\t<meta name=\"twitter:label2\" content=\"Tempo di lettura stimato\" \/>\n\t<meta name=\"twitter:data2\" content=\"3 minuti\" \/>\n<script type=\"application\/ld+json\" class=\"yoast-schema-graph\">{\"@context\":\"https:\/\/schema.org\",\"@graph\":[{\"@type\":\"Article\",\"@id\":\"https:\/\/www.article-marketing.eu\/comunicati\/ambiente\/fonti-rinnovabili\/asd-presenta-il-primo-accumulo-guerilla-alla-solarexpo\/#article\",\"isPartOf\":{\"@id\":\"https:\/\/www.article-marketing.eu\/comunicati\/ambiente\/fonti-rinnovabili\/asd-presenta-il-primo-accumulo-guerilla-alla-solarexpo\/\"},\"author\":{\"name\":\"Redazione Comunicati Stampa\",\"@id\":\"https:\/\/www.article-marketing.eu\/comunicati\/#\/schema\/person\/44372e4d4d0fa797b18e03ed1ace9017\"},\"headline\":\"ASD presenta il primo accumulo Guerilla alla Solarexpo\",\"datePublished\":\"2014-04-30T17:36:14+00:00\",\"mainEntityOfPage\":{\"@id\":\"https:\/\/www.article-marketing.eu\/comunicati\/ambiente\/fonti-rinnovabili\/asd-presenta-il-primo-accumulo-guerilla-alla-solarexpo\/\"},\"wordCount\":646,\"commentCount\":0,\"articleSection\":[\"Fonti rinnovabili\"],\"inLanguage\":\"it-IT\",\"potentialAction\":[{\"@type\":\"CommentAction\",\"name\":\"Comment\",\"target\":[\"https:\/\/www.article-marketing.eu\/comunicati\/ambiente\/fonti-rinnovabili\/asd-presenta-il-primo-accumulo-guerilla-alla-solarexpo\/#respond\"]}]},{\"@type\":\"WebPage\",\"@id\":\"https:\/\/www.article-marketing.eu\/comunicati\/ambiente\/fonti-rinnovabili\/asd-presenta-il-primo-accumulo-guerilla-alla-solarexpo\/\",\"url\":\"https:\/\/www.article-marketing.eu\/comunicati\/ambiente\/fonti-rinnovabili\/asd-presenta-il-primo-accumulo-guerilla-alla-solarexpo\/\",\"name\":\"ASD presenta il primo accumulo Guerilla alla Solarexpo - Article Marketing\",\"isPartOf\":{\"@id\":\"https:\/\/www.article-marketing.eu\/comunicati\/#website\"},\"datePublished\":\"2014-04-30T17:36:14+00:00\",\"author\":{\"@id\":\"https:\/\/www.article-marketing.eu\/comunicati\/#\/schema\/person\/44372e4d4d0fa797b18e03ed1ace9017\"},\"breadcrumb\":{\"@id\":\"https:\/\/www.article-marketing.eu\/comunicati\/ambiente\/fonti-rinnovabili\/asd-presenta-il-primo-accumulo-guerilla-alla-solarexpo\/#breadcrumb\"},\"inLanguage\":\"it-IT\",\"potentialAction\":[{\"@type\":\"ReadAction\",\"target\":[\"https:\/\/www.article-marketing.eu\/comunicati\/ambiente\/fonti-rinnovabili\/asd-presenta-il-primo-accumulo-guerilla-alla-solarexpo\/\"]}]},{\"@type\":\"BreadcrumbList\",\"@id\":\"https:\/\/www.article-marketing.eu\/comunicati\/ambiente\/fonti-rinnovabili\/asd-presenta-il-primo-accumulo-guerilla-alla-solarexpo\/#breadcrumb\",\"itemListElement\":[{\"@type\":\"ListItem\",\"position\":1,\"name\":\"Home\",\"item\":\"https:\/\/www.article-marketing.eu\/comunicati\/\"},{\"@type\":\"ListItem\",\"position\":2,\"name\":\"ASD presenta il primo accumulo Guerilla alla Solarexpo\"}]},{\"@type\":\"WebSite\",\"@id\":\"https:\/\/www.article-marketing.eu\/comunicati\/#website\",\"url\":\"https:\/\/www.article-marketing.eu\/comunicati\/\",\"name\":\"Article Marketing\",\"description\":\"article marketing &amp; press release\",\"potentialAction\":[{\"@type\":\"SearchAction\",\"target\":{\"@type\":\"EntryPoint\",\"urlTemplate\":\"https:\/\/www.article-marketing.eu\/comunicati\/?s={search_term_string}\"},\"query-input\":{\"@type\":\"PropertyValueSpecification\",\"valueRequired\":true,\"valueName\":\"search_term_string\"}}],\"inLanguage\":\"it-IT\"},{\"@type\":\"Person\",\"@id\":\"https:\/\/www.article-marketing.eu\/comunicati\/#\/schema\/person\/44372e4d4d0fa797b18e03ed1ace9017\",\"name\":\"Redazione Comunicati Stampa\",\"image\":{\"@type\":\"ImageObject\",\"inLanguage\":\"it-IT\",\"@id\":\"https:\/\/www.article-marketing.eu\/comunicati\/#\/schema\/person\/image\/\",\"url\":\"https:\/\/secure.gravatar.com\/avatar\/50e5c6421d3072f42e7ace803501602c60d75233d34e29fd05feb91c8760b792?s=96&d=mm&r=g\",\"contentUrl\":\"https:\/\/secure.gravatar.com\/avatar\/50e5c6421d3072f42e7ace803501602c60d75233d34e29fd05feb91c8760b792?s=96&d=mm&r=g\",\"caption\":\"Redazione Comunicati Stampa\"},\"url\":\"https:\/\/www.article-marketing.eu\/comunicati\/author\/redazione-comunicati-stampa\/\"}]}<\/script>\n<!-- \/ Yoast SEO plugin. -->","yoast_head_json":{"title":"ASD presenta il primo accumulo Guerilla alla Solarexpo - Article Marketing","robots":{"index":"index","follow":"follow","max-snippet":"max-snippet:-1","max-image-preview":"max-image-preview:large","max-video-preview":"max-video-preview:-1"},"canonical":"https:\/\/www.article-marketing.eu\/comunicati\/ambiente\/fonti-rinnovabili\/asd-presenta-il-primo-accumulo-guerilla-alla-solarexpo\/","og_locale":"it_IT","og_type":"article","og_title":"ASD presenta il primo accumulo Guerilla alla Solarexpo - Article Marketing","og_description":"In Italia, la situazione normativa dei sistemi di accumulo non \u00e8 ancora definita. Se e come si potranno utilizzare i sistemi di storage che immettono l\u2019energia in pi\u00f9 nella rete pubblica, nelle abitazioni private o nelle attivit\u00e0 produttive e commerciali, sar\u00e0 deciso solo nel corso dell\u2019anno. Il produttore di sistemi di storage ASD Automatic Storage Device di Friburgo (Germania) ha sviluppato il nuovo sistema \u201cGuerilla\u201d, che pu\u00f2 essere installato gi\u00e0 oggi in Italia. I primi accumuli Guerilla della ASD sono gi\u00e0 stati consegnati in Italia e in Spagna. Durante la Solarexpo a Milano dal 7 al 9 maggio, ASD presenter\u00e0 il suo nuovo sistema di storage.","og_url":"https:\/\/www.article-marketing.eu\/comunicati\/ambiente\/fonti-rinnovabili\/asd-presenta-il-primo-accumulo-guerilla-alla-solarexpo\/","og_site_name":"Article Marketing","article_published_time":"2014-04-30T17:36:14+00:00","author":"Redazione Comunicati Stampa","twitter_card":"summary_large_image","twitter_misc":{"Scritto da":"Redazione Comunicati Stampa","Tempo di lettura stimato":"3 minuti"},"schema":{"@context":"https:\/\/schema.org","@graph":[{"@type":"Article","@id":"https:\/\/www.article-marketing.eu\/comunicati\/ambiente\/fonti-rinnovabili\/asd-presenta-il-primo-accumulo-guerilla-alla-solarexpo\/#article","isPartOf":{"@id":"https:\/\/www.article-marketing.eu\/comunicati\/ambiente\/fonti-rinnovabili\/asd-presenta-il-primo-accumulo-guerilla-alla-solarexpo\/"},"author":{"name":"Redazione Comunicati Stampa","@id":"https:\/\/www.article-marketing.eu\/comunicati\/#\/schema\/person\/44372e4d4d0fa797b18e03ed1ace9017"},"headline":"ASD presenta il primo accumulo Guerilla alla Solarexpo","datePublished":"2014-04-30T17:36:14+00:00","mainEntityOfPage":{"@id":"https:\/\/www.article-marketing.eu\/comunicati\/ambiente\/fonti-rinnovabili\/asd-presenta-il-primo-accumulo-guerilla-alla-solarexpo\/"},"wordCount":646,"commentCount":0,"articleSection":["Fonti rinnovabili"],"inLanguage":"it-IT","potentialAction":[{"@type":"CommentAction","name":"Comment","target":["https:\/\/www.article-marketing.eu\/comunicati\/ambiente\/fonti-rinnovabili\/asd-presenta-il-primo-accumulo-guerilla-alla-solarexpo\/#respond"]}]},{"@type":"WebPage","@id":"https:\/\/www.article-marketing.eu\/comunicati\/ambiente\/fonti-rinnovabili\/asd-presenta-il-primo-accumulo-guerilla-alla-solarexpo\/","url":"https:\/\/www.article-marketing.eu\/comunicati\/ambiente\/fonti-rinnovabili\/asd-presenta-il-primo-accumulo-guerilla-alla-solarexpo\/","name":"ASD presenta il primo accumulo Guerilla alla Solarexpo - Article Marketing","isPartOf":{"@id":"https:\/\/www.article-marketing.eu\/comunicati\/#website"},"datePublished":"2014-04-30T17:36:14+00:00","author":{"@id":"https:\/\/www.article-marketing.eu\/comunicati\/#\/schema\/person\/44372e4d4d0fa797b18e03ed1ace9017"},"breadcrumb":{"@id":"https:\/\/www.article-marketing.eu\/comunicati\/ambiente\/fonti-rinnovabili\/asd-presenta-il-primo-accumulo-guerilla-alla-solarexpo\/#breadcrumb"},"inLanguage":"it-IT","potentialAction":[{"@type":"ReadAction","target":["https:\/\/www.article-marketing.eu\/comunicati\/ambiente\/fonti-rinnovabili\/asd-presenta-il-primo-accumulo-guerilla-alla-solarexpo\/"]}]},{"@type":"BreadcrumbList","@id":"https:\/\/www.article-marketing.eu\/comunicati\/ambiente\/fonti-rinnovabili\/asd-presenta-il-primo-accumulo-guerilla-alla-solarexpo\/#breadcrumb","itemListElement":[{"@type":"ListItem","position":1,"name":"Home","item":"https:\/\/www.article-marketing.eu\/comunicati\/"},{"@type":"ListItem","position":2,"name":"ASD presenta il primo accumulo Guerilla alla Solarexpo"}]},{"@type":"WebSite","@id":"https:\/\/www.article-marketing.eu\/comunicati\/#website","url":"https:\/\/www.article-marketing.eu\/comunicati\/","name":"Article Marketing","description":"article marketing &amp; press release","potentialAction":[{"@type":"SearchAction","target":{"@type":"EntryPoint","urlTemplate":"https:\/\/www.article-marketing.eu\/comunicati\/?s={search_term_string}"},"query-input":{"@type":"PropertyValueSpecification","valueRequired":true,"valueName":"search_term_string"}}],"inLanguage":"it-IT"},{"@type":"Person","@id":"https:\/\/www.article-marketing.eu\/comunicati\/#\/schema\/person\/44372e4d4d0fa797b18e03ed1ace9017","name":"Redazione Comunicati Stampa","image":{"@type":"ImageObject","inLanguage":"it-IT","@id":"https:\/\/www.article-marketing.eu\/comunicati\/#\/schema\/person\/image\/","url":"https:\/\/secure.gravatar.com\/avatar\/50e5c6421d3072f42e7ace803501602c60d75233d34e29fd05feb91c8760b792?s=96&d=mm&r=g","contentUrl":"https:\/\/secure.gravatar.com\/avatar\/50e5c6421d3072f42e7ace803501602c60d75233d34e29fd05feb91c8760b792?s=96&d=mm&r=g","caption":"Redazione Comunicati Stampa"},"url":"https:\/\/www.article-marketing.eu\/comunicati\/author\/redazione-comunicati-stampa\/"}]}},"_links":{"self":[{"href":"https:\/\/www.article-marketing.eu\/comunicati\/wp-json\/wp\/v2\/posts\/40708","targetHints":{"allow":["GET"]}}],"collection":[{"href":"https:\/\/www.article-marketing.eu\/comunicati\/wp-json\/wp\/v2\/posts"}],"about":[{"href":"https:\/\/www.article-marketing.eu\/comunicati\/wp-json\/wp\/v2\/types\/post"}],"author":[{"embeddable":true,"href":"https:\/\/www.article-marketing.eu\/comunicati\/wp-json\/wp\/v2\/users\/10"}],"replies":[{"embeddable":true,"href":"https:\/\/www.article-marketing.eu\/comunicati\/wp-json\/wp\/v2\/comments?post=40708"}],"version-history":[{"count":0,"href":"https:\/\/www.article-marketing.eu\/comunicati\/wp-json\/wp\/v2\/posts\/40708\/revisions"}],"wp:attachment":[{"href":"https:\/\/www.article-marketing.eu\/comunicati\/wp-json\/wp\/v2\/media?parent=40708"}],"wp:term":[{"taxonomy":"category","embeddable":true,"href":"https:\/\/www.article-marketing.eu\/comunicati\/wp-json\/wp\/v2\/categories?post=40708"},{"taxonomy":"post_tag","embeddable":true,"href":"https:\/\/www.article-marketing.eu\/comunicati\/wp-json\/wp\/v2\/tags?post=40708"}],"curies":[{"name":"wp","href":"https:\/\/api.w.org\/{rel}","templated":true}]}}