{"id":408,"date":"2008-05-23T13:05:59","date_gmt":"2008-05-23T11:05:59","guid":{"rendered":"http:\/\/www.article-marketing.eu\/comunicati\/senza-categoria\/le-terme-cio-che-di-piu-rilassante-ce-al-mondo\/"},"modified":"2008-05-23T13:05:59","modified_gmt":"2008-05-23T11:05:59","slug":"le-terme-cio-che-di-piu-rilassante-ce-al-mondo","status":"publish","type":"post","link":"https:\/\/www.article-marketing.eu\/comunicati\/viaggi-e-vacanze\/viaggi-e-turismo\/le-terme-cio-che-di-piu-rilassante-ce-al-mondo\/","title":{"rendered":"Le terme ci\u00f2 che di pi\u00f9 rilassante c&#8217;\u00e8 al mondo"},"content":{"rendered":"<p style=\"TEXT-ALIGN: justify\">Nel \u2018500 le terme vengono abbandonate, dopo un periodo di relativa importanza; vengono riprese nel \u2018600 quando il soggiorno alle terme diverr\u00e0 curativo per tutti i mali.<\/p>\n<p style=\"TEXT-ALIGN: justify\">Da premettere che all\u2019epoca grazie alla cura termale non solo si combattevano mali situati all\u2019interno dell\u2019organismo umano attraverso l\u2019abbeveraggio delle stesse acque termali, ma grazie anche alla semplice immersione nelle stesse acque riconosciute come terapeutiche era possibili combattare le malattie della pelle e tanto altro. Non tutti credevano alla miracolosit\u00e0 delle acque termali. I primi ad avere un impatto con quest\u2019ultime furono alcuni aristocratici che addirittura fecero costruire le proprie residenze vicino alle fonti termali facendono un vero e proprio business a corte con visitatori provenienti da tutta Ialia brami di testare sulla propria pelle la miracolosit\u00e0 di quest\u2019acque non solo per motivi semplicemente curativi ma anche per motivi prettamente di natura estetica. Un semplice soggiorno poteva essere uno svago per quell\u2019aristocrazia \u201cstanca\u201d.<\/p>\n<p style=\"TEXT-ALIGN: justify\">Luoghi di benessere e&nbsp; bellezza, quindi non solo di cura del malato ma anche di spensieratezza e semplice relax.<\/p>\n<p style=\"TEXT-ALIGN: justify\">&nbsp;Sia la nobilt\u00e0 che la nascente borghesia consideravano piacevole tale soggiorno. Fu verso la met\u00e0 del \u2018700 che il bagno nell\u2019acqua di mare fu consigliato come bagno curativo: si trattava per\u00f2 di acqua fredda, non solo per il periodo invernale ma anche perch\u00e9 i primi casi si ebbero nel Mare del Nord (Inghilterra e Francia settentrionale). Si parla di bagno mineralizzato. Le prime persone che verranno nel Mediterraneo a fare i bagni, vennero durante l\u2019inverno per usufruire sia del clima mite che dell\u2019acqua fredda. Venivano considerati invece \u201cselvaggi\u201d coloro che facevano il bagno d\u2019estate, quasi fosse malsano. Spesso a lanciare le localit\u00e0 balneari erano personaggi famosi: Lord Brougham ad esempio inaugur\u00f2 Cannes. Legato alla fama di Ruffini, scrittore italiano, \u00e8 lo sviluppo di alcune zone della Liguria: egli cerc\u00f2 di sensibilizzare le classi alte inglesi con il romanzo \u201cIl Dottor Antonio\u201d. Tale romanzo ebbe grande successo per 30 anni, fece grande propaganda al viaggio in riviera, poi fu dimenticato; fu tradotto l\u2019anno successivo alla pubblicazione (pubblicato nel 1855 e tradotto nel 1856). E proprio analizzando la traduzione italiana dall\u2019inglese possiamo scorgere alcune cose importanti: ad esempio si parla di \u201cgiramondi\u201d non ancora di turisti (cos\u00ec infatti viene tradotto il termine inglese \u201ctourists\u201d).&nbsp; Fino alla prima guerra mondiale si continuer\u00e0 ad andare al mare d\u2019inverno e in montagna d\u2019estate, poi la situazione si invert\u00ec con la vacanza estiva che diventa prettamente balneare e quella invernale prevalentemente svolta in montagna. Perch\u00e9 abbiamo deciso di menzionare la loro storicit\u00e0?<\/p>\n<p style=\"TEXT-ALIGN: justify\">Beh le terme sono state sempre sottovalutate ma la storia ci insegna che non tutto \u00e8 perduto come pu\u00f2 sembrare.<\/p>\n<p style=\"TEXT-ALIGN: justify\">La loro ri-scoperta pu\u00f2 essere un passo in avanti per il nostro paese ecco perch\u00e9 Ischiamania da rilievo alle localit\u00e0 con maggiore prevalenza di strutture termali di rilievo anche internazionale.<\/p>\n<p style=\"TEXT-ALIGN: justify\">Consigliato da tutti e molto facile nella sua navigazione.<\/p>\n<p>&nbsp;<\/p>\n","protected":false},"excerpt":{"rendered":"<p>La conoscenza di un mondo antico come quello delle terme la loro storia e molto altro<\/p>\n","protected":false},"author":10,"featured_media":0,"comment_status":"open","ping_status":"open","sticky":false,"template":"","format":"standard","meta":{"cybocfi_hide_featured_image":"","footnotes":""},"categories":[2],"tags":[1399,121],"class_list":["post-408","post","type-post","status-publish","format-standard","hentry","category-viaggi-e-turismo","tag-la-storia-delle-terme","tag-terme"],"yoast_head":"<!-- This site is optimized with the Yoast SEO plugin v27.0 - https:\/\/yoast.com\/product\/yoast-seo-wordpress\/ -->\n<title>Le terme ci\u00f2 che di pi\u00f9 rilassante c&#039;\u00e8 al mondo - Article Marketing<\/title>\n<meta name=\"robots\" content=\"index, follow, max-snippet:-1, max-image-preview:large, max-video-preview:-1\" \/>\n<link rel=\"canonical\" href=\"https:\/\/www.article-marketing.eu\/comunicati\/viaggi-e-vacanze\/viaggi-e-turismo\/le-terme-cio-che-di-piu-rilassante-ce-al-mondo\/\" \/>\n<meta property=\"og:locale\" content=\"it_IT\" \/>\n<meta property=\"og:type\" content=\"article\" \/>\n<meta property=\"og:title\" content=\"Le terme ci\u00f2 che di pi\u00f9 rilassante c&#039;\u00e8 al mondo - Article Marketing\" \/>\n<meta property=\"og:description\" content=\"La conoscenza di un mondo antico come quello delle terme la loro storia e molto altro\" \/>\n<meta property=\"og:url\" content=\"https:\/\/www.article-marketing.eu\/comunicati\/viaggi-e-vacanze\/viaggi-e-turismo\/le-terme-cio-che-di-piu-rilassante-ce-al-mondo\/\" \/>\n<meta property=\"og:site_name\" content=\"Article Marketing\" \/>\n<meta property=\"article:published_time\" content=\"2008-05-23T11:05:59+00:00\" \/>\n<meta name=\"author\" content=\"Redazione Comunicati Stampa\" \/>\n<meta name=\"twitter:card\" content=\"summary_large_image\" \/>\n<meta name=\"twitter:label1\" content=\"Scritto da\" \/>\n\t<meta name=\"twitter:data1\" content=\"Redazione Comunicati Stampa\" \/>\n\t<meta name=\"twitter:label2\" content=\"Tempo di lettura stimato\" \/>\n\t<meta name=\"twitter:data2\" content=\"2 minuti\" \/>\n<script type=\"application\/ld+json\" class=\"yoast-schema-graph\">{\"@context\":\"https:\/\/schema.org\",\"@graph\":[{\"@type\":\"Article\",\"@id\":\"https:\/\/www.article-marketing.eu\/comunicati\/viaggi-e-vacanze\/viaggi-e-turismo\/le-terme-cio-che-di-piu-rilassante-ce-al-mondo\/#article\",\"isPartOf\":{\"@id\":\"https:\/\/www.article-marketing.eu\/comunicati\/viaggi-e-vacanze\/viaggi-e-turismo\/le-terme-cio-che-di-piu-rilassante-ce-al-mondo\/\"},\"author\":{\"name\":\"Redazione Comunicati Stampa\",\"@id\":\"https:\/\/www.article-marketing.eu\/comunicati\/#\/schema\/person\/44372e4d4d0fa797b18e03ed1ace9017\"},\"headline\":\"Le terme ci\u00f2 che di pi\u00f9 rilassante c&#8217;\u00e8 al mondo\",\"datePublished\":\"2008-05-23T11:05:59+00:00\",\"mainEntityOfPage\":{\"@id\":\"https:\/\/www.article-marketing.eu\/comunicati\/viaggi-e-vacanze\/viaggi-e-turismo\/le-terme-cio-che-di-piu-rilassante-ce-al-mondo\/\"},\"wordCount\":495,\"commentCount\":0,\"keywords\":[\"la storia delle terme\",\"terme\"],\"articleSection\":[\"Viaggi e Turismo\"],\"inLanguage\":\"it-IT\",\"potentialAction\":[{\"@type\":\"CommentAction\",\"name\":\"Comment\",\"target\":[\"https:\/\/www.article-marketing.eu\/comunicati\/viaggi-e-vacanze\/viaggi-e-turismo\/le-terme-cio-che-di-piu-rilassante-ce-al-mondo\/#respond\"]}]},{\"@type\":\"WebPage\",\"@id\":\"https:\/\/www.article-marketing.eu\/comunicati\/viaggi-e-vacanze\/viaggi-e-turismo\/le-terme-cio-che-di-piu-rilassante-ce-al-mondo\/\",\"url\":\"https:\/\/www.article-marketing.eu\/comunicati\/viaggi-e-vacanze\/viaggi-e-turismo\/le-terme-cio-che-di-piu-rilassante-ce-al-mondo\/\",\"name\":\"Le terme ci\u00f2 che di pi\u00f9 rilassante c'\u00e8 al mondo - Article Marketing\",\"isPartOf\":{\"@id\":\"https:\/\/www.article-marketing.eu\/comunicati\/#website\"},\"datePublished\":\"2008-05-23T11:05:59+00:00\",\"author\":{\"@id\":\"https:\/\/www.article-marketing.eu\/comunicati\/#\/schema\/person\/44372e4d4d0fa797b18e03ed1ace9017\"},\"breadcrumb\":{\"@id\":\"https:\/\/www.article-marketing.eu\/comunicati\/viaggi-e-vacanze\/viaggi-e-turismo\/le-terme-cio-che-di-piu-rilassante-ce-al-mondo\/#breadcrumb\"},\"inLanguage\":\"it-IT\",\"potentialAction\":[{\"@type\":\"ReadAction\",\"target\":[\"https:\/\/www.article-marketing.eu\/comunicati\/viaggi-e-vacanze\/viaggi-e-turismo\/le-terme-cio-che-di-piu-rilassante-ce-al-mondo\/\"]}]},{\"@type\":\"BreadcrumbList\",\"@id\":\"https:\/\/www.article-marketing.eu\/comunicati\/viaggi-e-vacanze\/viaggi-e-turismo\/le-terme-cio-che-di-piu-rilassante-ce-al-mondo\/#breadcrumb\",\"itemListElement\":[{\"@type\":\"ListItem\",\"position\":1,\"name\":\"Home\",\"item\":\"https:\/\/www.article-marketing.eu\/comunicati\/\"},{\"@type\":\"ListItem\",\"position\":2,\"name\":\"Le terme ci\u00f2 che di pi\u00f9 rilassante c&#8217;\u00e8 al mondo\"}]},{\"@type\":\"WebSite\",\"@id\":\"https:\/\/www.article-marketing.eu\/comunicati\/#website\",\"url\":\"https:\/\/www.article-marketing.eu\/comunicati\/\",\"name\":\"Article Marketing\",\"description\":\"article marketing &amp; press release\",\"potentialAction\":[{\"@type\":\"SearchAction\",\"target\":{\"@type\":\"EntryPoint\",\"urlTemplate\":\"https:\/\/www.article-marketing.eu\/comunicati\/?s={search_term_string}\"},\"query-input\":{\"@type\":\"PropertyValueSpecification\",\"valueRequired\":true,\"valueName\":\"search_term_string\"}}],\"inLanguage\":\"it-IT\"},{\"@type\":\"Person\",\"@id\":\"https:\/\/www.article-marketing.eu\/comunicati\/#\/schema\/person\/44372e4d4d0fa797b18e03ed1ace9017\",\"name\":\"Redazione Comunicati Stampa\",\"image\":{\"@type\":\"ImageObject\",\"inLanguage\":\"it-IT\",\"@id\":\"https:\/\/www.article-marketing.eu\/comunicati\/#\/schema\/person\/image\/\",\"url\":\"https:\/\/secure.gravatar.com\/avatar\/50e5c6421d3072f42e7ace803501602c60d75233d34e29fd05feb91c8760b792?s=96&d=mm&r=g\",\"contentUrl\":\"https:\/\/secure.gravatar.com\/avatar\/50e5c6421d3072f42e7ace803501602c60d75233d34e29fd05feb91c8760b792?s=96&d=mm&r=g\",\"caption\":\"Redazione Comunicati Stampa\"},\"url\":\"https:\/\/www.article-marketing.eu\/comunicati\/author\/redazione-comunicati-stampa\/\"}]}<\/script>\n<!-- \/ Yoast SEO plugin. -->","yoast_head_json":{"title":"Le terme ci\u00f2 che di pi\u00f9 rilassante c'\u00e8 al mondo - Article Marketing","robots":{"index":"index","follow":"follow","max-snippet":"max-snippet:-1","max-image-preview":"max-image-preview:large","max-video-preview":"max-video-preview:-1"},"canonical":"https:\/\/www.article-marketing.eu\/comunicati\/viaggi-e-vacanze\/viaggi-e-turismo\/le-terme-cio-che-di-piu-rilassante-ce-al-mondo\/","og_locale":"it_IT","og_type":"article","og_title":"Le terme ci\u00f2 che di pi\u00f9 rilassante c'\u00e8 al mondo - Article Marketing","og_description":"La conoscenza di un mondo antico come quello delle terme la loro storia e molto altro","og_url":"https:\/\/www.article-marketing.eu\/comunicati\/viaggi-e-vacanze\/viaggi-e-turismo\/le-terme-cio-che-di-piu-rilassante-ce-al-mondo\/","og_site_name":"Article Marketing","article_published_time":"2008-05-23T11:05:59+00:00","author":"Redazione Comunicati Stampa","twitter_card":"summary_large_image","twitter_misc":{"Scritto da":"Redazione Comunicati Stampa","Tempo di lettura stimato":"2 minuti"},"schema":{"@context":"https:\/\/schema.org","@graph":[{"@type":"Article","@id":"https:\/\/www.article-marketing.eu\/comunicati\/viaggi-e-vacanze\/viaggi-e-turismo\/le-terme-cio-che-di-piu-rilassante-ce-al-mondo\/#article","isPartOf":{"@id":"https:\/\/www.article-marketing.eu\/comunicati\/viaggi-e-vacanze\/viaggi-e-turismo\/le-terme-cio-che-di-piu-rilassante-ce-al-mondo\/"},"author":{"name":"Redazione Comunicati Stampa","@id":"https:\/\/www.article-marketing.eu\/comunicati\/#\/schema\/person\/44372e4d4d0fa797b18e03ed1ace9017"},"headline":"Le terme ci\u00f2 che di pi\u00f9 rilassante c&#8217;\u00e8 al mondo","datePublished":"2008-05-23T11:05:59+00:00","mainEntityOfPage":{"@id":"https:\/\/www.article-marketing.eu\/comunicati\/viaggi-e-vacanze\/viaggi-e-turismo\/le-terme-cio-che-di-piu-rilassante-ce-al-mondo\/"},"wordCount":495,"commentCount":0,"keywords":["la storia delle terme","terme"],"articleSection":["Viaggi e Turismo"],"inLanguage":"it-IT","potentialAction":[{"@type":"CommentAction","name":"Comment","target":["https:\/\/www.article-marketing.eu\/comunicati\/viaggi-e-vacanze\/viaggi-e-turismo\/le-terme-cio-che-di-piu-rilassante-ce-al-mondo\/#respond"]}]},{"@type":"WebPage","@id":"https:\/\/www.article-marketing.eu\/comunicati\/viaggi-e-vacanze\/viaggi-e-turismo\/le-terme-cio-che-di-piu-rilassante-ce-al-mondo\/","url":"https:\/\/www.article-marketing.eu\/comunicati\/viaggi-e-vacanze\/viaggi-e-turismo\/le-terme-cio-che-di-piu-rilassante-ce-al-mondo\/","name":"Le terme ci\u00f2 che di pi\u00f9 rilassante c'\u00e8 al mondo - Article Marketing","isPartOf":{"@id":"https:\/\/www.article-marketing.eu\/comunicati\/#website"},"datePublished":"2008-05-23T11:05:59+00:00","author":{"@id":"https:\/\/www.article-marketing.eu\/comunicati\/#\/schema\/person\/44372e4d4d0fa797b18e03ed1ace9017"},"breadcrumb":{"@id":"https:\/\/www.article-marketing.eu\/comunicati\/viaggi-e-vacanze\/viaggi-e-turismo\/le-terme-cio-che-di-piu-rilassante-ce-al-mondo\/#breadcrumb"},"inLanguage":"it-IT","potentialAction":[{"@type":"ReadAction","target":["https:\/\/www.article-marketing.eu\/comunicati\/viaggi-e-vacanze\/viaggi-e-turismo\/le-terme-cio-che-di-piu-rilassante-ce-al-mondo\/"]}]},{"@type":"BreadcrumbList","@id":"https:\/\/www.article-marketing.eu\/comunicati\/viaggi-e-vacanze\/viaggi-e-turismo\/le-terme-cio-che-di-piu-rilassante-ce-al-mondo\/#breadcrumb","itemListElement":[{"@type":"ListItem","position":1,"name":"Home","item":"https:\/\/www.article-marketing.eu\/comunicati\/"},{"@type":"ListItem","position":2,"name":"Le terme ci\u00f2 che di pi\u00f9 rilassante c&#8217;\u00e8 al mondo"}]},{"@type":"WebSite","@id":"https:\/\/www.article-marketing.eu\/comunicati\/#website","url":"https:\/\/www.article-marketing.eu\/comunicati\/","name":"Article Marketing","description":"article marketing &amp; press release","potentialAction":[{"@type":"SearchAction","target":{"@type":"EntryPoint","urlTemplate":"https:\/\/www.article-marketing.eu\/comunicati\/?s={search_term_string}"},"query-input":{"@type":"PropertyValueSpecification","valueRequired":true,"valueName":"search_term_string"}}],"inLanguage":"it-IT"},{"@type":"Person","@id":"https:\/\/www.article-marketing.eu\/comunicati\/#\/schema\/person\/44372e4d4d0fa797b18e03ed1ace9017","name":"Redazione Comunicati Stampa","image":{"@type":"ImageObject","inLanguage":"it-IT","@id":"https:\/\/www.article-marketing.eu\/comunicati\/#\/schema\/person\/image\/","url":"https:\/\/secure.gravatar.com\/avatar\/50e5c6421d3072f42e7ace803501602c60d75233d34e29fd05feb91c8760b792?s=96&d=mm&r=g","contentUrl":"https:\/\/secure.gravatar.com\/avatar\/50e5c6421d3072f42e7ace803501602c60d75233d34e29fd05feb91c8760b792?s=96&d=mm&r=g","caption":"Redazione Comunicati Stampa"},"url":"https:\/\/www.article-marketing.eu\/comunicati\/author\/redazione-comunicati-stampa\/"}]}},"_links":{"self":[{"href":"https:\/\/www.article-marketing.eu\/comunicati\/wp-json\/wp\/v2\/posts\/408","targetHints":{"allow":["GET"]}}],"collection":[{"href":"https:\/\/www.article-marketing.eu\/comunicati\/wp-json\/wp\/v2\/posts"}],"about":[{"href":"https:\/\/www.article-marketing.eu\/comunicati\/wp-json\/wp\/v2\/types\/post"}],"author":[{"embeddable":true,"href":"https:\/\/www.article-marketing.eu\/comunicati\/wp-json\/wp\/v2\/users\/10"}],"replies":[{"embeddable":true,"href":"https:\/\/www.article-marketing.eu\/comunicati\/wp-json\/wp\/v2\/comments?post=408"}],"version-history":[{"count":0,"href":"https:\/\/www.article-marketing.eu\/comunicati\/wp-json\/wp\/v2\/posts\/408\/revisions"}],"wp:attachment":[{"href":"https:\/\/www.article-marketing.eu\/comunicati\/wp-json\/wp\/v2\/media?parent=408"}],"wp:term":[{"taxonomy":"category","embeddable":true,"href":"https:\/\/www.article-marketing.eu\/comunicati\/wp-json\/wp\/v2\/categories?post=408"},{"taxonomy":"post_tag","embeddable":true,"href":"https:\/\/www.article-marketing.eu\/comunicati\/wp-json\/wp\/v2\/tags?post=408"}],"curies":[{"name":"wp","href":"https:\/\/api.w.org\/{rel}","templated":true}]}}