{"id":4083,"date":"2010-02-09T15:58:13","date_gmt":"2010-02-09T14:58:13","guid":{"rendered":"http:\/\/www.article-marketing.eu\/comunicati\/senza-categoria\/14%b0-edizione-casa-dolce-casa\/"},"modified":"2010-02-09T15:58:13","modified_gmt":"2010-02-09T14:58:13","slug":"14%b0-edizione-casa-dolce-casa","status":"publish","type":"post","link":"https:\/\/www.article-marketing.eu\/comunicati\/casa\/14%b0-edizione-casa-dolce-casa\/","title":{"rendered":"14\u00b0 Edizione &#8220;Casa Dolce Casa&#8221;"},"content":{"rendered":"<p class=\"MsoNormal\">&nbsp;<\/p>\n<p align=\"center\" style=\"text-align: center;\" class=\"MsoNormal\"><strong>COMUNICATO STAMPA<\/strong><\/p>\n<p align=\"center\" style=\"text-align: center;\" class=\"MsoNormal\"><em>&nbsp;<\/em><\/p>\n<p align=\"center\" style=\"text-align: center;\" class=\"MsoNormal\"><em>Al Palazzo delle Esposizioni di&nbsp; Pavia dal 25 al <strong>29<\/strong> marzo 2010 <\/em><\/p>\n<p align=\"center\" style=\"text-align: center;\" class=\"MsoNormal\"><strong>CASA dolce CASA ecco la 14^ edizione<\/strong><\/p>\n<p align=\"center\" style=\"text-align: center;\" class=\"MsoNormal\"><em>Torna il salone dedicato a casa e<br \/>\naccessori. Pi\u00f9 spazio, pi\u00f9 iniziative e pi\u00f9 aree tematiche.<\/em><\/p>\n<p align=\"center\" style=\"text-align: center;\" class=\"MsoNormal\"><em>L\u2019area esterna ospiter\u00e0 il \u201cMONDO DEI<br \/>\nBAMBINI\u201d. Allestita anche la mostra BAUHAUS 2010<\/em><\/p>\n<p align=\"center\" style=\"text-align: center;\" class=\"MsoNormal\"><em>&nbsp;<\/em><\/p>\n<p style=\"text-align: justify;\" class=\"MsoNormal\">PAVIA.<br \/>\nRitorna a Pavia il salone dedicato alla casa, all\u2019arredamento, al design e agli<br \/>\naccessori. Dal 25 al 29 marzo prossimi il Palazzo delle Esposizioni di Piazzale<br \/>\nEuropa ospiter\u00e0 <strong>CASA dolce CASA<\/strong> <strong>2010. L<\/strong>\u2019appuntamento giunto alla 14^<br \/>\nedizione si conferma come uno dei pi\u00f9 importanti eventi fieristici del panorama<br \/>\npavese. <\/p>\n<p style=\"text-align: justify;\" class=\"MsoNormal\">Anche<br \/>\nquest\u2019anno la manifestazione \u00e8 organizzata <strong>da<\/strong><br \/>\n<strong>DEA SERVIZI<\/strong>. <strong>La<\/strong> scorsa edizione ha avuto uno straordinario successo superando le<br \/>\n35.000 presenze con la partecipazione di oltre 250 espositori. Sono numeri<br \/>\nimportanti che hanno spinto gli organizzatori ad inserire &nbsp;molte novit\u00e0 per il 2010. <\/p>\n<p style=\"text-align: justify;\" class=\"MsoNormal\">&nbsp;<\/p>\n<p style=\"text-align: justify;\" class=\"MsoNormal\">L\u2019area<br \/>\nfieristica ospiter\u00e0<strong>,<\/strong> come <strong>di<\/strong> consueto<strong>, <\/strong>stand dedicati a tutti gli aspetti del mondo della casa: arredi<br \/>\nper interni, arredi da giardino, complementi, illuminazione, pannelli solari, elettronica<br \/>\n<strong>ed<\/strong> artigianato.<\/p>\n<p style=\"text-align: justify;\" class=\"MsoNormal\">Quest\u2019anno<br \/>\nper\u00f2 l\u2019area si allargher\u00e0 anche all\u2019esterno proponendo un evento nell\u2019evento<br \/>\ncon il <strong>\u201cMondo dei Bambini\u201d<\/strong>. Se<br \/>\nl\u2019anno scorso il reparto dedicato all\u2019infanzia era ospitato tra i padiglioni<br \/>\ndella fiera, quest\u2019anno sar\u00e0 allestito in un\u2019apposita area esterna per<br \/>\nampliarsi e rinnovarsi completamente. Una grande tenso-struttura ospiter\u00e0<br \/>\naziende e organizzazioni che proporranno articoli e abbigliamento per la prima<br \/>\ninfanzia, arredamento per una casa a misura di bambino, allestimenti per feste,<br \/>\nistruzione, sport, giocattoli, parchi di divertimento a tema ed anche una<br \/>\ngrande area spettacoli per offrire ai piccoli visitatori momenti di intrattenimento<br \/>\ncon una serie di iniziative come la lettura di fiabe e gli spettacoli di magia.<br \/>\nVerr\u00e0 ampliata anche<strong> <\/strong>l\u2019area nursery<br \/>\ncustodita e oltre al servizio di baby parking sar\u00e0 offerto un apposito spazio<br \/>\nper allattare i pi\u00f9 piccoli <strong>e<\/strong> per il<br \/>\ncambio dei pannolini.<\/p>\n<p style=\"text-align: justify;\" class=\"MsoNormal\">Nell\u2019adiacente<br \/>\nspazio i bambini potranno trovare <strong>Pompieropoli,<\/strong><br \/>\nun vero parco giochi didattico<strong>,<\/strong> dove<br \/>\nsar\u00e0 possibile fare un percorso ginnico\/educativo che simula il lavoro dei<br \/>\npompieri insegnando fondamentali nozioni di sicurezza da applicare nella vita di<br \/>\ntutti i giorni. Armati di elmetto e pettorina e guidati da istruttori, i<br \/>\npiccoli potranno conoscere meglio l\u2019attivit\u00e0 dei vigili del fuoco, cimentandosi<strong> <\/strong>anche in una semplice ma spettacolare<br \/>\narrampicata<strong>.<\/strong> Al termine del percorso<br \/>\na ogni bambino verr\u00e0 rilasciato un diploma di partecipazione. &nbsp;<\/p>\n<p style=\"text-align: justify;\" class=\"MsoNormal\">&nbsp;<\/p>\n<p style=\"text-align: justify;\" class=\"MsoNormal\">Verranno<br \/>\ninoltre allestite nuove aree tematiche:<\/p>\n<p style=\"text-align: justify;\" class=\"MsoNormal\"><strong>Il Salone della Salute e del Benessere <\/strong>dove verranno presentate le ultime novit\u00e0 sull\u2019home<br \/>\nfitness, il dormire bene e il relax, le vasche, gli idromassaggi con cromoterapia;<br \/>\nci sar\u00e0 spazio anche per l\u2019alimentazione naturale e biologica.<\/p>\n<p style=\"text-align: justify;\" class=\"MsoNormal\"><strong>La Casa dei Nonni <\/strong>dove saranno messe in evidenza tutte le tecnologie che<br \/>\npermetteranno una gestione della casa pi\u00f9 facile e sicura per le persone<br \/>\nanziane.<strong><\/strong><\/p>\n<p style=\"text-align: justify;\" class=\"MsoNormal\"><strong>Ecoabitare <\/strong>settore della sostenibilit\u00e0 ambientale e delle fonti<br \/>\nenergetiche rinnovabili, per proporre un\u2019idea di casa non solo pi\u00f9 bella, ma<br \/>\nanche pi\u00f9 ecologica.<\/p>\n<p style=\"text-align: justify;\" class=\"MsoNormal\"><strong>La stanza del futuro <\/strong>qui vi sembrer\u00e0 di aver viaggiato avanti nel tempo,<br \/>\ncon nuove tecnologie, la casa domotica, elettrodomestici avveniristici.<\/p>\n<p style=\"text-align: justify;\" class=\"MsoNormal\">&nbsp;<\/p>\n<p style=\"text-align: justify;\" class=\"MsoNormal\">A<br \/>\ncorollario sar\u00e0 presentata l\u2019esclusiva mostra <strong>BAUHAUS 2010 <\/strong>che<strong> <\/strong>verr\u00e0<br \/>\ninaugurata presso la fiera gioved\u00ec 25 marzo e verranno esposti una serie di<br \/>\nmobili progettati nel laboratorio del Bauhaus e divenuti successivamente dei<br \/>\nveri e propri classici del design contemporaneo: Mackintosh, Mies van der Rohe,<br \/>\nLe Corbusier, Saarinen, Rieveld e tanti altri. Per ricordare un evento unico<br \/>\nnella storia del novecento.<\/p>\n<p style=\"text-align: justify;\" class=\"MsoNormal\">&nbsp;<\/p>\n<p style=\"text-align: justify;\" class=\"MsoNormal\"><em>Presso il salone saranno inoltre<br \/>\nallestiti due ristoranti (uno interno al piano superiore e uno nell\u2019area<br \/>\nesterna) e una gelateria artigianale.<\/em><\/p>\n<p style=\"text-align: justify;\" class=\"MsoNormal\"><em>&nbsp;<\/em><\/p>\n<p style=\"text-align: justify;\" class=\"MsoNormal\"><strong><em>Ingresso:<br \/>\nintero 5 euro, ridotto 3 euro, 50 centesimi per la donazione di beneficenza<\/em><\/strong><\/p>\n<p style=\"text-align: justify;\" class=\"MsoNormal\"><strong><em>Orari:<br \/>\ngioved\u00ec e venerd\u00ec dalle 17 alle 24; sabato dalle 15 alle 24; domenica dalle 10<br \/>\nalle 24; luned\u00ec dalle 15 alle 23<\/em><\/strong><\/p>\n<p style=\"text-align: justify;\" class=\"MsoNormal\"><strong><em>Informazioni:<br \/>\nwww.deaservizi.it; info@deaservizi.it. Tel 0382.483430<\/em><\/strong><strong><em><\/em><\/strong><\/p>\n","protected":false},"excerpt":{"rendered":"<p>PAVIA. Ritorna a Pavia il salone dedicato alla casa, all\u2019arredamento, al design e agli accessori. Dal 25 al 29 marzo prossimi il Palazzo delle Esposizioni di Piazzale Europa ospiter\u00e0 CASA dolce CASA 2010. L\u2019appuntamento giunto alla 14^ edizione si conferma come uno dei pi\u00f9 importanti eventi fieristici del panorama pavese.<\/p>\n","protected":false},"author":10,"featured_media":0,"comment_status":"open","ping_status":"open","sticky":false,"template":"","format":"standard","meta":{"cybocfi_hide_featured_image":"","footnotes":""},"categories":[390],"tags":[],"class_list":["post-4083","post","type-post","status-publish","format-standard","hentry","category-casa"],"yoast_head":"<!-- This site is optimized with the Yoast SEO plugin v27.0 - https:\/\/yoast.com\/product\/yoast-seo-wordpress\/ -->\n<title>14\u00b0 Edizione &quot;Casa Dolce Casa&quot; - Article Marketing<\/title>\n<meta name=\"robots\" content=\"index, follow, max-snippet:-1, max-image-preview:large, max-video-preview:-1\" \/>\n<link rel=\"canonical\" href=\"https:\/\/www.article-marketing.eu\/comunicati\/casa\/14?-edizione-casa-dolce-casa\/\" \/>\n<meta property=\"og:locale\" content=\"it_IT\" \/>\n<meta property=\"og:type\" content=\"article\" \/>\n<meta property=\"og:title\" content=\"14\u00b0 Edizione &quot;Casa Dolce Casa&quot; - Article Marketing\" \/>\n<meta property=\"og:description\" content=\"PAVIA. Ritorna a Pavia il salone dedicato alla casa, all\u2019arredamento, al design e agli accessori. Dal 25 al 29 marzo prossimi il Palazzo delle Esposizioni di Piazzale Europa ospiter\u00e0 CASA dolce CASA 2010. L\u2019appuntamento giunto alla 14^ edizione si conferma come uno dei pi\u00f9 importanti eventi fieristici del panorama pavese.\" \/>\n<meta property=\"og:url\" content=\"\" \/>\n<meta property=\"og:site_name\" content=\"Article Marketing\" \/>\n<meta property=\"article:published_time\" content=\"2010-02-09T14:58:13+00:00\" \/>\n<meta name=\"author\" content=\"Redazione Comunicati Stampa\" \/>\n<meta name=\"twitter:card\" content=\"summary_large_image\" \/>\n<meta name=\"twitter:label1\" content=\"Scritto da\" \/>\n\t<meta name=\"twitter:data1\" content=\"Redazione Comunicati Stampa\" \/>\n\t<meta name=\"twitter:label2\" content=\"Tempo di lettura stimato\" \/>\n\t<meta name=\"twitter:data2\" content=\"3 minuti\" \/>\n<script type=\"application\/ld+json\" class=\"yoast-schema-graph\">{\"@context\":\"https:\/\/schema.org\",\"@graph\":[{\"@type\":\"Article\",\"@id\":\"https:\/\/www.article-marketing.eu\/comunicati\/casa\/14%b0-edizione-casa-dolce-casa\/#article\",\"isPartOf\":{\"@id\":\"https:\/\/www.article-marketing.eu\/comunicati\/casa\/14%b0-edizione-casa-dolce-casa\/\"},\"author\":{\"name\":\"Redazione Comunicati Stampa\",\"@id\":\"https:\/\/www.article-marketing.eu\/comunicati\/#\/schema\/person\/44372e4d4d0fa797b18e03ed1ace9017\"},\"headline\":\"14\u00b0 Edizione &#8220;Casa Dolce Casa&#8221;\",\"datePublished\":\"2010-02-09T14:58:13+00:00\",\"mainEntityOfPage\":{\"@id\":\"https:\/\/www.article-marketing.eu\/comunicati\/casa\/14%b0-edizione-casa-dolce-casa\/\"},\"wordCount\":635,\"commentCount\":0,\"articleSection\":[\"Casa\"],\"inLanguage\":\"it-IT\",\"potentialAction\":[{\"@type\":\"CommentAction\",\"name\":\"Comment\",\"target\":[\"https:\/\/www.article-marketing.eu\/comunicati\/casa\/14%b0-edizione-casa-dolce-casa\/#respond\"]}]},{\"@type\":\"WebPage\",\"@id\":\"https:\/\/www.article-marketing.eu\/comunicati\/casa\/14%b0-edizione-casa-dolce-casa\/\",\"url\":\"https:\/\/www.article-marketing.eu\/comunicati\/casa\/14%b0-edizione-casa-dolce-casa\/\",\"name\":\"14\u00b0 Edizione \\\"Casa Dolce Casa\\\" - Article Marketing\",\"isPartOf\":{\"@id\":\"https:\/\/www.article-marketing.eu\/comunicati\/#website\"},\"datePublished\":\"2010-02-09T14:58:13+00:00\",\"author\":{\"@id\":\"https:\/\/www.article-marketing.eu\/comunicati\/#\/schema\/person\/44372e4d4d0fa797b18e03ed1ace9017\"},\"breadcrumb\":{\"@id\":\"https:\/\/www.article-marketing.eu\/comunicati\/casa\/14%b0-edizione-casa-dolce-casa\/#breadcrumb\"},\"inLanguage\":\"it-IT\",\"potentialAction\":[{\"@type\":\"ReadAction\",\"target\":[\"https:\/\/www.article-marketing.eu\/comunicati\/casa\/14%b0-edizione-casa-dolce-casa\/\"]}]},{\"@type\":\"BreadcrumbList\",\"@id\":\"https:\/\/www.article-marketing.eu\/comunicati\/casa\/14%b0-edizione-casa-dolce-casa\/#breadcrumb\",\"itemListElement\":[{\"@type\":\"ListItem\",\"position\":1,\"name\":\"Home\",\"item\":\"https:\/\/www.article-marketing.eu\/comunicati\/\"},{\"@type\":\"ListItem\",\"position\":2,\"name\":\"14\u00b0 Edizione &#8220;Casa Dolce Casa&#8221;\"}]},{\"@type\":\"WebSite\",\"@id\":\"https:\/\/www.article-marketing.eu\/comunicati\/#website\",\"url\":\"https:\/\/www.article-marketing.eu\/comunicati\/\",\"name\":\"Article Marketing\",\"description\":\"article marketing &amp; press release\",\"potentialAction\":[{\"@type\":\"SearchAction\",\"target\":{\"@type\":\"EntryPoint\",\"urlTemplate\":\"https:\/\/www.article-marketing.eu\/comunicati\/?s={search_term_string}\"},\"query-input\":{\"@type\":\"PropertyValueSpecification\",\"valueRequired\":true,\"valueName\":\"search_term_string\"}}],\"inLanguage\":\"it-IT\"},{\"@type\":\"Person\",\"@id\":\"https:\/\/www.article-marketing.eu\/comunicati\/#\/schema\/person\/44372e4d4d0fa797b18e03ed1ace9017\",\"name\":\"Redazione Comunicati Stampa\",\"image\":{\"@type\":\"ImageObject\",\"inLanguage\":\"it-IT\",\"@id\":\"https:\/\/www.article-marketing.eu\/comunicati\/#\/schema\/person\/image\/\",\"url\":\"https:\/\/secure.gravatar.com\/avatar\/50e5c6421d3072f42e7ace803501602c60d75233d34e29fd05feb91c8760b792?s=96&d=mm&r=g\",\"contentUrl\":\"https:\/\/secure.gravatar.com\/avatar\/50e5c6421d3072f42e7ace803501602c60d75233d34e29fd05feb91c8760b792?s=96&d=mm&r=g\",\"caption\":\"Redazione Comunicati Stampa\"},\"url\":\"https:\/\/www.article-marketing.eu\/comunicati\/author\/redazione-comunicati-stampa\/\"}]}<\/script>\n<!-- \/ Yoast SEO plugin. -->","yoast_head_json":{"title":"14\u00b0 Edizione \"Casa Dolce Casa\" - Article Marketing","robots":{"index":"index","follow":"follow","max-snippet":"max-snippet:-1","max-image-preview":"max-image-preview:large","max-video-preview":"max-video-preview:-1"},"canonical":"https:\/\/www.article-marketing.eu\/comunicati\/casa\/14?-edizione-casa-dolce-casa\/","og_locale":"it_IT","og_type":"article","og_title":"14\u00b0 Edizione \"Casa Dolce Casa\" - Article Marketing","og_description":"PAVIA. Ritorna a Pavia il salone dedicato alla casa, all\u2019arredamento, al design e agli accessori. Dal 25 al 29 marzo prossimi il Palazzo delle Esposizioni di Piazzale Europa ospiter\u00e0 CASA dolce CASA 2010. L\u2019appuntamento giunto alla 14^ edizione si conferma come uno dei pi\u00f9 importanti eventi fieristici del panorama pavese.","og_url":"https:\/\/www.article-marketing.eu\/comunicati\/casa\/14?-edizione-casa-dolce-casa\/","og_site_name":"Article Marketing","article_published_time":"2010-02-09T14:58:13+00:00","author":"Redazione Comunicati Stampa","twitter_card":"summary_large_image","twitter_misc":{"Scritto da":"Redazione Comunicati Stampa","Tempo di lettura stimato":"3 minuti"},"schema":{"@context":"https:\/\/schema.org","@graph":[{"@type":"Article","@id":"https:\/\/www.article-marketing.eu\/comunicati\/casa\/14%b0-edizione-casa-dolce-casa\/#article","isPartOf":{"@id":"https:\/\/www.article-marketing.eu\/comunicati\/casa\/14%b0-edizione-casa-dolce-casa\/"},"author":{"name":"Redazione Comunicati Stampa","@id":"https:\/\/www.article-marketing.eu\/comunicati\/#\/schema\/person\/44372e4d4d0fa797b18e03ed1ace9017"},"headline":"14\u00b0 Edizione &#8220;Casa Dolce Casa&#8221;","datePublished":"2010-02-09T14:58:13+00:00","mainEntityOfPage":{"@id":"https:\/\/www.article-marketing.eu\/comunicati\/casa\/14%b0-edizione-casa-dolce-casa\/"},"wordCount":635,"commentCount":0,"articleSection":["Casa"],"inLanguage":"it-IT","potentialAction":[{"@type":"CommentAction","name":"Comment","target":["https:\/\/www.article-marketing.eu\/comunicati\/casa\/14%b0-edizione-casa-dolce-casa\/#respond"]}]},{"@type":"WebPage","@id":"https:\/\/www.article-marketing.eu\/comunicati\/casa\/14%b0-edizione-casa-dolce-casa\/","url":"https:\/\/www.article-marketing.eu\/comunicati\/casa\/14%b0-edizione-casa-dolce-casa\/","name":"14\u00b0 Edizione \"Casa Dolce Casa\" - Article Marketing","isPartOf":{"@id":"https:\/\/www.article-marketing.eu\/comunicati\/#website"},"datePublished":"2010-02-09T14:58:13+00:00","author":{"@id":"https:\/\/www.article-marketing.eu\/comunicati\/#\/schema\/person\/44372e4d4d0fa797b18e03ed1ace9017"},"breadcrumb":{"@id":"https:\/\/www.article-marketing.eu\/comunicati\/casa\/14%b0-edizione-casa-dolce-casa\/#breadcrumb"},"inLanguage":"it-IT","potentialAction":[{"@type":"ReadAction","target":["https:\/\/www.article-marketing.eu\/comunicati\/casa\/14%b0-edizione-casa-dolce-casa\/"]}]},{"@type":"BreadcrumbList","@id":"https:\/\/www.article-marketing.eu\/comunicati\/casa\/14%b0-edizione-casa-dolce-casa\/#breadcrumb","itemListElement":[{"@type":"ListItem","position":1,"name":"Home","item":"https:\/\/www.article-marketing.eu\/comunicati\/"},{"@type":"ListItem","position":2,"name":"14\u00b0 Edizione &#8220;Casa Dolce Casa&#8221;"}]},{"@type":"WebSite","@id":"https:\/\/www.article-marketing.eu\/comunicati\/#website","url":"https:\/\/www.article-marketing.eu\/comunicati\/","name":"Article Marketing","description":"article marketing &amp; press release","potentialAction":[{"@type":"SearchAction","target":{"@type":"EntryPoint","urlTemplate":"https:\/\/www.article-marketing.eu\/comunicati\/?s={search_term_string}"},"query-input":{"@type":"PropertyValueSpecification","valueRequired":true,"valueName":"search_term_string"}}],"inLanguage":"it-IT"},{"@type":"Person","@id":"https:\/\/www.article-marketing.eu\/comunicati\/#\/schema\/person\/44372e4d4d0fa797b18e03ed1ace9017","name":"Redazione Comunicati Stampa","image":{"@type":"ImageObject","inLanguage":"it-IT","@id":"https:\/\/www.article-marketing.eu\/comunicati\/#\/schema\/person\/image\/","url":"https:\/\/secure.gravatar.com\/avatar\/50e5c6421d3072f42e7ace803501602c60d75233d34e29fd05feb91c8760b792?s=96&d=mm&r=g","contentUrl":"https:\/\/secure.gravatar.com\/avatar\/50e5c6421d3072f42e7ace803501602c60d75233d34e29fd05feb91c8760b792?s=96&d=mm&r=g","caption":"Redazione Comunicati Stampa"},"url":"https:\/\/www.article-marketing.eu\/comunicati\/author\/redazione-comunicati-stampa\/"}]}},"_links":{"self":[{"href":"https:\/\/www.article-marketing.eu\/comunicati\/wp-json\/wp\/v2\/posts\/4083","targetHints":{"allow":["GET"]}}],"collection":[{"href":"https:\/\/www.article-marketing.eu\/comunicati\/wp-json\/wp\/v2\/posts"}],"about":[{"href":"https:\/\/www.article-marketing.eu\/comunicati\/wp-json\/wp\/v2\/types\/post"}],"author":[{"embeddable":true,"href":"https:\/\/www.article-marketing.eu\/comunicati\/wp-json\/wp\/v2\/users\/10"}],"replies":[{"embeddable":true,"href":"https:\/\/www.article-marketing.eu\/comunicati\/wp-json\/wp\/v2\/comments?post=4083"}],"version-history":[{"count":0,"href":"https:\/\/www.article-marketing.eu\/comunicati\/wp-json\/wp\/v2\/posts\/4083\/revisions"}],"wp:attachment":[{"href":"https:\/\/www.article-marketing.eu\/comunicati\/wp-json\/wp\/v2\/media?parent=4083"}],"wp:term":[{"taxonomy":"category","embeddable":true,"href":"https:\/\/www.article-marketing.eu\/comunicati\/wp-json\/wp\/v2\/categories?post=4083"},{"taxonomy":"post_tag","embeddable":true,"href":"https:\/\/www.article-marketing.eu\/comunicati\/wp-json\/wp\/v2\/tags?post=4083"}],"curies":[{"name":"wp","href":"https:\/\/api.w.org\/{rel}","templated":true}]}}