{"id":4088,"date":"2010-02-09T18:54:10","date_gmt":"2010-02-09T17:54:10","guid":{"rendered":"http:\/\/www.article-marketing.eu\/comunicati\/senza-categoria\/spot-regione-marchecon-dustin-hoffman\/"},"modified":"2010-02-09T18:54:10","modified_gmt":"2010-02-09T17:54:10","slug":"spot-regione-marchecon-dustin-hoffman","status":"publish","type":"post","link":"https:\/\/www.article-marketing.eu\/comunicati\/viaggi-e-vacanze\/viaggi-e-turismo\/spot-regione-marchecon-dustin-hoffman\/","title":{"rendered":"Spot regione Marchecon Dustin Hoffman"},"content":{"rendered":"<p style=\"MARGIN: 0pt 0pt 10pt\">Ha suscitato un acceso dibattito il nuovo video promozionale della regione Marche trasmesso sulle principali reti&nbsp;televisive&nbsp;italiane. Oltre alle sterili polemiche sul costo della campagna pubblicitaria,&nbsp;ben poca cosa rispetto alle cifre&nbsp;messe in campo da altre regioni, le polemiche hanno riguardato la qualit\u00e0 del video e le sue modalit\u00e0 di realizzazione.&nbsp;Non sorprende purtroppo&nbsp;che una campagna pubblicitaria realizzata da un ente pubblico&nbsp;sia&nbsp;influenzata dalla politica, soprattutto in una regione plurale&nbsp;quale le Marche, dominata da mille campanilismi.&nbsp;Questo ha sicuramente limitato la libert\u00e0 espressiva degli autori ed inficiato la qualit\u00e0 del video. Le premesse erano delle migliori: un attore bravo e di fama internazionale come Dustin Hoffman, i tanti bei paesaggi della nostra regione&nbsp;e la forte carica emotiva&nbsp;della poesia \u201c L&#8217;infinito\u201d di Leopardi.<\/p>\n<p style=\"MARGIN: 0pt 0pt 10pt\">Chi scrive, in qualit\u00e0 di&nbsp;gestore&nbsp;e&nbsp;titolare dell\u2019Hotel Continental di Fano, \u00e8 pi\u00f9 interessato agli esiti di questa azione pubblicitaria. E ritengo che, come ogni attivit\u00e0 promozionale, la campagna realizzata dalla regione Marche vada valutata esclusivamente sui risultati&nbsp;e su dati oggettivi. \u00c8 quindi ancora prematuro trarre&nbsp;delle&nbsp;conclusioni: potremo esprimere un giudizio a consuntivo non prima di ottobre 2010.<\/p>\n<p style=\"MARGIN: 0pt 0pt 10pt\">Riportiamo di seguito quanto&nbsp;scritto nel sito della Regione Marche:<\/p>\n<p style=\"MARGIN: 0pt 0pt 10pt\">&quot;La Regione e` pronta ad accogliere Dustin Hoffman, il celebre attore americano che nei prossimi giorni sara` nelle Marche per promuovere, attraverso uno spot pubblicitario, l&#8220;immagine della nostra regione sui maggiori network. &#8216;Hoffman &#8216; dice il presidente Spacca &#8216; ci ha fatto sapere che e` molto contento di tornare nelle Marche, una regione che ha avuto modo di conoscere ed apprezzare per l&#8217;ospitalita` della sua gente e per l&#8217;armonia dei paesaggi gia` 37 anni fa, quando, ad Ascoli Piceno, interpreto` il film di Pietro Germi &#8216;Alfredo Alfredo&#8217;. L&#8217;obiettivo di questa iniziativa &#8216; prosegue Spacca &#8211; e` quello di comunicare l&#8220;immagine di grande qualita` della nostra regione e per farlo occorreva un personaggio di altrettanta grande qualita`. Abbiamo pensato quindi ad uno dei migliori attori del mondo che, proprio per l&#8217;affetto che nutre nei confronti delle Marche, ha deciso di accettare. Ritengo che questa operazione abbia un alto valore per tutto il nostro territorio. La ricaduta positiva non riguardera` solo il turismo, ma tutte le attivita` economiche e sociali della regione. La campagna pubblicitaria infondera` ai nostri prodotti un valore aggiunto fatto di immagini e profonde suggestioni. Inoltre, per quanto riguarda l&#8217;investimento di cui tanto si parla, voglio ricordare che utilizziamo esclusivamente stanziamenti europei specificatamente dedicati alla valorizzazione dei territori che, se non avessimo catturato noi, sarebbero stati utilizzati da altre realta`. Inoltre le risorse, piu` che a Hoffman, andranno ai mille passaggi in prime time previsti sulle principali reti televisive&#8217;.&nbsp;<\/p>\n<p style=\"MARGIN: 0pt 0pt 10pt\">&nbsp;<\/p>\n<p style=\"MARGIN: 0pt 0pt 10pt\">&nbsp;<\/p>\n<p style=\"MARGIN: 0pt 0pt 10pt\">&nbsp;<\/p>\n<p style=\"MARGIN: 0pt 0pt 10pt\">&nbsp;<\/p>\n","protected":false},"excerpt":{"rendered":"<p>Polemiche spot pubblicitario regione Marche: probabilmente sono premature<\/p>\n","protected":false},"author":10,"featured_media":0,"comment_status":"open","ping_status":"open","sticky":false,"template":"","format":"standard","meta":{"cybocfi_hide_featured_image":"","footnotes":""},"categories":[2],"tags":[12202],"class_list":["post-4088","post","type-post","status-publish","format-standard","hentry","category-viaggi-e-turismo","tag-spot-video-promozione-turismo-marche-hotel-continental-fano"],"yoast_head":"<!-- This site is optimized with the Yoast SEO plugin v27.0 - https:\/\/yoast.com\/product\/yoast-seo-wordpress\/ -->\n<title>Spot regione Marchecon Dustin Hoffman - Article Marketing<\/title>\n<meta name=\"robots\" content=\"index, follow, max-snippet:-1, max-image-preview:large, max-video-preview:-1\" \/>\n<link rel=\"canonical\" href=\"https:\/\/www.article-marketing.eu\/comunicati\/viaggi-e-vacanze\/viaggi-e-turismo\/spot-regione-marchecon-dustin-hoffman\/\" \/>\n<meta property=\"og:locale\" content=\"it_IT\" \/>\n<meta property=\"og:type\" content=\"article\" \/>\n<meta property=\"og:title\" content=\"Spot regione Marchecon Dustin Hoffman - Article Marketing\" \/>\n<meta property=\"og:description\" content=\"Polemiche spot pubblicitario regione Marche: probabilmente sono premature\" \/>\n<meta property=\"og:url\" content=\"https:\/\/www.article-marketing.eu\/comunicati\/viaggi-e-vacanze\/viaggi-e-turismo\/spot-regione-marchecon-dustin-hoffman\/\" \/>\n<meta property=\"og:site_name\" content=\"Article Marketing\" \/>\n<meta property=\"article:published_time\" content=\"2010-02-09T17:54:10+00:00\" \/>\n<meta name=\"author\" content=\"Redazione Comunicati Stampa\" \/>\n<meta name=\"twitter:card\" content=\"summary_large_image\" \/>\n<meta name=\"twitter:label1\" content=\"Scritto da\" \/>\n\t<meta name=\"twitter:data1\" content=\"Redazione Comunicati Stampa\" \/>\n\t<meta name=\"twitter:label2\" content=\"Tempo di lettura stimato\" \/>\n\t<meta name=\"twitter:data2\" content=\"2 minuti\" \/>\n<script type=\"application\/ld+json\" class=\"yoast-schema-graph\">{\"@context\":\"https:\/\/schema.org\",\"@graph\":[{\"@type\":\"Article\",\"@id\":\"https:\/\/www.article-marketing.eu\/comunicati\/viaggi-e-vacanze\/viaggi-e-turismo\/spot-regione-marchecon-dustin-hoffman\/#article\",\"isPartOf\":{\"@id\":\"https:\/\/www.article-marketing.eu\/comunicati\/viaggi-e-vacanze\/viaggi-e-turismo\/spot-regione-marchecon-dustin-hoffman\/\"},\"author\":{\"name\":\"Redazione Comunicati Stampa\",\"@id\":\"https:\/\/www.article-marketing.eu\/comunicati\/#\/schema\/person\/44372e4d4d0fa797b18e03ed1ace9017\"},\"headline\":\"Spot regione Marchecon Dustin Hoffman\",\"datePublished\":\"2010-02-09T17:54:10+00:00\",\"mainEntityOfPage\":{\"@id\":\"https:\/\/www.article-marketing.eu\/comunicati\/viaggi-e-vacanze\/viaggi-e-turismo\/spot-regione-marchecon-dustin-hoffman\/\"},\"wordCount\":468,\"commentCount\":0,\"keywords\":[\"spot video promozione turismo marche hotel continental fano\"],\"articleSection\":[\"Viaggi e Turismo\"],\"inLanguage\":\"it-IT\",\"potentialAction\":[{\"@type\":\"CommentAction\",\"name\":\"Comment\",\"target\":[\"https:\/\/www.article-marketing.eu\/comunicati\/viaggi-e-vacanze\/viaggi-e-turismo\/spot-regione-marchecon-dustin-hoffman\/#respond\"]}]},{\"@type\":\"WebPage\",\"@id\":\"https:\/\/www.article-marketing.eu\/comunicati\/viaggi-e-vacanze\/viaggi-e-turismo\/spot-regione-marchecon-dustin-hoffman\/\",\"url\":\"https:\/\/www.article-marketing.eu\/comunicati\/viaggi-e-vacanze\/viaggi-e-turismo\/spot-regione-marchecon-dustin-hoffman\/\",\"name\":\"Spot regione Marchecon Dustin Hoffman - Article Marketing\",\"isPartOf\":{\"@id\":\"https:\/\/www.article-marketing.eu\/comunicati\/#website\"},\"datePublished\":\"2010-02-09T17:54:10+00:00\",\"author\":{\"@id\":\"https:\/\/www.article-marketing.eu\/comunicati\/#\/schema\/person\/44372e4d4d0fa797b18e03ed1ace9017\"},\"breadcrumb\":{\"@id\":\"https:\/\/www.article-marketing.eu\/comunicati\/viaggi-e-vacanze\/viaggi-e-turismo\/spot-regione-marchecon-dustin-hoffman\/#breadcrumb\"},\"inLanguage\":\"it-IT\",\"potentialAction\":[{\"@type\":\"ReadAction\",\"target\":[\"https:\/\/www.article-marketing.eu\/comunicati\/viaggi-e-vacanze\/viaggi-e-turismo\/spot-regione-marchecon-dustin-hoffman\/\"]}]},{\"@type\":\"BreadcrumbList\",\"@id\":\"https:\/\/www.article-marketing.eu\/comunicati\/viaggi-e-vacanze\/viaggi-e-turismo\/spot-regione-marchecon-dustin-hoffman\/#breadcrumb\",\"itemListElement\":[{\"@type\":\"ListItem\",\"position\":1,\"name\":\"Home\",\"item\":\"https:\/\/www.article-marketing.eu\/comunicati\/\"},{\"@type\":\"ListItem\",\"position\":2,\"name\":\"Spot regione Marchecon Dustin Hoffman\"}]},{\"@type\":\"WebSite\",\"@id\":\"https:\/\/www.article-marketing.eu\/comunicati\/#website\",\"url\":\"https:\/\/www.article-marketing.eu\/comunicati\/\",\"name\":\"Article Marketing\",\"description\":\"article marketing &amp; press release\",\"potentialAction\":[{\"@type\":\"SearchAction\",\"target\":{\"@type\":\"EntryPoint\",\"urlTemplate\":\"https:\/\/www.article-marketing.eu\/comunicati\/?s={search_term_string}\"},\"query-input\":{\"@type\":\"PropertyValueSpecification\",\"valueRequired\":true,\"valueName\":\"search_term_string\"}}],\"inLanguage\":\"it-IT\"},{\"@type\":\"Person\",\"@id\":\"https:\/\/www.article-marketing.eu\/comunicati\/#\/schema\/person\/44372e4d4d0fa797b18e03ed1ace9017\",\"name\":\"Redazione Comunicati Stampa\",\"image\":{\"@type\":\"ImageObject\",\"inLanguage\":\"it-IT\",\"@id\":\"https:\/\/www.article-marketing.eu\/comunicati\/#\/schema\/person\/image\/\",\"url\":\"https:\/\/secure.gravatar.com\/avatar\/50e5c6421d3072f42e7ace803501602c60d75233d34e29fd05feb91c8760b792?s=96&d=mm&r=g\",\"contentUrl\":\"https:\/\/secure.gravatar.com\/avatar\/50e5c6421d3072f42e7ace803501602c60d75233d34e29fd05feb91c8760b792?s=96&d=mm&r=g\",\"caption\":\"Redazione Comunicati Stampa\"},\"url\":\"https:\/\/www.article-marketing.eu\/comunicati\/author\/redazione-comunicati-stampa\/\"}]}<\/script>\n<!-- \/ Yoast SEO plugin. -->","yoast_head_json":{"title":"Spot regione Marchecon Dustin Hoffman - Article Marketing","robots":{"index":"index","follow":"follow","max-snippet":"max-snippet:-1","max-image-preview":"max-image-preview:large","max-video-preview":"max-video-preview:-1"},"canonical":"https:\/\/www.article-marketing.eu\/comunicati\/viaggi-e-vacanze\/viaggi-e-turismo\/spot-regione-marchecon-dustin-hoffman\/","og_locale":"it_IT","og_type":"article","og_title":"Spot regione Marchecon Dustin Hoffman - Article Marketing","og_description":"Polemiche spot pubblicitario regione Marche: probabilmente sono premature","og_url":"https:\/\/www.article-marketing.eu\/comunicati\/viaggi-e-vacanze\/viaggi-e-turismo\/spot-regione-marchecon-dustin-hoffman\/","og_site_name":"Article Marketing","article_published_time":"2010-02-09T17:54:10+00:00","author":"Redazione Comunicati Stampa","twitter_card":"summary_large_image","twitter_misc":{"Scritto da":"Redazione Comunicati Stampa","Tempo di lettura stimato":"2 minuti"},"schema":{"@context":"https:\/\/schema.org","@graph":[{"@type":"Article","@id":"https:\/\/www.article-marketing.eu\/comunicati\/viaggi-e-vacanze\/viaggi-e-turismo\/spot-regione-marchecon-dustin-hoffman\/#article","isPartOf":{"@id":"https:\/\/www.article-marketing.eu\/comunicati\/viaggi-e-vacanze\/viaggi-e-turismo\/spot-regione-marchecon-dustin-hoffman\/"},"author":{"name":"Redazione Comunicati Stampa","@id":"https:\/\/www.article-marketing.eu\/comunicati\/#\/schema\/person\/44372e4d4d0fa797b18e03ed1ace9017"},"headline":"Spot regione Marchecon Dustin Hoffman","datePublished":"2010-02-09T17:54:10+00:00","mainEntityOfPage":{"@id":"https:\/\/www.article-marketing.eu\/comunicati\/viaggi-e-vacanze\/viaggi-e-turismo\/spot-regione-marchecon-dustin-hoffman\/"},"wordCount":468,"commentCount":0,"keywords":["spot video promozione turismo marche hotel continental fano"],"articleSection":["Viaggi e Turismo"],"inLanguage":"it-IT","potentialAction":[{"@type":"CommentAction","name":"Comment","target":["https:\/\/www.article-marketing.eu\/comunicati\/viaggi-e-vacanze\/viaggi-e-turismo\/spot-regione-marchecon-dustin-hoffman\/#respond"]}]},{"@type":"WebPage","@id":"https:\/\/www.article-marketing.eu\/comunicati\/viaggi-e-vacanze\/viaggi-e-turismo\/spot-regione-marchecon-dustin-hoffman\/","url":"https:\/\/www.article-marketing.eu\/comunicati\/viaggi-e-vacanze\/viaggi-e-turismo\/spot-regione-marchecon-dustin-hoffman\/","name":"Spot regione Marchecon Dustin Hoffman - Article Marketing","isPartOf":{"@id":"https:\/\/www.article-marketing.eu\/comunicati\/#website"},"datePublished":"2010-02-09T17:54:10+00:00","author":{"@id":"https:\/\/www.article-marketing.eu\/comunicati\/#\/schema\/person\/44372e4d4d0fa797b18e03ed1ace9017"},"breadcrumb":{"@id":"https:\/\/www.article-marketing.eu\/comunicati\/viaggi-e-vacanze\/viaggi-e-turismo\/spot-regione-marchecon-dustin-hoffman\/#breadcrumb"},"inLanguage":"it-IT","potentialAction":[{"@type":"ReadAction","target":["https:\/\/www.article-marketing.eu\/comunicati\/viaggi-e-vacanze\/viaggi-e-turismo\/spot-regione-marchecon-dustin-hoffman\/"]}]},{"@type":"BreadcrumbList","@id":"https:\/\/www.article-marketing.eu\/comunicati\/viaggi-e-vacanze\/viaggi-e-turismo\/spot-regione-marchecon-dustin-hoffman\/#breadcrumb","itemListElement":[{"@type":"ListItem","position":1,"name":"Home","item":"https:\/\/www.article-marketing.eu\/comunicati\/"},{"@type":"ListItem","position":2,"name":"Spot regione Marchecon Dustin Hoffman"}]},{"@type":"WebSite","@id":"https:\/\/www.article-marketing.eu\/comunicati\/#website","url":"https:\/\/www.article-marketing.eu\/comunicati\/","name":"Article Marketing","description":"article marketing &amp; press release","potentialAction":[{"@type":"SearchAction","target":{"@type":"EntryPoint","urlTemplate":"https:\/\/www.article-marketing.eu\/comunicati\/?s={search_term_string}"},"query-input":{"@type":"PropertyValueSpecification","valueRequired":true,"valueName":"search_term_string"}}],"inLanguage":"it-IT"},{"@type":"Person","@id":"https:\/\/www.article-marketing.eu\/comunicati\/#\/schema\/person\/44372e4d4d0fa797b18e03ed1ace9017","name":"Redazione Comunicati Stampa","image":{"@type":"ImageObject","inLanguage":"it-IT","@id":"https:\/\/www.article-marketing.eu\/comunicati\/#\/schema\/person\/image\/","url":"https:\/\/secure.gravatar.com\/avatar\/50e5c6421d3072f42e7ace803501602c60d75233d34e29fd05feb91c8760b792?s=96&d=mm&r=g","contentUrl":"https:\/\/secure.gravatar.com\/avatar\/50e5c6421d3072f42e7ace803501602c60d75233d34e29fd05feb91c8760b792?s=96&d=mm&r=g","caption":"Redazione Comunicati Stampa"},"url":"https:\/\/www.article-marketing.eu\/comunicati\/author\/redazione-comunicati-stampa\/"}]}},"_links":{"self":[{"href":"https:\/\/www.article-marketing.eu\/comunicati\/wp-json\/wp\/v2\/posts\/4088","targetHints":{"allow":["GET"]}}],"collection":[{"href":"https:\/\/www.article-marketing.eu\/comunicati\/wp-json\/wp\/v2\/posts"}],"about":[{"href":"https:\/\/www.article-marketing.eu\/comunicati\/wp-json\/wp\/v2\/types\/post"}],"author":[{"embeddable":true,"href":"https:\/\/www.article-marketing.eu\/comunicati\/wp-json\/wp\/v2\/users\/10"}],"replies":[{"embeddable":true,"href":"https:\/\/www.article-marketing.eu\/comunicati\/wp-json\/wp\/v2\/comments?post=4088"}],"version-history":[{"count":0,"href":"https:\/\/www.article-marketing.eu\/comunicati\/wp-json\/wp\/v2\/posts\/4088\/revisions"}],"wp:attachment":[{"href":"https:\/\/www.article-marketing.eu\/comunicati\/wp-json\/wp\/v2\/media?parent=4088"}],"wp:term":[{"taxonomy":"category","embeddable":true,"href":"https:\/\/www.article-marketing.eu\/comunicati\/wp-json\/wp\/v2\/categories?post=4088"},{"taxonomy":"post_tag","embeddable":true,"href":"https:\/\/www.article-marketing.eu\/comunicati\/wp-json\/wp\/v2\/tags?post=4088"}],"curies":[{"name":"wp","href":"https:\/\/api.w.org\/{rel}","templated":true}]}}