{"id":4106,"date":"2010-02-12T10:33:00","date_gmt":"2010-02-12T09:33:00","guid":{"rendered":"http:\/\/www.article-marketing.eu\/comunicati\/senza-categoria\/vacanze-sotto-le-stelle-viaggiare-con-la-tenda\/"},"modified":"2018-07-10T04:59:27","modified_gmt":"2018-07-10T02:59:27","slug":"vacanze-sotto-le-stelle-viaggiare-con-la-tenda","status":"publish","type":"post","link":"https:\/\/www.article-marketing.eu\/comunicati\/viaggi-e-vacanze\/viaggi-e-turismo\/vacanze-sotto-le-stelle-viaggiare-con-la-tenda\/","title":{"rendered":"Vacanze sotto le stelle &#8211; viaggiare con la tenda"},"content":{"rendered":"<p>Sono due modi di viaggiare completamente diversi, ma ognuno offre tangibili benefici. In questa sezione parleremo degli innumerevoli benefici dell\u2019andare in campeggio. Il campeggio \u00e8 senz\u2019altro il modo migliore per risollevarsi dallo stress dell\u2019inverno lavorativo. Il campeggio \u00e8 infatti la vacanza ideale per riprendere contatto con la natura, respirare aria pulita, liberarsi dello smog accumulato durante i lunghi mesi invernali. Il contatto autentico con la natura, dormire a pochi centimetri da terra, passeggiare in mezzo agli alberi e qualche piccola disavventura sono ci\u00f2 che di meglio pu\u00f2 esserci per rompere completamente la routine. Uscire dagli schemi e tornare ad un ritmo pi\u00f9 naturale, pi\u00f9 selvaggio, aiuta infatti a ricaricarsi e a tornare al lavoro pieni di energie e di voglia di fare. Ovviamente occorre partire ben attrezzati, con le tenda a casetta, sacchi a pelo, picchetti, martello di gomma, materassini e quant\u2019altro pu\u00f2 servire. E non si deve pensare che dormendo praticamente all\u2019aperto la notte si soffra il freddo, perch\u00e9 i moderni sacchi a pelo sono fatti apposta per tenere caldo fino anche a 0\u00b0, a seconda del modello ovviamente.<\/p>\n<p>Ecco alcuni consigli per rilassarsi al meglio in campeggio. Non dimenticate il materassino gonfiabile, che permette di variare a proprio piacimento la durezza del materasso per adattarla al progressivo rilassarsi del corpo durante la vacanza. La tenda non va piazzata in un punto esposta e est per evitare che all\u2019alba il sole la riscaldi troppo, rovinandovi le ultime ore di sonno. Prima di partire controllate i notiziari dellla protezione civile per evitare di incappare in qualche situazione a rischio. Controllate almeno qualche giorno prima che nella zona dove volete andare siano presenti campeggi o aree attrezzate, di solito comunque se ne trovano in ogni destinazione turistica, per\u00f2 si trovano in zone pi\u00f9 esterne alle citt\u00e0 e ai centri abitati.<\/p>\n<p>l campeggio, grazie all\u2019 abbondante scambio di energie tra ambiente ed organismo, permette di regolare i livelli metabolici e riportarli di nuovo in sintonia con la richiesta del fisico. Per migliorare il benessere del corpo bisogna seguire i ritmi circadiani della natura, addormentandosi al tramonto e svegliandosi con il sole.<br \/>\nL\u2019 alimentazione deve essere il pi\u00f9 possibile naturale e \u201cselvatica\u201d, quindi largo uso di frutta locale e di stagione, ortaggi crudi (anch\u2019 essi locali e di stagione) e qualche grigliata di pesce fresco (magari cotto col bastoncino). Con questo \u201critorno alle origini\u201d il corpo trae nuove energie grazie alla sincronia tra ritmi interni e ambiente esterno che riduce gli stress fisici e psicologici causati dalla vita cittadina, lavori pressanti e luce artificiale.<\/p>\n<p>Le camminate in zone boschive completano la \u201ccura della natura\u201d simulando le lunghe camminate che i nostri avi &#8211; circa 20000 anni fa &#8211; compivano tutti i giorni per procacciarsi il cibo, l\u2019 acqua e tornare al loro rifugio. Insomma, vivere naturale \u00e8 divertente e avventuroso, spezza i ritmi quotidiani e pu\u00f2 farvi ritrovare serenit\u00e0, benessere e sicurezza. E, in pi\u00f9, si tratta di un\u2019 esperienza economica ed adatta a tutte le et\u00e0.<\/p>\n<p>Per portare questi benefici un po\u2019 anche in citt\u00e0, o per chi non vuole provare questa bellissima avventura, si pu\u00f2 sempre pensare di comprare un gazebo giardino, e cercare di vivere cos\u00ec la natura anche quando si \u00e8 a casa.<\/p>\n","protected":false},"excerpt":{"rendered":"<p>Durante le ferie, c\u2019\u00e8 chi preferisce prenotare hotel o alberghi e chi invece preferisce la vita all\u2019aria aperta, muoversi leggeri e decidere all\u2019ultimo momento dove andare.<\/p>\n","protected":false},"author":10,"featured_media":0,"comment_status":"open","ping_status":"open","sticky":false,"template":"","format":"standard","meta":{"cybocfi_hide_featured_image":"","footnotes":""},"categories":[2],"tags":[12235,12236,12234],"class_list":["post-4106","post","type-post","status-publish","format-standard","hentry","category-viaggi-e-turismo","tag-gazebo-giardino","tag-materiale-protezione-civile","tag-tenda-a-casetta"],"yoast_head":"<!-- This site is optimized with the Yoast SEO plugin v27.0 - https:\/\/yoast.com\/product\/yoast-seo-wordpress\/ -->\n<title>Vacanze sotto le stelle - viaggiare con la tenda - Article Marketing<\/title>\n<meta name=\"robots\" content=\"index, follow, max-snippet:-1, max-image-preview:large, max-video-preview:-1\" \/>\n<link rel=\"canonical\" href=\"https:\/\/www.article-marketing.eu\/comunicati\/viaggi-e-vacanze\/viaggi-e-turismo\/vacanze-sotto-le-stelle-viaggiare-con-la-tenda\/\" \/>\n<meta property=\"og:locale\" content=\"it_IT\" \/>\n<meta property=\"og:type\" content=\"article\" \/>\n<meta property=\"og:title\" content=\"Vacanze sotto le stelle - viaggiare con la tenda - Article Marketing\" \/>\n<meta property=\"og:description\" content=\"Durante le ferie, c\u2019\u00e8 chi preferisce prenotare hotel o alberghi e chi invece preferisce la vita all\u2019aria aperta, muoversi leggeri e decidere all\u2019ultimo momento dove andare.\" \/>\n<meta property=\"og:url\" content=\"https:\/\/www.article-marketing.eu\/comunicati\/viaggi-e-vacanze\/viaggi-e-turismo\/vacanze-sotto-le-stelle-viaggiare-con-la-tenda\/\" \/>\n<meta property=\"og:site_name\" content=\"Article Marketing\" \/>\n<meta property=\"article:published_time\" content=\"2010-02-12T09:33:00+00:00\" \/>\n<meta property=\"article:modified_time\" content=\"2018-07-10T02:59:27+00:00\" \/>\n<meta name=\"author\" content=\"Redazione Comunicati Stampa\" \/>\n<meta name=\"twitter:card\" content=\"summary_large_image\" \/>\n<meta name=\"twitter:label1\" content=\"Scritto da\" \/>\n\t<meta name=\"twitter:data1\" content=\"Redazione Comunicati Stampa\" \/>\n\t<meta name=\"twitter:label2\" content=\"Tempo di lettura stimato\" \/>\n\t<meta name=\"twitter:data2\" content=\"3 minuti\" \/>\n<script type=\"application\/ld+json\" class=\"yoast-schema-graph\">{\"@context\":\"https:\/\/schema.org\",\"@graph\":[{\"@type\":\"Article\",\"@id\":\"https:\/\/www.article-marketing.eu\/comunicati\/viaggi-e-vacanze\/viaggi-e-turismo\/vacanze-sotto-le-stelle-viaggiare-con-la-tenda\/#article\",\"isPartOf\":{\"@id\":\"https:\/\/www.article-marketing.eu\/comunicati\/viaggi-e-vacanze\/viaggi-e-turismo\/vacanze-sotto-le-stelle-viaggiare-con-la-tenda\/\"},\"author\":{\"name\":\"Redazione Comunicati Stampa\",\"@id\":\"https:\/\/www.article-marketing.eu\/comunicati\/#\/schema\/person\/44372e4d4d0fa797b18e03ed1ace9017\"},\"headline\":\"Vacanze sotto le stelle &#8211; viaggiare con la tenda\",\"datePublished\":\"2010-02-12T09:33:00+00:00\",\"dateModified\":\"2018-07-10T02:59:27+00:00\",\"mainEntityOfPage\":{\"@id\":\"https:\/\/www.article-marketing.eu\/comunicati\/viaggi-e-vacanze\/viaggi-e-turismo\/vacanze-sotto-le-stelle-viaggiare-con-la-tenda\/\"},\"wordCount\":543,\"commentCount\":0,\"keywords\":[\"gazebo giardino\",\"materiale protezione civile\",\"tenda a casetta\"],\"articleSection\":[\"Viaggi e Turismo\"],\"inLanguage\":\"it-IT\",\"potentialAction\":[{\"@type\":\"CommentAction\",\"name\":\"Comment\",\"target\":[\"https:\/\/www.article-marketing.eu\/comunicati\/viaggi-e-vacanze\/viaggi-e-turismo\/vacanze-sotto-le-stelle-viaggiare-con-la-tenda\/#respond\"]}]},{\"@type\":\"WebPage\",\"@id\":\"https:\/\/www.article-marketing.eu\/comunicati\/viaggi-e-vacanze\/viaggi-e-turismo\/vacanze-sotto-le-stelle-viaggiare-con-la-tenda\/\",\"url\":\"https:\/\/www.article-marketing.eu\/comunicati\/viaggi-e-vacanze\/viaggi-e-turismo\/vacanze-sotto-le-stelle-viaggiare-con-la-tenda\/\",\"name\":\"Vacanze sotto le stelle - viaggiare con la tenda - Article Marketing\",\"isPartOf\":{\"@id\":\"https:\/\/www.article-marketing.eu\/comunicati\/#website\"},\"datePublished\":\"2010-02-12T09:33:00+00:00\",\"dateModified\":\"2018-07-10T02:59:27+00:00\",\"author\":{\"@id\":\"https:\/\/www.article-marketing.eu\/comunicati\/#\/schema\/person\/44372e4d4d0fa797b18e03ed1ace9017\"},\"breadcrumb\":{\"@id\":\"https:\/\/www.article-marketing.eu\/comunicati\/viaggi-e-vacanze\/viaggi-e-turismo\/vacanze-sotto-le-stelle-viaggiare-con-la-tenda\/#breadcrumb\"},\"inLanguage\":\"it-IT\",\"potentialAction\":[{\"@type\":\"ReadAction\",\"target\":[\"https:\/\/www.article-marketing.eu\/comunicati\/viaggi-e-vacanze\/viaggi-e-turismo\/vacanze-sotto-le-stelle-viaggiare-con-la-tenda\/\"]}]},{\"@type\":\"BreadcrumbList\",\"@id\":\"https:\/\/www.article-marketing.eu\/comunicati\/viaggi-e-vacanze\/viaggi-e-turismo\/vacanze-sotto-le-stelle-viaggiare-con-la-tenda\/#breadcrumb\",\"itemListElement\":[{\"@type\":\"ListItem\",\"position\":1,\"name\":\"Home\",\"item\":\"https:\/\/www.article-marketing.eu\/comunicati\/\"},{\"@type\":\"ListItem\",\"position\":2,\"name\":\"Vacanze sotto le stelle &#8211; viaggiare con la tenda\"}]},{\"@type\":\"WebSite\",\"@id\":\"https:\/\/www.article-marketing.eu\/comunicati\/#website\",\"url\":\"https:\/\/www.article-marketing.eu\/comunicati\/\",\"name\":\"Article Marketing\",\"description\":\"article marketing &amp; press release\",\"potentialAction\":[{\"@type\":\"SearchAction\",\"target\":{\"@type\":\"EntryPoint\",\"urlTemplate\":\"https:\/\/www.article-marketing.eu\/comunicati\/?s={search_term_string}\"},\"query-input\":{\"@type\":\"PropertyValueSpecification\",\"valueRequired\":true,\"valueName\":\"search_term_string\"}}],\"inLanguage\":\"it-IT\"},{\"@type\":\"Person\",\"@id\":\"https:\/\/www.article-marketing.eu\/comunicati\/#\/schema\/person\/44372e4d4d0fa797b18e03ed1ace9017\",\"name\":\"Redazione Comunicati Stampa\",\"image\":{\"@type\":\"ImageObject\",\"inLanguage\":\"it-IT\",\"@id\":\"https:\/\/www.article-marketing.eu\/comunicati\/#\/schema\/person\/image\/\",\"url\":\"https:\/\/secure.gravatar.com\/avatar\/50e5c6421d3072f42e7ace803501602c60d75233d34e29fd05feb91c8760b792?s=96&d=mm&r=g\",\"contentUrl\":\"https:\/\/secure.gravatar.com\/avatar\/50e5c6421d3072f42e7ace803501602c60d75233d34e29fd05feb91c8760b792?s=96&d=mm&r=g\",\"caption\":\"Redazione Comunicati Stampa\"},\"url\":\"https:\/\/www.article-marketing.eu\/comunicati\/author\/redazione-comunicati-stampa\/\"}]}<\/script>\n<!-- \/ Yoast SEO plugin. -->","yoast_head_json":{"title":"Vacanze sotto le stelle - viaggiare con la tenda - Article Marketing","robots":{"index":"index","follow":"follow","max-snippet":"max-snippet:-1","max-image-preview":"max-image-preview:large","max-video-preview":"max-video-preview:-1"},"canonical":"https:\/\/www.article-marketing.eu\/comunicati\/viaggi-e-vacanze\/viaggi-e-turismo\/vacanze-sotto-le-stelle-viaggiare-con-la-tenda\/","og_locale":"it_IT","og_type":"article","og_title":"Vacanze sotto le stelle - viaggiare con la tenda - Article Marketing","og_description":"Durante le ferie, c\u2019\u00e8 chi preferisce prenotare hotel o alberghi e chi invece preferisce la vita all\u2019aria aperta, muoversi leggeri e decidere all\u2019ultimo momento dove andare.","og_url":"https:\/\/www.article-marketing.eu\/comunicati\/viaggi-e-vacanze\/viaggi-e-turismo\/vacanze-sotto-le-stelle-viaggiare-con-la-tenda\/","og_site_name":"Article Marketing","article_published_time":"2010-02-12T09:33:00+00:00","article_modified_time":"2018-07-10T02:59:27+00:00","author":"Redazione Comunicati Stampa","twitter_card":"summary_large_image","twitter_misc":{"Scritto da":"Redazione Comunicati Stampa","Tempo di lettura stimato":"3 minuti"},"schema":{"@context":"https:\/\/schema.org","@graph":[{"@type":"Article","@id":"https:\/\/www.article-marketing.eu\/comunicati\/viaggi-e-vacanze\/viaggi-e-turismo\/vacanze-sotto-le-stelle-viaggiare-con-la-tenda\/#article","isPartOf":{"@id":"https:\/\/www.article-marketing.eu\/comunicati\/viaggi-e-vacanze\/viaggi-e-turismo\/vacanze-sotto-le-stelle-viaggiare-con-la-tenda\/"},"author":{"name":"Redazione Comunicati Stampa","@id":"https:\/\/www.article-marketing.eu\/comunicati\/#\/schema\/person\/44372e4d4d0fa797b18e03ed1ace9017"},"headline":"Vacanze sotto le stelle &#8211; viaggiare con la tenda","datePublished":"2010-02-12T09:33:00+00:00","dateModified":"2018-07-10T02:59:27+00:00","mainEntityOfPage":{"@id":"https:\/\/www.article-marketing.eu\/comunicati\/viaggi-e-vacanze\/viaggi-e-turismo\/vacanze-sotto-le-stelle-viaggiare-con-la-tenda\/"},"wordCount":543,"commentCount":0,"keywords":["gazebo giardino","materiale protezione civile","tenda a casetta"],"articleSection":["Viaggi e Turismo"],"inLanguage":"it-IT","potentialAction":[{"@type":"CommentAction","name":"Comment","target":["https:\/\/www.article-marketing.eu\/comunicati\/viaggi-e-vacanze\/viaggi-e-turismo\/vacanze-sotto-le-stelle-viaggiare-con-la-tenda\/#respond"]}]},{"@type":"WebPage","@id":"https:\/\/www.article-marketing.eu\/comunicati\/viaggi-e-vacanze\/viaggi-e-turismo\/vacanze-sotto-le-stelle-viaggiare-con-la-tenda\/","url":"https:\/\/www.article-marketing.eu\/comunicati\/viaggi-e-vacanze\/viaggi-e-turismo\/vacanze-sotto-le-stelle-viaggiare-con-la-tenda\/","name":"Vacanze sotto le stelle - viaggiare con la tenda - Article Marketing","isPartOf":{"@id":"https:\/\/www.article-marketing.eu\/comunicati\/#website"},"datePublished":"2010-02-12T09:33:00+00:00","dateModified":"2018-07-10T02:59:27+00:00","author":{"@id":"https:\/\/www.article-marketing.eu\/comunicati\/#\/schema\/person\/44372e4d4d0fa797b18e03ed1ace9017"},"breadcrumb":{"@id":"https:\/\/www.article-marketing.eu\/comunicati\/viaggi-e-vacanze\/viaggi-e-turismo\/vacanze-sotto-le-stelle-viaggiare-con-la-tenda\/#breadcrumb"},"inLanguage":"it-IT","potentialAction":[{"@type":"ReadAction","target":["https:\/\/www.article-marketing.eu\/comunicati\/viaggi-e-vacanze\/viaggi-e-turismo\/vacanze-sotto-le-stelle-viaggiare-con-la-tenda\/"]}]},{"@type":"BreadcrumbList","@id":"https:\/\/www.article-marketing.eu\/comunicati\/viaggi-e-vacanze\/viaggi-e-turismo\/vacanze-sotto-le-stelle-viaggiare-con-la-tenda\/#breadcrumb","itemListElement":[{"@type":"ListItem","position":1,"name":"Home","item":"https:\/\/www.article-marketing.eu\/comunicati\/"},{"@type":"ListItem","position":2,"name":"Vacanze sotto le stelle &#8211; viaggiare con la tenda"}]},{"@type":"WebSite","@id":"https:\/\/www.article-marketing.eu\/comunicati\/#website","url":"https:\/\/www.article-marketing.eu\/comunicati\/","name":"Article Marketing","description":"article marketing &amp; press release","potentialAction":[{"@type":"SearchAction","target":{"@type":"EntryPoint","urlTemplate":"https:\/\/www.article-marketing.eu\/comunicati\/?s={search_term_string}"},"query-input":{"@type":"PropertyValueSpecification","valueRequired":true,"valueName":"search_term_string"}}],"inLanguage":"it-IT"},{"@type":"Person","@id":"https:\/\/www.article-marketing.eu\/comunicati\/#\/schema\/person\/44372e4d4d0fa797b18e03ed1ace9017","name":"Redazione Comunicati Stampa","image":{"@type":"ImageObject","inLanguage":"it-IT","@id":"https:\/\/www.article-marketing.eu\/comunicati\/#\/schema\/person\/image\/","url":"https:\/\/secure.gravatar.com\/avatar\/50e5c6421d3072f42e7ace803501602c60d75233d34e29fd05feb91c8760b792?s=96&d=mm&r=g","contentUrl":"https:\/\/secure.gravatar.com\/avatar\/50e5c6421d3072f42e7ace803501602c60d75233d34e29fd05feb91c8760b792?s=96&d=mm&r=g","caption":"Redazione Comunicati Stampa"},"url":"https:\/\/www.article-marketing.eu\/comunicati\/author\/redazione-comunicati-stampa\/"}]}},"_links":{"self":[{"href":"https:\/\/www.article-marketing.eu\/comunicati\/wp-json\/wp\/v2\/posts\/4106","targetHints":{"allow":["GET"]}}],"collection":[{"href":"https:\/\/www.article-marketing.eu\/comunicati\/wp-json\/wp\/v2\/posts"}],"about":[{"href":"https:\/\/www.article-marketing.eu\/comunicati\/wp-json\/wp\/v2\/types\/post"}],"author":[{"embeddable":true,"href":"https:\/\/www.article-marketing.eu\/comunicati\/wp-json\/wp\/v2\/users\/10"}],"replies":[{"embeddable":true,"href":"https:\/\/www.article-marketing.eu\/comunicati\/wp-json\/wp\/v2\/comments?post=4106"}],"version-history":[{"count":2,"href":"https:\/\/www.article-marketing.eu\/comunicati\/wp-json\/wp\/v2\/posts\/4106\/revisions"}],"predecessor-version":[{"id":60322,"href":"https:\/\/www.article-marketing.eu\/comunicati\/wp-json\/wp\/v2\/posts\/4106\/revisions\/60322"}],"wp:attachment":[{"href":"https:\/\/www.article-marketing.eu\/comunicati\/wp-json\/wp\/v2\/media?parent=4106"}],"wp:term":[{"taxonomy":"category","embeddable":true,"href":"https:\/\/www.article-marketing.eu\/comunicati\/wp-json\/wp\/v2\/categories?post=4106"},{"taxonomy":"post_tag","embeddable":true,"href":"https:\/\/www.article-marketing.eu\/comunicati\/wp-json\/wp\/v2\/tags?post=4106"}],"curies":[{"name":"wp","href":"https:\/\/api.w.org\/{rel}","templated":true}]}}